{"id":5008,"date":"2022-01-22T13:04:40","date_gmt":"2022-01-22T12:04:40","guid":{"rendered":"http:\/\/skalickyobzor.sk\/cms\/?p=5008"},"modified":"2022-01-22T13:30:15","modified_gmt":"2022-01-22T12:30:15","slug":"skalicke-priezviska-xviii-vanek-ej-venousku-vanku","status":"publish","type":"post","link":"http:\/\/skalickyobzor.sk\/cms\/skalicke-priezviska-xviii-vanek-ej-venousku-vanku\/","title":{"rendered":"Skalick\u00e9 priezvisk\u00e1 XVIII &#8211; Vanek &#8211; Ej, Venou\u0161ku, Va\u0148ku&#8230;"},"content":{"rendered":"<p><em><strong>Priezvisko Vanek vzniklo z\u00a0krstn\u00e9ho mena V\u00e1clav zdrobnen\u00edm na V\u00e9na, Venou\u0161ek a\u00a0zo skr\u00e1ten\u00e9ho tvaru na Vanek, podobne ako Va\u0161ek.<\/strong><\/em><\/p>\n<p>V \u010cech\u00e1ch je toto priezvisko v tvare Van\u011bk na 28. mieste medzi naj\u010dastej\u0161ie pou\u017e\u00edvan\u00fdmi priezviskami s po\u010dtom 7612. Priezvisko Vanek v \u010cech\u00e1ch pou\u017e\u00edva 58 obyvate\u013eov. Na Slovensku sa priezvisko Vanek v roku 1995 nach\u00e1dzalo 747-kr\u00e1t v 158 lokalit\u00e1ch. Naj\u010dastej\u0161ie v Bratislave, ale po\u010detn\u00e9 bolo i na Z\u00e1hor\u00ed v Gbeloch (27), Borskom Petri (26), Senici (25), Hol\u00ed\u010di (24) a Radimove (22). Priezvisko Vanekov\u00e1 sa v roku 1995 nach\u00e1dzalo 420-kr\u00e1t v 117 lokalit\u00e1ch. Najviac op\u00e4\u0165 v Bratislave, nasledovali Rimavsk\u00e1 Sobota (15), \u017deliezovce (12) a B\u00e1nov (12). V s\u00fa\u010dasnosti <strong>53 obyvate\u013eov<\/strong> Skalice nos\u00ed priezvisko <strong>Vanek\/Vanekov\u00e1<\/strong> a je tridsiatymtret\u00edm v porad\u00ed priezvisk v meste Skalica, \u010do sa t\u00fdka po\u010detnosti.<\/p>\n<p>Prv\u00fdkr\u00e1t sa s\u00a0t\u00fdmto priezviskom v\u00a0Skalici stret\u00e1me v\u00a0roku 1449, kedy sa pri rie\u0161en\u00ed sporov medzi \u017derot\u00edncami zo Str\u00e1\u017enice a\u00a0Skalicou o\u00a0sporn\u00e9 hrani\u010dn\u00e9 \u00fazemie spom\u00edna mestsk\u00fd pis\u00e1r <strong>Vanek<\/strong> zo Skalice. Priezvisko Vanek bolo od polovice 17. storo\u010dia roz\u0161\u00edren\u00e9 na susednom panstve v\u00a0Hol\u00ed\u010di, kde sa vyskytuje najm\u00e4 v\u00a0Un\u00edne a\u00a0zaznamenali sme ho aj v\u00a0Chvojnickej doline vo Vl\u010dkovanoch. V\u00a0novoveku sa v\u0161ak priezvisko Vanek dostalo do Skalice z\u00a0Moravy.<\/p>\n<p>V janu\u00e1ri 1642 zaznamenala skalick\u00e1 r. k. matrika sob\u00e1\u0161 Jakuba Vaneka (Jacobus Wan\u011bk) zo Str\u00e1\u017enice s Magdalenou, dc\u00e9rou J\u00e1na F\u00e1briho. D\u0148a 21. 7. 1658 sa narodil <strong>Jakub Vanek<\/strong>, syn Stanislava Vaneka (Stanislaus Wanek) a\u00a0Anny. D\u0148a 3. 3. 1669 sa v\u00a0Skalici uskuto\u010dnil sob\u00e1\u0161 Martina Vaneka (Martinus Wanek) s\u00a0M\u00e1riou Treskovou. Ni\u010d viac sme sa z\u00a0matri\u010dn\u00e9ho z\u00e1pisu nedozvedeli. Pod\u013ea Jozefa \u0160\u00e1tka bol Martin zo Skalice. 17. 7. 1678 bol v\u00a0Skalici zosob\u00e1\u0161en\u00fd Skali\u010dan <strong>Juraj Vanek<\/strong> (Georgius Vaniek) s\u00a0Dorotou, vdovou po Tom\u00e1\u0161ovi \u0160\u0165astnom. O\u00a0dva dni sa v\u00a0Skalici zosob\u00e1\u0161il Matej Vanek (Mathaeus Waniek) z\u00a0moravsk\u00fdch Bozkovic so Skali\u010dankou Katar\u00ednou, vdovou po Martinovi Kos\u00edkovi. 15. 8. 1680 sa tomuto p\u00e1ru narodila dc\u00e9ra Krist\u00edna. V\u00a0roku 1697 sa J\u00e1novi Vanekovi (Joannes Wanek) a\u00a0jeho man\u017eelke Katar\u00edne narodil syn Martin. T\u00e1to rodina \u017eila v\u00a0Mokrom H\u00e1ji.<\/p>\n<figure id=\"attachment_5009\" aria-describedby=\"caption-attachment-5009\" style=\"width: 706px\" class=\"wp-caption aligncenter\"><img loading=\"lazy\" decoding=\"async\" class=\"size-full wp-image-5009\" src=\"http:\/\/skalickyobzor.sk\/cms\/wp-content\/uploads\/2022\/01\/Matric\u030cny\u0301-za\u0301znam-o-krste-syna-Ja\u0301na-ktory\u0301-sa-narodil-Ja\u0301novi-Vanekovi-z-Mokre\u0301ho-Ha\u0301ja-v-roku-1702.jpg\" alt=\"\" width=\"706\" height=\"189\" srcset=\"http:\/\/skalickyobzor.sk\/cms\/wp-content\/uploads\/2022\/01\/Matric\u030cny\u0301-za\u0301znam-o-krste-syna-Ja\u0301na-ktory\u0301-sa-narodil-Ja\u0301novi-Vanekovi-z-Mokre\u0301ho-Ha\u0301ja-v-roku-1702.jpg 706w, http:\/\/skalickyobzor.sk\/cms\/wp-content\/uploads\/2022\/01\/Matric\u030cny\u0301-za\u0301znam-o-krste-syna-Ja\u0301na-ktory\u0301-sa-narodil-Ja\u0301novi-Vanekovi-z-Mokre\u0301ho-Ha\u0301ja-v-roku-1702-300x80.jpg 300w\" sizes=\"auto, (max-width: 706px) 100vw, 706px\" \/><figcaption id=\"caption-attachment-5009\" class=\"wp-caption-text\">Matri\u010dn\u00fd z\u00e1znam o\u00a0krste syna J\u00e1na, ktor\u00fd sa narodil J\u00e1novi Vanekovi z\u00a0Mokr\u00e9ho H\u00e1ja v\u00a0roku 1702<\/figcaption><\/figure>\n<p>Skalick\u00fdch Vanekovcov posilnil v roku 1739 Jozef Vanek (Josephus Vanyek) z moravsk\u00fdch Radvanic, le\u017eiacich p\u00e1r kilometrov severne od P\u0159erova. V roku 1767 je zaznamenan\u00e1 v skalickej \u00famrtnej matrike trag\u00e9dia vdovy Anny po Maximili\u00e1novi Vanekovi, poch\u00e1dzaj\u00facemu zo susedn\u00fdch Sudom\u011b\u0159\u00edc, 4. janu\u00e1ra bola n\u00e1jden\u00e1 zamrznut\u00e1 na ceste (congelata in via). Na akej ceste sa v\u0161ak v\u00a0z\u00e1zname nep\u00ed\u0161e. Zomrela vo veku asi 60 rokov, pochovan\u00e1 bola 6. janu\u00e1ra 1767 na skalickom cintor\u00edne.<\/p>\n<p>Napriek posilneniu tohto priezviska v\u00a0Skalici z\u00a0Moravy sa u\u00a0Vanekovcov \u201ebabyboom\u201c v\u00a018. storo\u010d\u00ed nekonal. V\u00a0priebehu 18. storo\u010dia sa v\u00a0rodin\u00e1ch Vanekovcov narodilo 22 det\u00ed, z\u00a0toho 9 chlapcov. Podobne to bolo aj v\u00a019. storo\u010d\u00ed. Vlastne len v\u00a0prvej polovici tohto storo\u010dia, preto\u017ee v\u00a0skalickej matrike pokrsten\u00fdch sa v\u00a0druhej polovici 19. storo\u010dia krst die\u0165a\u0165a v\u00a0rodine Vanekovcov neuskuto\u010dnil. \u010ci\u017ee, v\u00a0prvej polovici 19. storo\u010dia sa narodilo do rod\u00edn 19 det\u00ed, z\u00a0toho 10 chlapcov. Priezvisko je zap\u00edsan\u00e9 v\u00a0tomto obdob\u00ed bu\u010f ako Vanek alebo ako Vanyek, podobne ako v\u00a018. storo\u010d\u00ed. D\u0148a 19. 1. 1828 boli pokrsten\u00e9 druh\u00e9 dvoji\u010dky, ktor\u00e9 sa Vanekovcom v\u00a0Skalici narodili v\u00a0priebehu troch storo\u010d\u00ed, a\u00a0to Pavol a\u00a0Michal. Ich otcom bol Pavol Vanek, matkou Al\u017ebeta, roden\u00e1 Kov\u00e1rikov\u00e1.<\/p>\n<figure id=\"attachment_5010\" aria-describedby=\"caption-attachment-5010\" style=\"width: 762px\" class=\"wp-caption aligncenter\"><img loading=\"lazy\" decoding=\"async\" class=\"size-full wp-image-5010\" src=\"http:\/\/skalickyobzor.sk\/cms\/wp-content\/uploads\/2022\/01\/Za\u0301znam-o-soba\u0301s\u030ci-Jakuba-Vaneka-zo-Stra\u0301z\u030cnice-so-skalic\u030cankou-Magdalenou-Fabri-z-roku-1642.jpg\" alt=\"\" width=\"762\" height=\"82\" srcset=\"http:\/\/skalickyobzor.sk\/cms\/wp-content\/uploads\/2022\/01\/Za\u0301znam-o-soba\u0301s\u030ci-Jakuba-Vaneka-zo-Stra\u0301z\u030cnice-so-skalic\u030cankou-Magdalenou-Fabri-z-roku-1642.jpg 762w, http:\/\/skalickyobzor.sk\/cms\/wp-content\/uploads\/2022\/01\/Za\u0301znam-o-soba\u0301s\u030ci-Jakuba-Vaneka-zo-Stra\u0301z\u030cnice-so-skalic\u030cankou-Magdalenou-Fabri-z-roku-1642-300x32.jpg 300w\" sizes=\"auto, (max-width: 762px) 100vw, 762px\" \/><figcaption id=\"caption-attachment-5010\" class=\"wp-caption-text\">Z\u00e1znam o\u00a0sob\u00e1\u0161i Jakuba Vaneka zo Str\u00e1\u017enice so Skali\u010dankou Magdalenou Fabri z\u00a0roku 1642<\/figcaption><\/figure>\n<p>Vanekovci s\u00fa v matri\u010dn\u00fdch z\u00e1znamoch v priebehu prvej polovice 19. storo\u010dia st\u00e1le raden\u00fd medzi \u201eplebejov\u201c, \u010di\u017ee, nikdy nedosiahli stupe\u0148 me\u0161tianstva a b\u00fdvali vo v\u00e4\u010d\u0161ine na predmest\u00ed a v Mokrom H\u00e1ji. Bolo to sp\u00f4soben\u00e9 najm\u00e4 ich neust\u00e1lym pohybom, migr\u00e1ciou medzi Moravou a Skalicou. To malo za d\u00f4sledok aj to, \u017ee koncom 19. storo\u010dia v Skalici Vanekovci neb\u00fdvali. Nikdy neboli s\u00farodou rodinou vo v\u00fdzname, \u017eeby mali spolo\u010dn\u00e9 korene, spolo\u010dn\u00fdch predkov, ale boli to samostatn\u00e9 rodiny poch\u00e1dzaj\u00face z mnoh\u00fdch miest Moravy, ale i Z\u00e1horia. \u010co sa t\u00fdka kontinuity a prechodu rodu z 19. do 20. storo\u010dia, tam by bolo potrebn\u00e9 urobi\u0165 v\u00fdskum v \u017eiv\u00fdch matrik\u00e1ch, \u010do je moment\u00e1lne nad na\u0161e sily. Isto by sa v\u0161ak potvrdilo, \u017ee kontinuita tohto priezviska bola preru\u0161en\u00e1 a s\u00fa\u010dasn\u00e9 rodiny Vanekovcov musia h\u013eada\u0165 svojich predkov mimo Skalice, najpravdepodobnej\u0161ie v obciach, v ktor\u00fdch Vanekovci \u017eili nepreru\u0161ene od 17. storo\u010dia. S\u00fa to najm\u00e4 bl\u00edzke obce Un\u00edn, K\u00e1tov, Rado\u0161ovce, ale i Sudom\u011b\u0159ice na moravskej strane.<\/p>\n<p>Mgr. Vladim\u00edr Petrovi\u010d,<br \/>\ngeneal\u00f3g a\u00a0historik<\/p>\n","protected":false},"excerpt":{"rendered":"<div class=\"mh-excerpt\"><p>Priezvisko Vanek vzniklo z\u00a0krstn\u00e9ho mena V\u00e1clav zdrobnen\u00edm na V\u00e9na, Venou\u0161ek a\u00a0zo skr\u00e1ten\u00e9ho tvaru na Vanek, podobne ako Va\u0161ek. V \u010cech\u00e1ch je toto priezvisko v tvare Van\u011bk na 28. mieste medzi naj\u010dastej\u0161ie pou\u017e\u00edvan\u00fdmi priezviskami s po\u010dtom <a class=\"mh-excerpt-more\" href=\"http:\/\/skalickyobzor.sk\/cms\/skalicke-priezviska-xviii-vanek-ej-venousku-vanku\/\" title=\"Skalick\u00e9 priezvisk\u00e1 XVIII &#8211; Vanek &#8211; Ej, Venou\u0161ku, Va\u0148ku&#8230;\">[&#8230;]<\/a><\/p>\n<\/div>","protected":false},"author":48,"featured_media":17,"comment_status":"closed","ping_status":"closed","sticky":false,"template":"","format":"standard","meta":{"footnotes":""},"categories":[25],"tags":[],"class_list":{"0":"post-5008","1":"post","2":"type-post","3":"status-publish","4":"format-standard","5":"has-post-thumbnail","7":"category-skalicke-priezviska"},"_links":{"self":[{"href":"http:\/\/skalickyobzor.sk\/cms\/wp-json\/wp\/v2\/posts\/5008","targetHints":{"allow":["GET"]}}],"collection":[{"href":"http:\/\/skalickyobzor.sk\/cms\/wp-json\/wp\/v2\/posts"}],"about":[{"href":"http:\/\/skalickyobzor.sk\/cms\/wp-json\/wp\/v2\/types\/post"}],"author":[{"embeddable":true,"href":"http:\/\/skalickyobzor.sk\/cms\/wp-json\/wp\/v2\/users\/48"}],"replies":[{"embeddable":true,"href":"http:\/\/skalickyobzor.sk\/cms\/wp-json\/wp\/v2\/comments?post=5008"}],"version-history":[{"count":1,"href":"http:\/\/skalickyobzor.sk\/cms\/wp-json\/wp\/v2\/posts\/5008\/revisions"}],"predecessor-version":[{"id":5011,"href":"http:\/\/skalickyobzor.sk\/cms\/wp-json\/wp\/v2\/posts\/5008\/revisions\/5011"}],"wp:featuredmedia":[{"embeddable":true,"href":"http:\/\/skalickyobzor.sk\/cms\/wp-json\/wp\/v2\/media\/17"}],"wp:attachment":[{"href":"http:\/\/skalickyobzor.sk\/cms\/wp-json\/wp\/v2\/media?parent=5008"}],"wp:term":[{"taxonomy":"category","embeddable":true,"href":"http:\/\/skalickyobzor.sk\/cms\/wp-json\/wp\/v2\/categories?post=5008"},{"taxonomy":"post_tag","embeddable":true,"href":"http:\/\/skalickyobzor.sk\/cms\/wp-json\/wp\/v2\/tags?post=5008"}],"curies":[{"name":"wp","href":"https:\/\/api.w.org\/{rel}","templated":true}]}}