{"id":5018,"date":"2022-01-22T13:08:28","date_gmt":"2022-01-22T12:08:28","guid":{"rendered":"http:\/\/skalickyobzor.sk\/cms\/?p=5018"},"modified":"2022-01-22T13:30:32","modified_gmt":"2022-01-22T12:30:32","slug":"virostali-sme-inac-jak-male-decka-fcil","status":"publish","type":"post","link":"http:\/\/skalickyobzor.sk\/cms\/virostali-sme-inac-jak-male-decka-fcil\/","title":{"rendered":"Virostali sme in\u00e1\u010d jak mal\u00e9 \u010fecka f\u010d\u00edl"},"content":{"rendered":"<p>Za\u017eili sme pjet vojnov\u00edch rok\u00fa, bombardov\u00e1\u0148\u00ed, voj\u00e1k\u00fa ve mjes\u0165e, aj v domoch, ale sme sa do\u017eili oslobo\u010fe\u0148\u00e1 a konca druhej svjetovej vojni. Dospjel\u00ed mjeli ina\u010d\u00ed staros\u0165i a mi tak\u00e9. Hr\u00e1vali sme sa na ulic\u00e1ch, na Kalvarce, cho\u010fili sme sa k\u00fapat na Spl\u00e1vek, na Ba\u0165\u00e1k a na Moravu. Postup\u0148e sme bili aj &#8222;organizova\u0148\u00ed&#8220; a vede\u0148\u00ed k ne\u010demu u\u017eite\u010d\u0148\u00edmu. A o tem scu neco povipr\u00e1vjat.<\/p>\n<p>Na evangel\u00edckej f\u00e1ri sa obnovil \u017eivot skaut\u00fa. Skauting mjel ve Skalici trad\u00edcije, ale za Slovensk\u00e9ho \u0161t\u00e1tu nefungoval. P\u00e1n far\u00e1r dr. \u010eurovi\u010d mjel velice \u0161ikovn\u00edch sin\u00fa, z\u00a0ker\u00edch virostli m\u00fadr\u00ed a\u00a0uzn\u00e1va\u0148\u00ed odbor\u0148\u00edci ve svoj\u00e9m fochu. T\u00edto chlapci v\u00e9dli od\u010f\u00edl skaut\u00fa. Star\u0161\u00ed bili jun\u00e1ci a\u00a0mal\u00ed sme bili v\u013a\u010data. N\u00e1s v\u00e9del Akela \u2013 Avo \u010eurovi\u010d. Velice r\u00e1d sem tam cho\u010fil, lebo sme sa u\u010dili odvaze, zodpovjednos\u0165i, dru\u017enos\u0165i, jak pre\u017eit f pr\u00edro\u010fe, roz\u010felat ohe\u0148, jak sa orijentovat podl\u00e9 hvjezd, slunka, potok\u00fa a\u00a0nau\u010dit sa d\u00favjerovat svojim sil\u00e1m. Bil sem pi\u0161n\u00ed na to, \u017ee mo\u017eu nosit skautsk\u00ed \u0161\u00e1tek. Jun\u00e1ci mjeli stejnokroj a\u00a0pjekn\u00e9 klob\u00faki. Ze s\u00fahlasem ro\u010fi\u010d\u00fa sme absolvovali no\u010d\u0148\u00ed t\u00faru do h\u00e1ja pri Skalici, na Kope\u010d\u0148icu. Tam pri malej b\u00fadce sme sa trochu ob\u010derstvili, bili sme r\u00e1\u010fi, \u017ee aj potmje sme tam trefili a\u00a0i\u0161li sme dom. Dodnes si prectavuju r\u00fazn\u00e9 s\u0165\u00edny a\u00a0zvuki, ker\u00e9 sme vi\u010feli a\u00a0\u010duli.<\/p>\n<p>Jeden rok, u\u0161 nev\u00edm pres\u0148e ker\u00ed, sa chistal skautsk\u00ed t\u00e1bor tu\u0161\u00edm na deset d\u0148\u00ed na Havra\u0148e. Z\u00a0desek sa pozbijali podsadi stan\u00fa, do ker\u00edch sa nazb\u00edralo na m\u00eds\u0165e l\u00eds\u0165\u00ed alebo seno a\u00a0navrch sa pripev\u0148ili celtov\u00e9 stani. Tenkr\u00e1t e\u0161te nebili stani jak f\u010d\u00edl.<\/p>\n<p>\u0164elov\u00edchov\u0148\u00ed organiz\u00e1cija Sokol postup\u0148e za\u0148ikla a\u00a0mi u\u0161 sme cho\u010fili do \u0160\u0160D \u2013 \u0161portovej \u0161koli dorostu. Cvi\u010dili sme f sokolov\u0148i pod vede\u0148\u00edm cvi\u010ditel\u00fa, b\u00edval\u00edch sokol\u00fa. Te\u0165i\u010dka B\u00edl\u00ed\u010dka, ker\u00e1 bili domov\u0148\u00ed\u010dk\u00fa, dbali na to, abi sme nerobili nepor\u00e1dek, abi sme nenossili do \u0161at\u0148e blato a\u00a0d\u00e1vali poz\u00f3r, abi sa n\u00e1m \u0148ic nestalo, ne\u017e dojd\u00fa cvi\u010ditel\u00e9.<\/p>\n<p>Vje\u010d\u0161in\u00fa chala\u0148i sme cho\u010fili do DOSLET-u, co bil Dorast slovensk\u00e9ho letectva. Na prv\u0148\u00edm poscho\u010f\u00ed sokolov\u0148e sme mjeli klubov\u0148u a\u00a0\u010fil\u0148u z\u00e1rove\u0148. Lepili a\u00a0stavjali sme modele letadel, vjetro\u0148\u00fa, \u0161arkan\u00fa. Ti star\u0161\u00ed a\u00a0zru\u010d\u0148ej\u0161\u00ed stavjali aj motorov\u00e9 letadla. Po ho\u010fin\u00e1ch pr\u00e1ce sme vi\u0161li na l\u00faki visk\u00fa\u0161at, jak n\u00e1m to bude l\u00e9tat a\u00a0ner\u00e1z sa n\u00e1m stalo, \u017ee prv\u0148\u00ed let skon\u010dil katastrof\u00e1l\u0148e \u2013 letad\u00e9lko havarovalo, rozbilo sa a\u00a0za\u010dali sme odznova.<\/p>\n<p>F roku 1950 sme bili pion\u00edri. Bilo to pro n\u00e1s nov\u00e9 a\u00a0\u0148ic in\u0161\u00ed nebilo. Neker\u00ed chala\u0148i cho\u010fili mini\u0161trovat a\u00a0druh\u00ed sa vjenovali in\u0161\u00edm z\u00e1ujmom. Pion\u00edrsk\u00e1 organiz\u00e1cija bila pri \u0161kol\u00e1ch, vz\u0148ikli pion\u00edrsk\u00e9 domi, v\u00a0\u0148ich kr\u00fa\u017eki a\u00a0tam sa \u010fecka hr\u00e1vali a\u00a0u\u010dili socijalisticki \u017eit. Jez\u010filo sa do pion\u00edrsk\u00edch t\u00e1bor\u00fa. Fabriki, mjesta vibudovali chatkov\u00e9, stanov\u00e9 t\u00e1bore, ker\u00e9 u\u017e dneskaj nejs\u00fa, lebo prestali bit zaj\u00edmav\u00e9 a\u00a0pripom\u00ednali pro\u0161l\u00fa dobu.<\/p>\n<p>Mo\u017eu ale povidat, \u017ee aj ket sme bili vojnov\u00e9 \u010fecka, mjeli sme pjekn\u00e9 \u010fectvo. \u017dili sme skrom\u0148ej\u0161\u00ed, c\u0165ili sme si ro\u010fi\u010d\u00fa, star\u0161\u00edch lu\u010f\u00ed, u\u010ditel\u00fa a\u00a0\u0165e\u0161ili sme sa ze f\u0161eck\u00e9ho, co n\u00e1m \u017eivot dal.<\/p>\n<p><em>Anton Dinka st.<\/em><\/p>\n","protected":false},"excerpt":{"rendered":"<div class=\"mh-excerpt\"><p>Za\u017eili sme pjet vojnov\u00edch rok\u00fa, bombardov\u00e1\u0148\u00ed, voj\u00e1k\u00fa ve mjes\u0165e, aj v domoch, ale sme sa do\u017eili oslobo\u010fe\u0148\u00e1 a konca druhej svjetovej vojni. Dospjel\u00ed mjeli ina\u010d\u00ed staros\u0165i a mi tak\u00e9. Hr\u00e1vali sme sa na ulic\u00e1ch, na <a class=\"mh-excerpt-more\" href=\"http:\/\/skalickyobzor.sk\/cms\/virostali-sme-inac-jak-male-decka-fcil\/\" title=\"Virostali sme in\u00e1\u010d jak mal\u00e9 \u010fecka f\u010d\u00edl\">[&#8230;]<\/a><\/p>\n<\/div>","protected":false},"author":12,"featured_media":17,"comment_status":"closed","ping_status":"closed","sticky":false,"template":"","format":"standard","meta":{"footnotes":""},"categories":[4],"tags":[],"class_list":{"0":"post-5018","1":"post","2":"type-post","3":"status-publish","4":"format-standard","5":"has-post-thumbnail","7":"category-ja-su-ze-skalice"},"_links":{"self":[{"href":"http:\/\/skalickyobzor.sk\/cms\/wp-json\/wp\/v2\/posts\/5018","targetHints":{"allow":["GET"]}}],"collection":[{"href":"http:\/\/skalickyobzor.sk\/cms\/wp-json\/wp\/v2\/posts"}],"about":[{"href":"http:\/\/skalickyobzor.sk\/cms\/wp-json\/wp\/v2\/types\/post"}],"author":[{"embeddable":true,"href":"http:\/\/skalickyobzor.sk\/cms\/wp-json\/wp\/v2\/users\/12"}],"replies":[{"embeddable":true,"href":"http:\/\/skalickyobzor.sk\/cms\/wp-json\/wp\/v2\/comments?post=5018"}],"version-history":[{"count":1,"href":"http:\/\/skalickyobzor.sk\/cms\/wp-json\/wp\/v2\/posts\/5018\/revisions"}],"predecessor-version":[{"id":5019,"href":"http:\/\/skalickyobzor.sk\/cms\/wp-json\/wp\/v2\/posts\/5018\/revisions\/5019"}],"wp:featuredmedia":[{"embeddable":true,"href":"http:\/\/skalickyobzor.sk\/cms\/wp-json\/wp\/v2\/media\/17"}],"wp:attachment":[{"href":"http:\/\/skalickyobzor.sk\/cms\/wp-json\/wp\/v2\/media?parent=5018"}],"wp:term":[{"taxonomy":"category","embeddable":true,"href":"http:\/\/skalickyobzor.sk\/cms\/wp-json\/wp\/v2\/categories?post=5018"},{"taxonomy":"post_tag","embeddable":true,"href":"http:\/\/skalickyobzor.sk\/cms\/wp-json\/wp\/v2\/tags?post=5018"}],"curies":[{"name":"wp","href":"https:\/\/api.w.org\/{rel}","templated":true}]}}