{"id":5020,"date":"2022-01-22T13:06:37","date_gmt":"2022-01-22T12:06:37","guid":{"rendered":"http:\/\/skalickyobzor.sk\/cms\/?p=5020"},"modified":"2022-01-22T13:30:24","modified_gmt":"2022-01-22T12:30:24","slug":"daniel-lichard-by-mal-210-rokov","status":"publish","type":"post","link":"http:\/\/skalickyobzor.sk\/cms\/daniel-lichard-by-mal-210-rokov\/","title":{"rendered":"Daniel Lichard by mal 210 rokov"},"content":{"rendered":"<p>17. janu\u00e1ra 1812 sa v\u00a0Slovenskej \u013dup\u010di, v\u00a0rodine evanjelick\u00e9ho far\u00e1ra, narodil Daniel Gabriel Lichard, ktor\u00fd sa nesk\u00f4r stal s\u00fa\u010das\u0165ou slovenskej, a\u00a0predov\u0161etk\u00fdm skalickej hist\u00f3rie. Z\u00fa\u010dastnil sa politick\u00e9ho z\u00e1pasu o\u00a0n\u00e1rodn\u00fa a\u00a0spolo\u010densk\u00fa emancip\u00e1ciu Slov\u00e1kov v\u00a0revol\u00facii 1848-49. 20. marca 1849 bol \u00fa\u010dastn\u00edkom slovenskej deleg\u00e1cie k\u00a0cis\u00e1rovi Franti\u0161kovi Jozefovi I.<\/p>\n<figure id=\"attachment_5022\" aria-describedby=\"caption-attachment-5022\" style=\"width: 567px\" class=\"wp-caption aligncenter\"><img loading=\"lazy\" decoding=\"async\" class=\"size-full wp-image-5022\" src=\"http:\/\/skalickyobzor.sk\/cms\/wp-content\/uploads\/2022\/01\/Pama\u0308tni\u0301k-Daniela-G.-Licharda-v-Skalici-od-Ladislava-S\u030calouna..jpg\" alt=\"\" width=\"567\" height=\"756\" srcset=\"http:\/\/skalickyobzor.sk\/cms\/wp-content\/uploads\/2022\/01\/Pama\u0308tni\u0301k-Daniela-G.-Licharda-v-Skalici-od-Ladislava-S\u030calouna..jpg 567w, http:\/\/skalickyobzor.sk\/cms\/wp-content\/uploads\/2022\/01\/Pama\u0308tni\u0301k-Daniela-G.-Licharda-v-Skalici-od-Ladislava-S\u030calouna.-225x300.jpg 225w\" sizes=\"auto, (max-width: 567px) 100vw, 567px\" \/><figcaption id=\"caption-attachment-5022\" class=\"wp-caption-text\">Pam\u00e4tn\u00edk Daniela G. Licharda v Skalici od Ladislava \u0160alouna<br \/>Zdroj: internet<\/figcaption><\/figure>\n<p>Bol popredn\u00fdm slovensk\u00fdm spisovate\u013eom, u\u010dite\u013eom, prv\u00fdm slovensk\u00fdm profesion\u00e1lnym novin\u00e1rom, vydavate\u013eom, jedn\u00fdm zo zakladate\u013eov slovenskej odbornej terminol\u00f3gie a\u00a0jednou z\u00a0najv\u00e4\u010d\u0161\u00edch osobnost\u00ed svojej doby. Nap\u00edsal pribli\u017ene p\u00e4\u0165 tis\u00edc \u010dl\u00e1nkov. Jeho dielo predstavuje 13 ve\u013ek\u00fdch a\u00a035 men\u0161\u00edch kn\u00edh, 35 ro\u010dn\u00edkov \u010dasopiseck\u00fdch vydan\u00ed a\u00a0nes\u010d\u00edseln\u00e9 mno\u017estvo drobn\u00fdch pr\u00e1c.<\/p>\n<figure id=\"attachment_5023\" aria-describedby=\"caption-attachment-5023\" style=\"width: 538px\" class=\"wp-caption aligncenter\"><img loading=\"lazy\" decoding=\"async\" class=\"size-full wp-image-5023\" src=\"http:\/\/skalickyobzor.sk\/cms\/wp-content\/uploads\/2022\/01\/IMG_20220106_0003-ko\u0301pia.jpg\" alt=\"\" width=\"538\" height=\"761\" srcset=\"http:\/\/skalickyobzor.sk\/cms\/wp-content\/uploads\/2022\/01\/IMG_20220106_0003-ko\u0301pia.jpg 538w, http:\/\/skalickyobzor.sk\/cms\/wp-content\/uploads\/2022\/01\/IMG_20220106_0003-ko\u0301pia-212x300.jpg 212w\" sizes=\"auto, (max-width: 538px) 100vw, 538px\" \/><figcaption id=\"caption-attachment-5023\" class=\"wp-caption-text\">Lichardova stoli\u010dka z obdobia \u00faradovania Pomocnej pokladnice v\u00a0Skalici, Foto: Stano Belan<\/figcaption><\/figure>\n<p>Zomrel v\u00a0Skalici 17. novembra 1882, tak\u017ee v\u00a0tomto roku si pripomenieme 140. v\u00fdro\u010die jeho \u00famrtia. Pochovan\u00fd je na tunaj\u0161om evanjelickom cintor\u00edne. V\u00a0Skalici je po \u0148om pomenovan\u00e1 ulica. V\u00a0tieni ve\u017ee evanjelick\u00e9ho kostola stoj\u00ed jeho pomn\u00edk od jedn\u00e9ho z\u00a0najv\u00fdznamnej\u0161\u00edch modern\u00fdch \u010desk\u00fdch soch\u00e1rov Ladislava \u0160alouna.<\/p>\n<figure id=\"attachment_5024\" aria-describedby=\"caption-attachment-5024\" style=\"width: 567px\" class=\"wp-caption aligncenter\"><img loading=\"lazy\" decoding=\"async\" class=\"size-full wp-image-5024\" src=\"http:\/\/skalickyobzor.sk\/cms\/wp-content\/uploads\/2022\/01\/Hrob-D.-G.-Licharda-v-Skalici..jpg\" alt=\"\" width=\"567\" height=\"753\" srcset=\"http:\/\/skalickyobzor.sk\/cms\/wp-content\/uploads\/2022\/01\/Hrob-D.-G.-Licharda-v-Skalici..jpg 567w, http:\/\/skalickyobzor.sk\/cms\/wp-content\/uploads\/2022\/01\/Hrob-D.-G.-Licharda-v-Skalici.-226x300.jpg 226w\" sizes=\"auto, (max-width: 567px) 100vw, 567px\" \/><figcaption id=\"caption-attachment-5024\" class=\"wp-caption-text\">Hrob D. G. Licharda v Skalici<br \/>Zdroj: epocha.sk<\/figcaption><\/figure>\n<p>K\u00a0odkazu jeho Obzoru sa hl\u00e1si aj\u00a0n\u00e1\u0161 Skalick\u00fd Obzor. S\u00a0hrdos\u0165ou pokra\u010dujeme v\u00a0jeho trad\u00edcii a\u00a0pripom\u00edname si origin\u00e1l uk\u00e1\u017ekami na zadnej strane vydania.<\/p>\n<p><em>Redakcia<\/em><\/p>\n","protected":false},"excerpt":{"rendered":"<div class=\"mh-excerpt\"><p>17. janu\u00e1ra 1812 sa v\u00a0Slovenskej \u013dup\u010di, v\u00a0rodine evanjelick\u00e9ho far\u00e1ra, narodil Daniel Gabriel Lichard, ktor\u00fd sa nesk\u00f4r stal s\u00fa\u010das\u0165ou slovenskej, a\u00a0predov\u0161etk\u00fdm skalickej hist\u00f3rie. Z\u00fa\u010dastnil sa politick\u00e9ho z\u00e1pasu o\u00a0n\u00e1rodn\u00fa a\u00a0spolo\u010densk\u00fa emancip\u00e1ciu Slov\u00e1kov v\u00a0revol\u00facii 1848-49. 20. marca 1849 <a class=\"mh-excerpt-more\" href=\"http:\/\/skalickyobzor.sk\/cms\/daniel-lichard-by-mal-210-rokov\/\" title=\"Daniel Lichard by mal 210 rokov\">[&#8230;]<\/a><\/p>\n<\/div>","protected":false},"author":1,"featured_media":5021,"comment_status":"closed","ping_status":"closed","sticky":false,"template":"","format":"standard","meta":{"footnotes":""},"categories":[10],"tags":[],"class_list":{"0":"post-5020","1":"post","2":"type-post","3":"status-publish","4":"format-standard","5":"has-post-thumbnail","7":"category-zaujalo-nas"},"_links":{"self":[{"href":"http:\/\/skalickyobzor.sk\/cms\/wp-json\/wp\/v2\/posts\/5020","targetHints":{"allow":["GET"]}}],"collection":[{"href":"http:\/\/skalickyobzor.sk\/cms\/wp-json\/wp\/v2\/posts"}],"about":[{"href":"http:\/\/skalickyobzor.sk\/cms\/wp-json\/wp\/v2\/types\/post"}],"author":[{"embeddable":true,"href":"http:\/\/skalickyobzor.sk\/cms\/wp-json\/wp\/v2\/users\/1"}],"replies":[{"embeddable":true,"href":"http:\/\/skalickyobzor.sk\/cms\/wp-json\/wp\/v2\/comments?post=5020"}],"version-history":[{"count":1,"href":"http:\/\/skalickyobzor.sk\/cms\/wp-json\/wp\/v2\/posts\/5020\/revisions"}],"predecessor-version":[{"id":5025,"href":"http:\/\/skalickyobzor.sk\/cms\/wp-json\/wp\/v2\/posts\/5020\/revisions\/5025"}],"wp:featuredmedia":[{"embeddable":true,"href":"http:\/\/skalickyobzor.sk\/cms\/wp-json\/wp\/v2\/media\/5021"}],"wp:attachment":[{"href":"http:\/\/skalickyobzor.sk\/cms\/wp-json\/wp\/v2\/media?parent=5020"}],"wp:term":[{"taxonomy":"category","embeddable":true,"href":"http:\/\/skalickyobzor.sk\/cms\/wp-json\/wp\/v2\/categories?post=5020"},{"taxonomy":"post_tag","embeddable":true,"href":"http:\/\/skalickyobzor.sk\/cms\/wp-json\/wp\/v2\/tags?post=5020"}],"curies":[{"name":"wp","href":"https:\/\/api.w.org\/{rel}","templated":true}]}}