{"id":5029,"date":"2022-01-22T13:10:54","date_gmt":"2022-01-22T12:10:54","guid":{"rendered":"http:\/\/skalickyobzor.sk\/cms\/?p=5029"},"modified":"2022-01-22T13:30:41","modified_gmt":"2022-01-22T12:30:41","slug":"tak-si-myslim-ze-zabudame-na-rovnovahu","status":"publish","type":"post","link":"http:\/\/skalickyobzor.sk\/cms\/tak-si-myslim-ze-zabudame-na-rovnovahu\/","title":{"rendered":"Tak si mysl\u00edm, \u017ee zab\u00fadame na rovnov\u00e1hu"},"content":{"rendered":"<p>Na prahu nov\u00e9ho roku, ku ktor\u00e9mu vzhliadame s\u00a0n\u00e1dejou, \u017ee bude lep\u0161\u00ed ako minul\u00fd, som dumala \u010do n\u00e1m \u017eela\u0165, ke\u010f u\u017e bolo v\u0161etko povedan\u00e9. Ako tri orie\u0161ky pre Popolu\u0161ku mi do nosa brnkol rozhovor s\u00a0Luciou B\u00edlou. V\u00a0pozad\u00ed jej \u201espovede\u201c k\u00a0ak\u00fdm hodnot\u00e1m v\u00a0\u017eivote doputovala, zaznel n\u00e1pev piesne \u201eJsem \u0161\u0165astn\u00e1, a\u017e to bol\u00ed\u201c. Spojitos\u0165 na prv\u00fd poh\u013ead nespojite\u013en\u00e9ho \u2013 pocitu \u0161\u0165astia a\u00a0bolesti \u2013 mi v\u00a0hlbokom s\u00faznen\u00ed brnkla tento raz rovno o\u00a0moju du\u0161u.<\/p>\n<p>Jav\u00ed sa v\u00e1m spojenie pocitu \u0161\u0165astia a bolesti nespojite\u013en\u00e9? \u017de ste to nikdy neza\u017eili? Niektor\u00ed si\u00a0azda vybavia oby\u010dajn\u00e9 mas\u00e1\u017ee, ktor\u00e9 vyjadria to \u201etak to bolelo, a\u017e mi to robilo dobre\u201c. \u017de nepatr\u00edte k\u00a0masochistom? Tak, azda v\u00e4\u010d\u0161ina z\u00a0n\u00e1s za\u017eila stav zamilovania, ktor\u00e9 a\u017e bolestivo zviera \u00fatroby. Ach tak, to u\u017e je tak d\u00e1vno, \u017ee u\u017e to nie je ani pravda(!) Mo\u017eno si, teda, spomeniete na slzy \u0161\u0165astia i\u00a0bolesti, ke\u010f pri\u0161lo na svet va\u0161e die\u0165a. Ak som aj netrafila t\u00fa spr\u00e1vnu situ\u00e1ciu, asi nikto nepoprie, \u017ee za\u017eil slzy \u0161\u0165astia, ktor\u00e9 a\u017e boleli.<\/p>\n<p>V\u00e4\u010d\u0161inou n\u00e1\u0161 svet vn\u00edmame line\u00e1rne, po povrchu, a\u00a0nevid\u00edme hlb\u0161ie a\u00a0\u0161ir\u0161ie s\u00favislosti, v\u00a0ktor\u00fdch funguje. Preto sme asi ani nespozorovali, \u010do v\u0161etko si \u017eel\u00e1me v\u00a0spojen\u00ed \u201eby\u0165 \u0161\u0165astn\u00fd\u201c. Za ka\u017ed\u00fa cenu sa sna\u017e\u00edme by\u0165 \u0161\u0165astn\u00ed, \u0161\u0165astnej\u0161\u00ed, dokonca naj\u0161\u0165astnej\u0161\u00ed. Neprin\u00e1\u0161a n\u00e1m toto nah\u00e1\u0148anie sa za \u0161\u0165ast\u00edm nakoniec aj boles\u0165? Boles\u0165, ktor\u00e1 v\u0161ak u\u017e nie je s\u00fa\u010das\u0165ou \u0161\u0165astia, av\u0161ak je ve\u013ek\u00fdm \u0161\u0165ast\u00edm, ke\u010f to pochop\u00edme. Aj ke\u010f sa boles\u0165 od \u0161\u0165astia niekedy oddel\u00ed, jedno bez druh\u00e9ho neexistuje.<\/p>\n<p>Napadlo v\u00e1m niekedy, \u017ee to funguje aj opa\u010dne? \u017de slzy sm\u00fatku so sebou nes\u00fa i\u00a0pocit \u0161\u0165astia. Uvedomujeme si ako \u010dasto sa uh\u00fdbame bolesti a\u00a0domysleli sme niekedy, \u010domu sa vlastne vyh\u00fdbame? Z\u00e1rove\u0148, takto mo\u017eno dost\u00e1vame odpove\u010f na ot\u00e1zku, pre\u010do sme ne\u0161\u0165astn\u00ed. Boles\u0165 je matka \u0161\u0165astia.<\/p>\n<p>\u0160\u0165astie a\u00a0boles\u0165 s\u00fa spojen\u00e9 n\u00e1doby, medzi\u00a0ktor\u00fdmi funguje rovnov\u00e1ha hlad\u00edn. Ani to najv\u00e4\u010d\u0161ie \u0161\u0165astie sa neob\u00edde bez bolesti, \u010di u\u017e pred n\u00edm, pri \u0148om alebo po \u0148om.<\/p>\n<p>Preto \u017eel\u00e1m n\u00e1m v\u0161etk\u00fdm v\u00a0novom roku 2022 to\u013eko \u0161\u0165astia, ko\u013eko si ho rozhodneme nadeli\u0165 a\u00a0hlavne, ko\u013eko sami unesieme. A\u00a0ak by sa zjavila prv\u00e1 boles\u0165, aby sme za\u00a0\u0148ou na\u0161li i\u00a0spom\u00ednan\u00e9 \u0161\u0165astie.<\/p>\n<p><em>S\u00a0\u00factou<\/em><\/p>\n<p><em>ubolene \u0161\u0165astn\u00e1 alebo \u0161\u0165astne ubolen\u00e1<\/em><br \/>\n<em>\u017delm\u00edra Mach\u00e1\u010dkov\u00e1<\/em><\/p>\n","protected":false},"excerpt":{"rendered":"<div class=\"mh-excerpt\"><p>Na prahu nov\u00e9ho roku, ku ktor\u00e9mu vzhliadame s\u00a0n\u00e1dejou, \u017ee bude lep\u0161\u00ed ako minul\u00fd, som dumala \u010do n\u00e1m \u017eela\u0165, ke\u010f u\u017e bolo v\u0161etko povedan\u00e9. Ako tri orie\u0161ky pre Popolu\u0161ku mi do nosa brnkol rozhovor s\u00a0Luciou B\u00edlou. <a class=\"mh-excerpt-more\" href=\"http:\/\/skalickyobzor.sk\/cms\/tak-si-myslim-ze-zabudame-na-rovnovahu\/\" title=\"Tak si mysl\u00edm, \u017ee zab\u00fadame na rovnov\u00e1hu\">[&#8230;]<\/a><\/p>\n<\/div>","protected":false},"author":2,"featured_media":241,"comment_status":"closed","ping_status":"closed","sticky":false,"template":"","format":"standard","meta":{"footnotes":""},"categories":[3],"tags":[],"class_list":{"0":"post-5029","1":"post","2":"type-post","3":"status-publish","4":"format-standard","5":"has-post-thumbnail","7":"category-tak-si-myslim"},"_links":{"self":[{"href":"http:\/\/skalickyobzor.sk\/cms\/wp-json\/wp\/v2\/posts\/5029","targetHints":{"allow":["GET"]}}],"collection":[{"href":"http:\/\/skalickyobzor.sk\/cms\/wp-json\/wp\/v2\/posts"}],"about":[{"href":"http:\/\/skalickyobzor.sk\/cms\/wp-json\/wp\/v2\/types\/post"}],"author":[{"embeddable":true,"href":"http:\/\/skalickyobzor.sk\/cms\/wp-json\/wp\/v2\/users\/2"}],"replies":[{"embeddable":true,"href":"http:\/\/skalickyobzor.sk\/cms\/wp-json\/wp\/v2\/comments?post=5029"}],"version-history":[{"count":1,"href":"http:\/\/skalickyobzor.sk\/cms\/wp-json\/wp\/v2\/posts\/5029\/revisions"}],"predecessor-version":[{"id":5030,"href":"http:\/\/skalickyobzor.sk\/cms\/wp-json\/wp\/v2\/posts\/5029\/revisions\/5030"}],"wp:featuredmedia":[{"embeddable":true,"href":"http:\/\/skalickyobzor.sk\/cms\/wp-json\/wp\/v2\/media\/241"}],"wp:attachment":[{"href":"http:\/\/skalickyobzor.sk\/cms\/wp-json\/wp\/v2\/media?parent=5029"}],"wp:term":[{"taxonomy":"category","embeddable":true,"href":"http:\/\/skalickyobzor.sk\/cms\/wp-json\/wp\/v2\/categories?post=5029"},{"taxonomy":"post_tag","embeddable":true,"href":"http:\/\/skalickyobzor.sk\/cms\/wp-json\/wp\/v2\/tags?post=5029"}],"curies":[{"name":"wp","href":"https:\/\/api.w.org\/{rel}","templated":true}]}}