{"id":5031,"date":"2022-01-22T13:11:52","date_gmt":"2022-01-22T12:11:52","guid":{"rendered":"http:\/\/skalickyobzor.sk\/cms\/?p=5031"},"modified":"2022-01-22T13:30:45","modified_gmt":"2022-01-22T12:30:45","slug":"este-by-som-sa-chcela-dotknut-runoveho-napisu","status":"publish","type":"post","link":"http:\/\/skalickyobzor.sk\/cms\/este-by-som-sa-chcela-dotknut-runoveho-napisu\/","title":{"rendered":"E\u0161te by som sa chcela dotkn\u00fa\u0165 runov\u00e9ho n\u00e1pisu&#8230;"},"content":{"rendered":"<p><em><strong>Prof. Eva Fordin\u00e1lov\u00e1 sa narodila v\u00a0Borskom Mikul\u00e1\u0161i, no napriek tomu patr\u00ed k\u00a0tomu vz\u00e1cnemu, \u010do dnes Skalica m\u00e1. Vy\u0161tudovala pedagogiku, u\u010dila na z\u00e1kladnej \u0161kole, skalickej strednej zdravotnej \u0161kole i\u00a0na Trnavskej univerzite. Vrchol pedagogickej kari\u00e9ry dosiahla z\u00edskan\u00edm riadnej profes\u00fary. Pozoruhodn\u00e1 je jej vedeck\u00e1 a\u00a0b\u00e1date\u013esk\u00e1 \u010dinnos\u0165 v\u00a0oblasti slovenskej literat\u00fary a\u00a0hist\u00f3rie. Vydala dev\u00e4\u0165 liter\u00e1rnovedn\u00fdch kn\u00edh, ale aj p\u00e4\u0165 zbierok po\u00e9zie. <\/strong><\/em><\/p>\n<p><em><strong>Koncom minul\u00e9ho roka profesorka Eva Fordin\u00e1lov\u00e1 osl\u00e1vila 80 rokov. Na\u0161ou gratul\u00e1ciou je rozhovor, ktor\u00fd na tomto mieste prin\u00e1\u0161ame.<\/strong><\/em><\/p>\n<p><strong>Pani profesorka, odpustite t\u00fa ot\u00e1zku na \u00favod, odkia\u013e ste sa tu vzali?<\/strong><br \/>\nMoja star\u00e1 mama bola roden\u00e1 \u010c\u00e1rsk\u00e1 a rodina \u010c\u00e1rsk\u00fdch, pokia\u013e viem a pokia\u013e siaha rodokme\u0148, ktor\u00fd pozn\u00e1m, mal korene v Gbeloch. Najsl\u00e1vnej\u0161\u00edm \u010dlenom rodiny bol \u0160tefan \u010c\u00e1rsk\u00fd, ktor\u00fd bol v okrem in\u00fdch zauj\u00edmav\u00fdch funkci\u00e1ch, ako napr\u00edklad rektor rak\u00fasko-uhorsk\u00e9ho p\u00fatnick\u00e9ho domu v Jeruzal\u00e9me, aj rektor P\u00e1zma\u0148ovho kol\u00e9gia vo Viedni. Fordin\u00e1lovci boli zo Senice, ale s najv\u00e4\u010d\u0161ou pravdepodobnos\u0165ou ich rod poch\u00e1dzal z D\u00e1nska. Traja bratia, v\u0161etci mur\u00e1rski majstri, pri\u0161li nejak\u00fdm pohnut\u00edm osudu a historick\u00fdch udalost\u00ed na Z\u00e1horie. Jeden sa usadil v Mokrom H\u00e1ji, druh\u00fd v \u0160a\u0161t\u00edne a tret\u00ed, m\u00f4j predok, v Senici. M\u00f4j prastar\u00fd otec sa pri\u017eenil na hab\u00e1nsky dvor v Soboti\u0161ti, kde sa narodil aj m\u00f4j otec. Ke\u010f sa na\u0161i vzali, \u017eili u\u017e op\u00e4\u0165 v Senici. Nesk\u00f4r otec dostal pridelen\u00fa po\u0161tu v Borskom Mikul\u00e1\u0161i.<\/p>\n<p><strong>Obdobie druhej svetovej vojny bolo Va\u0161\u00edm rann\u00fdm detstvom&#8230;<\/strong><br \/>\n\u00c1no. Siln\u00fdm z\u00e1\u017eitkom pre m\u0148a bolo, \u017ee sme sa museli vys\u0165ahova\u0165 z toho n\u00e1\u0161ho, vlastne \u0161t\u00e1tneho bytu v Borskom Mikul\u00e1\u0161i, kde Nemci urobili proviz\u00f3rnu nemocnicu. Rovnako aj vo ved\u013eaj\u0161om byte, ktor\u00fd bol u\u010dite\u013esk\u00fd. Cel\u00fa rodinu zobral z ulice k sebe po\u0161t\u00e1r a pam\u00e4t\u00e1m si, \u017ee sme boli nejak\u00fd \u010das uch\u00fdlen\u00ed aj v zemiakovej jame. To asi po\u010das frontu. Mala som iba tri roky, tak to s\u00fa tak\u00e9 \u00fatr\u017ekovit\u00e9 z\u00e1blesky z pam\u00e4te. Tam som ve\u013emi prechladla a ochorela. Zachr\u00e1nil ma \u017eidovsk\u00fd lek\u00e1r Roth, ktor\u00fd bol na B\u00faroch tak ob\u013e\u00faben\u00fd, \u017ee ho \u013eudia aj s rodinou schov\u00e1vali pred transportom do koncentr\u00e1ku po svojich domoch. Po vojne sa z v\u010faky nechal premenova\u0165 na Borsk\u00fd. Koniec vojny bol podivuhodn\u00fd a zm\u00e4ten\u00fd. U n\u00e1s doma bol uzn\u00e1van\u00fd Tiso a Hlinka. Mama hovorila, \u017ee Hlinka jej dal pr\u00e1cu, ale myslela to tak, \u017ee to v\u010faka m\u00f4jmu str\u00fdcovi Gustovi v Gbeloch. Str\u00fdc Gusto bol \u013eud\u00e1ckym richt\u00e1rom obce a po odchode \u010cechov z dolov dal ich pracovn\u00e9 miesta najchudobnej\u0161\u00edm \u013eu\u010fom z dediny. Ke\u010f ho mali po vojne s\u00fadi\u0165 za funkciu v Hlinkovej strane, uk\u00e1zalo sa, \u017ee v\u0161etci, ktor\u00ed si ho na s\u00fade zastali boli komunisti. Boli to \u013eudia, ktor\u00fdm dal vtedy pr\u00e1cu a doviedli zase Gusta domov.<\/p>\n<p><strong>Kie\u017eby v\u017edy \u013eudskos\u0165 a\u00a0s\u00fadr\u017enos\u0165 zv\u00ed\u0165azila nad politickou pr\u00edslu\u0161nos\u0165ou. Vr\u00e1time sa v\u0161ak k\u00fasok sp\u00e4\u0165 \u2013 spom\u00ednan\u00fd slu\u017eobn\u00fd byt zapr\u00ed\u010dinil, \u017ee ste sa narodili oproti rodn\u00e9mu domu J\u00e1na Holl\u00e9ho. Mysl\u00edte si, \u017ee pr\u00e1ve toto malo vplyv na \u010fal\u0161ie smerovanie V\u00e1\u0161ho \u017eivota?<\/strong><br \/>\nMysl\u00edm, \u017ee \u00e1no. Nejako to bolo z\u00a0hora napl\u00e1novan\u00e9. Ako die\u0165a som si to e\u0161te neuvedomovala a\u00a0Holl\u00fd mi ni\u010d nehovoril. Po vojne bolo v\u0161etko, \u010do sa dot\u00fdkalo slovenskej n\u00e1rodnej hrdosti a\u00a0bolo vyzdvihovan\u00e9 za Slovensk\u00e9ho \u0161t\u00e1tu, vo ve\u013ekej nemilosti. A\u00a0tak sa v\u00a0nej ocitol aj Holl\u00e9ho rodn\u00fd dom. Neboli v\u00a0\u0148om ani dvere, okn\u00e1 mal povyb\u00edjan\u00e9. Ako deti sme sa v\u00a0\u0148om, aj okolo pomn\u00edka hr\u00e1vali. M\u00f4j star\u0161\u00ed brat s\u00a0kamar\u00e1tmi chodili do domu faj\u010di\u0165 a\u00a0aby som ich nezradila, musela som aj ja. To bol m\u00f4j prv\u00fd bl\u00edzky kontakt s\u00a0J\u00e1nom Holl\u00fdm, vtedy som ani netu\u0161ila kto to je. O\u00a0jeho skuto\u010dnom v\u00fdzname a\u00a0ve\u013ekosti som sa dozvedela a\u017e niekde v\u00a0\u00f4smej triede, kedy n\u00e1m u\u010dite\u013e povedal nejak\u00e9 z\u00e1kladn\u00e9 fakty. Z\u00a0toho \u010dlovek nemohol z\u00edska\u0165 citov\u00fd vz\u0165ah. Holl\u00fd bol po vojne v\u00a0nemilosti a\u00a0bola snaha dosta\u0165 ho dokonca z\u00a0u\u010debn\u00edc. Teda, nie len jeho, ale mno\u017estvo autorov z\u00a0toho obdobia, preto\u017ee to boli k\u0148azi. Na Hollom pre m\u0148a vtedy najzauj\u00edmavej\u0161ie bolo, \u017ee bol od n\u00e1s.<\/p>\n<p><strong>Teda, e\u0161te z\u00e1ujem o\u00a0Holl\u00e9ho neovplyv\u0148oval Va\u0161e rozhodnutie kam \u010falej na stredn\u00fa \u0161kolu. Alebo \u00e1no?<\/strong><br \/>\nV\u00a0tom \u010dase sa u\u017e \u010dasy menili a\u00a0J\u00falius Cup\u00e1k, mimochodom \u010cech, ktor\u00fd viedol na B\u00faroch kino, sa za\u010dal o\u00a0Holl\u00e9ho rodn\u00fd dom stara\u0165. V\u00a0kine mal dokonca n\u00e1stenku, venovan\u00fa J\u00e1novi Holl\u00e9mu. Ja som v\u0161ak v\u00f4bec nevedela, kam smeruje m\u00f4j \u017eivot. Brat \u0161tudoval na gymn\u00e1ziu v\u00a0Senici a\u00a0tak mi pripadlo samozrejm\u00e9, \u017ee ho budem nasledova\u0165. Robila som tam aj prij\u00edmacie sk\u00fa\u0161ky, no mama na posledn\u00fa chv\u00ed\u013eu rozhodla, \u017ee lep\u0161ia bude pedagogick\u00e1 \u0161kola v\u00a0Skalici. Mysl\u00edm, \u017ee pri tom zohrali ve\u013ek\u00fa \u00falohu jej sestry, z\u00a0ktor\u00fdch dve boli u\u010dite\u013eky. Urobila som rozdielov\u00e9 prij\u00edma\u010dky z\u00a0telesnej a\u00a0hudobnej v\u00fdchovy a\u00a0tak sa za\u010dala moja pedagogick\u00e1 dr\u00e1ha. Ani \u0161t\u00fadium nebolo jednoduch\u00e9, lebo, ke\u010f som bola v\u00a0tre\u0165om ro\u010dn\u00edku, \u0161kolu zru\u0161ili a\u00a0na maturitn\u00fd ro\u010dn\u00edk n\u00e1s presunuli do Trnavy. To sa komplikovalo finan\u010dne, preto\u017ee brat u\u017e \u0161tudoval na vysokej \u0161kole a\u00a0tak mi v\u00a0tom poslednom ro\u010dn\u00edku platili intern\u00e1t pr\u00e1ve tie dve mamine sestry. Pravdepodobne, v\u00a0tomto \u010dase a\u00a0z\u00a0tejto pr\u00ed\u010diny vznikol m\u00f4j od\u0165a\u017eit\u00fd vz\u0165ah k\u00a0peniazom.<\/p>\n<p><strong>Ak\u00e9 boli Va\u0161e pedagogick\u00e9 za\u010diatky?<\/strong><br \/>\nPo ukon\u010den\u00ed \u0161koly som dostala umiestenku do Hradi\u0161\u0165a pod Vr\u00e1tnom. Tam som bola v dos\u0165 hrozn\u00fdch podmienkach jeden a pol roka. \u010casto som nest\u00edhala autobus domov a spali sme dve na jednom slamn\u00edku. Ani u\u010dite\u013eovanie ma nechytilo, u\u010dili sa spojen\u00e9 triedy a vadilo mi, \u017ee mus\u00edm deti sk\u00fa\u0161a\u0165 a do \u00famoru opravova\u0165 p\u00edsomky. Ako u\u010dite\u013eka som musela p\u00edsa\u0165 po obci aj agita\u010dn\u00e9 hesla. St\u00e1le si pam\u00e4t\u00e1m \u201eKo\u013eko m\u00e1me sil\u00e1\u017ee, to sa v mlieku uk\u00e1\u017ee\u201c. Aj heslo na stodole \u201eP\u00e4\u0165ro\u010dnicu spln\u00edme za dva roky!\u201c Bolo asi vidie\u0165, \u017ee s t\u00fdm m\u00e1m probl\u00e9m, nikdy som na v\u00fdtvarn\u00fa nebola. N\u00e1hodou i\u0161iel okolo otec here\u010dky Zity Furkovej, ktor\u00fd bol okrem in\u00e9ho insitn\u00fdm maliarom a vyslobodil ma. Zobral mi \u0161tetec a dop\u00edsal to. E\u0161te mi pridelili robi\u0165 do miestneho rozhlasu po\u013enohospod\u00e1rske okienko. Jedinou mojou kvalifik\u00e1ciou pre t\u00fato \u010dinnos\u0165 bolo, \u017ee sme mali doma na B\u00faroch z\u00e1hradku, ale to nebola dostato\u010dn\u00e1 prax na v\u00fdpl\u0148 okienka. Postavila som pr\u00edspevky na chv\u00e1len\u00ed najlep\u0161\u00edch pracovn\u00edkov a malo to tak ve\u013ek\u00fd \u00faspech, \u017ee som bola osloven\u00e1, aby som vst\u00fapila do komunistickej strany. Na\u0161\u0165astie, pr\u00e1ve v tom \u010dase sa n\u00e1hodou uvo\u013enilo miesto u\u010dite\u013eky na B\u00faroch a tak zase \u010fal\u0161ia z radu n\u00e1hod ochr\u00e1nila m\u00f4j osud. I ke\u010f impulz i\u0161iel od m\u00f4jho brata, ktor\u00fd medzit\u00fdm do\u0161tudoval a pracoval na okrese v kult\u00fare a dozvedel sa o vo\u013enom mieste.<\/p>\n<figure id=\"attachment_5035\" aria-describedby=\"caption-attachment-5035\" style=\"width: 735px\" class=\"wp-caption aligncenter\"><img loading=\"lazy\" decoding=\"async\" class=\"size-full wp-image-5035\" src=\"http:\/\/skalickyobzor.sk\/cms\/wp-content\/uploads\/2022\/01\/ako-laurea\u0301tka-ceny-Fra-Angelico.jpg\" alt=\"\" width=\"735\" height=\"520\" srcset=\"http:\/\/skalickyobzor.sk\/cms\/wp-content\/uploads\/2022\/01\/ako-laurea\u0301tka-ceny-Fra-Angelico.jpg 735w, http:\/\/skalickyobzor.sk\/cms\/wp-content\/uploads\/2022\/01\/ako-laurea\u0301tka-ceny-Fra-Angelico-300x212.jpg 300w\" sizes=\"auto, (max-width: 735px) 100vw, 735px\" \/><figcaption id=\"caption-attachment-5035\" class=\"wp-caption-text\">Ako laure\u00e1tka ceny Fra Angelico<br \/>Zdroj: internet<\/figcaption><\/figure>\n<p><strong>Tak ste sa obl\u00fakom vyhli \u010dlenstvu v\u00a0strane a\u00a0vr\u00e1tili ste sa domov&#8230;<\/strong><br \/>\nPrv\u00e9ho pol roka som e\u0161te suplovala takmer v\u0161etky predmety. Nesk\u00f4r som dostala sloven\u010dinu a\u00a0dejepis, \u010do bolo dobr\u00e9, ale st\u00e1le mi nesedelo, \u017ee som u\u010dite\u013eka. R\u00e1stla vo mne l\u00e1ska k\u00a0literat\u00fare. Ja som u\u017e na pedagogickej \u0161kole p\u00edsala b\u00e1sne do \u0161kolsk\u00e9ho \u010dasopisu. In\u0161pir\u00e1ciou boli v\u00e4\u010d\u0161inou vlastn\u00e9 em\u00f3cie.<\/p>\n<p><strong>Spom\u00ednate si na prv\u00fd krok na Va\u0161u \u017eivotn\u00fa dr\u00e1hu pedagogi\u010dky, spisovate\u013eky a\u00a0histori\u010dky?<\/strong><br \/>\nT\u00e1 moja l\u00e1ska k literat\u00fare vznikla v druhej triede na z\u00e1kladnej \u0161kole a to presne na Mikul\u00e1\u0161a. V ten de\u0148 k n\u00e1m domov pri\u0161la mamina kamar\u00e1tka, u\u010dite\u013eka, a mne priniesla prekr\u00e1sne ilustrovan\u00fa knihu Zvonky od \u013dudmily Podjavorinskej. Zakr\u00e1tko som vedela polovicu t\u00fdch b\u00e1sni\u010diek naspam\u00e4\u0165. A tak, ke\u010f sa n\u00e1s v \u0161kole na\u0161a pani u\u010dite\u013eka p\u00fdtala, \u010d\u00edm chceme by\u0165, tak ja som vyhl\u00e1sila, \u017ee chcem by\u0165 spisovate\u013ekou. Knihy, ktor\u00e9 som vyh\u013ead\u00e1vala, boli takmer v\u0161etko po\u00e9zia. Tak som sa nen\u00e1padne bl\u00ed\u017eila k Holl\u00e9mu, ale e\u0161te som o\u00a0tom nevedela, lebo \u010fal\u0161ie podnety neboli.<\/p>\n<p><strong>V\u00a0\u0161t\u00fadiu ste v\u0161ak pokra\u010dovali pedagogick\u00fdm smerom.<\/strong><br \/>\nRozhodla zase n\u00e1hoda. Cestovala so raz domov z Hradi\u0161\u0165a a stretla som dobr\u00e9 kamar\u00e1tky, spolu\u017eia\u010dky zo strednej pedagogickej \u0161koly, ktor\u00e9 i\u0161li do Trnavy na predpredn\u00e1\u0161ky pred prij\u00edma\u010dkami na dia\u013ekov\u00e9 \u0161t\u00fadium. To ma zaujalo a nepokra\u010dovala som na K\u00faty, ale na Trnavu. Rovno tam som vyplnila prihl\u00e1\u0161ku na trojkombin\u00e1ciu sloven\u010dina-dejepis-hudba. Vedenie \u0161koly zistilo, \u017ee je to ve\u013emi n\u00e1ro\u010dn\u00e9 a zmenili to na dvojkombin\u00e1ciu a tak mi hudobn\u00e1 v\u00fdchova odpadla, ale to mi a\u017e tak neprek\u00e1\u017ealo vzh\u013eadom na to, \u017ee som nebola hus\u013eov\u00fdm virtu\u00f3zom. \u0160t\u00fadium ubehlo a pri\u0161lo k v\u00fdberu t\u00e9my diplomovej pr\u00e1ce. Tam mi riadite\u013eka m\u00fazea vys\u0165ahovalectva na Myjave navrhla t\u00e9mu, ku ktorej mali mnoho materi\u00e1lu. Aj som ju \u00faspe\u0161ne vypracovala, stretla sa s uznan\u00edm, ale citovo ma t\u00e1 t\u00e9ma zna\u010dne za\u0165a\u017eila. Zle som niesla osudy \u013eud\u00ed, o ktor\u00fdch som p\u00edsala. Medzi \u0161t\u00e1tnicami som v\u0161ak u\u017e robila prij\u00edmacie sk\u00fa\u0161ky na univerzite v Bratislave na sloven\u010dinu-dejepis. Mimochodom \u2013 popri \u0161t\u00fadiu som jeden\u00e1s\u0165 rokov u\u010dila v Skalici. Napriek v\u0161etk\u00e9mu som na vys\u0165ahovalcoch \u010falej pokra\u010dovala aj v diplomovej pr\u00e1ci a dokonca aj v doktorandskej pr\u00e1ci i pri doktorandskom \u0161t\u00fadiu.Vtedy u\u017e ma historici prijali za svoju a poz\u00fdvali ma ako odborn\u00ed\u010dku na vys\u0165ahovalectvo na konferencie s pr\u00edspevkami. Mus\u00edm v\u0161ak prizna\u0165, \u017ee ja som sa v tomto prostred\u00ed komfortne nec\u00edtila.<\/p>\n<p><strong>U\u017e sa kone\u010dne v\u00a0tomto obdob\u00ed dost\u00e1vame k\u00a0V\u00e1\u0161mu vz\u0165ahu k\u00a0J\u00e1novi Holl\u00e9mu?<\/strong><br \/>\nJa vlastne neviem, kedy to za\u010dalo. Ako som hovorila, a\u017e do konca univerzitn\u00fdch \u0161t\u00fadi\u00ed boli mojou hlavnou t\u00e9mou vys\u0165ahovalci, no, ke\u010f som odi\u0161la zo Skalice u\u010di\u0165 na fakultu v Trnave, tak u\u017e som k nemu inklinovala. V Trnave som bola \u0161tyri roky a niekto zhora rozhodol (zhora politicky), \u017ee pedagogick\u00fa fakultu v meste, ktor\u00e9 je s\u00eddlom arcibiskupstva, treba zru\u0161i\u0165. Ja som v\u0161ak rok pred zru\u0161en\u00edm u\u017e pracovala na SAV na oddelen\u00ed hist\u00f3rie slovenskej literat\u00fary. A\u00a0tu sa to zlomilo. U\u017e v\u00a0Trnave som uverejnila prv\u00e9 \u0161t\u00fadie o\u00a0Hollom a\u00a0za\u010dala pracova\u0165 na knihe o\u00a0\u0148om a\u00a0v\u00a0roku 1985, k\u00a0dvojst\u00e9mu v\u00fdro\u010diu jeho narodenia, kniha aj vy\u0161la. Odrazu som precitla a\u00a0nech\u00e1pala, ako to, \u017ee sme si to\u013eko vec\u00ed v\u00a0jeho Sv\u00e4toplukovi nev\u0161imli&#8230; Dielo stoj\u00ed na historick\u00fdch podkladoch a\u00a0je\u00a0pln\u00e9 nepopierate\u013en\u00fdch faktov. Nap\u00edsal ho s\u00edce za dva roky, ale ako on, tak aj jeho priatelia zo spolku slovenskej literat\u00fary, dlh\u00e9 roky zhroma\u017e\u010foval podklady a\u00a0fakty. V\u010faka tomu je to s\u00fa\u010dasne kr\u00e1sne dielo i\u00a0kronika, ktor\u00e1 uv\u00e1dza na prav\u00fa mieru niektor\u00e9 prehre\u0161ky na\u0161ej historiografie. T\u00fdch n\u00e1jdeme mnoho aj inde.<\/p>\n<p><strong>Ktor\u00e9 s\u00fa, pod\u013ea V\u00e1s najv\u00e4\u010d\u0161ie, ako sama hovor\u00edte, prehre\u0161ky vo\u010di slovensk\u00fdm dejin\u00e1m, \u010di slovensk\u00e9mu n\u00e1rodu?<\/strong><br \/>\n\u0164a\u017eko to takto v\u00a0kr\u00e1tkosti da\u0165 na st\u00f4l. Je toho pr\u00edli\u0161 ve\u013ea a\u00a0potrebovali by sme ove\u013ea v\u00e4\u010d\u0161\u00ed priestor. Ak sa v\u0161ak vr\u00e1time celkom na po\u010diatok, tesne po rozpad Ve\u013ekej Moravy, tak je tu Nitrianske knie\u017eatstvo, ktor\u00e9 bolo slovensk\u00e9 a\u00a0malo v\u00a0r\u00e1mci uhorsk\u00e9ho kr\u00e1\u013eovstva, ktor\u00e9 si pripojilo nov\u00e9 \u00fazemia, ur\u010dit\u00fa auton\u00f3miu a\u00a0v\u00a0znaku n\u00e1\u0161 dvojkr\u00ed\u017e. U\u017e v\u00a0Anonymovej kronike sa v\u0161ak p\u00ed\u0161e, \u017ee Slov\u00e1ci nemaj\u00fa n\u00e1rok ani z\u00e1sluhu na ni\u010dom v\u00a0Uhorskom \u0161t\u00e1te, preto\u017ee sa na jeho vzniku nepodie\u013eali. Len\u017ee, boli to pr\u00e1ve slovensk\u00ed \u0161\u013eachtici, ktor\u00ed bojovali po boku uhorsk\u00e9ho kres\u0165ansk\u00e9ho kr\u00e1\u013ea \u0160tefana (nesk\u00f4r vyhl\u00e1sen\u00e9ho za sv\u00e4t\u00e9ho) proti jeho vn\u00fatorn\u00fdm nepriate\u013eom. Pr\u00e1ve to spolo\u010dn\u00e9 kres\u0165ansk\u00e9 myslenie siaha k\u00a0na\u0161im n\u00e1rodn\u00fdm kore\u0148om. O\u00a0spom\u00ednanej bitke hovor\u00ed u\u017e star\u00e1 \u013eudov\u00e1 piese\u0148 <em>St\u00e1la bitka st\u00e1la za \u0160tefana kr\u00e1\u013ea<\/em>, ale \u010do je d\u00f4le\u017eit\u00e9, skuto\u010dnos\u0165 potvrdzuje aj Viedensk\u00e1 kronika z\u00a013. storo\u010dia. Vo svojej knihe, ktor\u00e1 sa vol\u00e1 rovnako ako spom\u00ednan\u00e1 piese\u0148, uv\u00e1dzam aj in\u00e9 \u013eudov\u00e9 piesne so slovensk\u00fdm p\u00f4vodom a\u00a0hlavne ich duchovnou hodnotou, av\u0161ak privlastnili si ich Poliaci alebo \u010cesi&#8230; \u010co sa t\u00fdka deformovania hist\u00f3rie, tak nemus\u00edme \u00eds\u0165 tak \u010faleko dozadu. Mno\u017estvo pokr\u00faten\u00fdch a\u00a0\u00fa\u010delne zav\u00e1dzaj\u00facich inform\u00e1ci\u00ed m\u00e1me k\u00a0interpret\u00e1cii\u00a0obdobia Slovensk\u00e9ho \u0161t\u00e1tu, ale aj spolo\u010dnej \u010ceskoslovenskej republiky. Veci s\u00fa vytrhnut\u00e9 z\u00a0kontextu a\u00a0ch\u00fdbaj\u00fa s\u00favislosti. Teraz m\u00e1me priestor a\u00a0mo\u017enosti v\u0161etko napravi\u0165, ale nem\u00e1me \u013eud\u00ed, ktor\u00ed by sa do toho pustili. Vy\u0161tudovali na z\u00e1klade tak pod\u00e1van\u00fdch faktov, \u017ee si ani neuvedomuj\u00fa, \u017ee na\u010falej mrza\u010dia na\u0161u hist\u00f3riu. V\u00a0na\u0161om ko\u0161atom strome je na\u0161tepen\u00e9 cudzie ovocie.<\/p>\n<p><img loading=\"lazy\" decoding=\"async\" class=\"aligncenter size-full wp-image-5036\" src=\"http:\/\/skalickyobzor.sk\/cms\/wp-content\/uploads\/2022\/01\/101902.jpg\" alt=\"\" width=\"426\" height=\"576\" srcset=\"http:\/\/skalickyobzor.sk\/cms\/wp-content\/uploads\/2022\/01\/101902.jpg 426w, http:\/\/skalickyobzor.sk\/cms\/wp-content\/uploads\/2022\/01\/101902-222x300.jpg 222w\" sizes=\"auto, (max-width: 426px) 100vw, 426px\" \/><\/p>\n<p><strong>S\u00fa to, teda, na\u0161e korene, ku ktor\u00fdm by sme sa mali vr\u00e1ti\u0165?<\/strong><br \/>\nMus\u00edme sa k nim vr\u00e1ti\u0165, aby sme vedeli kto a \u010d\u00edm sme. Je to ve\u013emi \u0161irok\u00e1 t\u00e9ma. Dokon\u010dujem pr\u00e1ve na t\u00fato t\u00e9mu knihu s pracovn\u00fdm n\u00e1zvom <em>Korene slovenskej literat\u00fary<\/em> a \u00favod do nej by mal vyjs\u0165 v <em>Slovensk\u00fdch poh\u013eadoch<\/em>. Jedn\u00fdm z kore\u0148ov je aj na\u0161a literat\u00fara. \u010eal\u0161\u00edm je napr\u00edklad cyrilometodejsk\u00e1 trad\u00edcia, ktor\u00e1 sa u n\u00e1s udr\u017eala ako nikde inde. Av\u0161ak aj to, \u010do sme si doniesli ako n\u00e1rod e\u0161te a\u017e z Indie. Mnoho odkazov m\u00e1me v \u013eudovej slovesnosti a pies\u0148ach, len u\u017e sme prestali rozumie\u0165 odkazom a symbolom. Napr\u00edklad, v piesni <em>Horela lipka horela<\/em> je mnoho symbolov a\u00a0hovor\u00ed o\u00a0sebaobetovan\u00ed v\u00a0dobro celku, ktor\u00e9 je n\u00e1\u0161mu n\u00e1rodu a\u017e archetyp\u00e1lne bl\u00edzke. Dnes ich c\u00edtime, ale nem\u00e1me ich vo vedom\u00ed. Aj preto sa treba obraca\u0165 sp\u00e4\u0165.<\/p>\n<p><img loading=\"lazy\" decoding=\"async\" class=\"aligncenter size-full wp-image-5037\" src=\"http:\/\/skalickyobzor.sk\/cms\/wp-content\/uploads\/2022\/01\/bmid_otec-a-syn-naroda-vztah-jana-holleh-Bll-448685.jpg\" alt=\"\" width=\"371\" height=\"529\" srcset=\"http:\/\/skalickyobzor.sk\/cms\/wp-content\/uploads\/2022\/01\/bmid_otec-a-syn-naroda-vztah-jana-holleh-Bll-448685.jpg 371w, http:\/\/skalickyobzor.sk\/cms\/wp-content\/uploads\/2022\/01\/bmid_otec-a-syn-naroda-vztah-jana-holleh-Bll-448685-210x300.jpg 210w\" sizes=\"auto, (max-width: 371px) 100vw, 371px\" \/><\/p>\n<p><strong>Je to treba ch\u00e1pa\u0165 tak, \u017ee \u010do slovensk\u00fd n\u00e1rod vytvoril, dosiahol, to si prisvojovali in\u00ed? Nie je to aj t\u00fdm, \u017ee namiesto n\u00e1rodnej hrdosti sme v\u017edy kl\u00e1dli d\u00f4raz na celkom in\u00e9 vlastnosti?<\/strong><br \/>\nBerieme to pr\u00edli\u0161 samozrejme, ostatn\u00ed si uvedomovali d\u00f4le\u017eitos\u0165 ve\u013ek\u00fdch \u010dinov a\u00a0tak to zap\u00edsali do svojich kron\u00edk. Hist\u00f3ria je prostit\u00fatka, ale rada by som ju o\u010distila a\u00a0dok\u00e1zala, \u017ee to tak by\u0165 nemus\u00ed. Prame\u0148 je bezmenn\u00fd, len rieky hne\u010f dostan\u00fa meno. Aj my v\u0161etci sme ovplyv\u0148ovan\u00ed svojimi rodinami. Napr\u00edklad na\u0161a rodina bola nesmierne n\u00e1rodoveck\u00e1. Mamine sestry, u\u010dite\u013eky, podporovali slovensk\u00fa literat\u00faru a\u00a0mali ve\u013ek\u00fa kni\u017enicu. Star\u00fd otec, ako jedin\u00fd v\u00a0Gbeloch, odoberal Vajansk\u00e9ho Slovensk\u00e9 n\u00e1rodn\u00e9 noviny a\u00a0potom kolovali medzi \u013eu\u010fmi.<\/p>\n<p><img loading=\"lazy\" decoding=\"async\" class=\"aligncenter size-full wp-image-5038\" src=\"http:\/\/skalickyobzor.sk\/cms\/wp-content\/uploads\/2022\/01\/DSMR.pub_.jpg\" alt=\"\" width=\"415\" height=\"569\" srcset=\"http:\/\/skalickyobzor.sk\/cms\/wp-content\/uploads\/2022\/01\/DSMR.pub_.jpg 415w, http:\/\/skalickyobzor.sk\/cms\/wp-content\/uploads\/2022\/01\/DSMR.pub_-219x300.jpg 219w\" sizes=\"auto, (max-width: 415px) 100vw, 415px\" \/><\/p>\n<p><img loading=\"lazy\" decoding=\"async\" class=\"aligncenter size-full wp-image-5039\" src=\"http:\/\/skalickyobzor.sk\/cms\/wp-content\/uploads\/2022\/01\/fordinalova.z_hlbokostipng.png\" alt=\"\" width=\"280\" height=\"503\" srcset=\"http:\/\/skalickyobzor.sk\/cms\/wp-content\/uploads\/2022\/01\/fordinalova.z_hlbokostipng.png 280w, http:\/\/skalickyobzor.sk\/cms\/wp-content\/uploads\/2022\/01\/fordinalova.z_hlbokostipng-167x300.png 167w\" sizes=\"auto, (max-width: 280px) 100vw, 280px\" \/><\/p>\n<p><strong>T\u00fdka sa to i\u00a0Va\u0161ej te\u00f3rie o\u00a0rodi\u010dovskom a\u00a0potomkovsk\u00fdch n\u00e1rodoch?<\/strong><br \/>\n\u00c1no. Pod\u013ea mnoh\u00fdch d\u00f4kazov bolo najstar\u0161ie os\u00eddlenie v\u00a0\u0161irokom regi\u00f3ne strednej Eur\u00f3py pod Tatrami a\u00a0pokojne m\u00f4\u017eeme hovori\u0165 o\u00a0Slov\u00e1koch. N\u00e1rod e\u0161te tvorili kmene a\u00a0ich rastom prich\u00e1dza k\u00a0tomu, \u017ee m\u00fdtick\u00fd praotec \u010cech viedol \u010das\u0165 kme\u0148ov na z\u00e1pad a\u00a0os\u00eddlil \u010desk\u00fa kotlinu a\u00a0in\u00fd praotec Lech viedol in\u00e9 kmene na sever, do Po\u013eska. No, a\u00a0rodi\u010dia d\u00e1vaj\u00fa de\u0165om slobodu, k\u00fdm deti sa neza\u010dn\u00fa vymedzova\u0165 vo\u010di rodi\u010dom. Treba v\u0161ak prizna\u0165, \u017ee deti si s\u00fa\u010dasne nes\u00fa z\u00a0rodi\u010dovsk\u00e9ho domu to, \u010do pova\u017euj\u00fa za vlastn\u00e9 a\u00a0aj im prin\u00e1le\u017e\u00ed hist\u00f3ria, trad\u00edcie, zvyky&#8230; Pri svojej n\u00e1v\u0161teve n\u00e1m v\u0161etk\u00fdm sv\u00e4t\u00fd otec Franti\u0161ek pripom\u00ednal, \u017ee my sme prav\u00fd stred Eur\u00f3py. Bola som a\u017e prekvapen\u00e1, \u017ee kl\u00e1dol d\u00f4raz na skuto\u010dnosti, ktor\u00e9 aj ja poklad\u00e1m za najd\u00f4le\u017eitej\u0161ie. Na\u0161\u00edm z\u00e1kladn\u00fdm archetypom je duchovnos\u0165 a\u00a0to, \u010do je v\u00a0n\u00e1s sme povinn\u00ed \u0161\u00edri\u0165 \u010falej.<\/p>\n<p><strong>Mysl\u00edte si, \u017ee keby V\u00e1s u\u010dili hist\u00f3riu a\u00a0literat\u00faru lep\u0161ie,\u00a0pravdivej\u0161ie a\u00a0hlavne v\u00a0s\u00favislostiach, \u017ee by ste k\u00a0nim inklinovali a\u00a0pri\u013enuli e\u0161te pevnej\u0161ie a\u00a0dok\u00e1zali by ste e\u0161te viac?<\/strong><br \/>\nPokrivenie hist\u00f3rie nie je ni\u010d nov\u00e9. Urobila z\u00a0Kristovej nasledovn\u00ed\u010dky M\u00e1rie Magdal\u00e9ny padl\u00fa \u017eenu a\u00a0v\u0161etk\u00fdm je jasn\u00e9, \u017ee Eva zviedla Adama, ale ani sa neuva\u017euje nad t\u00fdm, \u010di Adam nebol n\u00e1siln\u00edk. Ako by to bolo so mnou, keby n\u00e1m veci pod\u00e1vali pravdivo, to u\u017e je len \u010dist\u00e1 hypot\u00e9za. Ja si mysl\u00edm, \u017ee v\u0161etko to u\u017e tak malo by\u0165. M\u00f4j \u017eivot riadili \u201en\u00e1hody\u201c a\u00a0i\u0161la som si svojou cestou. Hrala som s\u00a0kartami, ktor\u00e9 mi dali do vienka tam zhora. U\u017e ako u\u010dite\u013eka na zdravotnej \u0161kole som u\u010dila pod\u013ea svojho presved\u010denia. A\u00a0prech\u00e1dzalo to. Som presved\u010den\u00e1, \u017ee v\u0161etko to m\u00e1m riaden\u00e9 zhora. Aj to je ist\u00e1 sloboda a\u00a0sloboda je pre m\u0148a z\u00e1kladom v\u0161etk\u00e9ho. M\u00f4jho bytia aj myslenia. Preto aj milujem Z\u00e1horie s\u00a0jeho \u0161irokou otvorenou krajinou. A\u00a0rovnako zosobnen\u00edm vn\u00fatornej slobody s\u00fa dve osobnosti, ktor\u00e9 obdivujem \u2013 staror\u00edmsky filozof Seneca a\u00a0n\u00e1\u0161 Anton Srholec. Je neuverite\u013en\u00e9 ako s\u00fa si podobn\u00ed a\u00a0bl\u00edzki. Nedok\u00e1\u017eem unies\u0165 fakt, \u017ee \u013eu\u010fom takto m\u00fadrym rozkazuj\u00fa hlup\u00e1ci. \u00c1no, bolo tomu tak vlastne v\u017edy, ale to ni\u010d neospravedl\u0148uje. E\u0161te\u017ee t\u00edto Senecovia a\u00a0Srholci si svoju slobodu v\u00a0sebe nenechaj\u00fa vzia\u0165.<\/p>\n<p><img loading=\"lazy\" decoding=\"async\" class=\"aligncenter size-full wp-image-5040\" src=\"http:\/\/skalickyobzor.sk\/cms\/wp-content\/uploads\/2022\/01\/zahorske-muzeum-prezentacia-Fordinalovej.jpg\" alt=\"\" width=\"672\" height=\"376\" srcset=\"http:\/\/skalickyobzor.sk\/cms\/wp-content\/uploads\/2022\/01\/zahorske-muzeum-prezentacia-Fordinalovej.jpg 672w, http:\/\/skalickyobzor.sk\/cms\/wp-content\/uploads\/2022\/01\/zahorske-muzeum-prezentacia-Fordinalovej-300x168.jpg 300w\" sizes=\"auto, (max-width: 672px) 100vw, 672px\" \/><\/p>\n<p><strong>Po revol\u00facii v\u00a0roku 1989 bola obnoven\u00e1 Trnavsk\u00e1 univerzita a\u00a0Vy ste boli osloven\u00e1 s\u00a0po\u017eiadavkou V\u00e1\u0161ho n\u00e1vratu. Ch\u00fdbalo V\u00e1m v\u00a0akad\u00e9mii vied u\u010denie?<\/strong><br \/>\nU\u010denie ako tak\u00e9 \u00e1no. Sk\u00f4r predn\u00e1\u0161anie na z\u00e1kladnej a\u00a0strednej \u0161kole, nezn\u00e1\u0161ala som sk\u00fa\u0161a\u0165 \u017eiakov. V\u017edy mi to pripadalo ako strata \u010dasu. Na univerzite je to in\u00e9 a\u00a0na Trnavu som mala ve\u013emi dobr\u00e9 spomienky. Len na vedeck\u00fa \u010dinnos\u0165 som mala m\u00e1lo \u010dasu a\u00a0tak som sa v\u017edy te\u0161ila na letn\u00e9 pr\u00e1zdniny. V\u00e4\u010d\u0161inu z\u00a0nich som pre\u017eila v\u00a0arch\u00edvoch. Aj moju prv\u00fa knihu o\u00a0Hollom som nap\u00edsala za jedny pr\u00e1zdniny.<\/p>\n<p><strong>Bolo by ve\u013emi zauj\u00edmav\u00e9 a\u00a0oso\u017en\u00e9 da\u0165 do jednej pr\u00e1ce v\u0161etky tie deform\u00e1cie na\u0161ej hist\u00f3rie, nielen z\u00a0ma\u010farskej, ale i\u00a0\u010deskej strany, o\u00a0ktor\u00fdch hovor\u00edte&#8230;<\/strong><br \/>\nSna\u017e\u00edm sa sformulova\u0165 to, \u010do u\u017e m\u00e1m spracovan\u00e9, no \u010falej u\u017e asi nepokro\u010d\u00edm. U\u017e som unaven\u00e1 a\u00a0vy\u010derpan\u00e1 na jazdenie a\u00a0p\u00e1tranie v\u00a0arch\u00edvoch.<\/p>\n<p><strong>M\u00e1te e\u0161te nejak\u00fa t\u00fa\u017ebu nie\u010do vykona\u0165? Nie\u010do, \u010do by ste chceli ove\u013ea viac ako \u010doko\u013evek in\u00e9?<\/strong><br \/>\nDotkn\u00fa\u0165 sa runov\u00e9ho n\u00e1pisu na vrchu Velest\u00far v\u00a0Kremnick\u00fdch vrchoch. A\u00a0celkom najviac by som chcela, aby sa Slovensko spam\u00e4talo a\u00a0postavilo hrdo na nohy.<\/p>\n<p><em><strong>Evi, mus\u00edm nakoniec predsa len prezradi\u0165, \u017ee sme priate\u013eky a\u00a0ofici\u00e1lny t\u00f3n rozhovoru znel v\u00a0mene redakcie. Pravdou je, \u017ee to bol u\u017e mnoh\u00fd rozhovor medzi nami, aj ke\u010f tento bol o\u00a0to vz\u00e1cnej\u0161\u00ed, lebo bol viac i\u00a0o\u00a0Tvojej \u201eosobnej hist\u00f3rii\u201c. Tentokr\u00e1t bol k\u00a0tomu d\u00f4vod. <\/strong><\/em><em><strong>\u010eakujem ve\u013emi pekne za seba, aj za na\u0161ich \u010ditate\u013eov, \u017ee si n\u00e1s pustila do z\u00e1kulisia svojho \u017eivota. Hlavne Ti v\u0161ak \u010fakujem za Tvoju celo\u017eivotn\u00fa pr\u00e1cu. Za to ako s\u00a0mrav\u010dou trpezlivos\u0165ou, veden\u00e1 svojim neomyln\u00fdm vn\u00fatorn\u00fdm pocitom, h\u013ead\u00e1\u0161 a\u00a0sklad\u00e1\u0161 do mozaiky kamienky s\u00favislost\u00ed na\u0161ej slovenskej hist\u00f3rie a\u00a0literat\u00fary. <\/strong><\/em><\/p>\n<p><em><strong>T\u00fdmto pre n\u00e1s ostatn\u00fdch odha\u013euje\u0161 na\u0161e korene, a\u00a0u\u010d\u00ed\u0161 n\u00e1s, aby sme sami mohli odl\u00ed\u0161i\u0165 vlastn\u00e9 ovocie od toho cudzieho a\u00a0tak sme pochopili, kto vlastne sme. V\u010faka\u00a0hodin\u00e1m p\u00fatav\u00fdch rozhovorov a\u00a0mno\u017estvu kn\u00edh odha\u013euje\u0161 v\u00a0n\u00e1s stopu hlb\u0161ej duchovnej hodnoty slovensk\u00e9ho n\u00e1roda. <\/strong><\/em><em><strong>Korene n\u00e1roda za\u010d\u00ednaj\u00fa doma pri\u00a0vlastnom prahu. Ja osobne, ale i\u00a0v\u0161etci Skali\u010dania Ti budeme v\u017edy v\u010fa\u010dn\u00ed, \u017ee Ty jedin\u00e1, i\u00a0ke\u010f B\u00faranka, ale so srdcom pre Skalicu, si dok\u00e1zala do knihy o\u00a0skalickej mestskej re\u010di pop\u00edsa\u0165 a\u00a0dolo\u017ei\u0165 d\u00f4kazmi, \u010do som ja ako Skali\u010danka telom a\u00a0du\u0161ou v\u017edy \u201elen\u201c c\u00edtila. <\/strong><\/em><em><strong>Viem, \u017ee Tebe nikdy ne\u0161lo o\u00a0\u017eiadne ocenenia, ale m\u00f4\u017ee\u0161 by\u0165 hrd\u00e1, \u017ee za Tebou v\u00a0n\u00e1s zost\u00e1vaj\u00fa zasiate semienka n\u00e1rodn\u00e9ho vedomia. A\u00a0na n\u00e1s u\u017e je iba sa o\u00a0ne stara\u0165. Ver, \u017ee ka\u017ed\u00e9 \u010dasom vykl\u00ed\u010di a\u00a0rozmno\u017e\u00ed sa. <\/strong><\/em><\/p>\n<p><em><strong>Mil\u00e1 Evi, \u017eel\u00e1m Ti za seba, ale aj na\u0161ich \u010ditate\u013eov, hlavne ve\u013ea zdravia na tele i na duchu a spl<\/strong><\/em><em><strong>nenie Tvojej t\u00fa\u017eby po hmotnom dotyku na\u0161ej hist\u00f3rie na Velest\u00fare. Ver\u00edme, \u017ee n\u00e1s e\u0161te obohat\u00ed\u0161 novou kni\u017eo\u010dkou o\u00a0\u010fal\u0161om skalickom korienku, o\u00a0ktorom iba tu\u0161\u00edme. Av\u0161ak to u\u017e by som na Teba prezr\u00e1dzala ve\u013ea.<\/strong><\/em><\/p>\n<p><em>\u017delm\u00edra Mach\u00e1\u010dkov\u00e1<\/em><\/p>\n","protected":false},"excerpt":{"rendered":"<div class=\"mh-excerpt\"><p>Prof. Eva Fordin\u00e1lov\u00e1 sa narodila v\u00a0Borskom Mikul\u00e1\u0161i, no napriek tomu patr\u00ed k\u00a0tomu vz\u00e1cnemu, \u010do dnes Skalica m\u00e1. Vy\u0161tudovala pedagogiku, u\u010dila na z\u00e1kladnej \u0161kole, skalickej strednej zdravotnej \u0161kole i\u00a0na Trnavskej univerzite. Vrchol pedagogickej kari\u00e9ry dosiahla z\u00edskan\u00edm <a class=\"mh-excerpt-more\" href=\"http:\/\/skalickyobzor.sk\/cms\/este-by-som-sa-chcela-dotknut-runoveho-napisu\/\" title=\"E\u0161te by som sa chcela dotkn\u00fa\u0165 runov\u00e9ho n\u00e1pisu&#8230;\">[&#8230;]<\/a><\/p>\n<\/div>","protected":false},"author":2,"featured_media":5032,"comment_status":"closed","ping_status":"closed","sticky":false,"template":"","format":"standard","meta":{"footnotes":""},"categories":[2],"tags":[],"class_list":{"0":"post-5031","1":"post","2":"type-post","3":"status-publish","4":"format-standard","5":"has-post-thumbnail","7":"category-hlavna-tema"},"_links":{"self":[{"href":"http:\/\/skalickyobzor.sk\/cms\/wp-json\/wp\/v2\/posts\/5031","targetHints":{"allow":["GET"]}}],"collection":[{"href":"http:\/\/skalickyobzor.sk\/cms\/wp-json\/wp\/v2\/posts"}],"about":[{"href":"http:\/\/skalickyobzor.sk\/cms\/wp-json\/wp\/v2\/types\/post"}],"author":[{"embeddable":true,"href":"http:\/\/skalickyobzor.sk\/cms\/wp-json\/wp\/v2\/users\/2"}],"replies":[{"embeddable":true,"href":"http:\/\/skalickyobzor.sk\/cms\/wp-json\/wp\/v2\/comments?post=5031"}],"version-history":[{"count":3,"href":"http:\/\/skalickyobzor.sk\/cms\/wp-json\/wp\/v2\/posts\/5031\/revisions"}],"predecessor-version":[{"id":5041,"href":"http:\/\/skalickyobzor.sk\/cms\/wp-json\/wp\/v2\/posts\/5031\/revisions\/5041"}],"wp:featuredmedia":[{"embeddable":true,"href":"http:\/\/skalickyobzor.sk\/cms\/wp-json\/wp\/v2\/media\/5032"}],"wp:attachment":[{"href":"http:\/\/skalickyobzor.sk\/cms\/wp-json\/wp\/v2\/media?parent=5031"}],"wp:term":[{"taxonomy":"category","embeddable":true,"href":"http:\/\/skalickyobzor.sk\/cms\/wp-json\/wp\/v2\/categories?post=5031"},{"taxonomy":"post_tag","embeddable":true,"href":"http:\/\/skalickyobzor.sk\/cms\/wp-json\/wp\/v2\/tags?post=5031"}],"curies":[{"name":"wp","href":"https:\/\/api.w.org\/{rel}","templated":true}]}}