{"id":5058,"date":"2022-02-19T18:04:38","date_gmt":"2022-02-19T17:04:38","guid":{"rendered":"http:\/\/skalickyobzor.sk\/cms\/?p=5058"},"modified":"2022-02-19T19:13:30","modified_gmt":"2022-02-19T18:13:30","slug":"skalicke-ulice-sebestova","status":"publish","type":"post","link":"http:\/\/skalickyobzor.sk\/cms\/skalicke-ulice-sebestova\/","title":{"rendered":"Skalick\u00e9 ulice &#8211; \u0160ebestova"},"content":{"rendered":"<p>V\u00a0dne\u0161nom pr\u00edspevku, na rozdiel od v\u0161etk\u00fdch predch\u00e1dzaj\u00facich, nepredstav\u00edme pre nedostatok inform\u00e1ci\u00ed osobu, po ktorej je ulica pomenovan\u00e1, sk\u00f4r sa spolu s\u00a0\u010ditate\u013emi pok\u00fasime p\u00e1tra\u0165 po tom, kto to bol p\u00e1n \u0160ebesta a\u00a0ako pri\u0161lo k\u00a0samotn\u00e9mu pomenovaniu ulice. Prezrad\u00edm, \u017ee na \u00favod svojho p\u00e1trania som poprosil vydavate\u013eku \u010dasopisu <em>Skalick\u00fd Obzor<\/em> \u017delm\u00edru Mach\u00e1\u010dkov\u00fa, aby sa na Mestskom \u00farade v\u00a0Skalici a\u00a0v\u00a0Z\u00e1horskom m\u00fazeu pop\u00fdtala \u2013 pre\u010do dostala ulica k\u00fasok od niekdaj\u0161ieho Pel\u00ed\u0161kovho mlyna (smerom do Zlatn\u00edckej doliny) tak\u00e9 pomenovanie? Nevedeli jej to poveda\u0165, dokonca ni\u010d konkr\u00e9tne sa nena\u0161lo ani v\u00a0arch\u00edvnych dokumentoch. Jedin\u00e9 vysvetlenie bolo, \u017ee \u201epravdepodobne tam b\u00fdvalo ve\u013ea \u0160ebestov\u201c. Osobne som potom oslovil riadite\u013eku Z\u00e1horsk\u00e9ho m\u00fazea Vieru Draho\u0161ov\u00fa a\u00a0historika Petra Brezinu, av\u0161ak ani od nich som sa ni\u010d smerodajn\u00e9 nedozvedel. Akoby sa po p\u00e1novi \u0160ebestovi z\u013eahla zem, akoby si tajomstvo pomenovania ulice vzal so sebou do hrobu! O\u00a0to v\u00e4\u010d\u0161mi ma to v\u0161ak dr\u00e1\u017edilo a\u00a0n\u00fatilo pozrie\u0165 sa na cel\u00fa vec trocha bli\u017e\u0161ie&#8230;<\/p>\n<p>V\u00a0monument\u00e1lnej monografii Skalica z\u00a0roku 2014 som na strane 446 na\u0161iel zmienku o\u00a0tom, \u017ee nad Pel\u00ed\u0161kov\u00fdm mlynom st\u00e1l tzv. \u0160ebestov kr\u00ed\u017e s\u00a0odkazom na <em>Pam\u00e4tn\u00fa knihu mesta Skalice od roku 1933<\/em>, I. diel, s. 58. Ni\u010d viac a\u00a0ni\u010d menej, na\u0161\u0165astie, bolo to prv\u00e9 stebielko, ktor\u00e9ho som sa mohol chyti\u0165. Aj som sa veru pote\u0161il \u2013 s\u00a0n\u00e1dejou som sa obr\u00e1til na \u0160t\u00e1tny arch\u00edv Trnava, pracovisko Skalica, a\u00a0po\u017eiadal, \u010di by mi on\u00fa s. 58 z\u00a0<em>Pam\u00e4tnej knihy<\/em> neposlali. Hlavn\u00e1 referentka Zuzana Kosov\u00e1 bola ve\u013emi ochotn\u00e1 a\u00a0obratom mi e-mailovou po\u0161tou doru\u010dila po\u017eadovan\u00fd materi\u00e1l. \u017dia\u013e, ani teraz som nebol ove\u013ea m\u00fadrej\u0161\u00ed. V\u00a0texte sa, pokia\u013e ide o\u00a0kr\u00ed\u017ee, p\u00ed\u0161e: <em>\u201ePri hradskej do Sudom\u011b\u0159\u00edc je Mondokov kr\u00ed\u017e, \u010falej dreven\u00fd kr\u00ed\u017e pani Malej pri starej tehelni (&#8230;), u\u00a0Propastn\u00e9ho potoka je kr\u00ed\u017e Turkovi\u010dov (Br\u00e1neck\u00e9ho) a\u00a0nad Pel\u00ed\u0161kov\u00fdm mlynom \u0160ebestov dreven\u00fd kr\u00ed\u017e.\u201c<\/em> Nijak\u00e1 inform\u00e1cia o\u00a0tom, pre\u010do ho na spom\u00ednanom mieste postavil, \u010do ho k\u00a0tomu viedlo, respekt\u00edve, v\u00a0ktorom roku kr\u00ed\u017e postavil?! Prv\u00e9 svetielko v\u00a0tuneli zablikalo, bol to slab\u00fd z\u00e1kmit, ktor\u00fd ma prim\u00e4l kr\u00e1\u010da\u0165 za n\u00edm bez oh\u013eadu na to, ak\u00fd bude v\u00fdsledok&#8230;<\/p>\n<p>Nevzdal som sa, prehrab\u00faval som sa v\u00a0za\u0161l\u00fdch papieroch a\u00a0e-mailovej po\u0161te, a\u017e som zrazu objavil star\u00fd materi\u00e1l, ktor\u00fd vypracovalo Z\u00e1horsk\u00e9 m\u00fazeum v\u00a0s\u00favislosti s\u00a0pr\u00edpravou skalickej monografie. Bolo tam zop\u00e1r hesiel. Medzi nimi aj: <em>\u201eKamenica \u2013 polia, kopec \u2013 kamenn\u00e1 p\u00f4da. Tu s\u00fa kr\u00ed\u017ene cesty! Na r\u00e1zcest\u00ed kr\u00ed\u017e, ktor\u00fd postavil v\u00a0roku 1910 majite\u013e po\u013ea na kr\u00ed\u017enych cest\u00e1ch, Sudom\u011b\u0159i\u010dan \u0160ebesta, potom dedi\u010d Mach\u00e1\u010dek.\u201c<\/em> Op\u00e4\u0165 sme sa o\u00a0kr\u00f4\u010dik posunuli, vieme, \u017ee \u0160ebesta poch\u00e1dzal z\u00a0ne\u010falek\u00fdch Sudom\u011b\u0159\u00edc a\u00a0\u017ee kr\u00ed\u017e postavil v\u00a0roku 1910. Pravda, to e\u0161te neznamen\u00e1, \u017ee musela by\u0165 po \u0148om pomenovan\u00e1 ulica.<\/p>\n<p><a href=\"http:\/\/skalickyobzor.sk\/cms\/wp-content\/uploads\/2022\/02\/image001.jpg\"><img loading=\"lazy\" decoding=\"async\" class=\"aligncenter wp-image-5060 size-full\" src=\"http:\/\/skalickyobzor.sk\/cms\/wp-content\/uploads\/2022\/02\/image001.jpg\" alt=\"\" width=\"850\" height=\"473\" srcset=\"http:\/\/skalickyobzor.sk\/cms\/wp-content\/uploads\/2022\/02\/image001.jpg 850w, http:\/\/skalickyobzor.sk\/cms\/wp-content\/uploads\/2022\/02\/image001-300x167.jpg 300w, http:\/\/skalickyobzor.sk\/cms\/wp-content\/uploads\/2022\/02\/image001-768x427.jpg 768w\" sizes=\"auto, (max-width: 850px) 100vw, 850px\" \/><\/a><\/p>\n<p>Ako \u010falej?<br \/>\nVypytoval som sa star\u00fdch Skali\u010danov, za\u0161iel som na dnes u\u017e vynoven\u00fa \u0160ebestovu ulicu, pozrel som si i\u00a0okolie, kr\u00ed\u017e som v\u0161ak nena\u0161iel. Dozvedel som sa, \u017ee \u0160ebesta mal na tejto ulici (vtedy od\u013eahlej od mesta, iba k\u00fa\u0161tik od Sudom\u011b\u0159\u00edc) dom so stodolou. Nesk\u00f4r na nej b\u00fdvali jeho potomkovia a\u00a0vo v\u0161eobecnosti panuje mienka, \u017ee ulica je pomenovan\u00e1 po tejto rodine. Je to v\u0161ak skuto\u010dne tak?<\/p>\n<p><em>Pavol Dinka<\/em><\/p>\n<p><strong>Mil\u00ed \u010ditatelia, ak pozn\u00e1te nejak\u00e9 podrobnosti o\u00a0\u0160ebestovcoch, budeme radi, ak n\u00e1m nap\u00ed\u0161ete. Spolo\u010dn\u00fdmi silami tak vyrie\u0161ime z\u00e1hadu \u0160ebestovej ulice v\u00a0Skalici.<\/strong><\/p>\n","protected":false},"excerpt":{"rendered":"<div class=\"mh-excerpt\"><p>V\u00a0dne\u0161nom pr\u00edspevku, na rozdiel od v\u0161etk\u00fdch predch\u00e1dzaj\u00facich, nepredstav\u00edme pre nedostatok inform\u00e1ci\u00ed osobu, po ktorej je ulica pomenovan\u00e1, sk\u00f4r sa spolu s\u00a0\u010ditate\u013emi pok\u00fasime p\u00e1tra\u0165 po tom, kto to bol p\u00e1n \u0160ebesta a\u00a0ako pri\u0161lo k\u00a0samotn\u00e9mu pomenovaniu ulice. <a class=\"mh-excerpt-more\" href=\"http:\/\/skalickyobzor.sk\/cms\/skalicke-ulice-sebestova\/\" title=\"Skalick\u00e9 ulice &#8211; \u0160ebestova\">[&#8230;]<\/a><\/p>\n<\/div>","protected":false},"author":16,"featured_media":5059,"comment_status":"closed","ping_status":"closed","sticky":false,"template":"","format":"standard","meta":{"footnotes":""},"categories":[24],"tags":[],"class_list":{"0":"post-5058","1":"post","2":"type-post","3":"status-publish","4":"format-standard","5":"has-post-thumbnail","7":"category-skalicke-ulice"},"_links":{"self":[{"href":"http:\/\/skalickyobzor.sk\/cms\/wp-json\/wp\/v2\/posts\/5058","targetHints":{"allow":["GET"]}}],"collection":[{"href":"http:\/\/skalickyobzor.sk\/cms\/wp-json\/wp\/v2\/posts"}],"about":[{"href":"http:\/\/skalickyobzor.sk\/cms\/wp-json\/wp\/v2\/types\/post"}],"author":[{"embeddable":true,"href":"http:\/\/skalickyobzor.sk\/cms\/wp-json\/wp\/v2\/users\/16"}],"replies":[{"embeddable":true,"href":"http:\/\/skalickyobzor.sk\/cms\/wp-json\/wp\/v2\/comments?post=5058"}],"version-history":[{"count":2,"href":"http:\/\/skalickyobzor.sk\/cms\/wp-json\/wp\/v2\/posts\/5058\/revisions"}],"predecessor-version":[{"id":5062,"href":"http:\/\/skalickyobzor.sk\/cms\/wp-json\/wp\/v2\/posts\/5058\/revisions\/5062"}],"wp:featuredmedia":[{"embeddable":true,"href":"http:\/\/skalickyobzor.sk\/cms\/wp-json\/wp\/v2\/media\/5059"}],"wp:attachment":[{"href":"http:\/\/skalickyobzor.sk\/cms\/wp-json\/wp\/v2\/media?parent=5058"}],"wp:term":[{"taxonomy":"category","embeddable":true,"href":"http:\/\/skalickyobzor.sk\/cms\/wp-json\/wp\/v2\/categories?post=5058"},{"taxonomy":"post_tag","embeddable":true,"href":"http:\/\/skalickyobzor.sk\/cms\/wp-json\/wp\/v2\/tags?post=5058"}],"curies":[{"name":"wp","href":"https:\/\/api.w.org\/{rel}","templated":true}]}}