{"id":5063,"date":"2022-02-19T18:11:06","date_gmt":"2022-02-19T17:11:06","guid":{"rendered":"http:\/\/skalickyobzor.sk\/cms\/?p=5063"},"modified":"2022-02-19T19:14:18","modified_gmt":"2022-02-19T18:14:18","slug":"vazena-pani-primatorka-vazeni-poslanci-34","status":"publish","type":"post","link":"http:\/\/skalickyobzor.sk\/cms\/vazena-pani-primatorka-vazeni-poslanci-34\/","title":{"rendered":"V\u00e1\u017een\u00e1 pani prim\u00e1torka, v\u00e1\u017een\u00ed poslanci!"},"content":{"rendered":"<p>Do aktu\u00e1lneho volebn\u00e9ho obdobia ste i\u0161li s\u00a0pl\u00e1nmi. Je samozrejm\u00e9, \u017ee nie celkom v\u0161etky sa podarilo realizova\u0165. Ktor\u00e9 z\u00a0t\u00fdch nesplnen\u00fdch by ste e\u0161te radi zrealizovali do konca volebn\u00e9ho obdobia, ktor\u00e9 kon\u010d\u00ed na jese\u0148 tohto roku?<\/p>\n<p><em>Redakcia<\/em><\/p>\n<hr \/>\n<h2>ODPOVEDE PRIM\u00c1TORKY A\u00a0POSLANCOV<\/h2>\n<p>Te\u0161\u00ed ma, \u017ee sa podarilo splni\u0165 takmer v\u0161etky moje predvolebn\u00e9 s\u013euby. Lep\u0161ie hospod\u00e1renie, dva volebn\u00e9 obvody, efekt\u00edvne \u010derpanie eurofondov, invest\u00edcie zatia\u013e za 3,5 mil\u00f3na s\u00fa len zlomok. Do konca roka sa n\u00e1m podar\u00ed predstavi\u0165 d\u00f4le\u017eit\u00fd \u0161portov\u00fd projekt, posun\u00fa\u0165 proces v\u00fdstavby cyklotrasy do \u010fal\u0161ej f\u00e1zy a\u00a0zrekon\u0161truova\u0165 telocvi\u010d\u0148u na zdravotn\u00edckej \u0161kole a\u00a0Zelen\u00fd dom v\u00a0r\u00e1mci spolupr\u00e1ce s\u00a0TTSK.<br \/>\n<strong>Anna Mierna<\/strong><\/p>\n<p>\u00daprimne poviem, \u017ee t\u00fdch mojich nesplnen\u00fdch ide\u00ed je viacero. Prv\u00e9 \u00favodn\u00e9 mesiace ako poslanec m\u00e1m za sebou a\u00a0e\u0161te zop\u00e1r ich ost\u00e1va. Tento \u010das by som okrem \u0161tandardn\u00fdch poslaneck\u00fdch povinnost\u00ed, r\u00e1d vyu\u017eil na prioritizovanie potrieb ob\u010danov, apelovanie na opravy vozoviek, komunik\u00e1ci\u00ed. Ve\u013emi r\u00e1d podpor\u00edm projekty a\u00a0n\u00e1pady, ktor\u00e9 by posunuli Skalicu na vy\u0161\u0161iu \u00farove\u0148.T\u00fdch je pod\u013ea m\u0148a st\u00e1le nedostatok.<br \/>\n<strong>Matej Bellay<\/strong><\/p>\n<p>St\u00e1le ch\u00fdba dorobi\u0165 chodn\u00edky na Clementisovej a\u00a0\u0160portovej ulici. Tu by som r\u00e1d do volieb videl posun. Ale celkov\u00fd stav chodn\u00edkov v\u00a0meste potrebuje v\u00e4\u010d\u0161iu pozornos\u0165. A\u00a0pod\u013ea m\u0148a pomaly napreduje v\u00fdstavby cyklotr\u00e1s mimo mesta ale aj cyklochodn\u00edkov v\u00a0meste. Na\u0161\u0165astie vid\u00edm zlep\u0161enie v\u00a0oblasti detsk\u00fdch ihr\u00edsk (2021 \u2013 Mall\u00e9ho) a\u00a0d\u00fafam, \u017ee sa dotiahne v\u00a0roku 2022 lokalita Tr\u00e1vniky<br \/>\n<strong>Adri\u00e1n Hertl<\/strong><\/p>\n<p>Bol by so r\u00e1d, ak by sa kone\u010dne podarilo zrealizova\u0165 obnovu chodn\u00edkov pri bytovk\u00e1ch od ihriska Torn\u00e1do k\u00a0Tescu a\u00a0projekt obnovy pl\u00f4ch na Hviezdoslavovej ulici, ktor\u00fd bol u\u017e schv\u00e1len\u00fd v\u00a0r\u00e1mci v\u00fdzvy \u2013 vodoz\u00e1dr\u017en\u00e9 opatrenia.<br \/>\n<strong>Martin Koj\u0161<\/strong><\/p>\n<p>Mojou prioritou je hospod\u00e1renie s\u00a0majetkom mesta. Ako konate\u013eke SMM spolu so skvel\u00fdmi pracovn\u00edkmi sa sna\u017e\u00edm o\u00a0jeho zve\u013ea\u010fovanie. Napr\u00edklad: v\u00fdsadba 20 ha vinohradu, v\u00a0spolupr\u00e1ci s\u00a0KT Hol\u00ed\u010d o\u017eivenie Kamennej b\u00fady, na cintor\u00edne nov\u00fd m\u00far, nov\u00e9 sol\u00e1rne VO na trase na Mokr\u00e9 hory, vy\u010distenie priestorov Pod hradbami, recyklovan\u00fd materi\u00e1l vyu\u017e\u00edvame na opravu po\u013en\u00fdch ciest. V\u00a0roku 2022 budeme pokra\u010dova\u0165.<br \/>\n<strong>Anna Oz\u00e1balov\u00e1<\/strong><\/p>\n<p>Pl\u00e1nov je e\u0161te ve\u013ea, nedostatok financi\u00ed \u010di pand\u00e9mia niektor\u00e9 pl\u00e1ny preru\u0161ili. Bola by som v\u0161ak rada, keby sme e\u0161te napr. zrekon\u0161truovali chodn\u00edky na Clementisovej a\u00a0\u0160portovej ulici, detsk\u00e9 ihrisk\u00e1 na L. Svobodu a\u00a0medzi \u0160port. ul. a\u00a0Koreszkovou, vyzna\u010dili \u0161ikm\u00e9 parkovacie miesta na Clementisovej ulici, tie\u017e prema\u013eovali u\u017e m\u00e1lo vidite\u013en\u00e9 park. miesta a\u00a0viac sa venovali soci\u00e1lnej oblasti a\u00a0in\u00e9&#8230;<br \/>\n<strong>Jana Reko\u0161ov\u00e1<\/strong><\/p>\n<p>Multifunk\u010dn\u00e1 \u0161portov\u00e1 hala a\u00a0kopu inych vec\u00ed.<br \/>\n<strong>Jozef Sk\u00e1la<\/strong><\/p>\n<div id=\"poslanci\">\n<div class=\"poslanec\">\n<div class=\"foto\"><img decoding=\"async\" src=\"http:\/\/skalickyobzor.sk\/cms\/wp-content\/uploads\/2019\/01\/anna_mierna.jpg\" \/><\/div>\n<div class=\"meno\">MIERNA Anna<\/div>\n<div class=\"percenta\">90%<\/div>\n<div class=\"odpoved\"><\/div>\n<\/div>\n<div class=\"poslanec\">\n<div class=\"foto\"><img decoding=\"async\" src=\"http:\/\/skalickyobzor.sk\/cms\/wp-content\/uploads\/2017\/10\/fotka_poslanca.jpg\" \/><\/div>\n<div class=\"meno\">BAR\u00c1T \u013dudov\u00edt<\/div>\n<div class=\"percenta\">10%<\/div>\n<div class=\"odpoved\"><\/div>\n<\/div>\n<div class=\"poslanec\">\n<div class=\"foto\"><img decoding=\"async\" src=\"http:\/\/skalickyobzor.sk\/cms\/wp-content\/uploads\/2021\/12\/matej_bellay.jpg\" \/><\/div>\n<div class=\"meno\">BELLAY Matej<\/div>\n<div class=\"percenta\">100%<\/div>\n<div class=\"odpoved\"><\/div>\n<\/div>\n<div class=\"poslanec\">\n<div class=\"foto\"><img decoding=\"async\" src=\"http:\/\/skalickyobzor.sk\/cms\/wp-content\/uploads\/2019\/01\/veronika_hanzalikova.jpg\" \/><\/div>\n<div class=\"meno\">BUC Veronika<\/div>\n<div class=\"percenta\">80%<\/div>\n<div class=\"odpoved\"><\/div>\n<\/div>\n<div class=\"poslanec\">\n<div class=\"foto\"><img decoding=\"async\" src=\"http:\/\/skalickyobzor.sk\/cms\/wp-content\/uploads\/2019\/01\/lubica_buckova.jpg\" \/><\/div>\n<div class=\"meno\">BU\u010cKOV\u00c1 \u013dubica<\/div>\n<div class=\"percenta\">55%<\/div>\n<div class=\"odpoved\"><\/div>\n<\/div>\n<div class=\"poslanec\">\n<div class=\"foto\"><img decoding=\"async\" src=\"http:\/\/skalickyobzor.sk\/cms\/wp-content\/uploads\/2019\/01\/adrian_hertl.jpg\" \/><\/div>\n<div class=\"meno\">HERTL Adri\u00e1n<\/div>\n<div class=\"percenta\">100%<\/div>\n<div class=\"odpoved\"><\/div>\n<\/div>\n<div class=\"poslanec\">\n<div class=\"foto\"><img decoding=\"async\" src=\"http:\/\/skalickyobzor.sk\/cms\/wp-content\/uploads\/2019\/01\/miroslav_hornak.jpg\" \/><\/div>\n<div class=\"meno\">HOR\u0147\u00c1K Miroslav<\/div>\n<div class=\"percenta\">65%<\/div>\n<div class=\"odpoved\"><\/div>\n<\/div>\n<div class=\"poslanec\">\n<div class=\"foto\"><img decoding=\"async\" src=\"http:\/\/skalickyobzor.sk\/cms\/wp-content\/uploads\/2019\/02\/vladislav_hornak.jpg\" \/><\/div>\n<div class=\"meno\">HOR\u0147\u00c1K Vladislav<\/div>\n<div class=\"percenta\">21%<\/div>\n<div class=\"odpoved\"><\/div>\n<\/div>\n<div class=\"poslanec\">\n<div class=\"foto\"><img decoding=\"async\" src=\"http:\/\/skalickyobzor.sk\/cms\/wp-content\/uploads\/2019\/01\/katarina_chovancova.jpg\" \/><\/div>\n<div class=\"meno\">CHOVANCOV\u00c1 Katar\u00edna<\/div>\n<div class=\"percenta\">55%<\/div>\n<div class=\"odpoved\"><\/div>\n<\/div>\n<div class=\"poslanec\">\n<div class=\"foto\"><img decoding=\"async\" src=\"http:\/\/skalickyobzor.sk\/cms\/wp-content\/uploads\/2017\/10\/martin_kojs.jpg\" \/><\/div>\n<div class=\"meno\">KOJ\u0160 Martin<\/div>\n<div class=\"percenta\">70%<\/div>\n<div class=\"odpoved\"><\/div>\n<\/div>\n<div class=\"poslanec\">\n<div class=\"foto\"><img decoding=\"async\" src=\"http:\/\/skalickyobzor.sk\/cms\/wp-content\/uploads\/2017\/10\/fotka_poslanca.jpg\" \/><\/div>\n<div class=\"meno\">KO\u0160\u00cdK Peter<\/div>\n<div class=\"percenta\">20%<\/div>\n<div class=\"odpoved\"><\/div>\n<\/div>\n<div class=\"poslanec\">\n<div class=\"foto\"><img decoding=\"async\" src=\"http:\/\/skalickyobzor.sk\/cms\/wp-content\/uploads\/2019\/01\/miroslav_lipovsky.jpg\" \/><\/div>\n<div class=\"meno\">LIPOVSK\u00dd Miroslav<\/div>\n<div class=\"percenta\">30%<\/div>\n<div class=\"odpoved\"><\/div>\n<\/div>\n<div class=\"poslanec\">\n<div class=\"foto\"><img decoding=\"async\" src=\"http:\/\/skalickyobzor.sk\/cms\/wp-content\/uploads\/2017\/10\/anna_ozabalova.jpg\" \/><\/div>\n<div class=\"meno\">OZ\u00c1BALOV\u00c1 Anna<\/div>\n<div class=\"percenta\">100%<\/div>\n<div class=\"odpoved\"><\/div>\n<\/div>\n<div class=\"poslanec\">\n<div class=\"foto\"><img decoding=\"async\" src=\"http:\/\/skalickyobzor.sk\/cms\/wp-content\/uploads\/2017\/12\/peter_pagac.jpg\" \/><\/div>\n<div class=\"meno\">PAG\u00c1\u010c Peter<\/div>\n<div class=\"percenta\">5%<\/div>\n<div class=\"odpoved\"><\/div>\n<\/div>\n<div class=\"poslanec\">\n<div class=\"foto\"><img decoding=\"async\" src=\"http:\/\/skalickyobzor.sk\/cms\/wp-content\/uploads\/2019\/01\/zigmund_palffy.jpg\" \/><\/div>\n<div class=\"meno\">P\u00c1LFFY \u017digmund<\/div>\n<div class=\"percenta\">40%<\/div>\n<div class=\"odpoved\"><\/div>\n<\/div>\n<div class=\"poslanec\">\n<div class=\"foto\"><img decoding=\"async\" src=\"http:\/\/skalickyobzor.sk\/cms\/wp-content\/uploads\/2019\/01\/erik_rangl.jpg\" \/><\/div>\n<div class=\"meno\">RANGL Erik<\/div>\n<div class=\"percenta\">25%<\/div>\n<div class=\"odpoved\"><\/div>\n<\/div>\n<div class=\"poslanec\">\n<div class=\"foto\"><img decoding=\"async\" src=\"http:\/\/skalickyobzor.sk\/cms\/wp-content\/uploads\/2017\/10\/jana_rekosova.jpg\" \/><\/div>\n<div class=\"meno\">REKO\u0160OV\u00c1 Jana<\/div>\n<div class=\"percenta\">85%<\/div>\n<div class=\"odpoved\"><\/div>\n<\/div>\n<div class=\"poslanec\">\n<div class=\"foto\"><img decoding=\"async\" src=\"http:\/\/skalickyobzor.sk\/cms\/wp-content\/uploads\/2017\/10\/fotka_poslanca.jpg\" \/><\/div>\n<div class=\"meno\">ROMAN Milan<\/div>\n<div class=\"percenta\">10%<\/div>\n<div class=\"odpoved\"><\/div>\n<\/div>\n<div class=\"poslanec\">\n<div class=\"foto\"><img decoding=\"async\" src=\"http:\/\/skalickyobzor.sk\/cms\/wp-content\/uploads\/2019\/01\/jozef_skala.jpg\" \/><\/div>\n<div class=\"meno\">SK\u00c1LA Jozef<\/div>\n<div class=\"percenta\">65%<\/div>\n<div class=\"odpoved\"><\/div>\n<\/div>\n<div class=\"poslanec\">\n<div class=\"foto\"><img decoding=\"async\" src=\"http:\/\/skalickyobzor.sk\/cms\/wp-content\/uploads\/2017\/10\/fotka_poslanca.jpg\" \/><\/div>\n<div class=\"meno\">\u0160ANTAV\u00dd Rudolf<\/div>\n<div class=\"percenta\">0%<\/div>\n<div class=\"odpoved\"><\/div>\n<\/div>\n<\/div>\n","protected":false},"excerpt":{"rendered":"<div class=\"mh-excerpt\"><p>Do aktu\u00e1lneho volebn\u00e9ho obdobia ste i\u0161li s\u00a0pl\u00e1nmi. Je samozrejm\u00e9, \u017ee nie celkom v\u0161etky sa podarilo realizova\u0165. Ktor\u00e9 z\u00a0t\u00fdch nesplnen\u00fdch by ste e\u0161te radi zrealizovali do konca volebn\u00e9ho obdobia, ktor\u00e9 kon\u010d\u00ed na jese\u0148 tohto roku? Redakcia <a class=\"mh-excerpt-more\" href=\"http:\/\/skalickyobzor.sk\/cms\/vazena-pani-primatorka-vazeni-poslanci-34\/\" title=\"V\u00e1\u017een\u00e1 pani prim\u00e1torka, v\u00e1\u017een\u00ed poslanci!\">[&#8230;]<\/a><\/p>\n<\/div>","protected":false},"author":1,"featured_media":239,"comment_status":"closed","ping_status":"closed","sticky":false,"template":"","format":"standard","meta":{"footnotes":""},"categories":[9],"tags":[],"class_list":{"0":"post-5063","1":"post","2":"type-post","3":"status-publish","4":"format-standard","5":"has-post-thumbnail","7":"category-vazeni-poslanci"},"_links":{"self":[{"href":"http:\/\/skalickyobzor.sk\/cms\/wp-json\/wp\/v2\/posts\/5063","targetHints":{"allow":["GET"]}}],"collection":[{"href":"http:\/\/skalickyobzor.sk\/cms\/wp-json\/wp\/v2\/posts"}],"about":[{"href":"http:\/\/skalickyobzor.sk\/cms\/wp-json\/wp\/v2\/types\/post"}],"author":[{"embeddable":true,"href":"http:\/\/skalickyobzor.sk\/cms\/wp-json\/wp\/v2\/users\/1"}],"replies":[{"embeddable":true,"href":"http:\/\/skalickyobzor.sk\/cms\/wp-json\/wp\/v2\/comments?post=5063"}],"version-history":[{"count":1,"href":"http:\/\/skalickyobzor.sk\/cms\/wp-json\/wp\/v2\/posts\/5063\/revisions"}],"predecessor-version":[{"id":5064,"href":"http:\/\/skalickyobzor.sk\/cms\/wp-json\/wp\/v2\/posts\/5063\/revisions\/5064"}],"wp:featuredmedia":[{"embeddable":true,"href":"http:\/\/skalickyobzor.sk\/cms\/wp-json\/wp\/v2\/media\/239"}],"wp:attachment":[{"href":"http:\/\/skalickyobzor.sk\/cms\/wp-json\/wp\/v2\/media?parent=5063"}],"wp:term":[{"taxonomy":"category","embeddable":true,"href":"http:\/\/skalickyobzor.sk\/cms\/wp-json\/wp\/v2\/categories?post=5063"},{"taxonomy":"post_tag","embeddable":true,"href":"http:\/\/skalickyobzor.sk\/cms\/wp-json\/wp\/v2\/tags?post=5063"}],"curies":[{"name":"wp","href":"https:\/\/api.w.org\/{rel}","templated":true}]}}