{"id":5065,"date":"2022-02-19T18:05:37","date_gmt":"2022-02-19T17:05:37","guid":{"rendered":"http:\/\/skalickyobzor.sk\/cms\/?p=5065"},"modified":"2022-02-19T19:13:36","modified_gmt":"2022-02-19T18:13:36","slug":"skalicke-priezviska-xix-jankovic-janko-alebo-chorvat","status":"publish","type":"post","link":"http:\/\/skalickyobzor.sk\/cms\/skalicke-priezviska-xix-jankovic-janko-alebo-chorvat\/","title":{"rendered":"Skalick\u00e9 priezvisk\u00e1 XIX &#8211; Jankovi\u010d &#8211; Janko alebo Chorv\u00e1t"},"content":{"rendered":"<p>P\u00f4vod priezviska asi netreba dlho vysvet\u013eova\u0165. Vzniklo z krstn\u00e9ho mena J\u00e1n a jeho zdrobneniny Janko vo forme \u201e&#8230;to je Martin od Janka, &#8230;je to Martin Jankov\u00fdch, \u2026Martin Jankovich, \u2026Martin Jankovi\u010d &#8230;\u201c Je tu v\u0161ak aj mo\u017enos\u0165, \u017ee rovnako ako mno\u017estvo priezvisk, kon\u010diacich na -i\u010d je chorv\u00e1tskeho p\u00f4vodu. V polovici 16. storo\u010dia prich\u00e1dza na z\u00e1padn\u00e9 Slovensko v r\u00e1mci migra\u010dnej vlny, hrn\u00facej sa z\u00a0Balk\u00e1nu pred osmanskou hrozbou, mno\u017estvo chorv\u00e1tskeho obyvate\u013estva. V\u010faka pr\u00edbuznosti jazykov pri\u0161lo k\u00a0pomerne r\u00fdchlej asimil\u00e1cii a\u00a0pris\u0165ahovalci boli u\u017e po nieko\u013ek\u00fdch gener\u00e1ci\u00e1ch uv\u00e1dzan\u00ed ako Slov\u00e1ci.<\/p>\n<p>Priezvisko Jankovi\u010d sa na Slovensku v roku 1995 nach\u00e1dzalo 1398-kr\u00e1t v tristo lokalit\u00e1ch. Najpo\u010detnej\u0161ie bolo zast\u00fapen\u00e9 v Trnave (61), nasledovali bratislavsk\u00e1 Petr\u017ealka (57), Skalica (34), bratislavsk\u00e9 \u010dasti D\u00fabravka, Ru\u017einov a Star\u00e9 Mesto po 24, Rimavsk\u00e1 Sobota (24), Hlohovec (23), at\u010f. Priezvisko Jankovi\u010dov\u00e1 sa na Slovensku v roku 1995 nach\u00e1dzalo 1504-kr\u00e1t v tristo lokalit\u00e1ch. Najpo\u010detnej\u0161ie bolo zast\u00fapen\u00e9 v Trnave (64), nasledovali bratislavsk\u00e9 \u010dasti Ru\u017einov (48) a Petr\u017ealka (47), Skalica (46), bratislavsk\u00e1 \u010das\u0165 D\u00fabravka (33), bratislavsk\u00e1 \u010das\u0165 Star\u00e9 Mesto (31), Hlohovec (30), Zvolen (25), Senica (22) at\u010f.<\/p>\n<figure id=\"attachment_5066\" aria-describedby=\"caption-attachment-5066\" style=\"width: 893px\" class=\"wp-caption aligncenter\"><img loading=\"lazy\" decoding=\"async\" class=\"size-full wp-image-5066\" src=\"http:\/\/skalickyobzor.sk\/cms\/wp-content\/uploads\/2022\/02\/katari\u0301na-martin-jankovic\u030c_1631-detail.jpg\" alt=\"\" width=\"893\" height=\"92\" srcset=\"http:\/\/skalickyobzor.sk\/cms\/wp-content\/uploads\/2022\/02\/katari\u0301na-martin-jankovic\u030c_1631-detail.jpg 893w, http:\/\/skalickyobzor.sk\/cms\/wp-content\/uploads\/2022\/02\/katari\u0301na-martin-jankovic\u030c_1631-detail-300x31.jpg 300w, http:\/\/skalickyobzor.sk\/cms\/wp-content\/uploads\/2022\/02\/katari\u0301na-martin-jankovic\u030c_1631-detail-768x79.jpg 768w\" sizes=\"auto, (max-width: 893px) 100vw, 893px\" \/><figcaption id=\"caption-attachment-5066\" class=\"wp-caption-text\">Z\u00e1pis krstu dc\u00e9ry Martina Jankovi\u010da Katar\u00edny z\u00a0roku 1631 v\u00a0skalickej r. k. matrike, detail<\/figcaption><\/figure>\n<p>V\u00a0s\u00fa\u010dasnosti je priezvisko Jankovi\u010d, \u010do do po\u010detnosti, v\u00a0Skalici na 21. mieste a\u00a0vo forme Jankovi\u010d\/Jankovi\u010dov\u00e1 ho m\u00e1 v\u00a0ob\u010dianskom preukaze zap\u00edsan\u00fdch 62 obyvate\u013eov Skalice s\u00a0trval\u00fdm pobytom.<br \/>\nPriezvisko Jankovi\u010d sa v\u00a0Skalici \u201eobjavilo\u201c v\u00a0roku 1569. Prv\u00fd raz sa spom\u00edna v\u00a0zakladaj\u00facej listine obce Mokr\u00fd H\u00e1j, ktor\u00fa vydalo mesto Skalica. Vieme, \u017ee dedinu zalo\u017eili za spom\u00ednan\u00fdch okolnost\u00ed Chorv\u00e1ti a\u00a0medzi zakladaj\u00facimi obyvate\u013emi Mokr\u00e9ho H\u00e1ja je uveden\u00e9 meno <strong>Vavrinec Jankovi\u010d<\/strong>. V\u00a0tejto listine sa okrem in\u00e9ho p\u00ed\u0161e: \u201eNiektor\u00ed z\u00a0nich (mysl\u00ed sa zo zakladate\u013eov obce) boli skuto\u010dn\u00fdmi zemanmi a\u00a0mali o\u00a0tom aj listiny, ale pre\u017eij\u00fac to\u013ek\u00e9 nebezpe\u010denstv\u00e1, dobrovo\u013ene sa stali poddan\u00fdmi mesta.\u201c Samozrejme, \u017ee nesk\u00f4r viacer\u00ed z\u00a0nich po\u017eiadali o\u00a0vymanenie sa z\u00a0poddanstva a\u00a0medzi nimi boli bratia <strong>J\u00e1n<\/strong> a\u00a0<strong>Juraj Jankovi\u010dovci<\/strong>, ktor\u00fdm Ferdinand III. udelil v\u00a0Bratislave 7. 4. 1646 \u0161\u013eachtick\u00fd titul (respekt\u00edve obnovil). T\u00e1to listina sa zachovala v\u00a0odpise v\u00a0\u0160t\u00e1tnom arch\u00edve v\u00a0Nitre vo fonde Nitrianskej \u017eupy v\u00a0\u010dasti Nobilitaria.<\/p>\n<p>Branislav Vars\u00edk vo svojej pr\u00e1ci N\u00e1rodnostn\u00fd probl\u00e9m trnavskej univerzity uv\u00e1dza zoznamy \u0161tudentov. V roku 1639 je zap\u00edsan\u00fd na univerzite <strong>Georgius Jankovicz Slavus Szakolcensis<\/strong>, cath. ignobilis (Juraj Jankovi\u010d, Slov\u00e1k zo Skalice, katol\u00edk, ne\u0161\u013eachtic). V roku 1641 je zap\u00edsan\u00fd ako Georgius Jankouich Croata Szakolcenzis catholikus ignobilis, \u010di\u017ee <strong>Juraj Jankovi\u010d<\/strong> chorv\u00e1tskeho p\u00f4vodu, zo Skalice, katol\u00edk, ne\u0161\u013eachtic. Za rok 1643 je medzi \u0161tudentami, ktor\u00ed boli promovan\u00ed za bakal\u00e1rov filozofie Juraj Jankovi\u010d zo Skalice (Jankouich Georgius Szakolcenzis). Tak\u017ee v Skalici a Mokrom H\u00e1ji \u017eili v tom \u010dase aj nobilitovan\u00ed Jankovi\u010dovci, aj nenobilitovan\u00ed, ktor\u00ed nepatrili medzi privilegovan\u00fa vrstvu \u0161\u013eachty. Pramene zachyt\u00e1vaj\u00fa v Skalici v roku 1660 me\u0161\u0165ana a \u010di\u017em\u00e1rskeho majstra <strong>Michala Jankovi\u010da<\/strong> (Jankovicz), za ktor\u00e9ho vydal \u010di\u017em\u00e1rsky cech nov\u00e9 artikuly. O\u00a0tomto vieme aj to, \u017ee 18. 9. 1680 pri\u0161iel do domu richt\u00e1ra J\u00e1na Pogr\u00e1nyho protestova\u0165 oh\u013eadne Szepeticzovsk\u00fdch majetkov.<\/p>\n<figure id=\"attachment_5067\" aria-describedby=\"caption-attachment-5067\" style=\"width: 726px\" class=\"wp-caption aligncenter\"><img loading=\"lazy\" decoding=\"async\" class=\"size-full wp-image-5067\" src=\"http:\/\/skalickyobzor.sk\/cms\/wp-content\/uploads\/2022\/02\/sob_michal-jankovic\u030c-barbora-steffkovic\u030c_1635-detail.jpg\" alt=\"\" width=\"726\" height=\"101\" srcset=\"http:\/\/skalickyobzor.sk\/cms\/wp-content\/uploads\/2022\/02\/sob_michal-jankovic\u030c-barbora-steffkovic\u030c_1635-detail.jpg 726w, http:\/\/skalickyobzor.sk\/cms\/wp-content\/uploads\/2022\/02\/sob_michal-jankovic\u030c-barbora-steffkovic\u030c_1635-detail-300x42.jpg 300w\" sizes=\"auto, (max-width: 726px) 100vw, 726px\" \/><figcaption id=\"caption-attachment-5067\" class=\"wp-caption-text\">Z\u00e1pis sob\u00e1\u0161a Michala Jankovi\u010da a\u00a0Barbary \u0160tefkovi\u010dovej z\u00a0roku 1635 v\u00a0skalickej r. k. matrike, detail<\/figcaption><\/figure>\n<p>V cirkevn\u00fdch matrik\u00e1ch sa priezvisko objavuje u\u017e v po\u010diatkoch vedenia skalick\u00fdch r. k. cirkevn\u00fdch matr\u00edk. U\u017e z roku 1631 m\u00e1me z\u00e1znam (matriky pokrsten\u00fdch sa zachovali v Skalici od roku 1629), \u017ee sa <strong>Martinovi Jankovi\u010dovi<\/strong> (Jankouitz) a jeho man\u017eelke Dorote narodila dc\u00e9ra Katar\u00edna. Tu v\u0161ak nevieme, \u010di Martin b\u00fdval v Skalici alebo Mal\u00fdch \u0160enkviciach, ako sa v po\u010diatkoch naz\u00fdval Mokr\u00fd H\u00e1j. V\u00a0roku 1635 sa \u017eenil <strong>Michal Jankovi\u010d<\/strong>, syn Juraja Jankovi\u010da (Jankouicz) z\u00a0Mal\u00fdch \u0160enkv\u00edc (Kis Senkuitz) s\u00a0Barbarou \u0160tefkovi\u010dovou. Tu u\u017e vieme, \u017ee Jankovi\u010dovci b\u00fdvali v\u00a0Mokrom H\u00e1ji.<\/p>\n<p>Celkovo skalick\u00e9 r. k. matriky pokrsten\u00fdch zaevidovali od roku 1629 po rok 1896, \u010di\u017ee takmer za tri storo\u010dia, 302 pokrsten\u00fdch det\u00ed, ktor\u00e9 sa narodili v rodin\u00e1ch Jankovi\u010dovcov (v rokoch 1629 a\u017e 1700 ich bolo 70, v 1701 a\u017e 1800 celkom 159 a v rokoch 1801 a\u017e 1896 sa narodilo v Skalici a Mokrom H\u00e1ji 173 det\u00ed nosiacich priezvisko Jankovi\u010d). V\u00a0skalickej samospr\u00e1ve p\u00f4sobil u\u017e od roku 1656 <strong>Michal Jankovi\u010d<\/strong> (Michael Yankovic\u017e) ako \u0161tvrtn\u00edk (\u0161tvrtn\u00edci boli \u0161tyria, dohliadali na \u017eivot vo svojej \u010dasti mesta, \u0161tvrti a\u00a0vykon\u00e1vali nariadenia volenej obce a\u00a0sen\u00e1tu), \u010di centumvir (centumviri boli volenci, ktor\u00ed volili vedenie obce a\u00a0kontrolovali jej \u010dinnos\u0165). V\u00a0roku 1667\/1668 zast\u00e1val funkciu pr\u00edsa\u017en\u00e9ho a\u00a0naposledy v\u00a0rokoch 1694\/1695 plnil funkciu jedn\u00e9ho zo spr\u00e1vcov rybn\u00edkov. V\u00a0rokoch 1699\/1700 bol str\u00e1\u017ecom vinohradov a\u00a0lesov <strong>Martin Jankovi\u010d<\/strong> (Martinus Jankovicz).<\/p>\n<p>Medzi v\u00fdznamn\u00e9 osobnosti Skalice patril <strong>Volfgang Jankovi\u010d<\/strong> (Jankovich), zeman, ktor\u00fd poch\u00e1dzal z\u00a0Chorv\u00e1tska, ale usadil sa v\u00a0Skalici a\u00a0akt\u00edvne sa z\u00fa\u010dast\u0148oval verejn\u00e9ho \u017eivota nielen v\u00a0Skalici, ale i\u00a0v\u00a0Nitrianskej \u017eupe. V\u00a0roku 1686 bol zvolen\u00fd za miestonot\u00e1ra Nitrianskej \u017eupy a\u00a0od roku 1691 bol not\u00e1rom mesta Skalica. Za man\u017eelku si zobral Katar\u00ednu, rod. Rokytajov\u00fa, s\u00a0ktorou mal nieko\u013eko det\u00ed. V\u00a0roku 1683 sa im narodil syn <strong>Franti\u0161ek<\/strong>, ktor\u00fd je v\u00a0roku 1692 zap\u00edsan\u00fd ako \u0161tudent na skalickom gymn\u00e1ziu a\u00a0od roku 1705 bol u\u017e v\u00a0Skalici podnot\u00e1rom pri otcovi. Rok predt\u00fdm, \u010di\u017ee v\u00a0roku 1704, ako spom\u00edna Jozef \u0160\u00e1tek, boli Volfgang spolu s\u00a0Franti\u0161kom odveden\u00ed cis\u00e1rskymi vojakmi ako zajatci do Uhersk\u00e9ho Hradi\u0161\u0165a. Franti\u0161ek Jankovi\u010d p\u00f4sobil ako skalick\u00fd not\u00e1r po otcovi. V\u00a0roku 1711 rob\u00ed dedi\u010dsk\u00fa pokon\u00e1vku oh\u013eadne pozemku pod Vysok\u00fdm polom so svojimi sestrami Al\u017ebetou, Juditou a\u00a0M\u00e1riou. Rodina mala majetky aj v\u00a0K\u00e1tove a\u00a0aj tieto boli s\u00fa\u010das\u0165ou \u010fal\u0161ej pokon\u00e1vky v\u00a0roku 1713.<\/p>\n<p>Jankovi\u010dovci sa v\u00a0druhej polovici 18. a\u00a0v\u00a019. storo\u010d\u00ed vytr\u00e1caj\u00fa z\u00a0verejn\u00e9ho \u017eivota. A\u017e v\u00a030. rokoch 20. storo\u010dia je vo v\u00fdbore S\u013dS, nesk\u00f4r HS\u013dS, <strong>Pavel Jankovi\u010d<\/strong>, ktor\u00fd bol v\u00a0tomto obdob\u00ed i\u00a0cvi\u010dite\u013eom TJ Orol. V\u00a0roku 1939 sa ocit\u00e1 v\u00a0osem\u010dlennom poradnom org\u00e1ne vl\u00e1dneho komis\u00e1ra. Na konci 20. storo\u010dia je jedno volebn\u00e9 obdobie z\u00e1stupcom prim\u00e1tora Skalice Michala Srholca <strong>Franti\u0161ek Jankovi\u010d<\/strong>.<\/p>\n<p><em>Mgr. Vladim\u00edr Petrovi\u010d,<\/em><br \/>\n<em>geneal\u00f3g a\u00a0historik<\/em><\/p>\n","protected":false},"excerpt":{"rendered":"<div class=\"mh-excerpt\"><p>P\u00f4vod priezviska asi netreba dlho vysvet\u013eova\u0165. Vzniklo z krstn\u00e9ho mena J\u00e1n a jeho zdrobneniny Janko vo forme \u201e&#8230;to je Martin od Janka, &#8230;je to Martin Jankov\u00fdch, \u2026Martin Jankovich, \u2026Martin Jankovi\u010d &#8230;\u201c Je tu v\u0161ak aj <a class=\"mh-excerpt-more\" href=\"http:\/\/skalickyobzor.sk\/cms\/skalicke-priezviska-xix-jankovic-janko-alebo-chorvat\/\" title=\"Skalick\u00e9 priezvisk\u00e1 XIX &#8211; Jankovi\u010d &#8211; Janko alebo Chorv\u00e1t\">[&#8230;]<\/a><\/p>\n<\/div>","protected":false},"author":48,"featured_media":17,"comment_status":"closed","ping_status":"closed","sticky":false,"template":"","format":"standard","meta":{"footnotes":""},"categories":[25],"tags":[],"class_list":{"0":"post-5065","1":"post","2":"type-post","3":"status-publish","4":"format-standard","5":"has-post-thumbnail","7":"category-skalicke-priezviska"},"_links":{"self":[{"href":"http:\/\/skalickyobzor.sk\/cms\/wp-json\/wp\/v2\/posts\/5065","targetHints":{"allow":["GET"]}}],"collection":[{"href":"http:\/\/skalickyobzor.sk\/cms\/wp-json\/wp\/v2\/posts"}],"about":[{"href":"http:\/\/skalickyobzor.sk\/cms\/wp-json\/wp\/v2\/types\/post"}],"author":[{"embeddable":true,"href":"http:\/\/skalickyobzor.sk\/cms\/wp-json\/wp\/v2\/users\/48"}],"replies":[{"embeddable":true,"href":"http:\/\/skalickyobzor.sk\/cms\/wp-json\/wp\/v2\/comments?post=5065"}],"version-history":[{"count":1,"href":"http:\/\/skalickyobzor.sk\/cms\/wp-json\/wp\/v2\/posts\/5065\/revisions"}],"predecessor-version":[{"id":5068,"href":"http:\/\/skalickyobzor.sk\/cms\/wp-json\/wp\/v2\/posts\/5065\/revisions\/5068"}],"wp:featuredmedia":[{"embeddable":true,"href":"http:\/\/skalickyobzor.sk\/cms\/wp-json\/wp\/v2\/media\/17"}],"wp:attachment":[{"href":"http:\/\/skalickyobzor.sk\/cms\/wp-json\/wp\/v2\/media?parent=5065"}],"wp:term":[{"taxonomy":"category","embeddable":true,"href":"http:\/\/skalickyobzor.sk\/cms\/wp-json\/wp\/v2\/categories?post=5065"},{"taxonomy":"post_tag","embeddable":true,"href":"http:\/\/skalickyobzor.sk\/cms\/wp-json\/wp\/v2\/tags?post=5065"}],"curies":[{"name":"wp","href":"https:\/\/api.w.org\/{rel}","templated":true}]}}