{"id":5073,"date":"2022-02-19T18:09:20","date_gmt":"2022-02-19T17:09:20","guid":{"rendered":"http:\/\/skalickyobzor.sk\/cms\/?p=5073"},"modified":"2022-02-19T19:14:07","modified_gmt":"2022-02-19T18:14:07","slug":"stara-tihelna","status":"publish","type":"post","link":"http:\/\/skalickyobzor.sk\/cms\/stara-tihelna\/","title":{"rendered":"Star\u00e1 \u0165ihel\u0148a"},"content":{"rendered":"<p>Jak utekaj\u00fa roki, tak n\u00e1m jaksi ut\u00e9kli aj neker\u00e9 pjekn\u00e9 a\u00a0zaj\u00edmav\u00e9 vjeci. Misl\u00edm si, \u017ee u\u0161 ne\u0148i moc Skali\u010dan\u00fa, ker\u00ed si pamataj\u00fa na \u0165ihel\u0148u a\u00a0a\u0148i bi nevje\u010feli gde bila. Proto ju scu pripomen\u00fat. J\u00e1, jak mal\u00ed chlapec, sem z\u00a0ro\u010fi\u010dama okolo \u0148\u00ed cho\u010f\u00edval do vinohradu a\u00a0sp\u00e1tki skoro ka\u017ed\u00ed de\u0148. Maminka cho\u010fila \u010felat do vinohradu a\u00a0j\u00e1 sem nemohel bit doma s\u00e1m, tak sem bil s\u00a0\u0148\u00fa.<\/p>\n<p>Abi ste si vje\u010feli prectavit, gde \u0165ihel\u0148a bila, tak mos\u00edm pop\u00edsovat aj s\u00a0t\u00edm, co je tam f\u010d\u00edl. Dnes asfaltka, ale ftedi to e\u0161\u0165e bila pol\u0148\u00ed cesta, ker\u00e1 v\u00e9dla od H\u00e1jka, smjerem k\u00a0mjeskej b\u00fa\u010fe (a\u00a0pokra\u010dovala a\u0161 do Propas\u0165\u00ed, ba a\u0161 do Pr\u00edtr\u017esk\u00edch vinohrad\u00fa). Hli\u0148\u00edk, teda jama, skerej sa kopala hlina na \u0165ihle bila vedl\u00e1 tejto pol\u0148\u00ed cesti, dnes je tam pjekn\u00ed velik\u00ed tr\u00e1v\u0148\u00edk ze stromama (medzi troma bitov\u00edma domama, ro\u010fin\u00edma domama a\u00a0domem P\u00e1lffiho, nad penzionem pro seni\u00f3ru). Strojov\u0148a, m\u00ed\u0161\u00e1r\u0148a, lis a\u00a0reza\u010dka bili na kopci. Tam, gde f\u010d\u00edl stoj\u00e1 pjekn\u00e9 nov\u00e9 domi (vedl\u00e1 hotelu Ludmila), tam bili su\u0161\u00e1r\u0148e mokr\u00edch \u0165ihel a\u00a0\u0161t\u00f3se vip\u00e1len\u00edch \u0165ihel. Nad t\u00edm bili vinohradi, a\u0161 po cestu do Star\u00edch hor. Cel\u00ed ten raj\u00f3n sa volal Hli\u0148\u00edki. Vedl\u00e1 \u0165ihel\u0148e sa za\u010d\u00ednal raj\u00f3n Kol\u00e9bki a\u00a0dole Ps\u00edki. U\u0161 v\u00edte gde \u0165ihel\u0148a st\u00e1la?<\/p>\n<p>Podl\u00e1 vipr\u00e1vja\u0148\u00e1 na\u0161\u00e9ho tati, tak \u0165ihel\u0148a is\u0165e fungovala za prv\u0148\u00ed republiki a\u00a0co si j\u00e1 pamatuju, tak e\u0161\u0165e f \u0161edes\u00e1t\u00edch-sedemdes\u00e1t\u00edch rokoch. Majitelem bila ro\u010fina L\u0148e\u0148i\u010dkov\u00e1, nesk\u00far mjesto a\u00a0\u0161t\u00e1t. To ne\u0148i poctat\u0148\u00ed. D\u00fale\u017eit\u00e9 je, \u017ee d\u00e1vala ob\u017eivu des\u00edtk\u00e1m lu\u010f\u00ed a\u00a0do Skalice a\u00a0okol\u00e1 dod\u00e1vala velice dobr\u00e9 a\u00a0\u017e\u00e1dan\u00e9 \u0165ihle. Mjel\u00ed dobr\u00fa povjes\u0165 po cel\u00e9m okol\u00ed a\u00a0dodnes ze skalick\u00edch \u0165ihel s\u00fa domi na na\u0161\u00edch ulic\u00e1ch a\u00a0aj na \u010fe\u010fin\u00e1ch. Mo\u017en\u00e1, \u017ee aj v\u00e1\u0161 d\u00fam je postaven\u00ed z\u00a0\u0148ich.<\/p>\n<p><img loading=\"lazy\" decoding=\"async\" class=\"aligncenter size-full wp-image-5075\" src=\"http:\/\/skalickyobzor.sk\/cms\/wp-content\/uploads\/2022\/02\/1085-2-Tehelna-MsNVSkalica1967foto-JP.jpg\" alt=\"\" width=\"820\" height=\"812\" srcset=\"http:\/\/skalickyobzor.sk\/cms\/wp-content\/uploads\/2022\/02\/1085-2-Tehelna-MsNVSkalica1967foto-JP.jpg 820w, http:\/\/skalickyobzor.sk\/cms\/wp-content\/uploads\/2022\/02\/1085-2-Tehelna-MsNVSkalica1967foto-JP-300x297.jpg 300w, http:\/\/skalickyobzor.sk\/cms\/wp-content\/uploads\/2022\/02\/1085-2-Tehelna-MsNVSkalica1967foto-JP-150x150.jpg 150w, http:\/\/skalickyobzor.sk\/cms\/wp-content\/uploads\/2022\/02\/1085-2-Tehelna-MsNVSkalica1967foto-JP-768x761.jpg 768w\" sizes=\"auto, (max-width: 820px) 100vw, 820px\" \/><\/p>\n<p>V\u00edkop, ker\u00e9mu sa r\u00edkalo Hli\u0148\u00edk, bil teda rozloh\u00fa velik\u00ed, a\u00a0hl\u00fabku mjel nekolik metr\u00fa. Mje jak \u010fecku, sa to zd\u00e1lo velice hlubok\u00e9. Na d\u0148e v\u00edkopu bili kolaj\u0148i\u010dki, po ker\u00edch chlapi tla\u010d\u00edvali vikl\u00e1pac\u00ed voz\u00edki a\u0161 k\u00a0v\u00edtahu. Stroj na la\u0148e po \u0161ikmej kolaji vitahoval voz\u00edki do prostoru strojov\u0148e, tam hlinu visipali do mlec\u00edho a\u00a0m\u00ed\u0161ac\u00edho stroja. Chlapi \u2013 kop\u00e1\u010di r\u00edlama kopali hlinu na takov\u00edch mal\u00edch odstup\u0148ovan\u00edch ploch\u00e1ch a\u00a0zrovna ju h\u00e1zali do voz\u00edk\u00fa. Ob\u010fivov\u00e1l sem ich, jak bili op\u00e1le\u0148\u00ed a\u00a0jak \u0165a\u0161ko dreli. Bili tam zamjestna\u0148\u00ed cig\u00e1\u0148i aj na\u0161insk\u00ed. Pomoc\u0148\u00ed pr\u00e1ce navrchu \u010felali \u017eensk\u00e9.<\/p>\n<p>Mi sme mjeli vinohrad a\u00a0b\u00fadu k\u00fasek, pres p\u00e1r vinohrad\u00fa, f Kol\u00e9bk\u00e1ch. S\u00a0tat\u00fa sem tam cho\u010fil na \u010dekan\u00fa, lebo tam \u017eilo hod\u0148e \u010fivok\u00edch kr\u00e1l\u00edk\u00fa. Mjak\u00e1 hlina a\u00a0\u0161t\u00f3se \u0165ihel im poskitovali dobr\u00ed \u00fakrit, bl\u00edsko do vinohrad\u00fa sa cho\u010fili nap\u00e1st a\u00a0tak sa im darilo velice dobre. A\u00a0maso z\u00a0\u0148ich bilo chutn\u00e9. Dnes u\u0161 nejs\u00fa, z\u0148i\u010dila ich nemoc. Od tati sem sa nau\u010dil flintu obsluhovat a\u00a0tak p\u00e1rkr\u00e1t sem tatovi flintu, ker\u00e1 vis\u00e1vala v\u00a0b\u00fa\u010fe na vje\u0161\u00e1ku, &#8222;\u0161lohel&#8220; a\u00a0s\u00e1m sem i\u0161el \u010dekat. Aj sa mi neco podarilo ulovit.<\/p>\n<p><img loading=\"lazy\" decoding=\"async\" class=\"aligncenter size-full wp-image-5076\" src=\"http:\/\/skalickyobzor.sk\/cms\/wp-content\/uploads\/2022\/02\/1085-4-Tehelna-MsNVSkalica1967foto-JP.jpg\" alt=\"\" width=\"825\" height=\"812\" srcset=\"http:\/\/skalickyobzor.sk\/cms\/wp-content\/uploads\/2022\/02\/1085-4-Tehelna-MsNVSkalica1967foto-JP.jpg 825w, http:\/\/skalickyobzor.sk\/cms\/wp-content\/uploads\/2022\/02\/1085-4-Tehelna-MsNVSkalica1967foto-JP-300x295.jpg 300w, http:\/\/skalickyobzor.sk\/cms\/wp-content\/uploads\/2022\/02\/1085-4-Tehelna-MsNVSkalica1967foto-JP-768x756.jpg 768w\" sizes=\"auto, (max-width: 825px) 100vw, 825px\" \/><\/p>\n<p>Tata mjel dl\u00fah\u00e9 roki kamar\u00e1da, vinc\u00fara, str\u00edca Ferenca B\u00edl\u00edka. Bili spolem skoro ka\u017ed\u00ed de\u0148, cel\u00ed rok. Jedenkr\u00e1t, v\u00a0okt\u00f3bri, bili m\u00ed\u0161at ml\u00e1to, trochu si vipili a\u00a0potmje i\u0161li chod\u0148\u00edkem kolem \u0165ihel\u0148e dom. Vipr\u00e1vjali si a\u00a0nar\u00e1z tatovi \u0148igdo neodpovidal. Tata \u010dul \u0161plechot vodi a\u00a0zhr\u00faz\u00fa vi\u010fel jak Ferenc st\u00f3j\u00ed po prsa ve vo\u010fe ve v\u00edkopje. F tej hl\u00fabce v\u00edkopu sa vitla\u010dila spod\u0148\u00ed voda, tak v\u00a0neker\u00edch m\u00edst\u00e1ch \u00ed bilo dos\u0165. Ba chlapi tam mjeli aj napus\u0165en\u00e9 ribi. Tata mu scel nejak pomoct a\u00a0tam spadel aj on. Potom okolo kolaj\u0148i\u010dek do\u0161li a\u0161 na druh\u00ed kraj a\u00a0s\u00a0pomoc\u00fa bo\u017e\u00ed vil\u00e9zli hore. Nebilo im \u0148ic, lebo pri o\u017eral\u00edch st\u00e1l an\u010fel str\u00e1\u017e\u0148\u00ed. Trochu si vikr\u00facali hadre, a\u00a0jak vod\u0148\u00edci do\u0161li ve zdrav\u00ed dom. \u0164ihel\u0148a sa dotkla osudu hod\u0148e lud\u00ed. Hod\u0148e ich u\u0161 ne\u0148i mezi nama, a\u00a0mi co e\u0161\u0165e sme, tak enom spom\u00edn\u00e1me a\u00a0pripom\u00edn\u00e1me.<\/p>\n<p>Ket u\u0161 nastala doba, \u017ee hlini bilo m\u00e1lo, tak jeden, dva roki hlinu odk\u00e1si dov\u00e1\u017eali, ale to sa nevipl\u00e1calo, tak sa v\u00edroba zastavila. Pece a\u00a0stroje ch\u00e1trali, nakonec skon\u010dili ve \u0161ro\u0165e. V\u00a0domje majitel\u00fa spravili kancel\u00e1rije drobn\u00edch prev\u00e1zek, parkovali tam auta, co obsluhovali dopravu ve mjes\u0165e. Dnes je tam pjekn\u00e1 vin\u00e1re\u0148 u\u00a0kostel\u00ed\u010dka sv. Fran\u0165i\u0161ka Xaversk\u00e9ho. Nakonec sa v\u00edkop zav\u00e9zel odpadkama a\u00a0hlin\u00fa, vibudovala sa tam pjekn\u00e1 zelen\u00e1 plocha a\u00a0pjekn\u00e1 \u010das\u0165 mjesta, f kerej \u017eij\u00fa spokoj\u0148\u00ed lud\u00e9&#8230;.<\/p>\n<p><em>Anton Dinka st.<\/em><br \/>\n<em>Foto: Arch\u00edv Peter Brezina<\/em><\/p>\n","protected":false},"excerpt":{"rendered":"<div class=\"mh-excerpt\"><p>Jak utekaj\u00fa roki, tak n\u00e1m jaksi ut\u00e9kli aj neker\u00e9 pjekn\u00e9 a\u00a0zaj\u00edmav\u00e9 vjeci. Misl\u00edm si, \u017ee u\u0161 ne\u0148i moc Skali\u010dan\u00fa, ker\u00ed si pamataj\u00fa na \u0165ihel\u0148u a\u00a0a\u0148i bi nevje\u010feli gde bila. Proto ju scu pripomen\u00fat. J\u00e1, jak <a class=\"mh-excerpt-more\" href=\"http:\/\/skalickyobzor.sk\/cms\/stara-tihelna\/\" title=\"Star\u00e1 \u0165ihel\u0148a\">[&#8230;]<\/a><\/p>\n<\/div>","protected":false},"author":12,"featured_media":5074,"comment_status":"closed","ping_status":"closed","sticky":false,"template":"","format":"standard","meta":{"footnotes":""},"categories":[4],"tags":[],"class_list":{"0":"post-5073","1":"post","2":"type-post","3":"status-publish","4":"format-standard","5":"has-post-thumbnail","7":"category-ja-su-ze-skalice"},"_links":{"self":[{"href":"http:\/\/skalickyobzor.sk\/cms\/wp-json\/wp\/v2\/posts\/5073","targetHints":{"allow":["GET"]}}],"collection":[{"href":"http:\/\/skalickyobzor.sk\/cms\/wp-json\/wp\/v2\/posts"}],"about":[{"href":"http:\/\/skalickyobzor.sk\/cms\/wp-json\/wp\/v2\/types\/post"}],"author":[{"embeddable":true,"href":"http:\/\/skalickyobzor.sk\/cms\/wp-json\/wp\/v2\/users\/12"}],"replies":[{"embeddable":true,"href":"http:\/\/skalickyobzor.sk\/cms\/wp-json\/wp\/v2\/comments?post=5073"}],"version-history":[{"count":1,"href":"http:\/\/skalickyobzor.sk\/cms\/wp-json\/wp\/v2\/posts\/5073\/revisions"}],"predecessor-version":[{"id":5077,"href":"http:\/\/skalickyobzor.sk\/cms\/wp-json\/wp\/v2\/posts\/5073\/revisions\/5077"}],"wp:featuredmedia":[{"embeddable":true,"href":"http:\/\/skalickyobzor.sk\/cms\/wp-json\/wp\/v2\/media\/5074"}],"wp:attachment":[{"href":"http:\/\/skalickyobzor.sk\/cms\/wp-json\/wp\/v2\/media?parent=5073"}],"wp:term":[{"taxonomy":"category","embeddable":true,"href":"http:\/\/skalickyobzor.sk\/cms\/wp-json\/wp\/v2\/categories?post=5073"},{"taxonomy":"post_tag","embeddable":true,"href":"http:\/\/skalickyobzor.sk\/cms\/wp-json\/wp\/v2\/tags?post=5073"}],"curies":[{"name":"wp","href":"https:\/\/api.w.org\/{rel}","templated":true}]}}