{"id":5078,"date":"2022-02-19T18:07:32","date_gmt":"2022-02-19T17:07:32","guid":{"rendered":"http:\/\/skalickyobzor.sk\/cms\/?p=5078"},"modified":"2022-02-19T19:13:48","modified_gmt":"2022-02-19T18:13:48","slug":"za-kym-sa-oplati-ist","status":"publish","type":"post","link":"http:\/\/skalickyobzor.sk\/cms\/za-kym-sa-oplati-ist\/","title":{"rendered":"Za k\u00fdm sa oplat\u00ed \u00eds\u0165"},"content":{"rendered":"<p><em><strong>21. febru\u00e1ra je Medzin\u00e1rodn\u00fd de\u0148 sprievodcov v\u00a0cestovnom ruchu. U\u017e nejak\u00fd \u010das je pr\u00ed\u010dinou covidu toho ruchu pomenej, no \u010dasy turistov a\u00a0n\u00e1v\u0161tevn\u00edkov n\u00e1\u0161ho mesta boli, a\u00a0ver\u00edme, \u017ee zase bud\u00fa, bohat\u00e9. Pripomienku t\u00fdch, bez ktor\u00fdch sa \u010dasto neob\u00eddeme, vyhl\u00e1sila na tento de\u0148 Svetov\u00e1 feder\u00e1cia asoci\u00e1ci\u00ed turistick\u00fdch sprievodcov. Mnoho miest usporad\u00fava 21. febru\u00e1ra na jeho oslavu mno\u017estvo akci\u00ed a\u00a0bezplatn\u00fdch prehliadok.<\/strong><\/em><\/p>\n<p>My sme poprosili dvoch skuto\u010dne zasl\u00fa\u017eil\u00fdch sprievodcov Skalicou a\u00a0okol\u00edm,<strong> \u013dubicu Rozborilov\u00fa<\/strong> a<strong>\u00a0Ivana Kuchari\u010da<\/strong>, tentokr\u00e1t o\u00a0slovn\u00e9 sprev\u00e1dzanie nie mestom, ale ich pr\u00e1cou.<\/p>\n<p><strong>Za\u010dnime prv\u00fdm p\u00e1dom \u2013 kto, \u010do je vlastne sprievodca?<\/strong><br \/>\n\u013dR:<br \/>\nV\u00a0Skalici s\u00fa sprievodcovia po jednotliv\u00fdch pamiatkach a\u00a0komer\u010dn\u00ed sprievodcovia. Komer\u010dn\u00ed sprievodcovia pracuj\u00fa v\u00e4\u010d\u0161inou dlhodobo a\u00a0zameriavaj\u00fa sa na cel\u00e9 mesto \u2013 jeho hist\u00f3riu i\u00a0s\u00fa\u010dasnos\u0165. Z\u00e1ujemcovia o\u00a0ich slu\u017eby si m\u00f4\u017eu objedna\u0165 prehliadku mesta v\u00a0turisticko-informa\u010dnej kancel\u00e1rii. Objednaj\u00fa si de\u0148, \u010das sprev\u00e1dzania a\u00a0tie\u017e ak\u00e9 pamiatky by radi videli. Niektor\u00ed turisti sa p\u00fdtaj\u00fa, \u010di je \u010do vidie\u0165 v\u00a0meste za hodinu a\u00a0potom zistia, \u017ee za tento \u010das nestihn\u00fa vidie\u0165 viac ako dve a\u017e tri pamiatky. Celkov\u00fd \u010das sprev\u00e1dzania m\u00f4\u017ee by\u0165 hodina a\u00a0viac, pod\u013ea toho, o\u00a0\u010do maj\u00fa oni z\u00e1ujem.<br \/>\nIK:<br \/>\n\u013dudia si pod pojmom sprievodca predstavia napr\u00edklad sprievodcu vo vlaku, sprievodcu po pr\u00edrode, ale tie\u017e \u010dloveka, ktor\u00fd im uk\u00e1\u017ee hrad, z\u00e1mok, ka\u0161tie\u013e mesta, ktor\u00fd nav\u0161t\u00edvili. Skalica ako mesto nem\u00e1 ani jednu z\u00a0tak\u00fdchto budov. Napriek tomu m\u00e1 \u010do svojim obyvate\u013eom i\u00a0n\u00e1v\u0161tevn\u00edkom pon\u00faknu\u0165. Bohat\u00e1 hist\u00f3ria tohto \u00fazemia, dochovan\u00e9 zauj\u00edmav\u00e9 budovy minulosti, kr\u00e1sne okolie.<\/p>\n<p><strong>Ako sa sta\u0165 sprievodcom?<\/strong><br \/>\n\u013dR:<br \/>\nSprievodcami po pamiatkach b\u00fdvaj\u00fa \u0161tudenti, ktor\u00ed sa prihl\u00e1sia ka\u017edoro\u010dne po v\u00fdzve turisticko-informa\u010dnej kancel\u00e1rie (TIK) a urobia vstupn\u00e9 testy. Testy s\u00fa aj preto, \u017ee ka\u017edoro\u010dne b\u00fdva v\u00e4\u010d\u0161\u00ed z\u00e1ujem o t\u00fato brig\u00e1du ako je ponuka. A tie\u017e preto, aby sa uk\u00e1zalo, kto a ak\u00e9 u\u017e m\u00e1 vedomosti o Skalici a okol\u00ed. Mesto pon\u00faka vstup do dvan\u00e1stich pamiatok a do ka\u017edej sa vyber\u00e1 po dvoch sprievodcoch. T\u00edto potom absolvuj\u00fa kurz, kde sa nau\u010dia o svojej vybranej pamiatke jej hist\u00f3riu. Cel\u00fd kurz sa ukon\u010duje sk\u00fa\u0161kami. Pre \u0161tudentov je dobr\u00e9, ak maj\u00fa o t\u00fato brig\u00e1du naozaj z\u00e1ujem a nerobia ju len preto, aby napr\u00edklad upokojili rodi\u010dov, \u017ee nebud\u00fa v lete le\u0148o\u0161i\u0165, ale bud\u00fa naozaj pracova\u0165. Kurzy s\u00fa nieko\u013ekomesa\u010dn\u00e9. Kedysi sa v r\u00e1mci nich predn\u00e1\u0161alo o verb\u00e1lnej a\u00a0neverb\u00e1lnej komunik\u00e1cii, r\u00e9torike (s\u00a0mlad\u00fdmi turistami sa robili praktick\u00e9 cvi\u010denia), hist\u00f3rii mesta, s\u00fa\u010dasnosti mesta, okol\u00ed mesta (sprev\u00e1dzanie po meste v\u00a0autobuse, Ba\u0165ov kan\u00e1l, rybn\u00edky, vinohradn\u00edcka oblas\u0165, golf i\u00a0Zlatn\u00edcka dolina) a\u00a0in\u00e9. Toto bolo dobr\u00e9 aj na to, aby sprievodcovia vedeli v\u010das reagova\u0165 na ot\u00e1zky turistov a\u00a0aby vedeli odporu\u010di\u0165, ak mali \u013eudia o\u00a0nie\u010do z\u00e1ujem. Teraz s\u00fa kurzy krat\u0161ie, av\u0161ak \u0161tudenti dostan\u00fa v\u00fdklad o\u00a0svojej pamiatke, dostan\u00fa r\u00f4zne odpor\u00fa\u010dania, oh\u013eadom svojho vystupovania a\u00a0podobne. Potom je na nich, aby sa text nau\u010dili a\u00a0po presk\u00fa\u0161an\u00ed m\u00f4\u017eu vo\u00a0svojej pamiatke sprev\u00e1dza\u0165 po\u010das letnej turistickej sez\u00f3ny, teda, od asi polovice m\u00e1ja do septembra. \u0160tudenti by mali okrem slovensk\u00e9ho jazyka vedie\u0165 aspo\u0148 jeden cudz\u00ed, anglick\u00fd, nemeck\u00fd.<\/p>\n<figure id=\"attachment_5080\" aria-describedby=\"caption-attachment-5080\" style=\"width: 783px\" class=\"wp-caption aligncenter\"><img loading=\"lazy\" decoding=\"async\" class=\"size-full wp-image-5080\" src=\"http:\/\/skalickyobzor.sk\/cms\/wp-content\/uploads\/2022\/02\/obzor-1-1.jpg\" alt=\"\" width=\"783\" height=\"588\" srcset=\"http:\/\/skalickyobzor.sk\/cms\/wp-content\/uploads\/2022\/02\/obzor-1-1.jpg 783w, http:\/\/skalickyobzor.sk\/cms\/wp-content\/uploads\/2022\/02\/obzor-1-1-300x225.jpg 300w, http:\/\/skalickyobzor.sk\/cms\/wp-content\/uploads\/2022\/02\/obzor-1-1-768x577.jpg 768w, http:\/\/skalickyobzor.sk\/cms\/wp-content\/uploads\/2022\/02\/obzor-1-1-678x509.jpg 678w, http:\/\/skalickyobzor.sk\/cms\/wp-content\/uploads\/2022\/02\/obzor-1-1-326x245.jpg 326w, http:\/\/skalickyobzor.sk\/cms\/wp-content\/uploads\/2022\/02\/obzor-1-1-80x60.jpg 80w\" sizes=\"auto, (max-width: 783px) 100vw, 783px\" \/><figcaption id=\"caption-attachment-5080\" class=\"wp-caption-text\">Zdroj: Ivan Kuchari\u010d<\/figcaption><\/figure>\n<p><strong>Od kedy sprev\u00e1dzate \u013eud\u00ed Skalicou vy osobne?<\/strong><br \/>\nIK:<br \/>\nZa\u010diatok sprev\u00e1dzania po pamiatkach mesta Skalice je pre m\u0148a spojen\u00fd s rokom 2007. V tomto roku som absolvoval aj vstupn\u00e9 polro\u010dn\u00e9 \u0161kolenie sprievodcov. Ako nov\u00fd sprievodca som si v za\u010diatkoch tr\u00fafol sprev\u00e1dza\u0165 len detsk\u00fdch n\u00e1v\u0161tevn\u00edkov a\u00a0postupne, ako som nadob\u00fadal nov\u00e9 zru\u010dnosti, som sprev\u00e1dzal u\u017e v\u0161etk\u00fdch n\u00e1v\u0161tevn\u00edkov mesta. \u010casom, pribli\u017ene po dvoch rokoch som v\u00a0TIK-u\u00a0absolvoval aj kurz turistick\u00e9ho vodcu po pr\u00edrode v\u00a0okol\u00ed Skalice. Toto sprev\u00e1dzanie sa robieva v\u00e4\u010d\u0161inou pre firmy, bu\u010f pe\u0161i alebo na bicykloch. Sprev\u00e1dzanie po pamiatkach mesta sa realizuje po cel\u00fd rok. V\u00fdklad o\u00a0pamiatkach sa sna\u017e\u00edm v\u017edy prezentova\u0165 pod\u013ea vekovej skupiny, ktor\u00fa pr\u00e1ve sprev\u00e1dzam.<br \/>\n\u013dR:<br \/>\nJa patr\u00edm ku komer\u010dn\u00fdm sprievodcom. Sprev\u00e1dzam asi najdlh\u0161ie zo v\u0161etk\u00fdch s\u00fa\u010dasn\u00fdch sprievodcov. Neviem presne rok, mo\u017eno od 2003 alebo 2004. V\u00a0ka\u017edom pr\u00edpade, ke\u010f sa spr\u00edstup\u0148oval Mlyn bratov Pil\u00e1rikovcov v\u00a0roku 2005, u\u017e som bola \u201ezabehnutou&#8220; sprievodky\u0148ou.<\/p>\n<figure id=\"attachment_5081\" aria-describedby=\"caption-attachment-5081\" style=\"width: 778px\" class=\"wp-caption aligncenter\"><img loading=\"lazy\" decoding=\"async\" class=\"size-full wp-image-5081\" src=\"http:\/\/skalickyobzor.sk\/cms\/wp-content\/uploads\/2022\/02\/Obzor-4-1.jpg\" alt=\"\" width=\"778\" height=\"581\" srcset=\"http:\/\/skalickyobzor.sk\/cms\/wp-content\/uploads\/2022\/02\/Obzor-4-1.jpg 778w, http:\/\/skalickyobzor.sk\/cms\/wp-content\/uploads\/2022\/02\/Obzor-4-1-300x224.jpg 300w, http:\/\/skalickyobzor.sk\/cms\/wp-content\/uploads\/2022\/02\/Obzor-4-1-768x574.jpg 768w, http:\/\/skalickyobzor.sk\/cms\/wp-content\/uploads\/2022\/02\/Obzor-4-1-80x60.jpg 80w\" sizes=\"auto, (max-width: 778px) 100vw, 778px\" \/><figcaption id=\"caption-attachment-5081\" class=\"wp-caption-text\">Zdroj: Ivan Kuchari\u010d<\/figcaption><\/figure>\n<p><strong>\u010co mus\u00ed vedie\u0165 dobr\u00fd sprievodca?<\/strong><br \/>\nIK:<br \/>\nSprev\u00e1dzanie po pamiatkach mesta nie je len o odbornom v\u00fdklade jednotliv\u00fdch pamiatok, ale aj o celkovej prezent\u00e1cii mesta. V\u017edy z\u00e1le\u017e\u00ed na celkovom dojme, ak\u00fd zanech\u00e1 vlastne prv\u00fd kontakt, v tomto pr\u00edpade sprievodca u n\u00e1v\u0161tevn\u00edkov mesta. Sprievodca mestom a pamiatkami mus\u00ed vedie\u0165 odpoveda\u0165 na rozli\u010dn\u00e9 in\u00e9 ot\u00e1zky n\u00e1v\u0161tevn\u00edkov, t\u00fdkaj\u00face sa nielen konkr\u00e9tnych pamiatok, ale aj dobrej re\u0161taur\u00e1cie, \u010di zak\u00fapenia suven\u00edru, aj kde sa pred\u00e1va prav\u00fd skalick\u00fd trdeln\u00edk, aj kde m\u00f4\u017eu n\u00e1js\u0165 toaletu.<br \/>\n\u013dR:<br \/>\nSprievodca hovor\u00ed o hist\u00f3rii mesta, o osobnostiach mesta, o jednotliv\u00fdch pamiatkach, prid\u00e1 nejak\u00e9 legendy, pr\u00edpadne zavedie z\u00e1ujemcov aj na miesta, kde sa be\u017ene nesprev\u00e1dza (napr\u00edklad na cintor\u00edn, kv\u00f4li pochovan\u00fdm osobnostiam, k hradb\u00e1m a podobne). Z\u00e1ujemcovia m\u00f4\u017eu vyu\u017ei\u0165 tie\u017e jazdu ko\u010dom s kon\u00edkmi. Na ko\u010di sa vez\u00fa najviac \u0161tyria \u013eudia plus sprievodca. Slu\u017eby komer\u010dn\u00fdch sprievodcov s\u00fa celoro\u010dn\u00e9, daj\u00fa sa vyu\u017ei\u0165 sedem dn\u00ed v\u00a0t\u00fd\u017edni a\u00a0sprev\u00e1dza sa v\u00a0slovenskom, nemeckom a\u00a0anglickom jazyku.<\/p>\n<p><strong>Ako spozn\u00e1 sprievodca, \u010di rob\u00ed pr\u00e1cu dobre?<\/strong><br \/>\n\u013dR:<br \/>\nTo musia pos\u00fadi\u0165 na\u0161i n\u00e1v\u0161tevn\u00edci. Vizitkou dobr\u00e9ho sprievodcu je aj to, \u017ee sa turisti do mesta vr\u00e1tia opakovane, \u017ee odpor\u00fa\u010daj\u00fa n\u00e1v\u0161tevu n\u00e1\u0161ho mesta svojim zn\u00e1mym a\u00a0rodinn\u00fdm pr\u00edslu\u0161n\u00edkom. A\u00a0mysl\u00edm si, \u017ee na\u0161im sa to dar\u00ed.<br \/>\nIK:<br \/>\nAk sa niekto sp\u00fdta ko\u013eko som u\u017e odsprev\u00e1dzal os\u00f4b za ten \u010das, s\u00fa to jednozna\u010dne tis\u00edcky a, teda, d\u00fafam spokojn\u00fdch n\u00e1v\u0161tevn\u00edkov. O\u00a0tom asi sved\u010d\u00ed aj to, \u017ee viacero n\u00e1v\u0161tevn\u00edkov sa sem vracia pravidelne a\u00a0je to pr\u00edjemn\u00fd pocit, \u017ee sa im v\u00a0na\u0161om meste p\u00e1\u010di.<\/p>\n<p><strong>M\u00e1te sami nejak\u00e9 ob\u013e\u00faben\u00e9 miesta v\u00a0meste?<\/strong><br \/>\nIK:<br \/>\nVe\u013emi r\u00e1d m\u00e1m spom\u00ednan\u00fa pamiatku Mlyn bratov Pil\u00e1rikovcov. Je trocha n\u00e1ro\u010dnej\u0161ia na obsiahlej\u0161\u00ed v\u00fdklad a\u00a0\u010das. B\u00fdval\u00fd jezuitsk\u00fd kostol n\u00e1v\u0161tevn\u00edkov tie\u017e ve\u013emi o\u010dar\u00ed, \u010dasto d\u00e1vam n\u00e1v\u0161tevn\u00edkom aj priestor na zaspievanie si v\u00a0\u0148om, nako\u013eko v\u00a0tomto kostole je ve\u013emi dob\u00e1 akustika a\u00a0tak sa sami presved\u010dia, \u017ee je to pravda, \u010do im vo v\u00fdklade hovor\u00edm.<br \/>\n\u013dR.<br \/>\nNajob\u013e\u00fabenej\u0161ou mojou pamiatkou je pr\u00e1ve mlyn. Je to n\u00e1ro\u010dn\u00e1 technick\u00e1 pamiatka a\u00a0od za\u010diatku ojedinel\u00e1 svojho druhu. K\u00a0ob\u013e\u00faben\u00fdm patr\u00ed aj Jezuitsk\u00fd kostol sv. Franti\u0161ka Xaversk\u00e9ho. A\u00a0nem\u00f4\u017eem poveda\u0165, \u017ee by niektor\u00e1 bola moja neob\u013e\u00faben\u00e1, to by som asi nerobila sprievodky\u0148u.<\/p>\n<figure id=\"attachment_5082\" aria-describedby=\"caption-attachment-5082\" style=\"width: 532px\" class=\"wp-caption aligncenter\"><img loading=\"lazy\" decoding=\"async\" class=\"size-full wp-image-5082\" src=\"http:\/\/skalickyobzor.sk\/cms\/wp-content\/uploads\/2022\/02\/Lubka-4.jpg\" alt=\"\" width=\"532\" height=\"800\" srcset=\"http:\/\/skalickyobzor.sk\/cms\/wp-content\/uploads\/2022\/02\/Lubka-4.jpg 532w, http:\/\/skalickyobzor.sk\/cms\/wp-content\/uploads\/2022\/02\/Lubka-4-200x300.jpg 200w\" sizes=\"auto, (max-width: 532px) 100vw, 532px\" \/><figcaption id=\"caption-attachment-5082\" class=\"wp-caption-text\">Zdroj: \u013dubica Rozborilov\u00e1<\/figcaption><\/figure>\n<p><strong>Pre\u010do ste sprievodcom?<\/strong><br \/>\nIK:<br \/>\nSom tak\u00fd typick\u00fd skalick\u00fd patriot. Sprev\u00e1dzanie sa za ten \u010das stalo pre m\u0148a srdcovou z\u00e1le\u017eitos\u0165ou a\u00a0s\u00fa\u010das\u0165ou m\u00f4jho \u017eivota.<br \/>\n\u013dR:<br \/>\nSprievodky\u0148ou som sa stala preto, \u017ee som bola osloven\u00e1 vtedaj\u0161ou ved\u00facou TIKu pani Petrou Hr\u00e1nkovou. Pristala som, lebo hist\u00f3ria ma v\u017edy bavila. M\u00f4j otec bol kedysi u\u010dite\u013e dejepisu a\u00a0v\u010faka nemu som sa o\u00a0dejiny zauj\u00edmala. Keby som mala na za\u010diatku nejak\u00e9 negat\u00edvne reakcie na moju pr\u00e1cu, u\u017e to dnes nerob\u00edm. \u013dudia v\u0161ak boli mil\u00ed, po\u010d\u00favali ma, d\u00e1vali mi ot\u00e1zky, s\u00a0niektor\u00fdmi z\u00a0nich som sa kamar\u00e1tsky stret\u00e1vala, tak\u017ee som zostala.<\/p>\n<p><strong>Sprev\u00e1dzanie je vlastne neust\u00e1ly kontakt s \u013eu\u010fmi. Jeho s\u00fa\u010das\u0165ou s\u00fa iste aj \u00fasmevn\u00e9 pr\u00edhody a situ\u00e1cie&#8230;<\/strong><br \/>\nIK:<br \/>\nSamozrejme, pri tejto \u010dinnosti za\u017eijem aj viacero pr\u00edjemn\u00fdch prekvapen\u00ed, ako napr\u00edklad, ke\u010f mi volal na mobil jeden mlad\u00fd mu\u017e, \u017ee by chcel svoju sn\u00fabenicu po\u017eiada\u0165 o\u00a0ruku v\u00a0rotunde. Bolo to tak\u00e9 mil\u00e9 a\u00a0romantick\u00e9.\u00a0Niektor\u00ed zahrani\u010dn\u00ed n\u00e1v\u0161tevn\u00edci maj\u00fa svojich tlmo\u010dn\u00edkov a\u00a0t\u00ed tlmo\u010dia v\u00fdklad po mne. Na vyhliadke na ve\u017ei kostola sv\u00e4t\u00e9ho Michala Archanjela na n\u00e1mest\u00ed hovor\u00edm: T\u00fdmto smerom pribli\u017ene sedem kilometrov sa nach\u00e1dza pr\u00edmestsk\u00e9 rekrea\u010dn\u00e9 stredisko Zlatn\u00edcka dolina. Tlmo\u010dn\u00edk do nem\u010diny prelo\u017eil, \u017ee je tam pr\u00edmorsk\u00e9 rekrea\u010dn\u00e9 stredisko. Samozrejme, \u017ee sa potom opravil, len \u0161koda, \u017ee to more tu nem\u00e1me. V\u0161etci sme sa zasmiali a\u00a0pokra\u010dovali \u010falej.<br \/>\n\u013dR:<br \/>\nVesel\u00fdch pr\u00edhod je ve\u013ea. K\u00a0t\u00fdm pr\u00edjemn\u00fdm patril napr\u00edklad p\u00e1r z\u00a0Bratislavy. Opakovane sa do Skalice vracal, v\u017edy sa tu ubytoval, nechal sa sprev\u00e1dza\u0165 a\u00a0nakoniec sa v\u00a0na\u0161om meste aj zosob\u00e1\u0161il. Vtipn\u00e1 pr\u00edhoda? Turistom v\u017edy hovor\u00edm, \u017ee Skalica je mal\u00e1, orienta\u010dn\u00fd bod je ve\u017ea kostola na n\u00e1mest\u00ed a\u00a0nikto sa tu nem\u00f4\u017ee strati\u0165. A\u017e sa mi stratila star\u0161ia pani&#8230; Na\u0161\u0165astie som ju skoro na\u0161la a\u00a0potom n\u00e1m to v\u0161etk\u00fdm pripadalo u\u017e iba humorn\u00e9.<\/p>\n<p><strong>\u010eakujem za rozhovor a\u00a0\u017eel\u00e1m ve\u013ea mil\u00fdch turistov, ktor\u00fdm odkryjete kr\u00e1sy na\u0161ej starobylej Skalice.<\/strong><\/p>\n<p><em>\u017delm\u00edra Mach\u00e1\u010dkov\u00e1<\/em><\/p>\n","protected":false},"excerpt":{"rendered":"<div class=\"mh-excerpt\"><p>21. febru\u00e1ra je Medzin\u00e1rodn\u00fd de\u0148 sprievodcov v\u00a0cestovnom ruchu. U\u017e nejak\u00fd \u010das je pr\u00ed\u010dinou covidu toho ruchu pomenej, no \u010dasy turistov a\u00a0n\u00e1v\u0161tevn\u00edkov n\u00e1\u0161ho mesta boli, a\u00a0ver\u00edme, \u017ee zase bud\u00fa, bohat\u00e9. Pripomienku t\u00fdch, bez ktor\u00fdch sa \u010dasto <a class=\"mh-excerpt-more\" href=\"http:\/\/skalickyobzor.sk\/cms\/za-kym-sa-oplati-ist\/\" title=\"Za k\u00fdm sa oplat\u00ed \u00eds\u0165\">[&#8230;]<\/a><\/p>\n<\/div>","protected":false},"author":2,"featured_media":5079,"comment_status":"closed","ping_status":"closed","sticky":false,"template":"","format":"standard","meta":{"footnotes":""},"categories":[10],"tags":[],"class_list":{"0":"post-5078","1":"post","2":"type-post","3":"status-publish","4":"format-standard","5":"has-post-thumbnail","7":"category-zaujalo-nas"},"_links":{"self":[{"href":"http:\/\/skalickyobzor.sk\/cms\/wp-json\/wp\/v2\/posts\/5078","targetHints":{"allow":["GET"]}}],"collection":[{"href":"http:\/\/skalickyobzor.sk\/cms\/wp-json\/wp\/v2\/posts"}],"about":[{"href":"http:\/\/skalickyobzor.sk\/cms\/wp-json\/wp\/v2\/types\/post"}],"author":[{"embeddable":true,"href":"http:\/\/skalickyobzor.sk\/cms\/wp-json\/wp\/v2\/users\/2"}],"replies":[{"embeddable":true,"href":"http:\/\/skalickyobzor.sk\/cms\/wp-json\/wp\/v2\/comments?post=5078"}],"version-history":[{"count":1,"href":"http:\/\/skalickyobzor.sk\/cms\/wp-json\/wp\/v2\/posts\/5078\/revisions"}],"predecessor-version":[{"id":5083,"href":"http:\/\/skalickyobzor.sk\/cms\/wp-json\/wp\/v2\/posts\/5078\/revisions\/5083"}],"wp:featuredmedia":[{"embeddable":true,"href":"http:\/\/skalickyobzor.sk\/cms\/wp-json\/wp\/v2\/media\/5079"}],"wp:attachment":[{"href":"http:\/\/skalickyobzor.sk\/cms\/wp-json\/wp\/v2\/media?parent=5078"}],"wp:term":[{"taxonomy":"category","embeddable":true,"href":"http:\/\/skalickyobzor.sk\/cms\/wp-json\/wp\/v2\/categories?post=5078"},{"taxonomy":"post_tag","embeddable":true,"href":"http:\/\/skalickyobzor.sk\/cms\/wp-json\/wp\/v2\/tags?post=5078"}],"curies":[{"name":"wp","href":"https:\/\/api.w.org\/{rel}","templated":true}]}}