{"id":5086,"date":"2022-02-19T18:12:54","date_gmt":"2022-02-19T17:12:54","guid":{"rendered":"http:\/\/skalickyobzor.sk\/cms\/?p=5086"},"modified":"2022-02-19T19:14:23","modified_gmt":"2022-02-19T18:14:23","slug":"tak-si-myslim-ze-tak-uplne-nedocenujeme-energiu-myslienok","status":"publish","type":"post","link":"http:\/\/skalickyobzor.sk\/cms\/tak-si-myslim-ze-tak-uplne-nedocenujeme-energiu-myslienok\/","title":{"rendered":"Tak si mysl\u00edm, \u017ee tak \u00faplne nedoce\u0148ujeme energiu my\u0161lienok"},"content":{"rendered":"<p>Ako ka\u017ed\u00fd mesiac, i\u00a0tento bolo nov\u00e9 \u010d\u00edslo Obzoru u\u017e pripraven\u00e9 a\u00a0ja som si mohla sadn\u00fa\u0165 za po\u010d\u00edta\u010d a\u00a0podeli\u0165 sa o\u00a0to, \u010do si mysl\u00edm. Zvyknem sa s\u00a0vami deli\u0165 o\u00a0\u010derstv\u00e9 z\u00e1\u017eitky a\u00a0poznania, a\u00a0tak sa s\u00a0vydan\u00edm tohoto \u010d\u00edsla \u010dakalo, a\u017e sa vr\u00e1tim z\u00a0nepl\u00e1novan\u00e9ho (a\u00a0ne\u017eelan\u00e9ho) v\u00fdletu.<\/p>\n<p>Moje v\u00fdlety maj\u00fa svoje \u010dasti \u2013 odpo\u010dinkov\u00fa, ktor\u00e1 je spojen\u00e1 s\u00a0fyzick\u00fdm le\u0148o\u0161en\u00edm a\u00a0ni\u010dneroben\u00edm, a\u00a0t\u00fa druh\u00fa, akt\u00edvnej\u0161iu \u2013 pozn\u00e1vaciu. Pozorovan\u00edm rada spozn\u00e1vam nov\u00e9 prostredie, v\u00a0ktorom sa ocitnem, alebo len tak objavujem nov\u00e9 z\u00e1kutia. U\u017e tam, priamo na mieste, sa mi triedia z\u00e1\u017eitky a\u00a0my\u0161lienky, rodia sa nov\u00e9, z\u00a0ktor\u00fdch si sklad\u00e1m nov\u00fd obraz sveta i\u00a0seba samej a\u00a0vraciam sa tak s\u00a0nov\u00fdm jasn\u00fdm poznan\u00edm do \u010fal\u0161\u00edch dn\u00ed. Tentokr\u00e1t to bolo podstatne in\u00e9. M\u00f4j v\u00fdlet bol toti\u017e dos\u0165 neobvykl\u00fd. Ako miestom pobytu doma v\u00a0posteli, tak aj jeho priebehom.<\/p>\n<p>I ke\u010f som na tomto pobyte bola odstrihnut\u00e1 od n\u00e1\u0161ho re\u00e1lneho sveta, st\u00e1le z neho ku mne presakovali aktu\u00e1lne inform\u00e1cie o dejoch okolo n\u00e1s. Novozroden\u00e9 my\u0161lienky, rie\u0161iace a tvoriace n\u00e1zory a postoje k udalostiam, vo mne op\u00e4\u0165 rozto\u010dili moje mozgov\u00e9 z\u00e1vity, ktor\u00e9 sa rozp\u00e1lili ako v\u00fdhrevn\u00e1 \u0161pir\u00e1la v elektrickom ohrieva\u010di. Oby\u010dajne som sa rada vyhrievala v ich teple, no tentokr\u00e1t som si uvedomila, \u017ee mi to v\u00f4bec nie je pr\u00edjemn\u00e9, ba naopak, spa\u013euj\u00fa moje telo. Prekvapilo ma to. Energia pritekaj\u00facich my\u0161lienok ma prepa\u013eovala a dost\u00e1vala moju hlavu i telo do tr\u00fdzniv\u00e9ho spa\u013euj\u00faceho \u017eiaru. Nadobudla som pocit, \u017ee ak budem e\u0161te chv\u00ed\u013eu myslie\u0165, tak zhor\u00edm. Ak chcem pre\u017ei\u0165, mus\u00edm sa ich zbavi\u0165 a presta\u0165 myslie\u0165. Sna\u017eila som sa r\u00fdchlo vy\u010disti\u0165 hlavu od v\u0161etk\u00fdch my\u0161lienok, no st\u00e1le prich\u00e1dzali nov\u00e9 a nov\u00e9. Boj s vtierav\u00fdmi my\u0161lienkami ma nato\u013eko vy\u010derpal, \u017ee som ve\u013eakr\u00e1t unaven\u00e1 upadala do sp\u00e1nku.<\/p>\n<p>Ani sp\u00e1nok v\u0161ak nebol vyslobodzuj\u00faci ako zvy\u010dajne, lebo my\u0161lienky st\u00e1le dobiedzali, dokonca som pred nimi neutiekla ani v\u00a0snoch. Kam ale pred nimi ujs\u0165?! Sn\u00e1\u010f najlep\u0161ie bude si ich nev\u0161\u00edma\u0165. Ve\u010f aj najotrlej\u0161ia nev\u00edtan\u00e1 n\u00e1v\u0161teva od\u00edde, ke\u010f si ju nev\u0161\u00edmate. Tak som s\u00a0nimi prestala bojova\u0165 a\u00a0my\u0161lienky za\u010dali plyn\u00fa\u0165 okolo m\u0148a. Upokojila som sa a\u00a0vz\u00e1p\u00e4t\u00ed som zistila, \u017ee nie v\u0161etky maj\u00fa t\u00fa hor\u00facu ni\u010diacu energiu. Medzi t\u00fdm ukri\u010dan\u00fdm r\u00e1musom som objavila tich\u00e9 hl\u00e1sky. Zdanlivo s\u00edce prehliadnute\u013en\u00e9, ale v\u00a0sile svojho ml\u010danliv\u00e9ho pokoja tak\u00e9 lie\u010div\u00e9! U\u017e som nerozm\u00fd\u0161\u013eala, len som ich pozorovala a\u00a0pocitovo triedila. Triedila som z\u00a0nich tie tich\u00e9 my\u0161lienky, ktor\u00e9 k\u00a0sebe pust\u00edm. Dopad ich lie\u010divej chladnej t\u00ed\u0161iny na moje rozp\u00e1len\u00e9 telo vyvolal naopak pocit tepla pr\u00edjemn\u00e9ho. Telo sa pomaly uzdravovalo.<\/p>\n<p>Ako ka\u017ed\u00fd v\u00fdlet, nakoniec i\u00a0tento nev\u00edtan\u00fd ma vytrhol zo v\u0161ednosti be\u017en\u00fdch dn\u00ed a\u00a0preniesol do in\u00e9ho sveta. A\u00a0pozn\u00e1te to sami ako po ka\u017edom n\u00e1vrate chv\u00ed\u013eu trv\u00e1, ne\u017e sa op\u00e4\u0165 dostaneme do okolitej reality. T\u00e1 sa n\u00e1s sna\u017e\u00ed zase r\u00fdchlo pohlti\u0165, no my sa st\u00e1le e\u0161te sna\u017e\u00edme uchova\u0165 vo svojom svete nov\u00e9 z\u00e1\u017eitky z\u00a0v\u00fdletu. Tie sa v\u0161ak pomaly rozpl\u00fdvaj\u00fa ako pr\u00e1ve dopozeran\u00fd film. Ja som sa tie\u017e u\u017e vr\u00e1tila, som zdrav\u00e1 a\u00a0zase v\u00a0pracovnom nasaden\u00ed. Zatia\u013e si st\u00e1le v\u00a0sebe nesiem poznanie hor\u00facej a\u00a0spa\u013euj\u00facej energie niektor\u00fdch my\u0161lienok. E\u0161te presne neviem ako s\u00a0t\u00fdm uvedomen\u00edm nalo\u017e\u00edm. Zatia\u013e len viem, \u017ee by som bo\u013eav\u00e9 poznanie minul\u00fdch dn\u00ed v\u00a0sebe rada udr\u017eala a\u00a0pozit\u00edvne ho preniesla do dn\u00ed dne\u0161n\u00fdch i\u00a0t\u00fdch bud\u00facich.<\/p>\n<p><em>S\u00a0\u00factou<\/em><\/p>\n<p><em>vyzdraven\u00e1 \u017delm\u00edra Mach\u00e1\u010dkov\u00e1<\/em><\/p>\n","protected":false},"excerpt":{"rendered":"<div class=\"mh-excerpt\"><p>Ako ka\u017ed\u00fd mesiac, i\u00a0tento bolo nov\u00e9 \u010d\u00edslo Obzoru u\u017e pripraven\u00e9 a\u00a0ja som si mohla sadn\u00fa\u0165 za po\u010d\u00edta\u010d a\u00a0podeli\u0165 sa o\u00a0to, \u010do si mysl\u00edm. Zvyknem sa s\u00a0vami deli\u0165 o\u00a0\u010derstv\u00e9 z\u00e1\u017eitky a\u00a0poznania, a\u00a0tak sa s\u00a0vydan\u00edm tohoto \u010d\u00edsla <a class=\"mh-excerpt-more\" href=\"http:\/\/skalickyobzor.sk\/cms\/tak-si-myslim-ze-tak-uplne-nedocenujeme-energiu-myslienok\/\" title=\"Tak si mysl\u00edm, \u017ee tak \u00faplne nedoce\u0148ujeme energiu my\u0161lienok\">[&#8230;]<\/a><\/p>\n<\/div>","protected":false},"author":2,"featured_media":241,"comment_status":"closed","ping_status":"closed","sticky":false,"template":"","format":"standard","meta":{"footnotes":""},"categories":[3],"tags":[],"class_list":{"0":"post-5086","1":"post","2":"type-post","3":"status-publish","4":"format-standard","5":"has-post-thumbnail","7":"category-tak-si-myslim"},"_links":{"self":[{"href":"http:\/\/skalickyobzor.sk\/cms\/wp-json\/wp\/v2\/posts\/5086","targetHints":{"allow":["GET"]}}],"collection":[{"href":"http:\/\/skalickyobzor.sk\/cms\/wp-json\/wp\/v2\/posts"}],"about":[{"href":"http:\/\/skalickyobzor.sk\/cms\/wp-json\/wp\/v2\/types\/post"}],"author":[{"embeddable":true,"href":"http:\/\/skalickyobzor.sk\/cms\/wp-json\/wp\/v2\/users\/2"}],"replies":[{"embeddable":true,"href":"http:\/\/skalickyobzor.sk\/cms\/wp-json\/wp\/v2\/comments?post=5086"}],"version-history":[{"count":2,"href":"http:\/\/skalickyobzor.sk\/cms\/wp-json\/wp\/v2\/posts\/5086\/revisions"}],"predecessor-version":[{"id":5088,"href":"http:\/\/skalickyobzor.sk\/cms\/wp-json\/wp\/v2\/posts\/5086\/revisions\/5088"}],"wp:featuredmedia":[{"embeddable":true,"href":"http:\/\/skalickyobzor.sk\/cms\/wp-json\/wp\/v2\/media\/241"}],"wp:attachment":[{"href":"http:\/\/skalickyobzor.sk\/cms\/wp-json\/wp\/v2\/media?parent=5086"}],"wp:term":[{"taxonomy":"category","embeddable":true,"href":"http:\/\/skalickyobzor.sk\/cms\/wp-json\/wp\/v2\/categories?post=5086"},{"taxonomy":"post_tag","embeddable":true,"href":"http:\/\/skalickyobzor.sk\/cms\/wp-json\/wp\/v2\/tags?post=5086"}],"curies":[{"name":"wp","href":"https:\/\/api.w.org\/{rel}","templated":true}]}}