{"id":5093,"date":"2022-02-19T18:13:52","date_gmt":"2022-02-19T17:13:52","guid":{"rendered":"http:\/\/skalickyobzor.sk\/cms\/?p=5093"},"modified":"2022-02-19T19:14:30","modified_gmt":"2022-02-19T18:14:30","slug":"klenotom-zo-skalice-sa-pysi-cele-slovensko","status":"publish","type":"post","link":"http:\/\/skalickyobzor.sk\/cms\/klenotom-zo-skalice-sa-pysi-cele-slovensko\/","title":{"rendered":"Klenotom zo Skalice sa p\u00fd\u0161i cel\u00e9 Slovensko"},"content":{"rendered":"<p><strong>Na na\u0161om redak\u010dnom stole sa objavila kniha <em>Pr\u00edbehy Skalick\u00e9ho rub\u00edna a\u00a0Skalick\u00e9ho trdeln\u00edka<\/em>, ktor\u00e1 je skalick\u00fdm patriotom bl\u00edzka t\u00e9mou a\u00a0vz\u00e1cna obsahom. Hos\u0165om n\u00e1\u0161ho rozhovoru je jej autor, spisovate\u013e, publicista, prekladate\u013e, skalick\u00fd rod\u00e1k Pavol Dinka, pre ktor\u00e9ho je Skalica a\u00a0Z\u00e1horie trval\u00fdm in\u0161pira\u010dn\u00fdm zdrojom. N\u00e1\u0161mu regi\u00f3nu sa venuje aj v\u00a0knih\u00e1ch <em>Franti\u0161ek Buchta \u2013 Skalica a\u00a0Z\u00e1horie<\/em> (2008, v\u00a0spoluautorstve s\u00a0Franti\u0161kom Buchtom), Skalica a\u00a0Skali\u010dania v\u00a0literat\u00fare (2012), Skalick\u00e9 b\u00fady \u2013 <em>pr\u00edbehy o\u00a0vinohradn\u00edkoch a\u00a0v\u00edne<\/em> (2015, viackr\u00e1t liter\u00e1rne ocenen\u00e1). Okrem toho nahovoril do Z\u00e1hor\u00e1ckeho r\u00e1dia vy\u0161e stovky rel\u00e1ci\u00ed o\u00a0na\u0161om meste a\u00a0okol\u00ed, vydal c\u00e9de\u010dko s\u00a0n\u00e1zvom <em>Dr. Janko Blaho: Vyznanie Z\u00e1horiu pies\u0148ou i\u00a0slovom<\/em> (2008). A\u00a0navy\u0161e popritom pripravuje do n\u00e1\u0161ho \u010dasopisu rubriku Skalick\u00e9 ulice.<\/strong><\/p>\n<p><strong>Ako vznikli <em>Pr\u00edbehy Skalick\u00e9ho rub\u00edna a\u00a0Skalick\u00e9ho trdeln\u00edka<\/em>?<\/strong><br \/>\nOb\u010dianske zdru\u017eenia SKALICK\u00dd TRDELN\u00cdK a\u00a0V\u00ednna cesta Z\u00e1horie podali na m\u00f4j podnet Centru pre tradi\u010dn\u00fa \u013eudov\u00fa kult\u00faru \u017eiadosti o\u00a0z\u00e1pis do <em>Reprezentat\u00edvneho zoznamu nehmotn\u00e9ho kult\u00farneho dedi\u010dstva Slovenska<\/em> pre recept\u00fary Skalick\u00e9ho trdeln\u00edka a\u00a0Skalick\u00e9ho rub\u00edna. T\u00fato agendu toti\u017e sledujem ako \u017eurnalista pre oblas\u0165 kult\u00fary i\u00a0ako\u00a0spisovate\u013e literat\u00fary faktu u\u017e od jej vzniku v\u00a0roku 2011. Nedalo mi, teda, aby som \u013dudov\u00edta Br\u00e1neck\u00e9ho, predsedu oboch zdru\u017een\u00ed, na t\u00fato mo\u017enos\u0165 neupozornil. V\u00a0s\u00favislosti s\u00a0t\u00fdm som sa zaviazal, \u017ee nap\u00ed\u0161em zhruba 60-stranov\u00fa bro\u017e\u00farku o\u00a0obidvoch prvkoch, ktor\u00fa po\u0161leme dodato\u010dne do Centra pre tradi\u010dn\u00fa \u013eudov\u00fa kult\u00faru. Len\u017ee z\u00a0bro\u017e\u00farky sa stala obsiahla kniha <em>Pr\u00edbehy Skalick\u00e9ho rub\u00edna a\u00a0Skalick\u00e9ho trdeln\u00edka<\/em> v\u00a0rozsahu 700 str\u00e1n, ktor\u00e1 uzrela svetlo sveta 19. m\u00e1ja 2021. Na jej \u00favodnej strane svieti ve\u013ek\u00fdmi p\u00edsmenami toto motto:<em> \u201eKniha si kladie amb\u00edciu prispie\u0165 k\u00a0zaradeniu originality Skalick\u00e9ho rub\u00edna a\u00a0Skalick\u00e9ho trdeln\u00edka do nehmotn\u00e9ho kult\u00farneho dedi\u010dstva Slovenska.\u201c<\/em><\/p>\n<p><a href=\"http:\/\/skalickyobzor.sk\/cms\/wp-content\/uploads\/2022\/02\/reprezentativny-zoznam.jpg\"><img loading=\"lazy\" decoding=\"async\" class=\"aligncenter wp-image-5095 size-full\" src=\"http:\/\/skalickyobzor.sk\/cms\/wp-content\/uploads\/2022\/02\/reprezentativny-zoznam.jpg\" alt=\"\" width=\"564\" height=\"862\" srcset=\"http:\/\/skalickyobzor.sk\/cms\/wp-content\/uploads\/2022\/02\/reprezentativny-zoznam.jpg 564w, http:\/\/skalickyobzor.sk\/cms\/wp-content\/uploads\/2022\/02\/reprezentativny-zoznam-196x300.jpg 196w\" sizes=\"auto, (max-width: 564px) 100vw, 564px\" \/><\/a><\/p>\n<p><strong>Inak povedan\u00e9, jedine\u010dnos\u0165 Skalick\u00e9ho trdeln\u00edka najprv uznala Eur\u00f3pa, teraz i\u0161lo o\u00a0to, aby sa mohol pochv\u00e1li\u0165 prim\u00e1tom aj v\u00a0r\u00e1mci Slovenska&#8230;<\/strong><br \/>\nNie je celkom v poriadku tieto dva pr\u00edpady porovn\u00e1va\u0165. Skalick\u00fd trdeln\u00edk je nosite\u013eom certifik\u00e1tu Eur\u00f3pskej \u00fanie o chr\u00e1nenom zemepisnom ozna\u010den\u00ed (CHZO) zo 14. decembra 2007, ale to hovor\u00ed o jeho unik\u00e1tnosti a o pr\u00e1ve na zna\u010dku, ktorej s\u00fa\u010das\u0165ou je inform\u00e1cia, \u017ee ten prav\u00fd trdeln\u00edk je len zo Skalice a okolia. Najnov\u0161ie sa v\u0161ak ocitol i na <em>Reprezentat\u00edvnom zozname nehmotn\u00e9ho kult\u00farneho dedi\u010dstva Slovenska<\/em>. Stalo sa tak 3. decembra 2021, ke\u010f ministerka kult\u00fary SR Nat\u00e1lia Milanov\u00e1 sl\u00e1vnostne zap\u00edsala do tohto v\u00fdnimo\u010dn\u00e9ho zoznamu na\u0161u presl\u00e1ven\u00fa sladk\u00fa dobrotu spolu s\u00a0\u010fal\u0161\u00edmi piatimi tradi\u010dn\u00fdmi kult\u00farnymi prvkami. Nosite\u013eom certifik\u00e1tu je ob\u010dianske zdru\u017eenie Skalick\u00fd trdeln\u00edk.<\/p>\n<p><strong>V\u00a0akej spolo\u010dnosti prij\u00edman\u00fdch kandid\u00e1tov sa trdeln\u00edk ocitol?<\/strong><br \/>\nVo ve\u013emi vyberanej \u2013 a\u00a0to spolu s\u00a0j\u00e1no\u0161\u00edkovskou trad\u00edciou, tancami s\u00a0vyhadzovan\u00edm v\u00a0myjavsko-tren\u010dianskej oblasti, \u010drp\u00e1kmi, goralskou kult\u00farou a\u00a0kari\u010dkou z\u00a0Parchovian. Doteraj\u0161ia rodina 26 prvkov tohto exkluz\u00edvneho zoznamu sa tak roz\u0161\u00edrila na 32. Skalick\u00fd trdeln\u00edk t\u00fdm zaujal v\u00fdznamn\u00e9 a\u00a0d\u00f4stojn\u00e9 miesto, napr\u00edklad popri tak\u00fdch prvkoch ako fujara, drot\u00e1rstvo, modrotla\u010d, modransk\u00e1 majolika, \u010di\u010dmianske ornamenty at\u010f.<\/p>\n<p><a href=\"http:\/\/skalickyobzor.sk\/cms\/wp-content\/uploads\/2022\/02\/certifikat-1-002.jpg\"><img loading=\"lazy\" decoding=\"async\" class=\"aligncenter wp-image-5096 size-full\" src=\"http:\/\/skalickyobzor.sk\/cms\/wp-content\/uploads\/2022\/02\/certifikat-1-002.jpg\" alt=\"\" width=\"804\" height=\"566\" srcset=\"http:\/\/skalickyobzor.sk\/cms\/wp-content\/uploads\/2022\/02\/certifikat-1-002.jpg 804w, http:\/\/skalickyobzor.sk\/cms\/wp-content\/uploads\/2022\/02\/certifikat-1-002-300x211.jpg 300w, http:\/\/skalickyobzor.sk\/cms\/wp-content\/uploads\/2022\/02\/certifikat-1-002-768x541.jpg 768w\" sizes=\"auto, (max-width: 804px) 100vw, 804px\" \/><\/a><\/p>\n<p><strong>Zoznam nehmotn\u00e9ho kult\u00farneho dedi\u010dstva je zna\u010dne nes\u00farod\u00fd. Ak\u00e9 s\u00fa krit\u00e9ri\u00e1, aby bol nejak\u00fd produkt \u010di prejav do neho zap\u00edsan\u00fd?<\/strong><br \/>\nNehmotn\u00e9 kult\u00farne dedi\u010dstvo zah\u0155\u0148a v\u00a0sebe praktiky, reprezent\u00e1cie, poznatky, zru\u010dnosti, ako aj n\u00e1stroje, predmety, artefakty, ktor\u00e9 si spolo\u010denstv\u00e1 a\u00a0skupiny odovzd\u00e1vaj\u00fa z\u00a0gener\u00e1cie na gener\u00e1ciu. Patria sem ne\u00fastne trad\u00edcie, ale i\u00a0prejavy, vr\u00e1tane jazyka ako nosite\u013ea nehmotn\u00e9ho kult\u00farneho dedi\u010dstva, interpreta\u010dn\u00e9 umenie, ritu\u00e1ly a\u00a0sl\u00e1vnostn\u00e9 udalosti, tradi\u010dn\u00e9 remesl\u00e1 a\u00a0v\u00fdtvarn\u00fd prejav. <em>Reprezentat\u00edvny zoznam nehmotn\u00e9ho kult\u00farneho dedi\u010dstva Slovenska<\/em> je s\u00fapisom jeho najv\u00fdznamnej\u0161\u00edch prvkov a\u00a0prakt\u00edk.<\/p>\n<p><strong>Ako prebieha proces prihlasovania a\u00a0prij\u00edmania do zoznamu?<\/strong><br \/>\nCel\u00fa agendu koordinuje a administruje Centrum pre tradi\u010dn\u00fa \u013eudov\u00fa kult\u00faru, ako odborn\u00e9 pracovisko Slovensk\u00e9ho \u013eudov\u00e9ho umeleck\u00e9ho kolekt\u00edvu, pod gesciou ministerstva kult\u00fary. V\u00fdzvu na predkladanie nomin\u00e1ci\u00ed vyhlasuje ministerstvo kult\u00fary. Ka\u017ed\u00fd n\u00e1vrh pos\u00fadi v prvej f\u00e1ze najmenej jeden nez\u00e1visl\u00fd odborn\u00fd oponent \u2013 expert na pr\u00edslu\u0161n\u00fa oblas\u0165 nehmotn\u00e9ho kult\u00farneho dedi\u010dstva. V druhej f\u00e1ze posudzuje nomin\u00e1cie odborn\u00e1 komisia, ktor\u00e1 navrhne vybran\u00e9 prvky na z\u00e1pis do zoznamu a odobr\u00ed ich ministerka kult\u00fary. Implement\u00e1cia ochrann\u00fdch opatren\u00ed v\u0161etk\u00fdch zap\u00edsan\u00fdch prvkov sa monitoruje a vyhodnocuje pravidelne ka\u017ed\u00fdch \u0161es\u0165 rokov.<\/p>\n<figure id=\"attachment_5097\" aria-describedby=\"caption-attachment-5097\" style=\"width: 797px\" class=\"wp-caption aligncenter\"><img loading=\"lazy\" decoding=\"async\" class=\"size-full wp-image-5097\" src=\"http:\/\/skalickyobzor.sk\/cms\/wp-content\/uploads\/2022\/02\/DSC_7681.jpg\" alt=\"\" width=\"797\" height=\"531\" srcset=\"http:\/\/skalickyobzor.sk\/cms\/wp-content\/uploads\/2022\/02\/DSC_7681.jpg 797w, http:\/\/skalickyobzor.sk\/cms\/wp-content\/uploads\/2022\/02\/DSC_7681-300x200.jpg 300w, http:\/\/skalickyobzor.sk\/cms\/wp-content\/uploads\/2022\/02\/DSC_7681-768x512.jpg 768w\" sizes=\"auto, (max-width: 797px) 100vw, 797px\" \/><figcaption id=\"caption-attachment-5097\" class=\"wp-caption-text\">Foto: Eduard Timko<\/figcaption><\/figure>\n<p><strong>Na \u010do sl\u00fa\u017ei tak\u00fd reprezentat\u00edvny zoznam?<\/strong><br \/>\nJeho cie\u013eom je posilni\u0165 v spolo\u010dnosti vedomie a uznanie d\u00f4le\u017eitosti nehmotn\u00e9ho kult\u00farneho dedi\u010dstva, spr\u00edstupni\u0165 \u0161ir\u0161ej verejnosti jeho najv\u00fdznamnej\u0161ie prvky a z\u00e1rove\u0148 zd\u00f4razni\u0165 nevyhnutnos\u0165 ich ochrany a revitaliz\u00e1cie, podporova\u0165 \u00fa\u010das\u0165 nosite\u013eov trad\u00edci\u00ed a povzbudzova\u0165 ich pri propagovan\u00ed v\u0161etk\u00e9ho kr\u00e1sneho a\u00a0u\u017eito\u010dn\u00e9ho, \u010do vytvorili na\u0161i predkovia.<\/p>\n<p><strong>Ke\u010f\u017ee Eur\u00f3pska \u00fania uznala aj jedine\u010dnos\u0165 Skalick\u00e9ho rub\u00edna, m\u00e1 tento produkt \u0161ancu dosta\u0165 sa aj do <em>Reprezentat\u00edvneho zoznamu nehmotn\u00e9ho kult\u00farneho dedi\u010dstva Slovenska<\/em>?<\/strong><br \/>\nNepochybne m\u00e1, hoci v prvom kole nepre\u0161iel. Odborn\u00e1 komisia ho odmietla s t\u00fdm, \u017ee <em>\u201ekomer\u010dn\u00e9 gastro produkty nie s\u00fa opodstatnen\u00fdmi nomin\u00e1ciami\u201c<\/em>. Bolo to \u0161alam\u00fanske rozhodnutie, takpovediac nezrozumite\u013en\u00e9, akoby trdeln\u00edk nebol takisto komer\u010dn\u00fdm gastronomick\u00fdm produktom. \u013dudov\u00edt Br\u00e1neck\u00fd sa spr\u00e1vne rozhodol, \u017ee na Skalick\u00fd rub\u00edn pod\u00e1 \u017eiados\u0165 znovu s prec\u00edznej\u0161\u00edm a podrobnej\u0161\u00edm zd\u00f4vodnen\u00edm. Z\u00e1pis do reprezentat\u00edvneho zoznamu nepadne toti\u017e z\u00e1ujemcom len tak \u013eahko do lona. Mus\u00ed by\u0165 niekto, kto sa o to bude stara\u0165. Treba si poda\u0165 \u017eiados\u0165 a vyplni\u0165 pr\u00edslu\u0161n\u00e9 tla\u010div\u00e1. N\u00e1vrhy prvkov na z\u00e1pis do reprezentat\u00edvneho zoznamu m\u00f4\u017eu predklada\u0165 pr\u00e1vnick\u00e9 osoby i fyzick\u00e9 osoby, \u0161t\u00e1tne kult\u00farne a spolo\u010densk\u00e9 in\u0161tit\u00facie, ob\u010dianske zdru\u017eenia, nad\u00e1cie a \u010fal\u0161ie mimovl\u00e1dne organiz\u00e1cie, lok\u00e1lne spolo\u010denstv\u00e1.<\/p>\n<p><strong>\u010co sa zmenilo pre Skalick\u00fd trdeln\u00edk jeho z\u00e1pisom do zoznamu?<\/strong><br \/>\nPredkladatelia prvku s\u00fa po \u00faspe\u0161nom z\u00e1pise nosite\u013eom certifik\u00e1tu o z\u00e1pise prvku, zodpovedaj\u00fa za vypracov\u00e1vanie hodnotiacich spr\u00e1v o stave prvku. V tomto pr\u00edpade je to ob\u010dianske zdru\u017eenie Skalick\u00fd trdeln\u00edk. Nositelia certifik\u00e1tu m\u00f4\u017eu v z\u00e1ujme uchovania a zve\u013ea\u010fovania zap\u00edsan\u00e9ho prvku \u017eiada\u0165 pr\u00edslu\u0161n\u00e9 in\u0161tit\u00facie o dot\u00e1ciu. E\u0161te sa \u017eiada upozorni\u0165, \u017ee prvky a aktivity zap\u00edsan\u00e9 do <em>Reprezentat\u00edvneho zoznamu nehmotn\u00e9ho kult\u00farneho dedi\u010dstva Slovenska<\/em> v\u00fdrazne propaguje mobiln\u00e1 v\u00fdstava v troch jazykoch (slovenskom, anglickom, franc\u00fazskom). Od roku 2011 zav\u00edtala v\u00fdstava viackr\u00e1t do zahrani\u010dia, napr\u00edklad do Par\u00ed\u017ea, do s\u00eddla UNESCO, do Nemecka, Chorv\u00e1tska a podobne. Prirodzene, s ve\u013ek\u00fdm z\u00e1ujmom sa stretla aj v rozli\u010dn\u00fdch mest\u00e1ch na\u0161ej vlasti. V\u00fdstavu si mo\u017eno zapo\u017ei\u010da\u0165.<\/p>\n<figure id=\"attachment_5098\" aria-describedby=\"caption-attachment-5098\" style=\"width: 815px\" class=\"wp-caption aligncenter\"><img loading=\"lazy\" decoding=\"async\" class=\"size-full wp-image-5098\" src=\"http:\/\/skalickyobzor.sk\/cms\/wp-content\/uploads\/2022\/02\/Capture-ONE-11-2020120550.jpg\" alt=\"\" width=\"815\" height=\"612\" srcset=\"http:\/\/skalickyobzor.sk\/cms\/wp-content\/uploads\/2022\/02\/Capture-ONE-11-2020120550.jpg 815w, http:\/\/skalickyobzor.sk\/cms\/wp-content\/uploads\/2022\/02\/Capture-ONE-11-2020120550-300x225.jpg 300w, http:\/\/skalickyobzor.sk\/cms\/wp-content\/uploads\/2022\/02\/Capture-ONE-11-2020120550-768x577.jpg 768w, http:\/\/skalickyobzor.sk\/cms\/wp-content\/uploads\/2022\/02\/Capture-ONE-11-2020120550-678x509.jpg 678w, http:\/\/skalickyobzor.sk\/cms\/wp-content\/uploads\/2022\/02\/Capture-ONE-11-2020120550-326x245.jpg 326w, http:\/\/skalickyobzor.sk\/cms\/wp-content\/uploads\/2022\/02\/Capture-ONE-11-2020120550-80x60.jpg 80w\" sizes=\"auto, (max-width: 815px) 100vw, 815px\" \/><figcaption id=\"caption-attachment-5098\" class=\"wp-caption-text\">Foto: Eduard Timko<\/figcaption><\/figure>\n<p><strong>\u010eakujeme za rozhovor. Skalick\u00e9mu trdeln\u00edku \u017eel\u00e1me e\u0161te storo\u010dia sl\u00e1vy a\u00a0predov\u0161etk\u00fdm ob\u013e\u00fabenosti. Ver\u00edme, \u017ee Skalica m\u00e1 do zoznamu e\u0161te \u010do pon\u00faknu\u0165. Ako v\u00fdnimo\u010dn\u00fd poklad d\u00e1vame do pozornosti Skalick\u00fa mestsk\u00fa re\u010d, ktor\u00e1 by sa na zozname iste vyn\u00edmala.<\/strong><\/p>\n<p><em>Redakcia<\/em><\/p>\n<h4>Zo \u0161pecifik\u00e1cie Skalick\u00e9ho trdeln\u00edka, schv\u00e1lenej nariaden\u00edm Eur\u00f3pskej komisie \u010d. 1485\/2007zo 14. decembra 2007<\/h4>\n<p><strong>Opis:<\/strong> Skalick\u00fd trdeln\u00edk je jemn\u00e9 pe\u010divo tvaru dut\u00e9ho valca, s\u00a0vn\u00fatorn\u00fdm priemerom 3 \u2013 5 cm a\u00a0vonkaj\u0161\u00edm priemerom 6 \u2013 10 cm. Vyr\u00e1ba sa tradi\u010dn\u00fdm sp\u00f4sobom namotan\u00edm vykysnut\u00e9ho jemn\u00e9ho cesta na \u201etrdlo\u201c. Namotan\u00e9 cesto sa potrie roz\u0161\u013eahan\u00fdmi bielkami a\u00a0posype sekan\u00fdmi vla\u0161sk\u00fdmi orechmi alebo mand\u013eami, alebo marhu\u013eov\u00fdmi jadrami, alebo ich zmesou. N\u00e1sledne sa upe\u010die s\u00e1lav\u00fdm teplom do zlatista a\u00a0po upe\u010den\u00ed sa posype mlet\u00fdm cukrom zmie\u0161an\u00fdm s\u00a0vanilkov\u00fdm cukrom. Charakteristick\u00e9 senzorick\u00e9 vlastnosti s\u00fa dan\u00e9 posekan\u00fdmi orechmi, marhu\u013eov\u00fdmi jadrami, vanilkov\u00fdm cukrom a\u00a0sp\u00f4sobom pe\u010denia. Skalick\u00fd trdeln\u00edk sa na trhu pon\u00faka v\u00a0balen\u00ed jednotlivo, a\u00a0to v\u00a0dvoch ve\u013ekostiach odl\u00ed\u0161en\u00fdch hmotnos\u0165ou v\u00fdrobku. Z\u00e1kladn\u00e1 hmotnos\u0165 je 500 gramov, pri\u010dom je mo\u017en\u00e9 ho pon\u00faka\u0165 aj v\u00a0polovi\u010dnej hmotnosti 250 gramov, pri zachovan\u00ed z\u00e1kladn\u00fdch parametrov vonkaj\u0161ieho a\u00a0vn\u00fatorn\u00e9ho priemeru. Balenie Skalick\u00e9ho trdeln\u00edka je v\u00a0potravin\u00e1rskej f\u00f3lii, a\u00a0takto zabalen\u00fd m\u00f4\u017ee by\u0165 vlo\u017een\u00fd do papierov\u00e9ho obalu. Papierov\u00fd obal m\u00f4\u017ee by\u0165 potla\u010den\u00fd \u010diernobielou alebo farebnou potla\u010dou, pri\u010dom v\u00a0texte potla\u010de je pou\u017eit\u00e9 ozna\u010denie v\u00fdrobku \u201eSkalick\u00fd trdeln\u00edk\u201c.<\/p>\n<p><strong>Vlastnosti<\/strong><br \/>\n<strong>Farba:<\/strong> \u017elt\u00e1 zvn\u00fatra, povrch zlatohned\u00fd<br \/>\n<strong>Konzistencia:<\/strong> jemn\u00e1, nesmie by\u0165 tvrd\u00e1, l\u00e1mav\u00e1<br \/>\n<strong>V\u00f4\u0148a a\u00a0chu\u0165:<\/strong> lahodn\u00e1, pr\u00edjemn\u00e1 po pe\u010den\u00ed, posekan\u00fdch orechoch, marhu\u013eov\u00fdch jadr\u00e1ch, vanilke, nesmie by\u0165 kvasnicov\u00e1, zatuchnut\u00e1, dymov\u00e1<br \/>\n<strong>Zlo\u017eenie:<\/strong> Recept\u00fara cesta sa iba mierne odli\u0161uje u\u00a0r\u00f4znych v\u00fdrobcov.<br \/>\nNaj\u010dastej\u0161ie sa pou\u017e\u00edva cesto zlo\u017een\u00e9 z\u00a0uveden\u00fdch ingredienci\u00ed: p\u0161eni\u010dn\u00e1 m\u00faka polohrub\u00e1, vajcia, dro\u017edie, mlieko, kry\u0161t\u00e1lov\u00fd cukor, ar\u00f3ma na b\u00e1ze etyl-oxy-hydr\u00e1tu, citr\u00f3nov\u00e1 k\u00f4ra, so\u013e, mu\u0161k\u00e1tov\u00fd orech, posekan\u00e9 vla\u0161sk\u00e9 orechy, mandle, marhu\u013eov\u00e9 jadr\u00e1, brav\u010dov\u00e1 mas\u0165, rastlinn\u00fd olej, maslo, mlet\u00fd cukor, vanilkov\u00fd cukor.<\/p>\n<p><strong>Zemepisn\u00e1 oblas\u0165<\/strong><br \/>\nV\u00fdroba Skalick\u00e9ho trdeln\u00edka sa uskuto\u010d\u0148uje na vymedzenom \u00fazem\u00ed Slovenskej republiky, ohrani\u010denom zo severu \u0161t\u00e1tnou hranicou s\u00a0\u010ceskou republikou, z\u00e1padn\u00fa hranicu vymedzenej oblasti tvor\u00ed rieka Morava, ju\u017en\u00fa hranicu tvor\u00ed rieka Myjava a\u00a0v\u00fdchodn\u00fa hranicu od mesta Senica po \u0161t\u00e1tne hranice s\u00a0\u010ceskou republikou tvor\u00ed rieka Teplica.<\/p>\n<figure id=\"attachment_5099\" aria-describedby=\"caption-attachment-5099\" style=\"width: 794px\" class=\"wp-caption aligncenter\"><a href=\"http:\/\/skalickyobzor.sk\/cms\/wp-content\/uploads\/2022\/02\/XI-4-Mapa-okresov-trdelnik-003.jpg\"><img loading=\"lazy\" decoding=\"async\" class=\"wp-image-5099 size-full\" src=\"http:\/\/skalickyobzor.sk\/cms\/wp-content\/uploads\/2022\/02\/XI-4-Mapa-okresov-trdelnik-003.jpg\" alt=\"\" width=\"794\" height=\"896\" srcset=\"http:\/\/skalickyobzor.sk\/cms\/wp-content\/uploads\/2022\/02\/XI-4-Mapa-okresov-trdelnik-003.jpg 794w, http:\/\/skalickyobzor.sk\/cms\/wp-content\/uploads\/2022\/02\/XI-4-Mapa-okresov-trdelnik-003-266x300.jpg 266w, http:\/\/skalickyobzor.sk\/cms\/wp-content\/uploads\/2022\/02\/XI-4-Mapa-okresov-trdelnik-003-768x867.jpg 768w\" sizes=\"auto, (max-width: 794px) 100vw, 794px\" \/><\/a><figcaption id=\"caption-attachment-5099\" class=\"wp-caption-text\">Vy\u0161rafovan\u00e9 \u00fazemie vyzna\u010duje oblas\u0165, na ktorej mo\u017eno piec\u0165 origin\u00e1lny Skalick\u00fd trdeln\u00edk<\/figcaption><\/figure>\n","protected":false},"excerpt":{"rendered":"<div class=\"mh-excerpt\"><p>Na na\u0161om redak\u010dnom stole sa objavila kniha Pr\u00edbehy Skalick\u00e9ho rub\u00edna a\u00a0Skalick\u00e9ho trdeln\u00edka, ktor\u00e1 je skalick\u00fdm patriotom bl\u00edzka t\u00e9mou a\u00a0vz\u00e1cna obsahom. Hos\u0165om n\u00e1\u0161ho rozhovoru je jej autor, spisovate\u013e, publicista, prekladate\u013e, skalick\u00fd rod\u00e1k Pavol Dinka, pre ktor\u00e9ho <a class=\"mh-excerpt-more\" href=\"http:\/\/skalickyobzor.sk\/cms\/klenotom-zo-skalice-sa-pysi-cele-slovensko\/\" title=\"Klenotom zo Skalice sa p\u00fd\u0161i cel\u00e9 Slovensko\">[&#8230;]<\/a><\/p>\n<\/div>","protected":false},"author":1,"featured_media":5094,"comment_status":"closed","ping_status":"closed","sticky":false,"template":"","format":"standard","meta":{"footnotes":""},"categories":[2],"tags":[],"class_list":{"0":"post-5093","1":"post","2":"type-post","3":"status-publish","4":"format-standard","5":"has-post-thumbnail","7":"category-hlavna-tema"},"_links":{"self":[{"href":"http:\/\/skalickyobzor.sk\/cms\/wp-json\/wp\/v2\/posts\/5093","targetHints":{"allow":["GET"]}}],"collection":[{"href":"http:\/\/skalickyobzor.sk\/cms\/wp-json\/wp\/v2\/posts"}],"about":[{"href":"http:\/\/skalickyobzor.sk\/cms\/wp-json\/wp\/v2\/types\/post"}],"author":[{"embeddable":true,"href":"http:\/\/skalickyobzor.sk\/cms\/wp-json\/wp\/v2\/users\/1"}],"replies":[{"embeddable":true,"href":"http:\/\/skalickyobzor.sk\/cms\/wp-json\/wp\/v2\/comments?post=5093"}],"version-history":[{"count":3,"href":"http:\/\/skalickyobzor.sk\/cms\/wp-json\/wp\/v2\/posts\/5093\/revisions"}],"predecessor-version":[{"id":5102,"href":"http:\/\/skalickyobzor.sk\/cms\/wp-json\/wp\/v2\/posts\/5093\/revisions\/5102"}],"wp:featuredmedia":[{"embeddable":true,"href":"http:\/\/skalickyobzor.sk\/cms\/wp-json\/wp\/v2\/media\/5094"}],"wp:attachment":[{"href":"http:\/\/skalickyobzor.sk\/cms\/wp-json\/wp\/v2\/media?parent=5093"}],"wp:term":[{"taxonomy":"category","embeddable":true,"href":"http:\/\/skalickyobzor.sk\/cms\/wp-json\/wp\/v2\/categories?post=5093"},{"taxonomy":"post_tag","embeddable":true,"href":"http:\/\/skalickyobzor.sk\/cms\/wp-json\/wp\/v2\/tags?post=5093"}],"curies":[{"name":"wp","href":"https:\/\/api.w.org\/{rel}","templated":true}]}}