{"id":5117,"date":"2022-03-20T01:04:35","date_gmt":"2022-03-20T00:04:35","guid":{"rendered":"http:\/\/skalickyobzor.sk\/cms\/?p=5117"},"modified":"2022-03-20T01:10:20","modified_gmt":"2022-03-20T00:10:20","slug":"skalicke-priezviska-xx-dinka-gdo-je-tadi-z-jaderek","status":"publish","type":"post","link":"http:\/\/skalickyobzor.sk\/cms\/skalicke-priezviska-xx-dinka-gdo-je-tadi-z-jaderek\/","title":{"rendered":"Skalick\u00e9 priezvisk\u00e1 XX &#8211; Dinka &#8211; Gdo je tadi z j\u00e1d\u00e9rek?"},"content":{"rendered":"<p>Ak sa v\u00a0Skalici spomenie priezvisko Dinka, ihne\u010f sa n\u00e1m vybavia Pavol Dinka (*1942), skalick\u00fd rod\u00e1k, \u017eurnalista, spisovate\u013e, prekladate\u013e, \u010dlen Spolku slovensk\u00fdch spisovate\u013eov a\u00a0Anton Dinka (*1940), skalick\u00fd u\u010dite\u013e a\u00a0kult\u00farno-v\u00fdchovn\u00fd pracovn\u00edk, spisovate\u013e, dlhoro\u010dn\u00fd \u010dlen a\u00a0spolupracovn\u00edk folkl\u00f3rneho s\u00faboru Skali\u010dan, ryb\u00e1r, po\u013eovn\u00edk, ktor\u00fd z\u00edskal v\u00a0roku 2020 \u010destn\u00e9 ob\u010dianstvo mesta Skalica za svoju pr\u00e1cu a\u00a0dosiahnut\u00e9 v\u00fdsledky na poli kult\u00fary. Toto s\u00fa dve asi najzn\u00e1mej\u0161ie osobnosti Skalice, ktor\u00e9 nosia priezvisko Dinka.<\/p>\n<p>Dinkovia tvoria aj najv\u00e4\u010d\u0161iu etnick\u00fa skupinu v Ju\u017enom Sud\u00e1ne. V \u010dl\u00e1nku sa v\u0161ak nebudeme venova\u0165 ani sud\u00e1nskym Dinkom, ani horeuveden\u00fdm skalick\u00fdm osobnostiam, ktor\u00e9 by si to ur\u010dite zasl\u00fa\u017eili, ale pozrieme sa na to, kedy a ako sa priezvisko Dinka udom\u00e1cnilo v Skalici. P\u00f4vodom priezviska sa e\u0161te nik nezaoberal, ale n\u00e1m je p\u00f4vod jasn\u00fd a\u00a0jednozna\u010dn\u00fd. Priezvisko Dynka vzniklo na z\u00e1klade p\u00f4vodn\u00e9ho lexik\u00e1lneho v\u00fdznamu v\u00fdchodiskov\u00e9ho slova plodu dy\u0148a a\u00a0jeho zdrobnenia na dy\u0148ka \u2013 dinka (aj ke\u010f isto si ka\u017ed\u00fd pam\u00e4t\u00e1me na upozornenie mamy, ke\u010f sme po\u010das zimy i\u0161li von: \u201eZas nem\u00e1\u0161 nic na tej hl\u00fapej di\u0148i?\u201c). \u010ci\u017ee, pejorat\u00edvne slovo dy\u0148a znamen\u00e1 aj hlavu. Priezvisko sa vyskytuje aj v\u00a0tvare Dynka, \u010di Dy\u0148a alebo Di\u0148a.<\/p>\n<p>V\u00a0roku 1995 sa priezvisko Dinka na Slovensku nach\u00e1dzalo 110-kr\u00e1t v\u00a030 lokalit\u00e1ch. Naj\u010dastej\u0161ie v\u00a0bratislavskej \u010dasti Podunajsk\u00e9 Biskupice (22), nasledovali Skalica (13) a\u00a0Hol\u00ed\u010d (12). Priezvisko Dinkov\u00e1 sa na Slovensku nach\u00e1dzalo 140-kr\u00e1t v\u00a037 lokalit\u00e1ch. Naj\u010dastej\u0161ie op\u00e4\u0165 v\u00a0bratislavskej \u010dasti Podunajsk\u00e9 Biskupice (22), nasledovali Skalica (14) a\u00a0Hol\u00ed\u010d (11). V\u00a0s\u00fa\u010dasnosti nos\u00ed priezvisk\u00e1 Dinka v\u00a0Skalici osem mu\u017eov a\u00a0priezvisko Dinkov\u00e1 jeden\u00e1s\u0165 \u017eien.<\/p>\n<p>Prv\u00fd raz sa v p\u00edsomn\u00fdch matri\u010dn\u00fdch z\u00e1znamoch s t\u00fdmto priezviskom v regi\u00f3ne stret\u00e1me v roku 1688, kedy sa Andrejovi Dinkovi a jeho \u017eene Katar\u00edne v Hol\u00ed\u010di narodil syn Pavol (*15. 3. 1688). O desa\u0165 rokov nesk\u00f4r sa priezvisko vyskytuje vo Vr\u00e1di\u0161ti. To sa 3. 2. 1698 Jurajovi Dinkovi a jeho \u017eene Mar\u00edne narodila dc\u00e9ra, ktor\u00e1 dostala meno Dorota. Krstn\u00fdmi rodi\u010dmi jej boli Skali\u010dania Juraj Hortul\u00e1ni s man\u017eelkou Mar\u00ednou. Rodina sa uchytila vo Vr\u00e1di\u0161ti a rozrastala sa, \u010di\u017ee o gener\u00e1ciu nesk\u00f4r sa s potomkami u\u017e stret\u00e1vame nielen v Prietr\u017eke, ale aj v Skalici. Prv\u00fd z\u00e1znam je z roku 1736, kedy sa v Skalici Jozefovi Dinkovi a jeho \u017eene Barbare, rodenej Rozi\u010d\u00ednskej, narodil syn, ktor\u00fd dostal meno J\u00e1n Mikul\u00e1\u0161 (*27. 5. 1736).<\/p>\n<figure id=\"attachment_5118\" aria-describedby=\"caption-attachment-5118\" style=\"width: 738px\" class=\"wp-caption aligncenter\"><img loading=\"lazy\" decoding=\"async\" class=\"size-full wp-image-5118\" src=\"http:\/\/skalickyobzor.sk\/cms\/wp-content\/uploads\/2022\/03\/1.jpg\" alt=\"\" width=\"738\" height=\"446\" srcset=\"http:\/\/skalickyobzor.sk\/cms\/wp-content\/uploads\/2022\/03\/1.jpg 738w, http:\/\/skalickyobzor.sk\/cms\/wp-content\/uploads\/2022\/03\/1-300x181.jpg 300w\" sizes=\"auto, (max-width: 738px) 100vw, 738px\" \/><figcaption id=\"caption-attachment-5118\" class=\"wp-caption-text\">Detail pozn\u00e1mky zo skalickej r. k. matriky pokrsten\u00fdch o\u00a0uznan\u00ed otcovstva J\u00e1nom Dinkom a\u00a0o\u00a0legitimizovan\u00ed tohto die\u0165a\u0165a (J\u00e1na) sob\u00e1\u0161om. V\u0161etko sa to udialo v\u00a0roku 1892. Matkou die\u0165a\u0165a bola Barbara, rod. Hiranov\u00e1.<\/figcaption><\/figure>\n<p>V 50. rokoch 18. storo\u010dia sa v Skalici Martinovi Dinkovi a jeho \u017eene Mar\u00edne, rod. Bure\u0161ovej, narodili deti Ign\u00e1c (*1. 8. 1751), Anna (*15. 3. 1754) a Juraj (*25. 4. 1758). Od roku 1770 sa do konca 18. storo\u010dia narodilo do rod\u00edn Dinkovcov v Skalici, Vr\u00e1di\u0161ti a Prietr\u017eke 41 det\u00ed, z toho 24 chlapcov. V\u00a0roku 1782 sa Jurajovi Dinkovi a\u00a0jeho \u017eene Krist\u00edne, rod. Bu\u010dekovej (jej priezvisko je zap\u00edsan\u00e9 aj vo forme Bukva, \u010di Bukovec), narodila dc\u00e9ra Anna (*5. 7. 1782). Tento z\u00e1znam je zauj\u00edmav\u00fd z\u00a0toho h\u013eadiska, \u017ee rodi\u010dia s\u00fa tu ozna\u010den\u00ed ako skalick\u00ed me\u0161\u0165ania. \u010ci\u017ee, v\u00a0tomto obdob\u00ed (v\u00a0druhej polovici 18. storo\u010dia) bola rodina Dinkovcov \u201epripusten\u00e1\u201c medzi skalick\u00fdch me\u0161\u0165anov. Jurajovi Dinkovi a\u00a0jeho \u017eene sa narodili v\u00a0Skalici \u010fal\u0161ie deti, a\u00a0to Michal (*8. 8. 1784), Eva (*18. 12. 1786) a\u00a0Krist\u00edna (*15. 5. 1791). V\u00a0tomto obdob\u00ed \u017eil v\u00a0Skalici aj Martin Dinka, inak Kratina, so svojou man\u017eelkou Annou, rod. Kl\u00fa\u010dnikovou, ktor\u00ed sa honosili titulmi cives, teda me\u0161\u0165ania. Do tejto me\u0161tianskej rodiny sa narodili deti Pavol (*1788), Martin (*1794), Michal (*1797), Jozef (*1800), J\u00e1n (*1802) a\u00a0Al\u017ebeta (*1807). Skalick\u00fdmi me\u0161\u0165anmi boli aj Juraj Dinka a\u00a0jeho \u017eena\u00a0Krist\u00edna, rod. Kubov\u00e1. Im sa narodila dc\u00e9ra Al\u017ebeta (*1789). Titulom me\u0161\u0165ana sa honosil aj Adam Dinka s\u00a0man\u017eelkou Franti\u0161kou, rod. Milnerovou, ktor\u00fdm sa narodili deti Tom\u00e1\u0161 (*1795), Zuzana (*1797), Jozef Ign\u00e1c (*1800) a\u00a0Anna (*1801).<\/p>\n<p>V\u00a018. storo\u010d\u00ed sa g\u00e9ny vr\u00e1di\u0161tsk\u00fdch, prietr\u017esk\u00fdch i\u00a0skalick\u00fdch Dinkovcov premie\u0161ali s\u00a0rodinami Bu\u010dek (Bukva, Bukovec), Bure\u0161, \u010cech, Hojs\u00edk, Ihol, Jakub\u00e1\u010d, Jan\u00e1\u010d, K\u013e\u00fa\u010dnik, Kol\u00ednek, Kuba, Loprais,<br \/>\nMar\u0161ovsk\u00fd, Milner, Nejeschleba, Nem\u0161ovsk\u00fd, Rozi\u010d\u00ednsky, T\u00f3th a Va\u0161e\u010dka. Z t\u00fdchto rod\u00edn si mu\u017esk\u00ed potomkovia zobrali man\u017eelky. V\u00a019. storo\u010d\u00ed sa Dinkovci \u201espojili\u201c sob\u00e1\u0161mi s\u00a0\u010fal\u0161\u00edmi rodmi, ako napr\u00edklad Barto\u0161\u00edk, Bellay, Dufek, Hiran, Horn\u00ed\u010dek, Hreb\u00ed\u010dek, Kl\u00e1sek, Kobl\u00ed\u0161ek, Koci\u00e1n, Kon\u00ed\u010dek, Krajsa, Luk\u00e1\u010di, Nov\u00e1k, Smolinsk\u00fd, Tr\u00e1vni\u010dek a\u00a0Zemek. Mnoh\u00e9 z\u00a0t\u00fdchto priezvisk sa u\u017e v\u00a0Skalici nevyskytuj\u00fa.<\/p>\n<p>V\u00a0priebehu prvej polovice 19. storo\u010dia sa do rod\u00edn Dinkovcov narodilo 55 det\u00ed a\u00a0v\u00a0rokoch 1850 a\u017e 1895 34 det\u00ed. Z\u00a0literat\u00fary je zn\u00e1my M\u00f3ric Dinka (*28. 4. 1833), ktor\u00fd bol v\u00a0\u010ditate\u013eskom spolku, zalo\u017eenom Michalom Boorom 22. 3. 1874, pokladn\u00edkom. V\u00a0posledn\u00fdch dvoch dec\u00e9niach 19. storo\u010dia v\u00a0Skalici \u017eili tri Dinkovsk\u00e9 rodiny. Rodina J\u00e1na Dinku a\u00a0M\u00e1rie, rod. Kl\u00e1sekovej, ktor\u00e1 sa venovala svojmu hospod\u00e1rstvu a\u00a0\u017eila v\u00a0Skalici v\u00a0dome so s\u00fapisn\u00fdm \u010d\u00edslom 217. Rodina Michala Dinku a\u00a0M\u00e1rie, rod. Horn\u00ed\u010dkovej, b\u00fdvala na Hornom Majeri, \u010d\u00edslo domu 142, a\u00a0Michal \u017eivil rodinu ako oper\u00e1rius, \u010di\u017ee robotn\u00edk. Pod\u013ea Franti\u0161ka Buchtu (\u010dl\u00e1nok Autor obrazu Skalice v\u00a0ma\u010farskej literat\u00fare v\u00a0Hlase \u013eudu zo 6. 7. 1982) bol Michal Dinka \u010dlovek, ktor\u00e9mu zveril starostlivos\u0165 o\u00a0svoju z\u00e1hradu gener\u00e1l Gvad\u00e1ni. A\u00a0tre\u0165ou rodinou bola rodina J\u00e1na Dinku a\u00a0Barbary, rod. Hiranovej. B\u00fdvala na Dolnom Majeri \u010d. 47 a\u00a0J\u00e1n Dinka p\u00f4sobil ako mestsk\u00fd pastier (hajdu civitatis). Tento p\u00e1r neza\u010dal svoje spolu\u017eitie jednoducho. V\u00a0roku 1888 sa im narodil syn J\u00e1n (*21. 11. 1888) e\u0161te ako neman\u017eelsk\u00fd. J\u00e1n Dinka sa v\u0161ak dom\u00e1hal, aby bol v\u00a0matrike pokrsten\u00fdch zap\u00edsan\u00fd ako otec die\u0165a\u0165a. To sa aj stalo a\u00a0syn J\u00e1n bol legitimizovan\u00fd sob\u00e1\u0161om rodi\u010dov, ktor\u00fd sa uskuto\u010dnil a\u017e 19. 10. 1892.<\/p>\n<p>Nu\u017e, a\u00a0dvadsiate storo\u010die je spojen\u00e9 najm\u00e4 s\u00a0horeuveden\u00fdmi p\u00e1nmi Pavlom a\u00a0Antonom Dinkovcami, ktor\u00ed zanechali za sebou hlbok\u00fa \u201ebr\u00e1zdu\u201c najm\u00e4 na kult\u00farnom poli.<\/p>\n<p><em>Mgr. Vladim\u00edr Petrovi\u010d,<\/em><br \/>\n<em>geneal\u00f3g a\u00a0historik<\/em><\/p>\n","protected":false},"excerpt":{"rendered":"<div class=\"mh-excerpt\"><p>Ak sa v\u00a0Skalici spomenie priezvisko Dinka, ihne\u010f sa n\u00e1m vybavia Pavol Dinka (*1942), skalick\u00fd rod\u00e1k, \u017eurnalista, spisovate\u013e, prekladate\u013e, \u010dlen Spolku slovensk\u00fdch spisovate\u013eov a\u00a0Anton Dinka (*1940), skalick\u00fd u\u010dite\u013e a\u00a0kult\u00farno-v\u00fdchovn\u00fd pracovn\u00edk, spisovate\u013e, dlhoro\u010dn\u00fd \u010dlen a\u00a0spolupracovn\u00edk folkl\u00f3rneho s\u00faboru <a class=\"mh-excerpt-more\" href=\"http:\/\/skalickyobzor.sk\/cms\/skalicke-priezviska-xx-dinka-gdo-je-tadi-z-jaderek\/\" title=\"Skalick\u00e9 priezvisk\u00e1 XX &#8211; Dinka &#8211; Gdo je tadi z j\u00e1d\u00e9rek?\">[&#8230;]<\/a><\/p>\n<\/div>","protected":false},"author":48,"featured_media":17,"comment_status":"closed","ping_status":"closed","sticky":false,"template":"","format":"standard","meta":{"footnotes":""},"categories":[25],"tags":[],"class_list":{"0":"post-5117","1":"post","2":"type-post","3":"status-publish","4":"format-standard","5":"has-post-thumbnail","7":"category-skalicke-priezviska"},"_links":{"self":[{"href":"http:\/\/skalickyobzor.sk\/cms\/wp-json\/wp\/v2\/posts\/5117","targetHints":{"allow":["GET"]}}],"collection":[{"href":"http:\/\/skalickyobzor.sk\/cms\/wp-json\/wp\/v2\/posts"}],"about":[{"href":"http:\/\/skalickyobzor.sk\/cms\/wp-json\/wp\/v2\/types\/post"}],"author":[{"embeddable":true,"href":"http:\/\/skalickyobzor.sk\/cms\/wp-json\/wp\/v2\/users\/48"}],"replies":[{"embeddable":true,"href":"http:\/\/skalickyobzor.sk\/cms\/wp-json\/wp\/v2\/comments?post=5117"}],"version-history":[{"count":1,"href":"http:\/\/skalickyobzor.sk\/cms\/wp-json\/wp\/v2\/posts\/5117\/revisions"}],"predecessor-version":[{"id":5119,"href":"http:\/\/skalickyobzor.sk\/cms\/wp-json\/wp\/v2\/posts\/5117\/revisions\/5119"}],"wp:featuredmedia":[{"embeddable":true,"href":"http:\/\/skalickyobzor.sk\/cms\/wp-json\/wp\/v2\/media\/17"}],"wp:attachment":[{"href":"http:\/\/skalickyobzor.sk\/cms\/wp-json\/wp\/v2\/media?parent=5117"}],"wp:term":[{"taxonomy":"category","embeddable":true,"href":"http:\/\/skalickyobzor.sk\/cms\/wp-json\/wp\/v2\/categories?post=5117"},{"taxonomy":"post_tag","embeddable":true,"href":"http:\/\/skalickyobzor.sk\/cms\/wp-json\/wp\/v2\/tags?post=5117"}],"curies":[{"name":"wp","href":"https:\/\/api.w.org\/{rel}","templated":true}]}}