{"id":5145,"date":"2022-03-20T01:11:39","date_gmt":"2022-03-20T00:11:39","guid":{"rendered":"http:\/\/skalickyobzor.sk\/cms\/?p=5145"},"modified":"2022-03-20T01:11:00","modified_gmt":"2022-03-20T00:11:00","slug":"kralovsky-natroj-v-kralovskom-meste","status":"publish","type":"post","link":"http:\/\/skalickyobzor.sk\/cms\/kralovsky-natroj-v-kralovskom-meste\/","title":{"rendered":"Kr\u00e1\u013eovsk\u00fd n\u00e1troj v kr\u00e1\u013eovskom meste"},"content":{"rendered":"<p><em><strong>My, Skali\u010dania, sa hrdo hl\u00e1sime k\u00a0tomu, \u017ee sme kr\u00e1\u013eovsk\u00e9 mesto a\u00a0k\u00a0nemu ako tak\u00e9mu bezo sporu patr\u00ed aj kr\u00e1\u013eovsk\u00fd n\u00e1stroj \u2013 organ. A\u00a0ako sa na Skalicu patr\u00ed, pri\u00a0mno\u017estve in\u00fdch unik\u00e1tnost\u00ed, tak nem\u00e1me len jeden, ale hne\u010f \u0161es\u0165. Zara\u010fujeme sa tak ich po\u010dtom na po\u010det obyvate\u013eov do popredia slovensk\u00fdch miest. Ka\u017ed\u00fd z\u00a0organov m\u00e1 svoju hist\u00f3riu a\u00a0Skalica m\u00e1 ve\u013ea v\u00fdznamn\u00fdch organistov.<\/strong><\/em><br \/>\nPr\u00e1ve o\u00a0skalick\u00fdch organoch i\u00a0organistoch prin\u00e1\u0161ame nieko\u013eko \u010dl\u00e1nkov od na\u0161ich \u010ditate\u013eov a\u00a0rozhovory s\u00a0organistami. Osamote s\u00fa poh\u013eadmi z\u00a0r\u00f4znych str\u00e1n, no spolu vytv\u00e1raj\u00fa s\u00fazvuk ako dobr\u00fd n\u00e1stroj. Ver\u00edme, \u017ee sa v\u010faka \u010dl\u00e1nkom vo v\u00e1s prebud\u00ed aspo\u0148 zvedavos\u0165 a\u00a0mo\u017eno si k\u00a0organovej hudbe n\u00e1jdete svoju cestu.<\/p>\n<p>Redakcia<\/p>\n<hr \/>\n<h1>ORGANY V SKALICI<\/h1>\n<p><em><strong>Na po\u010diatku mil\u00e9nia sa skalick\u00e9 organy nach\u00e1dzali v \u0161tyroch chr\u00e1moch \u2013 vo farskom sv. Michala Archanjela, evanjelickom a. v., milosrdn\u00fdch bratov sv. Trojice a franti\u0161k\u00e1nskom Sedembolestnej Panny M\u00e1rie. V\u0161etky sl\u00fa\u017eili v\u00fdlu\u010dne na liturgick\u00e9 \u00fa\u010dely a organisti mali \u010dasto \u010do robi\u0165, aby ich v\u00f4bec udr\u017eali v prev\u00e1dzke a dok\u00e1zali nie\u010do zahra\u0165. V\u0161etky mali za sebou neodborn\u00e9 z\u00e1sahy, ktor\u00e9 sa javili ako rekon\u0161trukcie, ale naopak im viac \u010di menej u\u0161kodili. V roku 2004 sa za\u010dala unik\u00e1tna cesta rekon\u0161trukcie organov v Skalici. Dnes, v roku 2022, je v Skalici u\u017e \u0161es\u0165 organov, pri\u010dom p\u00e4\u0165 je rekon\u0161truovan\u00fdch a jeden novo postaven\u00fd. Mimoriadnu z\u00e1sluhu na tom maj\u00fa traja \u013eudia \u2013 b\u00fdval\u00fd prim\u00e1tor Skalice Ing. Stanislav Chovanec, \u010falej koncertn\u00fd organista, pedag\u00f3g, skladate\u013e a organiz\u00e1tor Mgr. Stanislav \u0160urin, PhD., a nakoniec re\u0161taur\u00e1tor organ\u00e1r J\u00e1n Valovi\u010d. Trochu nadnesene povedan\u00e9 \u2013 prv\u00fd tomu dal zelen\u00fa a podporu, druh\u00fd to zabezpe\u010dil mana\u017e\u00e9rsky a tret\u00ed, takpovediac, prinavr\u00e1til n\u00e1strojom \u017eivot.<\/strong><\/em><\/p>\n<p><img loading=\"lazy\" decoding=\"async\" class=\"aligncenter size-full wp-image-5151\" src=\"http:\/\/skalickyobzor.sk\/cms\/wp-content\/uploads\/2022\/03\/slovnicek.jpg\" alt=\"\" width=\"355\" height=\"549\" srcset=\"http:\/\/skalickyobzor.sk\/cms\/wp-content\/uploads\/2022\/03\/slovnicek.jpg 355w, http:\/\/skalickyobzor.sk\/cms\/wp-content\/uploads\/2022\/03\/slovnicek-194x300.jpg 194w\" sizes=\"auto, (max-width: 355px) 100vw, 355px\" \/><\/p>\n<h4>RADOS\u0164 I\u00a0STAROS\u0164<\/h4>\n<p>Organ je jednozna\u010dne najkomplikovanej\u0161\u00ed hudobn\u00fd n\u00e1stroj, no ide o st\u00e1ro\u010diami preveren\u00e9 technick\u00e9 rie\u0161enia a detailn\u00e9 remeseln\u00e9 vypracovanie. Srdcu organa mo\u017eno prirovna\u0165 vzdu\u0161nicu. Je to \u010das\u0165, ktor\u00e1 priv\u00e1dza vzduch k jednotliv\u00fdm p\u00ed\u0161\u0165al\u00e1m. Vo v\u0161eobecnosti je organ jedn\u00fdm z najdrah\u0161\u00edch vybaven\u00ed kostola. Pou\u017e\u00edvaj\u00fa sa \u0161peci\u00e1lne materi\u00e1ly, v\u00e4\u010d\u0161inou vyr\u00e1ban\u00e9 priamo na tento \u00fa\u010del, \u010do sa odzrkad\u013euje, samozrejme, aj v cen\u00e1ch. Taktie\u017e treba ma\u0165 na pam\u00e4ti aj na \u010das ve\u013emi n\u00e1ro\u010dn\u00fa a zd\u013ahav\u00fa pr\u00e1cu. Rovnako ako v\u00fdroba je n\u00e1ro\u010dn\u00e1 aj jeho \u00fadr\u017eba a\u00a0oprava. Pre predstavu, v\u00a0n\u00e1stroji vo farskom kostole je presne 1092 p\u00ed\u0161\u0165al, pri\u010dom ka\u017edej z\u00a0nich sa treba po\u010das opravy venova\u0165 viackr\u00e1t. Z\u00e1kladn\u00e9 \u010distenie a\u00a0ladenie sa odpor\u00fa\u010da priemerne ka\u017ed\u00fdch desa\u0165 rokov. Samozrejme, z\u00e1le\u017e\u00ed na viacer\u00fdch faktoroch, ak\u00fdmi s\u00fa zne\u010distenie prostredia, klimatick\u00e9 podmienky a\u00a0v\u00a0neposlednom rade ako \u010dasto sa n\u00e1stroj vyu\u017e\u00edva.<\/p>\n<figure id=\"attachment_5152\" aria-describedby=\"caption-attachment-5152\" style=\"width: 863px\" class=\"wp-caption aligncenter\"><img loading=\"lazy\" decoding=\"async\" class=\"size-full wp-image-5152\" src=\"http:\/\/skalickyobzor.sk\/cms\/wp-content\/uploads\/2022\/03\/Organ-v-evanjelickom-a.v.-kostole-rekonstrukcne-prace.jpg\" alt=\"\" width=\"863\" height=\"648\" srcset=\"http:\/\/skalickyobzor.sk\/cms\/wp-content\/uploads\/2022\/03\/Organ-v-evanjelickom-a.v.-kostole-rekonstrukcne-prace.jpg 863w, http:\/\/skalickyobzor.sk\/cms\/wp-content\/uploads\/2022\/03\/Organ-v-evanjelickom-a.v.-kostole-rekonstrukcne-prace-300x225.jpg 300w, http:\/\/skalickyobzor.sk\/cms\/wp-content\/uploads\/2022\/03\/Organ-v-evanjelickom-a.v.-kostole-rekonstrukcne-prace-768x577.jpg 768w, http:\/\/skalickyobzor.sk\/cms\/wp-content\/uploads\/2022\/03\/Organ-v-evanjelickom-a.v.-kostole-rekonstrukcne-prace-678x509.jpg 678w, http:\/\/skalickyobzor.sk\/cms\/wp-content\/uploads\/2022\/03\/Organ-v-evanjelickom-a.v.-kostole-rekonstrukcne-prace-326x245.jpg 326w, http:\/\/skalickyobzor.sk\/cms\/wp-content\/uploads\/2022\/03\/Organ-v-evanjelickom-a.v.-kostole-rekonstrukcne-prace-80x60.jpg 80w\" sizes=\"auto, (max-width: 863px) 100vw, 863px\" \/><figcaption id=\"caption-attachment-5152\" class=\"wp-caption-text\">Rekon\u0161truk\u010dn\u00e9 pr\u00e1ce na organe v\u00a0evanjelickom a.v. kostole<\/figcaption><\/figure>\n<h4>EVANJELICK\u00dd KOSTOL<\/h4>\n<p>D\u0148a 2. okt\u00f3bra 1797 bol vtedy v novom evanjelickom kostole in\u0161talovan\u00fd organ trnavsk\u00e9ho organ\u00e1ra Valentina Arnolda, ktor\u00fd zak\u00fapil za sto zlat\u00fdch Michael Langhoffer a daroval ho cirkvi. V roku 1839 bol nahraden\u00fd n\u00e1strojom, postaven\u00fdm Martinom \u0160a\u0161kom, rod\u00e1kom z Brezovej pod Bradlom, najv\u00fdznamnej\u0161\u00edm slovensk\u00fdm organ\u00e1rom 19. storo\u010dia. Nesk\u00f4r, pod r\u00f4znymi hudobn\u00fdmi vplyvmi, predov\u0161etk\u00fdm pod vplyvom romantizmu, bol n\u00e1stroj v roku 1897 zv\u00e4\u010d\u0161en\u00fd. Jeho \u017eiak Gust\u00e1v Adolf Moln\u00e1r ho v rokoch 1896\/97 roz\u0161\u00edril z jedn\u00e9ho manu\u00e1lu a 11 registrov na 2 manu\u00e1ly a 15 registrov. V roku 2004 u\u017e takmer nehrate\u013en\u00fd organ re\u0161taurovala firma re\u0161taur\u00e1tora organ\u00e1ra J\u00e1na Valovi\u010da zo Serede aj za finan\u010dn\u00e9ho prispenia mesta Skalica.<\/p>\n<figure id=\"attachment_5153\" aria-describedby=\"caption-attachment-5153\" style=\"width: 850px\" class=\"wp-caption aligncenter\"><img loading=\"lazy\" decoding=\"async\" class=\"size-full wp-image-5153\" src=\"http:\/\/skalickyobzor.sk\/cms\/wp-content\/uploads\/2022\/03\/Organ-v-evanjelickom-a.v.-kostole-po-rekonstrukcii.jpg\" alt=\"\" width=\"850\" height=\"567\" srcset=\"http:\/\/skalickyobzor.sk\/cms\/wp-content\/uploads\/2022\/03\/Organ-v-evanjelickom-a.v.-kostole-po-rekonstrukcii.jpg 850w, http:\/\/skalickyobzor.sk\/cms\/wp-content\/uploads\/2022\/03\/Organ-v-evanjelickom-a.v.-kostole-po-rekonstrukcii-300x200.jpg 300w, http:\/\/skalickyobzor.sk\/cms\/wp-content\/uploads\/2022\/03\/Organ-v-evanjelickom-a.v.-kostole-po-rekonstrukcii-768x512.jpg 768w\" sizes=\"auto, (max-width: 850px) 100vw, 850px\" \/><figcaption id=\"caption-attachment-5153\" class=\"wp-caption-text\">Organ v\u00a0evanjelickom a.v. kostole po rekon\u0161trukcii<\/figcaption><\/figure>\n<h4>FRANTI\u0160K\u00c1NSKY KOSTOL<\/h4>\n<p>O tom, kedy bol na ch\u00f3r franti\u0161k\u00e1nskeho kostola postaven\u00fd prv\u00fd organ, inform\u00e1cie nem\u00e1me. Prv\u00e1 zmienka je z roku 1729, roku ve\u013ekej pohromy pre Skalicu, kedy 5. septembra obrovsk\u00fd po\u017eiar zni\u010dil zna\u010dn\u00fa \u010das\u0165 mesta a medzi stavbami, ktor\u00e9 vtedy \u013eahli popolom, bola i fara a franti\u0161k\u00e1nsky kostol s kl\u00e1\u0161torom. Zni\u010den\u00fd bol organ, zvony, mnoh\u00e9 cenn\u00e9 pergamenov\u00e9 gradu\u00e1ly a \u010fal\u0161ie p\u00edsomnosti. V roku 1759 postavil pr\u00edslu\u0161n\u00edk franti\u0161k\u00e1nskej rehole Fr. Peregr\u00edn Werner organ, ktor\u00fd sa v\u0161ak nezachoval. V rokoch 1863\/64 sa uskuto\u010dnila v\u00fdmena organu za nov\u00fd \u2013 organ majstra Samuela Vagnera za 1200 zlat\u00fdch. V\u00a0roku 1930 si u\u00a0firmy Rieger z\u00a0Krnova zaobstarali franti\u0161k\u00e1ni nov\u00fd organ, preto\u017ee star\u00fd z\u00a0roku 1864 bol u\u017e v\u00a0zlom stave. Po neodborn\u00fdch z\u00e1sahoch bol aj tento n\u00e1stroj na za\u010diatku nov\u00e9ho tis\u00edcro\u010dia vo ve\u013emi zlom stave. Mesto Skalica kompletne financovalo jeho gener\u00e1lnu rekon\u0161trukciu, ktor\u00e1 sa uskuto\u010dnila v\u00a0roku 2005. Vykonala ju firma re\u0161taur\u00e1tora organ\u00e1ra J\u00e1na Valovi\u010da.<\/p>\n<figure id=\"attachment_5154\" aria-describedby=\"caption-attachment-5154\" style=\"width: 850px\" class=\"wp-caption aligncenter\"><img loading=\"lazy\" decoding=\"async\" class=\"size-full wp-image-5154\" src=\"http:\/\/skalickyobzor.sk\/cms\/wp-content\/uploads\/2022\/03\/Organ-vo-frantiskanskom-kostole-po-rekonstrukcii.jpg\" alt=\"\" width=\"850\" height=\"567\" srcset=\"http:\/\/skalickyobzor.sk\/cms\/wp-content\/uploads\/2022\/03\/Organ-vo-frantiskanskom-kostole-po-rekonstrukcii.jpg 850w, http:\/\/skalickyobzor.sk\/cms\/wp-content\/uploads\/2022\/03\/Organ-vo-frantiskanskom-kostole-po-rekonstrukcii-300x200.jpg 300w, http:\/\/skalickyobzor.sk\/cms\/wp-content\/uploads\/2022\/03\/Organ-vo-frantiskanskom-kostole-po-rekonstrukcii-768x512.jpg 768w\" sizes=\"auto, (max-width: 850px) 100vw, 850px\" \/><figcaption id=\"caption-attachment-5154\" class=\"wp-caption-text\">Organ vo franti\u0161k\u00e1nskom kostole po rekon\u0161trukcii<\/figcaption><\/figure>\n<figure id=\"attachment_5155\" aria-describedby=\"caption-attachment-5155\" style=\"width: 850px\" class=\"wp-caption aligncenter\"><img loading=\"lazy\" decoding=\"async\" class=\"size-full wp-image-5155\" src=\"http:\/\/skalickyobzor.sk\/cms\/wp-content\/uploads\/2022\/03\/Organ-vo-frantiskanskom-kostole-pistalovy-fond-pred-opravou.jpg\" alt=\"\" width=\"850\" height=\"638\" srcset=\"http:\/\/skalickyobzor.sk\/cms\/wp-content\/uploads\/2022\/03\/Organ-vo-frantiskanskom-kostole-pistalovy-fond-pred-opravou.jpg 850w, http:\/\/skalickyobzor.sk\/cms\/wp-content\/uploads\/2022\/03\/Organ-vo-frantiskanskom-kostole-pistalovy-fond-pred-opravou-300x225.jpg 300w, http:\/\/skalickyobzor.sk\/cms\/wp-content\/uploads\/2022\/03\/Organ-vo-frantiskanskom-kostole-pistalovy-fond-pred-opravou-768x576.jpg 768w, http:\/\/skalickyobzor.sk\/cms\/wp-content\/uploads\/2022\/03\/Organ-vo-frantiskanskom-kostole-pistalovy-fond-pred-opravou-678x509.jpg 678w, http:\/\/skalickyobzor.sk\/cms\/wp-content\/uploads\/2022\/03\/Organ-vo-frantiskanskom-kostole-pistalovy-fond-pred-opravou-326x245.jpg 326w, http:\/\/skalickyobzor.sk\/cms\/wp-content\/uploads\/2022\/03\/Organ-vo-frantiskanskom-kostole-pistalovy-fond-pred-opravou-80x60.jpg 80w\" sizes=\"auto, (max-width: 850px) 100vw, 850px\" \/><figcaption id=\"caption-attachment-5155\" class=\"wp-caption-text\">Organ vo franti\u0161k\u00e1nskom kostole \u2013 p\u00ed\u0161\u0165alov\u00fd fond pred opravou<\/figcaption><\/figure>\n<figure id=\"attachment_5156\" aria-describedby=\"caption-attachment-5156\" style=\"width: 850px\" class=\"wp-caption aligncenter\"><img loading=\"lazy\" decoding=\"async\" class=\"size-full wp-image-5156\" src=\"http:\/\/skalickyobzor.sk\/cms\/wp-content\/uploads\/2022\/03\/Organ-vo-frantiskanskom-kostole-pistalovy-fond-po-rekonstrukcii.jpg\" alt=\"\" width=\"850\" height=\"638\" srcset=\"http:\/\/skalickyobzor.sk\/cms\/wp-content\/uploads\/2022\/03\/Organ-vo-frantiskanskom-kostole-pistalovy-fond-po-rekonstrukcii.jpg 850w, http:\/\/skalickyobzor.sk\/cms\/wp-content\/uploads\/2022\/03\/Organ-vo-frantiskanskom-kostole-pistalovy-fond-po-rekonstrukcii-300x225.jpg 300w, http:\/\/skalickyobzor.sk\/cms\/wp-content\/uploads\/2022\/03\/Organ-vo-frantiskanskom-kostole-pistalovy-fond-po-rekonstrukcii-768x576.jpg 768w, http:\/\/skalickyobzor.sk\/cms\/wp-content\/uploads\/2022\/03\/Organ-vo-frantiskanskom-kostole-pistalovy-fond-po-rekonstrukcii-678x509.jpg 678w, http:\/\/skalickyobzor.sk\/cms\/wp-content\/uploads\/2022\/03\/Organ-vo-frantiskanskom-kostole-pistalovy-fond-po-rekonstrukcii-326x245.jpg 326w, http:\/\/skalickyobzor.sk\/cms\/wp-content\/uploads\/2022\/03\/Organ-vo-frantiskanskom-kostole-pistalovy-fond-po-rekonstrukcii-80x60.jpg 80w\" sizes=\"auto, (max-width: 850px) 100vw, 850px\" \/><figcaption id=\"caption-attachment-5156\" class=\"wp-caption-text\">Organ vo franti\u0161k\u00e1nskom kostole \u2013 p\u00ed\u0161\u0165alov\u00fd fond po rekon\u0161trukcii<\/figcaption><\/figure>\n<h4>FARSK\u00dd KOSTOL<\/h4>\n<p>Ani v pr\u00edpade farsk\u00e9ho kostola nem\u00e1me inform\u00e1cie o tom, kedy a k\u00fdm bol postaven\u00fd prv\u00fd organ. Jeho existenciu nepriamo doklad\u00e1 zamestnanie organistu Jakuba Edvarda s ro\u010dn\u00fdm platom 36 zlat\u00fdch a 12 mer\u00edc ra\u017ei v roku 1615. V roku 1619 sa mesto dohodlo s pra\u017esk\u00fdm organ\u00e1rom Tobi\u00e1\u0161om Hanzelom, aby v chr\u00e1me postavil nov\u00fd organ. Od polovice 17. storo\u010dia s\u00fa pramene na \u00fadaje \u0161tedrej\u0161ie. Predov\u0161etk\u00fdm sa spom\u00ednaj\u00fa \u010fal\u0161\u00ed organisti, \u010do je znakom toho, \u017ee organ v kostole bol. Od 3. do 15. septembra 1643 pob\u00fdval v Skalici panovn\u00edk Ferdinand III. S touto n\u00e1v\u0161tevou akiste s\u00favis\u00ed fakt, \u017ee v roku 1646 daroval kostolu organ, ktor\u00fd zhotovila diel\u0148a v\u00fdznamn\u00e9ho viedensk\u00e9ho majstra Johanna Woeckerleho za pomoci Daniela Bauera zo \u0160trasburgu, Ign\u00e1ca Pfeifera z Te\u0161\u00edna a spolo\u010dn\u00edka Josefa Zolnaja. Organ bol jednomanu\u00e1lov\u00fd so 14 registrami.<\/p>\n<figure id=\"attachment_5157\" aria-describedby=\"caption-attachment-5157\" style=\"width: 850px\" class=\"wp-caption aligncenter\"><img loading=\"lazy\" decoding=\"async\" class=\"size-full wp-image-5157\" src=\"http:\/\/skalickyobzor.sk\/cms\/wp-content\/uploads\/2022\/03\/Organ-vo-farskom-kostole-novy-hraci-stol-v-dielni-v-Rakusku.jpg\" alt=\"\" width=\"850\" height=\"565\" srcset=\"http:\/\/skalickyobzor.sk\/cms\/wp-content\/uploads\/2022\/03\/Organ-vo-farskom-kostole-novy-hraci-stol-v-dielni-v-Rakusku.jpg 850w, http:\/\/skalickyobzor.sk\/cms\/wp-content\/uploads\/2022\/03\/Organ-vo-farskom-kostole-novy-hraci-stol-v-dielni-v-Rakusku-300x199.jpg 300w, http:\/\/skalickyobzor.sk\/cms\/wp-content\/uploads\/2022\/03\/Organ-vo-farskom-kostole-novy-hraci-stol-v-dielni-v-Rakusku-768x510.jpg 768w\" sizes=\"auto, (max-width: 850px) 100vw, 850px\" \/><figcaption id=\"caption-attachment-5157\" class=\"wp-caption-text\">Organ vo farskom kostole \u2013 nov\u00fd hrac\u00ed st\u00f4l v\u00a0dielni v\u00a0Rak\u00fasku<\/figcaption><\/figure>\n<p>P\u00f4vodn\u00e1 organov\u00e1 skri\u0148a je zachovan\u00e1 dodnes. N\u00e1stroj v roku 1791 zv\u00e4\u010d\u0161il a upravil Valentin Arnold. Roz\u0161\u00edril ho o pozit\u00edv a po prestavbe mal 21 registrov. Z d\u00f4vodu zmeny dobov\u00e9ho vkusu a snahy o moderniz\u00e1ciu v\u0161ak bol bez zdokumentovania odstr\u00e1nen\u00fd a v roku 1926 nahraden\u00fd nov\u00fdm pneumatick\u00fdm organom. T\u00fdm sa prakticky zni\u010dil n\u00e1stroj, ktor\u00fd by dnes patril k najvz\u00e1cnej\u0161\u00edm organov\u00fdm pamiatkam stredoeur\u00f3pskeho regi\u00f3nu. Historick\u00fd organ nahradil tov\u00e1rensk\u00fd n\u00e1stroj firmy Jozef Melzer z Kutnej Hory, ktor\u00fd mal 19 registrov. A podobne, ako predch\u00e1dzaj\u00face dva, bol po neodborn\u00fdch z\u00e1sahoch v roku 2006 takmer nefunk\u010dn\u00fd. Po vz\u00e1jomnej dohode r\u00edm. \u2013 kat. farnosti a mesta Skalica o spolo\u010dnom financovan\u00ed, nov\u00fd n\u00e1stroj vyrobila rak\u00faska firma Walcker-Mayer rokoch 2006-2007 a re\u0161taurovan\u00e1 bola vz\u00e1cna organov\u00e1 skri\u0148a. Organ sa sklad\u00e1 z troch hlavn\u00fdch \u010dast\u00ed, a to z hlavnej organovej skrine, pred \u0148ou umiestnenej men\u0161ej skrine (pozit\u00edvu) v z\u00e1bradl\u00ed ch\u00f3ru a hracieho stola. Ka\u017ed\u00e1 t\u00e1to \u010das\u0165 sa sklad\u00e1 zo zop\u00e1r tis\u00edc men\u0161\u00edch \u010di v\u00e4\u010d\u0161\u00edch komponentov. Posledn\u00fa opravu realizoval organ\u00e1r Peter Marcel Macejka.<\/p>\n<figure id=\"attachment_5158\" aria-describedby=\"caption-attachment-5158\" style=\"width: 850px\" class=\"wp-caption aligncenter\"><img loading=\"lazy\" decoding=\"async\" class=\"size-full wp-image-5158\" src=\"http:\/\/skalickyobzor.sk\/cms\/wp-content\/uploads\/2022\/03\/Organ-vo-farskom-kostole-novy-nastroj-restaurovana-historicka-skrina.jpg\" alt=\"\" width=\"850\" height=\"567\" srcset=\"http:\/\/skalickyobzor.sk\/cms\/wp-content\/uploads\/2022\/03\/Organ-vo-farskom-kostole-novy-nastroj-restaurovana-historicka-skrina.jpg 850w, http:\/\/skalickyobzor.sk\/cms\/wp-content\/uploads\/2022\/03\/Organ-vo-farskom-kostole-novy-nastroj-restaurovana-historicka-skrina-300x200.jpg 300w, http:\/\/skalickyobzor.sk\/cms\/wp-content\/uploads\/2022\/03\/Organ-vo-farskom-kostole-novy-nastroj-restaurovana-historicka-skrina-768x512.jpg 768w\" sizes=\"auto, (max-width: 850px) 100vw, 850px\" \/><figcaption id=\"caption-attachment-5158\" class=\"wp-caption-text\">Organ vo farskom kostole \u2013 nov\u00fd n\u00e1stroj, re\u0161taurovan\u00e1 historick\u00e1 skri\u0148a<\/figcaption><\/figure>\n<h4>JEZUITSK\u00dd KOSTOL<\/h4>\n<p>Pramene neuv\u00e1dzaj\u00fa, kedy a k\u00fdm bol organ v kostole jezuitov postaven\u00fd. M\u00f4\u017eeme predpoklada\u0165, \u017ee sa ho jezuiti sna\u017eili postavi\u0165 \u010do najsk\u00f4r po dostavan\u00ed chr\u00e1mu (1725), ale d\u00f4kazy pre tento predpoklad ch\u00fdbaj\u00fa. V prame\u0148och a literat\u00fare nach\u00e1dzame iba nieko\u013eko zmienok, ktor\u00e9 nepriamo poukazuj\u00fa na to, \u017ee medzi pedag\u00f3gmi boli organisti, teda, regenschori. E\u0161te v druhej polovici 20. storo\u010dia boli na ch\u00f3re zvy\u0161ky organu.<\/p>\n<figure id=\"attachment_5159\" aria-describedby=\"caption-attachment-5159\" style=\"width: 533px\" class=\"wp-caption aligncenter\"><img loading=\"lazy\" decoding=\"async\" class=\"size-full wp-image-5159\" src=\"http:\/\/skalickyobzor.sk\/cms\/wp-content\/uploads\/2022\/03\/Anglicky-organ-v-jezuitskom-kostole-slavnostny-koncert-pri-prilezitosti-inauguracie-organu.jpg\" alt=\"\" width=\"533\" height=\"800\" srcset=\"http:\/\/skalickyobzor.sk\/cms\/wp-content\/uploads\/2022\/03\/Anglicky-organ-v-jezuitskom-kostole-slavnostny-koncert-pri-prilezitosti-inauguracie-organu.jpg 533w, http:\/\/skalickyobzor.sk\/cms\/wp-content\/uploads\/2022\/03\/Anglicky-organ-v-jezuitskom-kostole-slavnostny-koncert-pri-prilezitosti-inauguracie-organu-200x300.jpg 200w\" sizes=\"auto, (max-width: 533px) 100vw, 533px\" \/><figcaption id=\"caption-attachment-5159\" class=\"wp-caption-text\">Sl\u00e1vnostn\u00fd koncert pri pr\u00edle\u017eitosti inaugur\u00e1cie anglick\u00e9ho organu v\u00a0jezuitskom kostole<\/figcaption><\/figure>\n<p>Mesto Skalica sa v roku 2008 rozhodlo k\u00fapi\u0165 historick\u00fd romantick\u00fd n\u00e1stroj z konca 19. storo\u010dia z anglick\u00e9ho mesta Sheffield. Zrekon\u0161truovala ho a do jednej z bo\u010dn\u00fdch kaplniek kostola in\u0161talovala op\u00e4\u0165 firma re\u0161taur\u00e1tora organ\u00e1ra J\u00e1na Valovi\u010da. Zav\u0155\u0161en\u00edm cesty obnovy skalick\u00fdch organov bude in\u0161talovanie historick\u00e9ho organu Vincenta Mo\u017en\u00e9ho, p\u00f4vode in\u0161talovan\u00e9ho v roku 1882 v podve\u017e\u00ed ch\u00f3ru v D\u00f3me sv. Martina v Bratislave. Ten ust\u00fapil nov\u00e9mu modern\u00e9mu n\u00e1stroju a rozhodlo sa, \u017ee po rekon\u0161trukcii a re\u0161taurovan\u00ed bude postaven\u00fd na ch\u00f3re jezuitsk\u00e9ho kostola v Skalici. Tu ho aktu\u00e1lne stavia diel\u0148a re\u0161taur\u00e1tora organ\u00e1ra J\u00e1na Valovi\u010da.<\/p>\n<figure id=\"attachment_5160\" aria-describedby=\"caption-attachment-5160\" style=\"width: 850px\" class=\"wp-caption aligncenter\"><img loading=\"lazy\" decoding=\"async\" class=\"size-full wp-image-5160\" src=\"http:\/\/skalickyobzor.sk\/cms\/wp-content\/uploads\/2022\/03\/Anglicky-organ-v-jezuitskom-kostole-instalovanie.jpg\" alt=\"\" width=\"850\" height=\"567\" srcset=\"http:\/\/skalickyobzor.sk\/cms\/wp-content\/uploads\/2022\/03\/Anglicky-organ-v-jezuitskom-kostole-instalovanie.jpg 850w, http:\/\/skalickyobzor.sk\/cms\/wp-content\/uploads\/2022\/03\/Anglicky-organ-v-jezuitskom-kostole-instalovanie-300x200.jpg 300w, http:\/\/skalickyobzor.sk\/cms\/wp-content\/uploads\/2022\/03\/Anglicky-organ-v-jezuitskom-kostole-instalovanie-768x512.jpg 768w\" sizes=\"auto, (max-width: 850px) 100vw, 850px\" \/><figcaption id=\"caption-attachment-5160\" class=\"wp-caption-text\">In\u0161talovanie anglick\u00e9ho organu v\u00a0jezuitskom kostole<\/figcaption><\/figure>\n<figure id=\"attachment_5161\" aria-describedby=\"caption-attachment-5161\" style=\"width: 850px\" class=\"wp-caption aligncenter\"><img loading=\"lazy\" decoding=\"async\" class=\"size-full wp-image-5161\" src=\"http:\/\/skalickyobzor.sk\/cms\/wp-content\/uploads\/2022\/03\/Anglicky-organ-v-jezuitskom-kostole-pistalovy-fond.jpg\" alt=\"\" width=\"850\" height=\"567\" srcset=\"http:\/\/skalickyobzor.sk\/cms\/wp-content\/uploads\/2022\/03\/Anglicky-organ-v-jezuitskom-kostole-pistalovy-fond.jpg 850w, http:\/\/skalickyobzor.sk\/cms\/wp-content\/uploads\/2022\/03\/Anglicky-organ-v-jezuitskom-kostole-pistalovy-fond-300x200.jpg 300w, http:\/\/skalickyobzor.sk\/cms\/wp-content\/uploads\/2022\/03\/Anglicky-organ-v-jezuitskom-kostole-pistalovy-fond-768x512.jpg 768w\" sizes=\"auto, (max-width: 850px) 100vw, 850px\" \/><figcaption id=\"caption-attachment-5161\" class=\"wp-caption-text\">Anglick\u00fd organ v\u00a0jezuitskom kostole \u2013 p\u00ed\u0161\u0165alov\u00fd fond<\/figcaption><\/figure>\n<figure id=\"attachment_5162\" aria-describedby=\"caption-attachment-5162\" style=\"width: 850px\" class=\"wp-caption aligncenter\"><img loading=\"lazy\" decoding=\"async\" class=\"size-full wp-image-5162\" src=\"http:\/\/skalickyobzor.sk\/cms\/wp-content\/uploads\/2022\/03\/Zaciatok-prac-na-umiestneni-restaurovaneho-organu-v-jezuitskom-kostole.jpg\" alt=\"\" width=\"850\" height=\"567\" srcset=\"http:\/\/skalickyobzor.sk\/cms\/wp-content\/uploads\/2022\/03\/Zaciatok-prac-na-umiestneni-restaurovaneho-organu-v-jezuitskom-kostole.jpg 850w, http:\/\/skalickyobzor.sk\/cms\/wp-content\/uploads\/2022\/03\/Zaciatok-prac-na-umiestneni-restaurovaneho-organu-v-jezuitskom-kostole-300x200.jpg 300w, http:\/\/skalickyobzor.sk\/cms\/wp-content\/uploads\/2022\/03\/Zaciatok-prac-na-umiestneni-restaurovaneho-organu-v-jezuitskom-kostole-768x512.jpg 768w\" sizes=\"auto, (max-width: 850px) 100vw, 850px\" \/><figcaption id=\"caption-attachment-5162\" class=\"wp-caption-text\">Za\u010diatok pr\u00e1c na umiestnen\u00ed re\u0161taurovan\u00e9ho organu v\u00a0jezuitskom kostole<\/figcaption><\/figure>\n<figure id=\"attachment_5163\" aria-describedby=\"caption-attachment-5163\" style=\"width: 706px\" class=\"wp-caption aligncenter\"><img loading=\"lazy\" decoding=\"async\" class=\"size-full wp-image-5163\" src=\"http:\/\/skalickyobzor.sk\/cms\/wp-content\/uploads\/2022\/03\/Vizualizacia-umiestnenia-organu-v-jezuitskom-kostole.jpg\" alt=\"\" width=\"706\" height=\"800\" srcset=\"http:\/\/skalickyobzor.sk\/cms\/wp-content\/uploads\/2022\/03\/Vizualizacia-umiestnenia-organu-v-jezuitskom-kostole.jpg 706w, http:\/\/skalickyobzor.sk\/cms\/wp-content\/uploads\/2022\/03\/Vizualizacia-umiestnenia-organu-v-jezuitskom-kostole-265x300.jpg 265w\" sizes=\"auto, (max-width: 706px) 100vw, 706px\" \/><figcaption id=\"caption-attachment-5163\" class=\"wp-caption-text\">Vizualiz\u00e1cia umiestnenia organu v\u00a0jezuitskom kostole<\/figcaption><\/figure>\n<h4>UNIK\u00c1TNA AKTIVITA<\/h4>\n<p>V\u0161etko sa to za\u010dalo pred osemn\u00e1stimi rokmi skromn\u00fdm projektom obnovy prv\u00e9ho organu. Odvety sa v Skalici udial bezprecedentn\u00fd po\u010din v oblasti renovovania organov, ak\u00fd by sme asi m\u00e1lokde inde na svete na\u0161li. V jednom relat\u00edvne malom meste boli kompletne opraven\u00e9 dva organy, zak\u00fapil sa historick\u00fd organ z Anglicka, postaven\u00fd bol \u00faplne nov\u00fd a napokon tu pribudne e\u0161te jeden z jednej z najv\u00fdznamnej\u0161\u00edch pam\u00e4tihodnost\u00ed tejto krajiny \u2013 korunova\u010dn\u00e9ho D\u00f3mu sv. Martina v Bratislave. Je za nami unik\u00e1tna cesta prinavr\u00e1tenia lesku, obnovy a rozvoja n\u00e1\u0161ho kult\u00farneho dedi\u010dstva.<\/p>\n<figure id=\"attachment_5164\" aria-describedby=\"caption-attachment-5164\" style=\"width: 600px\" class=\"wp-caption aligncenter\"><img loading=\"lazy\" decoding=\"async\" class=\"size-full wp-image-5164\" src=\"http:\/\/skalickyobzor.sk\/cms\/wp-content\/uploads\/2022\/03\/Organ-v-Dome-sv.-Martina-v-BA.jpg\" alt=\"\" width=\"600\" height=\"800\" srcset=\"http:\/\/skalickyobzor.sk\/cms\/wp-content\/uploads\/2022\/03\/Organ-v-Dome-sv.-Martina-v-BA.jpg 600w, http:\/\/skalickyobzor.sk\/cms\/wp-content\/uploads\/2022\/03\/Organ-v-Dome-sv.-Martina-v-BA-225x300.jpg 225w\" sizes=\"auto, (max-width: 600px) 100vw, 600px\" \/><figcaption id=\"caption-attachment-5164\" class=\"wp-caption-text\">Organ v\u00a0D\u00f3me sv. Martina v\u00a0Bratislave<\/figcaption><\/figure>\n<p>Mal som mo\u017enos\u0165 kompletne zdokumentova\u0165 kamerou i\u00a0fotoapar\u00e1tom t\u00fato dlh\u00fa cestu obnovy skalick\u00fdch organov. To, \u010do je pre be\u017en\u00e9ho \u010dloveka schovan\u00e9 naj\u010dastej\u0161ie na ch\u00f3re kostola a\u00a0e\u0161te k\u00a0tomu za tzv. prospektom, \u010di\u017ee prednou vidite\u013enou \u010das\u0165ou n\u00e1stroja, sa otvorilo doslova dokor\u00e1n. Mohol som nazrie\u0165 do \u00fatrob tohto neuverite\u013ene zlo\u017eit\u00e9ho, ale n\u00e1dhern\u00e9ho n\u00e1stroja, vidie\u0165, na akom princ\u00edpe funguje, ako sa lad\u00ed, ako sa opravuje a\u00a0v\u0161etko to zaznamena\u0165. D\u00e1va n\u00e1m to mo\u017enos\u0165 bud\u00facim gener\u00e1ci\u00e1m dolo\u017ei\u0165 t\u00fato unik\u00e1tnu aktivitu, ktorou sa mesto Skalica m\u00f4\u017ee naozaj hrdi\u0165.<\/p>\n<p><em>Miroslav Min\u010f\u00e1\u0161,<\/em><br \/>\n<em>fotografie: autor<\/em><\/p>\n<hr \/>\n<h1>MAJEST\u00c1TNY ZVUK NAD MESTOM<\/h1>\n<p><em><strong>Na\u0161li by sme viacero d\u00f4vodov, pre ktor\u00e9 mo\u017eno sp\u00e1ja\u0165 slobodn\u00e9 kr\u00e1\u013eovsk\u00e9 mesto Skalica s kr\u00e1\u013eovsk\u00fdm hudobn\u00fdm n\u00e1strojom. D\u00e1 sa na to pr\u00eds\u0165 aj logicky \u2013 kde je ve\u013ea kostolov, bude pravdepodobne znie\u0165 aj ve\u013ea organov. Tie skalick\u00e9 maj\u00fa nielen zauj\u00edmav\u00fd zvuk, hist\u00f3riu, ale s\u00fa spojen\u00e9 s ve\u013ek\u00fdmi menami slovenskej organovej hudby.<\/strong><\/em><\/p>\n<h4>AKO SA DOSTAL ORGAN DO KOSTOLOV<\/h4>\n<p>Dejiny organu s\u00fa spletit\u00e9 a tie\u017e paradoxn\u00e9. N\u00e1stroje funguj\u00face na princ\u00edpe organa mali na\u0161i predkovia u\u017e pred tis\u00edcimi rokmi vo viacer\u00fdch kult\u00farach, \u010di u\u017e i\u0161lo o antick\u00fdch Gr\u00e9kov a ich <em>Panovu p\u00ed\u0161\u0165alu<\/em> (syrinx), juho\u00e1zijsk\u00fd zv\u00e4zok bambusov\u00fdch p\u00ed\u0161\u0165al <em>ken<\/em>, \u010d\u00ednsky n\u00e1stroj <em>\u0161eng<\/em> alebo aj azt\u00e9cky kultov\u00fd n\u00e1stroj <em>skana<\/em>. N\u00e1m dobre zn\u00e1me gajdy tie\u017e vych\u00e1dzaj\u00fa z podobn\u00e9ho princ\u00edpu, a to zo spojenia p\u00ed\u0161\u0165al, nap\u00e1jan\u00fdch z jedn\u00e9ho vzduchov\u00e9ho zdroja a ovl\u00e1dan\u00fdch kl\u00e1vesmi. Kres\u0165anstvo, ktor\u00e9 sa po p\u00e1de R\u00edmskej r\u00ed\u0161e vzm\u00e1halo a upev\u0148ovalo, nazeralo na organ poh\u0155davo a odmietavo, pova\u017eovalo ho za prejav prepychu padlej r\u00ed\u0161e.<\/p>\n<p>Navy\u0161e ho pova\u017eovalo za nosite\u013ea pohansk\u00fdch zvykov, ke\u010f\u017ee sa pou\u017e\u00edval v amfite\u00e1troch pri krvav\u00fdch s\u00fabojoch, \u010di\u017ee aj pri zab\u00edjan\u00ed kres\u0165anov. N\u00e1vrat organov do kult\u00farneho \u017eivota a do chr\u00e1mov sa pozvo\u013ena za\u010dal uskuto\u010d\u0148ova\u0165 a\u017e v 10. storo\u010d\u00ed, kedy organ sl\u00fa\u017eil najm\u00e4 na pedagogick\u00e9 \u00fa\u010dely a na podporu spevu, ktor\u00fd bol st\u00e1le hlavnou hudobnou zlo\u017ekou liturgie. \u010castej\u0161ie sa pou\u017e\u00edval v svetskom prostred\u00ed, v pal\u00e1coch a pri dvorn\u00fdch sl\u00e1vnostiach. Ofici\u00e1lnym bohoslu\u017eobn\u00fdm n\u00e1strojom sa organ stal a\u017e v 14. storo\u010d\u00ed. D\u00f4kazom m\u00f4\u017ee by\u0165 aj najstar\u0161\u00ed zachovan\u00fd (a dodnes funk\u010dn\u00fd) organ na svete, ktor\u00fd sa nach\u00e1dza vo \u0161vaj\u010diarskom Sione, v\u00a0miestnej bazilike, a\u00a0poch\u00e1dza pravdepodobne z\u00a0roku 1435. Odvtedy pre\u0161iel organ spletit\u00fdm a\u00a0zauj\u00edmav\u00fdm v\u00fdvojom, ktor\u00fd kore\u0161pondoval s\u00a0dejinami umenia a\u00a0v\u00a0kone\u010dnom d\u00f4sledku aj s\u00a0na\u0161imi \u013eudsk\u00fdmi dejinami.<\/p>\n<h4>ORGANY V\u00a0SKALICI<\/h4>\n<p>V na\u0161om meste m\u00e1me moment\u00e1lne \u0161es\u0165 p\u00ed\u0161\u0165alov\u00fdch organov. Spome\u0148me aspo\u0148 tie najzauj\u00edmavej\u0161ie. Najstar\u0161\u00ed z\u00a0nich bol vo <strong>farskom<\/strong> kostole na n\u00e1mest\u00ed. Zachovalo sa o\u00a0\u0148om len svedectvo, ktor\u00e9 hovor\u00ed, \u017ee \u201e&#8230; star\u00ed Skali\u010dania si boli vedom\u00ed vz\u00e1cnej hodnoty svojho organa a\u00a0medzi jeho hlasmi vyzdvihovali najm\u00e4 flautu z\u00a0buxusov\u00e9ho dreva. Znela vraj \u013e\u00fabezne a\u00a0spolu s\u00a0tremulantom pripom\u00ednala hlas pla\u010d\u00facej \u017eeny.\u201c Najstar\u0161ie dva organy padli s\u00a0najv\u00e4\u010d\u0161ou pravdepodobnos\u0165ou za obe\u0165 po\u017eiaru. S\u00fa\u010dasn\u00fd organ mal tento rok \u00fadr\u017ebov\u00fa kontrolu, pre\u010distili sme ho a\u00a0naladili. Ide o\u00a0pekn\u00fd nov\u00fd n\u00e1stroj, postaven\u00fd v\u00a0barokovom \u0161t\u00fdle, ktor\u00fd je ide\u00e1lny na hru barokovej hudby, no zvl\u00e1dne aj s\u00fa\u010dasnej\u0161ie diela.<\/p>\n<p>Nateraz najv\u00e4\u010d\u0161\u00ed skalick\u00fd organ m\u00e1me vo <strong>franti\u0161k\u00e1nskom<\/strong> kostole na Kr\u00e1\u013eovskej ulici. M\u00e1 30 registrov a dva manu\u00e1ly. Je to kr\u00e1sny romantick\u00fd n\u00e1stroj pln\u00fd farieb, ktor\u00e9 sa daj\u00fa kr\u00e1sne kombinova\u0165, a preto je na \u0148om pote\u0161enie hra\u0165. Naopak, v bez\u00fate\u0161nom technickom stave je organ u <strong>Milosrdn\u00fdch<\/strong> bratov na Poto\u010dnej ulici. Kostol preto ticho \u010dak\u00e1 na jeho n\u00e1hradu, aby sa mohol rozozvu\u010da\u0165 vesel\u00fdmi t\u00f3nmi. V s\u00fa\u010dasnosti sa v kostole hr\u00e1 na digit\u00e1lnom (elektronickom) organe, ktor\u00fd v\u0161ak nem\u00e1 a ani nem\u00f4\u017ee ma\u0165 kr\u00e1su p\u00ed\u0161\u0165alov\u00e9ho organa. Raritou je anglick\u00fd dvojmanu\u00e1lov\u00fd organ so 14 registrami, umiestnen\u00fd v\u00a0<strong>jezuitskom<\/strong> kostole. Vz\u00e1cny je pr\u00e1ve pre jeho p\u00f4vod. Anglick\u00fdch organov nie je v\u00a0strednej Eur\u00f3pe ve\u013ea a\u00a0t\u00fdm obohacuje nielen Skalicu, ale aj cel\u00fa stredn\u00fa Eur\u00f3pu, je vhodn\u00fd pr\u00e1ve na interpret\u00e1ciu anglickej organovej literat\u00fary.<\/p>\n<figure id=\"attachment_5166\" aria-describedby=\"caption-attachment-5166\" style=\"width: 850px\" class=\"wp-caption aligncenter\"><img loading=\"lazy\" decoding=\"async\" class=\"size-full wp-image-5166\" src=\"http:\/\/skalickyobzor.sk\/cms\/wp-content\/uploads\/2022\/03\/O-Anglicky-organ-v-jezuitskom-kostole-detail-pedalu-MM.jpg\" alt=\"\" width=\"850\" height=\"567\" srcset=\"http:\/\/skalickyobzor.sk\/cms\/wp-content\/uploads\/2022\/03\/O-Anglicky-organ-v-jezuitskom-kostole-detail-pedalu-MM.jpg 850w, http:\/\/skalickyobzor.sk\/cms\/wp-content\/uploads\/2022\/03\/O-Anglicky-organ-v-jezuitskom-kostole-detail-pedalu-MM-300x200.jpg 300w, http:\/\/skalickyobzor.sk\/cms\/wp-content\/uploads\/2022\/03\/O-Anglicky-organ-v-jezuitskom-kostole-detail-pedalu-MM-768x512.jpg 768w\" sizes=\"auto, (max-width: 850px) 100vw, 850px\" \/><figcaption id=\"caption-attachment-5166\" class=\"wp-caption-text\">Anglick\u00fd organ v\u00a0jezuitskom kostole \u2013 detail ped\u00e1lu<br \/>Foto: Miroslav Min\u010f\u00e1\u0161<\/figcaption><\/figure>\n<h4>ORGAN S\u00c1M NEZAHR\u00c1, NA TO TREBA ORGANISTU<\/h4>\n<p>Ke\u010f v be\u017enej komunik\u00e1cii hovor\u00edme o hudobn\u00fdch n\u00e1strojoch, takmer v\u017edy ich sp\u00e1jame s hr\u00e1\u010dom na konkr\u00e9tny n\u00e1stroj (<em>huslista zahral skladbu, spev\u00e1k zaspieval<\/em>), len pri organe \u010dasto vynech\u00e1vame hr\u00e1\u010da (<em>organ zaznel<\/em>). Bude to zrejme t\u00fdm, \u017ee organista b\u00fdva schovan\u00fd na ch\u00f3re a \u013eudia ho pri hran\u00ed obvykle nevidia. Organistov v\u0161ak, bohu\u017eia\u013e, opom\u00edname \u00faplne nepr\u00e1vom. Samotn\u00fd organ je \u00fa\u017easn\u00fd, no takisto aj \u00fa\u017easne komplikovan\u00fd n\u00e1stroj. A osoba, ktor\u00e1 potom mus\u00ed obsluhova\u0165 tak\u00fdto n\u00e1stroj, toho mus\u00ed ve\u013ea vedie\u0165 sk\u00f4r, ne\u017e si za organ sadne a nie\u010do zahr\u00e1. V Skalici teda, prirodzene, boli aj v\u00fdznamn\u00ed organisti, ktor\u00ed v\u00fdznamn\u00fdm sp\u00f4sobom formovali kult\u00farny \u017eivot na Slovensku. Spome\u0148me ako prv\u00e9ho jubilanta Juraja Pavl\u00edna Bajana, franti\u0161k\u00e1nskeho kazate\u013ea a organistu. V apr\u00edli 2021 sme si pripomenuli 300. v\u00fdro\u010die od jeho narodenia. Pri tejto pr\u00edle\u017eitosti pripravilo Z\u00e1horsk\u00e9 m\u00fazeum video a v spolupr\u00e1ci so skalickou r\u00edmskokatol\u00edckou farnos\u0165ou sa vo farskom kostole uskuto\u010dnili tri koncerty.<\/p>\n<p>Nesk\u00f4r tu bol jeden zo zakladate\u013eov slovensk\u00e9ho organov\u00e9ho \u0161kolstva, prof. Ernest Riegler Skalick\u00fd, ktor\u00fd vy\u0161tudoval organ a kompoz\u00edciu na Lisztovej hudobnej akad\u00e9mii v Budape\u0161ti, kde dostal v poslednom ro\u010dn\u00edku aj najvy\u0161\u0161ie ocenenie \u2013 Lisztovo \u0161tipendium. Po skon\u010den\u00ed \u0161t\u00fadia vyu\u010doval na akad\u00e9mii a p\u00f4sobil ako hlavn\u00fd organista v Bazilike sv. \u0160tefana. Po roku 1947 p\u00f4sobil na V\u0160MU v Bratislave. Ve\u013ekou osobnos\u0165ou, spojenou aj so skalick\u00fdmi organmi, je prof. Ferdinand Klinda, ktor\u00fd v Skalici vyrastal a maturoval na gymn\u00e1ziu. Pr\u00e1ve v Skalici zasadol po prv\u00fdkr\u00e1t za organ, \u010d\u00edm za\u010dal \u017eivot bud\u00faceho svetov\u00e9ho virtu\u00f3za. Zabudn\u00fa\u0165 v\u0161ak nesmieme na Mari\u00e1na Vargu. Jeho pozn\u00e1me z\u00a0p\u00f3di\u00ed a\u00a0za Hammond organom, ale komponoval aj pre organ. Hoci v\u00a0Skalici dlho ne\u017eil, v\u017edy sa sem r\u00e1d vracal a\u00a0je tu aj pochovan\u00fd.<\/p>\n<figure id=\"attachment_5167\" aria-describedby=\"caption-attachment-5167\" style=\"width: 533px\" class=\"wp-caption aligncenter\"><img loading=\"lazy\" decoding=\"async\" class=\"size-full wp-image-5167\" src=\"http:\/\/skalickyobzor.sk\/cms\/wp-content\/uploads\/2022\/03\/Organ-vo-farskom-kostole-po-instalovani-MM.jpg\" alt=\"\" width=\"533\" height=\"800\" srcset=\"http:\/\/skalickyobzor.sk\/cms\/wp-content\/uploads\/2022\/03\/Organ-vo-farskom-kostole-po-instalovani-MM.jpg 533w, http:\/\/skalickyobzor.sk\/cms\/wp-content\/uploads\/2022\/03\/Organ-vo-farskom-kostole-po-instalovani-MM-200x300.jpg 200w\" sizes=\"auto, (max-width: 533px) 100vw, 533px\" \/><figcaption id=\"caption-attachment-5167\" class=\"wp-caption-text\">Organ vo farskom kostole po in\u0161talovan\u00ed<br \/>Foto: Miroslav Min\u010f\u00e1\u0161<\/figcaption><\/figure>\n<h4>A\u00a0\u010cO BUD\u00daCNOS\u0164?<\/h4>\n<p>Hoci je organ komplikovan\u00fd n\u00e1stroj, nie je zase a\u017e tak komplikovan\u00fd, \u017ee by bolo nemo\u017en\u00e9 sa nau\u010di\u0165 na \u0148om hra\u0165. A vzh\u013eadom na na\u0161u minulos\u0165, a postavenie v slovenskej organovej kult\u00fare, m\u00e1me aj z\u00e1v\u00e4zok podporova\u0165 v na\u0161om meste pravideln\u00fa \u00fadr\u017ebu na\u0161ich organov a organov\u00fa kult\u00faru. Od roku 2005 sa na na\u0161ej Z\u00e1kladnej umeleckej \u0161kole vyu\u010duje organ. V s\u00fa\u010dasnosti ho vyu\u010duje Magdal\u00e9na Bene\u0161ov\u00e1, absolventka JAMU v Brne, a m\u00e1 sedem \u017eiakov, z toho s\u00fa traja priamo zo Skalice. Organ m\u00f4\u017eu v Skalici \u0161tudova\u0165 aj dospel\u00ed, \u010di\u017ee ktoko\u013evek by chcel, radi ho v na\u0161ej komunite priv\u00edtame. Okrem Magdal\u00e9ny Bene\u0161ovej m\u00f4\u017eete v skalick\u00fdch kostoloch po\u010du\u0165 organov\u00fa hru \u010fal\u0161\u00edch \u0161tyroch organistov, menovite Seraf\u00edna \u0160ur\u00edna, Marka Vysko\u010da, Adrianu Zriniov\u00fa, m\u0148a a v Skalici najdlh\u0161ie hraj\u00facu organistku Olgu Novomestsk\u00fa, ktor\u00e1 minul\u00fd rok osl\u00e1vila 90. narodeniny. Organov\u00fa kult\u00faru v Skalici m\u00f4\u017eete podpori\u0165 \u00fa\u010das\u0165ou na ka\u017edoro\u010dnom organovom festivale Musica Sacra Skalica, alebo na samostatn\u00fdch koncertoch, alebo len jednoduch\u00fdm ocenen\u00edm doteraj\u0161\u00edch sn\u00e1h.<\/p>\n<p>Organ je \u010darovn\u00fd n\u00e1stroj, ktor\u00fd sp\u00e1ja gener\u00e1cie aj kult\u00fary, a\u00a0pr\u00e1ve to sp\u00e1janie a\u00a0kult\u00farnos\u0165 potrebujeme v\u00a0dne\u0161n\u00fdch \u010dasoch najviac.<\/p>\n<p><em>\u0160imon Kotvas<\/em><\/p>\n<hr \/>\n<h1>M\u00d4J \u017dIVOT S\u00a0MANU\u00c1LOM<\/h1>\n<p><em><strong>Hovori\u0165 o\u00a0muzikantoch, zrasten\u00fdch so svojim n\u00e1strojom, mo\u017eno pri ktoromko\u013evek z\u00a0nich. Organ je v\u0161ak jedin\u00fdm hudobn\u00fdm n\u00e1strojom, kde hudobn\u00edk sed\u00ed akoby priamo v\u00a0\u0148om. V\u00a0\u201ekab\u00edne stroja\u201c, r\u00fatiaceho sa\u00a0roz\u013eahl\u00fdm vesm\u00edrom t\u00f3nov sed\u00ed \u010dlovek, ktor\u00fd riadi ich pr\u00fad a\u00a0\u0161irok\u00e9 mel\u00f3die. Jedn\u00fdm z\u00a0tak\u00fdchto \u013eud\u00ed je aj mlad\u00fd skalick\u00fd organista \u0160imon Kotvas. O\u00a0svojom \u017eivote s\u00a0t\u00fdmto n\u00e1strojom hovor\u00ed v\u00a0rozhovore.<\/strong><\/em><\/p>\n<p><strong>\u010co pre V\u00e1s znamen\u00e1 to spojenie medzi Vami a\u00a0organom?<\/strong><br \/>\nV\u00a0okt\u00f3bri to bolo desa\u0165 rokov od mojej prvej om\u0161e, ktor\u00fa som hral, no nie som schopn\u00fd poveda\u0165, pre\u010do to rob\u00edm. Mal by som by\u0165 schopn\u00fd tak\u00fato odpove\u010f vysypa\u0165 z\u00a0ruk\u00e1va, no neviem. Ja fakt netu\u0161\u00edm, pre\u010do na tom organe hr\u00e1vam. Je to mo\u017eno \u010dudn\u00e9, ale je to tak.<\/p>\n<p><strong>Organ nie je celkom be\u017en\u00fd n\u00e1stroj. Ako ste sa dostali k\u00a0hraniu pr\u00e1ve na \u0148om?<\/strong><br \/>\nNebolo to len tak a n\u00e1hodou&#8230; predch\u00e1dzali tomu tri roky na na\u0161ej ZU\u0160-ke, \u010fal\u0161\u00edch osem a e\u0161te minim\u00e1lne \u010fal\u0161ie tri na Akad\u00e9mii starej hudby FF MUNI v Brne. Na po\u010diatku to bola pr\u00e1ca Magdal\u00e9ny Bene\u0161ovej, ktor\u00e1 ma prehovorila, aby som si k spevu a keyboardu pridal aj organ. V tom \u010dase, v roku 2008, ke\u010f som mal desa\u0165 rokov, ma z doteraz nepochopite\u013en\u00e9ho d\u00f4vodu bavilo chodi\u0165 v kostole na ch\u00f3rus a pre\u017e\u00edva\u0165 t\u00fa atmosf\u00e9ru, ke\u010f pozer\u00e1m na dianie v kostole tak povediac \u201ez nadh\u013eadu\u201c. A toto si vlastne u\u017e\u00edvam doteraz. Na mojom formovan\u00ed sa okrem nej podie\u013eala aj Eva Molekov\u00e1, organistka v bazilike v \u0160a\u0161t\u00edne, a Bratislav\u010dan Stanislav Tich\u00fd. S pani u\u010dite\u013ekou Bene\u0161ovou som kon\u010dil oba stupne \u0161t\u00fadia na ZU\u0160-ke, a doteraz s \u0148ou spolupracujem najintenz\u00edvnej\u0161ie, ke\u010f\u017ee n\u00e1s oboch m\u00f4\u017eete po\u010du\u0165 v\u00a0skalick\u00fdch kostoloch.<\/p>\n<figure id=\"attachment_5168\" aria-describedby=\"caption-attachment-5168\" style=\"width: 600px\" class=\"wp-caption aligncenter\"><img loading=\"lazy\" decoding=\"async\" class=\"size-full wp-image-5168\" src=\"http:\/\/skalickyobzor.sk\/cms\/wp-content\/uploads\/2022\/03\/Kotvas-foto.jpg\" alt=\"\" width=\"600\" height=\"800\" srcset=\"http:\/\/skalickyobzor.sk\/cms\/wp-content\/uploads\/2022\/03\/Kotvas-foto.jpg 600w, http:\/\/skalickyobzor.sk\/cms\/wp-content\/uploads\/2022\/03\/Kotvas-foto-225x300.jpg 225w\" sizes=\"auto, (max-width: 600px) 100vw, 600px\" \/><figcaption id=\"caption-attachment-5168\" class=\"wp-caption-text\">Arch\u00edv: \u0160imon Kotvas<\/figcaption><\/figure>\n<p><strong>M\u00e1te svoju ob\u013e\u00faben\u00fa hudbu doma v\u00a0s\u00fakrom\u00ed?<\/strong><br \/>\nAko organista som za\u010dal ch\u00e1pa\u0165 slov\u00e1 Mari\u00e1na Vargu, okrem in\u00e9ho aj organistu a\u00a0Skali\u010dana, ktor\u00fd hovoril, \u017ee <em>najlep\u0161ia hudba je beztak ticho<\/em>. \u010co viem (a\u00a0chcem), si zahr\u00e1m na organe a\u00a0doma preto tichom neopovrhnem.<\/p>\n<p><strong>Organ je kr\u00e1\u013eovsk\u00fdm n\u00e1strojom nielen pre svoj hymnick\u00fd a\u017e heroick\u00fd zvuk so sl\u00e1vnostnou atmosf\u00e9rou, ale aj pre svoju rozmernos\u0165 a\u00a0zlo\u017eitos\u0165 kon\u0161trukcie&#8230;<\/strong><br \/>\nPoh\u013ead na organ a jeho \u00fatroby mi v\u017edy pripomenie slov\u00e1 emeritn\u00e9ho p\u00e1pe\u017ea Benedikta XVI., ktor\u00fd jeho kon\u0161trukciu pripodob\u0148oval k vanutiu Ducha Sv\u00e4t\u00e9ho v cirkevnom spolo\u010denstve, no tieto jeho slov\u00e1 vieme adekv\u00e1tne upravi\u0165 na cel\u00fa spolo\u010dnos\u0165, na v\u0161etk\u00fdch n\u00e1s. V organe sa nach\u00e1dza mno\u017estvo p\u00ed\u0161\u0165al, no nie s\u00fa v\u0161etky rovnak\u00e9. Jedna je dreven\u00e1, in\u00e1 kovov\u00e1, in\u00e1 c\u00ednov\u00e1, in\u00e1 m\u00e1 nieko\u013eko metrov, \u010fal\u0161ia len p\u00e1r milimetrov, sp\u00e1ja ich vzduchov\u00e9 hospod\u00e1rstvo, mechy, zostaven\u00e9 v jednom spolo\u010dnom priestore organovej skrine, no ka\u017ed\u00e1 s\u00fa\u010diastka si v tej skrini n\u00e1jde svoje miesto a uplatnenie a sl\u00fa\u017ei. Ke\u010f potom odborn\u00e1 ruka zahr\u00e1 nie\u010do od hracieho stola, vznik\u00e1 lahodn\u00fd s\u00fazvuk p\u00ed\u0161\u0165al a t\u00f3nov, na ktorom sa podie\u013ea cel\u00fd organizmus. A o tento organizmus, podobne ako o n\u00e1\u0161 \u013eudsk\u00fd, \u010di auto, je potrebn\u00e9 sa pravidelne stara\u0165, aby p\u00ed\u0161\u0165aly nenakazila falo\u0161 \u010di organov\u00fa skri\u0148u \u010dervoto\u010d.<\/p>\n<p><strong>Nie je v\u00a0hran\u00ed na n\u00e1stroj v\u0161etk\u00fdmi \u0161tyrmi kon\u010datinami nie\u010do nemo\u017en\u00e9 a\u00a0nepochopite\u013en\u00e9?<\/strong><br \/>\nOrganista mus\u00ed dvomi rukami a dvomi nohami prakticky nahradi\u0165 zvuk cel\u00e9ho orchestra a mus\u00ed si vysta\u010di\u0165 s\u00e1m, pr\u00edpadne len s registr\u00e1torom na pret\u00e1\u010danie str\u00e1nok a zmenu registr\u00e1cie. \u010co je inak d\u00f4kazom, \u017ee \u010dlovek naozaj dok\u00e1\u017ee robi\u0165 viacero vec\u00ed naraz. Hra\u0165 rukami, hra\u0165 nohami, obsluhova\u0165 niekedy registre, myslie\u0165 niekedy na neide\u00e1lny stav organu, alebo po\u010das bohoslu\u017eieb pozera\u0165 na dianie v\u00a0kostole&#8230; Je toho ve\u013ea, no je to nap\u00ednav\u00e9 a\u00a0je to skvel\u00fd zdroj adrenal\u00ednu, mo\u017eno ako povrazolezectvo. Hra na organe nejde \u0161t\u00fdlom \u201esadne\u0161 a\u00a0hr\u00e1\u0161\u201c. D\u00e1 sa v\u0161ak nau\u010di\u0165 a\u00a0m\u00f4\u017ee sa ju naozaj nau\u010di\u0165 hocikto. M\u00e1m rados\u0165, \u017ee teraz m\u00e1me na ZU\u0160-ke a\u017e siedmich \u017eiakov v\u00a0organovej triede, no v\u017edy n\u00e1s m\u00f4\u017ee by\u0165 viac. Ve\u013ea n\u00e1s nie je a\u00a0tvor\u00edme ve\u013emi priate\u013esk\u00fa a\u00a0norm\u00e1lnu komunitu \u013eud\u00ed. Aj ke\u010f je hra v\u0161etk\u00fdmi \u0161tyrmi kon\u010datinami zdanlivo nepochopite\u013en\u00e1 a\u00a0proti \u013eudskej prirodzenosti, nie je d\u00f4vod sa n\u00e1s b\u00e1\u0165.<\/p>\n<p><strong>M\u00e1te svoj osobn\u00fd odkaz pre Skali\u010danov?<\/strong><br \/>\nTo, \u010do som povedal, nie je ani d\u00f4vodom b\u00e1\u0165 sa chodi\u0165 na organov\u00e9 koncerty. Tie maj\u00fa u n\u00e1s trad\u00edciu, ve\u010f festival Musica Sacra Skalica sa u n\u00e1s organizuje od roku 2005. K tomu prid\u00e1vame aj in\u00e9 koncerty. Ni\u010d to nemen\u00ed na tom, aj ke\u010f do kostola nechod\u00edte. Tie\u017e ani nikto ne\u010dak\u00e1, aby ste poznali dejiny hudby a \u017eivotopisy skladate\u013eov. Na to sl\u00fa\u017eia let\u00e1ky \u010di sprievodn\u00e9 slovo, v ktorom sa dozviete, \u010do si idete vypo\u010du\u0165, aby ste si vedeli t\u00fa hudbu vychutna\u0165 na \u010do najvy\u0161\u0161ej mo\u017enej \u00farovni, nie len na hodnotiacej \u0161k\u00e1le pekn\u00e9 \u2013 \u0161kared\u00e9. Koncerty organovej \u010di klasickej hudby blahodarne p\u00f4sobia na du\u0161evn\u00e9 zdravie, ktor\u00e9 n\u00e1m v\u0161etk\u00fdm \u0165a\u017eko sk\u00fa\u0161a pand\u00e9mia. A zo zdravotn\u00e9ho h\u013eadiska je tak\u00e1to forma kult\u00farneho vy\u017eitia \u00faplne bezpe\u010dn\u00e1, nem\u00e1te sa, teda, \u010doho b\u00e1\u0165. Prijmite t\u00fdmto moje pozvanie na koncertn\u00fd \u017eivot v\u00a0Skalici, ktor\u00fd je st\u00e1le bohat\u00fd (minim\u00e1lne na slovensk\u00e9 pomery). V\u00a0Skalici to e\u0161te st\u00e1le \u017eije, tak od toho neutekajte a\u00a0nechajte sa un\u00e1\u0161a\u0165 na vln\u00e1ch kvalitnej a\u00a0po\u010d\u00favate\u013enej hudby.<\/p>\n<p>\u010eakujeme za rozhovor.<\/p>\n<p><em>Redakcia<\/em><\/p>\n<hr \/>\n<h1>V\u00a0SKALICI ZA\u010cALA MOJA CESTA<\/h1>\n<p><em><strong>Na zozname skalick\u00fdch organistov, ktor\u00ed na \u010das spojili svoje umenie so zvukom organov v\u00a0na\u0161om meste sa skvie meno Ferdinand Klinda. Meno, ktor\u00e9 by sa skvelo vlastne na akomko\u013evek zozname.<\/strong><\/em><\/p>\n<figure id=\"attachment_5169\" aria-describedby=\"caption-attachment-5169\" style=\"width: 601px\" class=\"wp-caption aligncenter\"><img loading=\"lazy\" decoding=\"async\" class=\"size-full wp-image-5169\" src=\"http:\/\/skalickyobzor.sk\/cms\/wp-content\/uploads\/2022\/03\/klinda_ferdinand.jpg\" alt=\"\" width=\"601\" height=\"800\" srcset=\"http:\/\/skalickyobzor.sk\/cms\/wp-content\/uploads\/2022\/03\/klinda_ferdinand.jpg 601w, http:\/\/skalickyobzor.sk\/cms\/wp-content\/uploads\/2022\/03\/klinda_ferdinand-225x300.jpg 225w\" sizes=\"auto, (max-width: 601px) 100vw, 601px\" \/><figcaption id=\"caption-attachment-5169\" class=\"wp-caption-text\">prof. Ferdinand Klinda<br \/>Zdroj: internet<\/figcaption><\/figure>\n<p>Slovensk\u00fd organista a lek\u00e1r prof. Ferdinand Klinda sa narodil v roku 1929 v Ko\u0161iciach a vojnov\u00e9 udalosti ho s rodinou priviedli do \u00fastrania \u2013 do Skalice. V rokoch 1947 a\u017e 1950 \u0161tudoval organov\u00fa hru na konzervat\u00f3riu v Bratislave, 1950 a\u017e 1954 na V\u0160MU v Bratislave, roku 1956 v Prahe a roku 1959 vo Weimare. S\u00fa\u010dasne v rokoch 1947 a\u017e 1952 absolvoval \u0161t\u00fadium na Lek\u00e1rskej fakulte UK v Bratislave a v rokoch 1954-1989 p\u00f4sobil na Klinike hematol\u00f3gie a transf\u00faziol\u00f3gie krvi Fakultnej nemocnice (dnes Univerzitn\u00e1 nemocnica) v Bratislave. V rokoch 1962 a\u017e 2007 pedagogicky p\u00f4sobil na V\u0160MU (1972 \u2013 1989 ved\u00faci Katedry kl\u00e1vesov\u00fdch n\u00e1strojov); v roku 1978 z\u00edskal profes\u00faru. V rokoch 1993 a\u017e 1996 bol riadite\u013eom umeleckej agent\u00fary Slovkoncert a mnohoro\u010dn\u00fdm predsedom programovej komisie Bratislavsk\u00fdch hudobn\u00fdch sl\u00e1vnost\u00ed. Encyklopedia Beliana o \u0148om hovor\u00ed, \u017ee \u201esvojou mnohostrannou aktivitou patr\u00ed k v\u00fdnimo\u010dn\u00fdm osobnostiam slovenskej kult\u00fary. Je priekopn\u00edkom koncertnej organovej hry na Slovensku, zasl\u00fa\u017eil sa o rozvoj slovensk\u00e9ho organov\u00e9ho umenia. Hos\u0165oval takmer vo v\u0161etk\u00fdch \u0161t\u00e1toch Eur\u00f3py, v USA, Austr\u00e1lii, Japonsku, Hongkongu a Ju\u017enej K\u00f3rei. \u00da\u010dinkoval na v\u00fdznamn\u00fdch medzin\u00e1rodn\u00fdch hudobn\u00fdch festivaloch, spolupracoval s popredn\u00fdmi svetov\u00fdmi orchestr\u00e1lnymi telesami a dirigentmi. V roku 2009 vydal vo vydavate\u013estve Perfekt autorsk\u00fa knihu Kr\u00e1\u013eovsk\u00fd n\u00e1stroj a\u00a0ja. Zhrnul v\u00a0nej svoj \u017eivot a\u00a0kari\u00e9ru, spolu so spomienkami na mno\u017estvo situ\u00e1ci\u00ed a\u00a0\u013eud\u00ed, ktor\u00ed sa stali na \u010das alebo na cel\u00fd \u017eivot jeho s\u00fa\u010das\u0165ou. V\u00a0s\u00favislosti s\u00a0t\u00e9mou dne\u0161n\u00e9ho vydania Obzoru sme prof. Klindu oslovili s\u00a0prosbou o\u00a0rozhovor. Napokon na\u0161e stretnutie prekazila situ\u00e1cia okolo kovidu a\u00a0tak tento kr\u00e1tky rozhovor vznikol ako v\u00fdsledok elektronickej komunik\u00e1cie, ktor\u00fa napriek pokro\u010dil\u00e9mu veku excelentne p\u00e1n profesor zvl\u00e1da.<\/p>\n<p><img loading=\"lazy\" decoding=\"async\" class=\"aligncenter size-full wp-image-5170\" src=\"http:\/\/skalickyobzor.sk\/cms\/wp-content\/uploads\/2022\/03\/kralovsky_nastroj.jpg\" alt=\"\" width=\"316\" height=\"501\" srcset=\"http:\/\/skalickyobzor.sk\/cms\/wp-content\/uploads\/2022\/03\/kralovsky_nastroj.jpg 316w, http:\/\/skalickyobzor.sk\/cms\/wp-content\/uploads\/2022\/03\/kralovsky_nastroj-189x300.jpg 189w\" sizes=\"auto, (max-width: 316px) 100vw, 316px\" \/><\/p>\n<p><strong>Hne\u010f na prvej strane Va\u0161ej knihy spom\u00ednate, ako ste s\u00a0priate\u013emi chodili rad\u0161ej na ch\u00f3r farsk\u00e9ho kostola, preto\u017ee to bolo zauj\u00edmavej\u0161ie ako sedie\u0165 dolu v\u00a0kostole. Na ch\u00f3re bol organ. Bolo to Va\u0161e prv\u00e9 zbl\u00ed\u017eenie s\u00a0t\u00fdmto n\u00e1strojom?<\/strong><br \/>\nU\u017e v\u00a0Ko\u0161iciach som prosil rodi\u010dov, ke\u010f sme i\u0161li do kostola, aby sme i\u0161li na ch\u00f3r. Na Skalicu si v\u0161ak spom\u00ednam r\u00e1d a\u00a0v\u010fa\u010dne, lebo tu vznikol rozhoduj\u00faci impulz k\u00a0mojej \u010fal\u0161ej \u017eivotnej ceste. Ktosi si spomenul, \u017ee viem hra\u0165 na klav\u00edri, tak by som to mohol sk\u00fasi\u0165 aj na organe. Ve\u010f sprev\u00e1dza\u0165 kostoln\u00e9 piesne nem\u00f4\u017ee by\u0165 tak zlo\u017eit\u00e9&#8230;<\/p>\n<p><strong>Na ktor\u00fdch organoch v\u00a0Skalici ste hr\u00e1vali?<\/strong><br \/>\nNajprv treba pripomen\u00fa\u0165, \u017ee som sa u\u010dil \u201eza pochodu\u201c. B\u00fdval\u00fd organista p\u00e1n Hallon ma trpezlivo u\u010dil prv\u00e9 kroky v\u00a0hre na organe, ale ani on nepoznal funkciu v\u0161etk\u00fdch tla\u010didiel a\u00a0registrov. \u00dalohu organistu som zast\u00e1val takmer dva roky a\u00a0postupne k\u00a0hraniu vo farskom kostole pribudlo hranie vo Franti\u0161k\u00e1nskom kostole na malom organe u\u00a0Milosrdn\u00fdch bratov. Ka\u017ed\u00fa nede\u013eu som odohral aj 4 a\u017e 5 om\u0161\u00ed.<\/p>\n<p><strong>Hovorili ste o\u00a0impulze k\u00a0Va\u0161ej ceste organistu. Je skuto\u010dne konkr\u00e9tna chv\u00ed\u013ea, ktor\u00e1 ju od\u0161tartovala?<\/strong><br \/>\nVe\u013emi na m\u0148a zap\u00f4sobil bohat\u00fd zvukov\u00fd dojem z prv\u00e9ho organov\u00e9ho koncertu, ktor\u00fd som po\u010dul. V roku 1947 vo Farskom kostole ho zahral medzin\u00e1rodne zn\u00e1my organista Ernest Riegler (1890-1968), repatrian z Ma\u010farska, b\u00fdval\u00fd profesor Akad\u00e9mie v Budape\u0161ti a rod\u00e1k zo Skalice, ktor\u00fd pou\u017e\u00edval aj pr\u00eddavn\u00e9 umeleck\u00e9 meno Skalick\u00fd. Jeho matka a neter e\u0161te \u017eili v Skalici, boli to mil\u00e9 d\u00e1my, patriace ku kult\u00farnej elite mesta. Neter Edita spievala v\u00a0mojom kostolnom zbore a\u00a0\u010dasto som ich nav\u0161tevoval. Oni ma zozn\u00e1mili s\u00a0prof. Rieglerom, ktor\u00fd zalo\u017eil na novovzniknutej V\u0160MU v\u00a0Bratislave odbor Koncertn\u00e1 hra na organe. Stretnutie s\u00a0n\u00edm mi bolo osudov\u00e9, lebo som sa po maturite stal jeho \u017eiakom. U\u017e o\u00a0dva roky, 4. septembra 1949, vo Franti\u0161k\u00e1nskom kostole, po oprave tamoj\u0161ieho organa, ktorej som sa akt\u00edvne z\u00fa\u010dastnil, som zahral svoj prv\u00fd samostatn\u00fd koncert. Spolu\u00fa\u010dinkoval\u00a0m\u00f4j priate\u013e, zn\u00e1my spev\u00e1k Ludva Buchta, ako huslista (!), a\u00a0spievala taktie\u017e Skali\u010danka Elena Komendov\u00e1.<\/p>\n<p><strong>Koncertovali ste v\u00a0Skalici po Va\u0161om odchode?<\/strong><br \/>\nNa jedin\u00fd koncert som bol pozvan\u00fd a\u017e 46 rokov po tom mojom prvom (roku 1995), ke\u010f bola dokon\u010den\u00e1 dos\u0165 ne\u0161\u0165astn\u00e1 oprava organa vo Farskom kostole. Od za\u010datia festivalu Musica sacra sa ku mne bohu\u017eia\u013e nedost\u00e1vali inform\u00e1cie. Bol som na jedinom, ke\u010f ma priate\u013e Dr. Trummer z\u00a0Grazu pozval na inaugur\u00e1ciu nov\u00e9ho organa vo Farskom kostole.<\/p>\n<p><strong>Vo svojej autobiografii Kr\u00e1\u013eovsk\u00fd n\u00e1stroj a\u00a0ja hovor\u00edte o\u00a0tom, ako \u201etvrdo\u0161ijne\u201c ste i\u0161li za svojim cie\u013eom \u2013 hra\u0165 na organe. Je to Va\u0161a vlastnos\u0165? Bola V\u00e1m v\u00a0\u017eivote na osoh?<\/strong><br \/>\nBez istej d\u00e1vky tvrdo\u0161ijnosti nie je mo\u017en\u00e9 dosiahnu\u0165 ist\u00fa \u00farove\u0148, ku ktorej \u010dlovek mieri. U\u017e v\u00a0po\u010diatkoch, ke\u010f som s\u00fa\u010dasne \u0161tudoval hru na organ a\u00a0medic\u00ednu, to bola vlastnos\u0165 a\u017e nutn\u00e1.<\/p>\n<p><strong>Podporoval V\u00e1s Sucho\u0148, u\u010dili V\u00e1s Moyzes i\u00a0Cikker. To je kus toho najlep\u0161ieho zo slovenskej v\u00e1\u017enej hudby. Poci\u0165ujete to ako dotyk s\u00a0nie\u010d\u00edm v\u00fdnimo\u010dn\u00fdm?<\/strong><br \/>\nPova\u017eujem to za ve\u013ek\u00e9 \u0161\u0165astie osudu. Najm\u00e4 profesor Eugen Sucho\u0148, ktor\u00fd bol navy\u0161e na\u0161im rodinn\u00fdm priate\u013eom, mi pom\u00e1hal radami a\u00a0v\u00a0roku 1972 pre m\u0148a zlo\u017eil v\u00fdznamn\u00e9 dielo slovenskej hudby, Symfonick\u00fa fant\u00e1ziu pre organ a\u00a0orchester na meno BACH, ktor\u00e9 som potom mnohokr\u00e1t predviedol v\u00a0popredn\u00fdch svetov\u00fdch koncertn\u00fdch sie\u0148ach v\u00a0Eur\u00f3pe a\u00a0Japonsku.<\/p>\n<p><strong>Vraciate sa e\u0161te do Skalice? M\u00e1te v\u00a0na\u0161om meste st\u00e1le priate\u013eov?<\/strong><br \/>\n\u010cas m\u00f4jho tamoj\u0161ieho pobytu a\u00a0p\u00f4sobenia bol kr\u00e1tky \u2013 vyn\u00faten\u00fd vojnou a\u00a0skon\u010den\u00fd odchodom na \u0161t\u00fadium do Bratislavy. Po odchode na \u0161t\u00fadium som sa do Skalice vracal nav\u0161tevova\u0165 rodi\u010dov. Nesk\u00f4r u\u017e len na maturitn\u00e9 stretnutia. Postupne aj tieto ustali a\u00a0tak som chodil na cintor\u00edn a\u00a0v\u00a0\u010dase kovidu ustalo aj to. Mysl\u00edm, \u017ee u\u017e nen\u00e1jdete Skali\u010danov, ktor\u00ed by si ma pam\u00e4tali.<\/p>\n<figure id=\"attachment_5171\" aria-describedby=\"caption-attachment-5171\" style=\"width: 850px\" class=\"wp-caption aligncenter\"><img loading=\"lazy\" decoding=\"async\" class=\"size-full wp-image-5171\" src=\"http:\/\/skalickyobzor.sk\/cms\/wp-content\/uploads\/2022\/03\/smotlak09.jpg\" alt=\"\" width=\"850\" height=\"728\" srcset=\"http:\/\/skalickyobzor.sk\/cms\/wp-content\/uploads\/2022\/03\/smotlak09.jpg 850w, http:\/\/skalickyobzor.sk\/cms\/wp-content\/uploads\/2022\/03\/smotlak09-300x257.jpg 300w, http:\/\/skalickyobzor.sk\/cms\/wp-content\/uploads\/2022\/03\/smotlak09-768x658.jpg 768w\" sizes=\"auto, (max-width: 850px) 100vw, 850px\" \/><figcaption id=\"caption-attachment-5171\" class=\"wp-caption-text\">V\u013eavo Ferdinand Klinda, vpravo Ernest Riegler Skalick\u00fd, jeho u\u010dite\u013e na V\u0160MU, zdroj: internet<\/figcaption><\/figure>\n<p><em><strong>Dovo\u013eujeme si s poslednou vetou Prof. Ferinanda Klindu nes\u00fahlasi\u0165. I\u00a0za kr\u00e1tky \u010das, ktor\u00fd sp\u00e1ja jeho meno so Skalicou sa stal pevnou s\u00fa\u010das\u0165ou na\u0161ej hist\u00f3rie. <\/strong><\/em><br \/>\n<em><strong>\u010eakujeme za rozhovor a\u00a0\u017eel\u00e1me ve\u013ea pevn\u00e9ho zdravia k\u00a0jeho ned\u00e1vnym 93. narodenin\u00e1m.<\/strong><\/em><\/p>\n<p><em>\u017delm\u00edra Mach\u00e1\u010dkov\u00e1<\/em><\/p>\n","protected":false},"excerpt":{"rendered":"<div class=\"mh-excerpt\"><p>My, Skali\u010dania, sa hrdo hl\u00e1sime k\u00a0tomu, \u017ee sme kr\u00e1\u013eovsk\u00e9 mesto a\u00a0k\u00a0nemu ako tak\u00e9mu bezo sporu patr\u00ed aj kr\u00e1\u013eovsk\u00fd n\u00e1stroj \u2013 organ. A\u00a0ako sa na Skalicu patr\u00ed, pri\u00a0mno\u017estve in\u00fdch unik\u00e1tnost\u00ed, tak nem\u00e1me len jeden, ale hne\u010f <a class=\"mh-excerpt-more\" href=\"http:\/\/skalickyobzor.sk\/cms\/kralovsky-natroj-v-kralovskom-meste\/\" title=\"Kr\u00e1\u013eovsk\u00fd n\u00e1troj v kr\u00e1\u013eovskom meste\">[&#8230;]<\/a><\/p>\n<\/div>","protected":false},"author":1,"featured_media":5146,"comment_status":"closed","ping_status":"closed","sticky":false,"template":"","format":"standard","meta":{"footnotes":""},"categories":[2],"tags":[],"class_list":{"0":"post-5145","1":"post","2":"type-post","3":"status-publish","4":"format-standard","5":"has-post-thumbnail","7":"category-hlavna-tema"},"_links":{"self":[{"href":"http:\/\/skalickyobzor.sk\/cms\/wp-json\/wp\/v2\/posts\/5145","targetHints":{"allow":["GET"]}}],"collection":[{"href":"http:\/\/skalickyobzor.sk\/cms\/wp-json\/wp\/v2\/posts"}],"about":[{"href":"http:\/\/skalickyobzor.sk\/cms\/wp-json\/wp\/v2\/types\/post"}],"author":[{"embeddable":true,"href":"http:\/\/skalickyobzor.sk\/cms\/wp-json\/wp\/v2\/users\/1"}],"replies":[{"embeddable":true,"href":"http:\/\/skalickyobzor.sk\/cms\/wp-json\/wp\/v2\/comments?post=5145"}],"version-history":[{"count":6,"href":"http:\/\/skalickyobzor.sk\/cms\/wp-json\/wp\/v2\/posts\/5145\/revisions"}],"predecessor-version":[{"id":5172,"href":"http:\/\/skalickyobzor.sk\/cms\/wp-json\/wp\/v2\/posts\/5145\/revisions\/5172"}],"wp:featuredmedia":[{"embeddable":true,"href":"http:\/\/skalickyobzor.sk\/cms\/wp-json\/wp\/v2\/media\/5146"}],"wp:attachment":[{"href":"http:\/\/skalickyobzor.sk\/cms\/wp-json\/wp\/v2\/media?parent=5145"}],"wp:term":[{"taxonomy":"category","embeddable":true,"href":"http:\/\/skalickyobzor.sk\/cms\/wp-json\/wp\/v2\/categories?post=5145"},{"taxonomy":"post_tag","embeddable":true,"href":"http:\/\/skalickyobzor.sk\/cms\/wp-json\/wp\/v2\/tags?post=5145"}],"curies":[{"name":"wp","href":"https:\/\/api.w.org\/{rel}","templated":true}]}}