{"id":5187,"date":"2022-04-24T20:02:54","date_gmt":"2022-04-24T18:02:54","guid":{"rendered":"http:\/\/skalickyobzor.sk\/cms\/?p=5187"},"modified":"2022-04-24T20:14:14","modified_gmt":"2022-04-24T18:14:14","slug":"skalicke-ulice-pljustova","status":"publish","type":"post","link":"http:\/\/skalickyobzor.sk\/cms\/skalicke-ulice-pljustova\/","title":{"rendered":"Skalick\u00e9 ulice &#8211; P\u013eju\u0161\u0165ova"},"content":{"rendered":"<p>Viktor Savi\u010d P\u013eju\u0161\u0165 (*24. 11. 1913, Krym \u2013 \u202011.\/16. 4. 1945, Skalica, okolie Str\u00e1\u017enice), podplukovn\u00edk \u010cervenej arm\u00e1dy, spojovac\u00ed d\u00f4stojn\u00edk vo funkcii z\u00e1stupcu n\u00e1\u010deln\u00edka spojovacieho oddielu 53. arm\u00e1dy 2. ukrajinsk\u00e9ho frontu, sa z\u00fa\u010dastnil na oslobodzovan\u00ed Skalice 11. apr\u00edla 1945. \u00dadaje, s\u00favisiace s jeho menom a priezviskom i \u00famrt\u00edm uv\u00e1dzame variantne, preto\u017ee sa okolo nich vyskytuj\u00fa ist\u00e9 nejasnosti. Skali\u010dan, spisovate\u013e Jozef \u0160pa\u010dek, vo svojej \u0161t\u00fadii uv\u00e1dza, \u017ee spr\u00e1vny prepis z\u00a0rusk\u00e9ho \u010di ukrajinsk\u00e9ho mena \u0412\u0438\u043a\u0442\u043e\u0440 \u0421\u0430\u0432\u0432\u0438\u0447 \u041f\u043b\u044e\u0449 m\u00e1 by\u0165 Viktor Savvi\u010d P\u013eu\u0161\u010d, a\u00a0nie ako sa v\u00a0na\u0161om meste traduje Viktor Savi\u010d P\u013eju\u0161\u0165. A\u017e do roku 2016 platila verzia, \u017ee P\u013eju\u0161\u0165 (zachov\u00e1me p\u00f4vodn\u00fd prepis) padol v\u00a0Skalici \u2013 pod\u013ea nej ho mali zasiahnu\u0165 \u010drepiny, ke\u010f zachra\u0148oval deti pred nemeckou stre\u013ebou na dne\u0161nej Koreszkovej ulici smerom do H\u00e1jka. Mal pritom vybehn\u00fa\u0165 z\u00a0vilky rodiny V\u00e1clav\u00edkovcov a\u00a0zakri\u010da\u0165: \u201e<em>Rebjata, slu\u0161ajete&#8230; nesvobodno i\u0161\u010do zdes igratsja, patamu \u0161to fa\u0161isty&#8230;<\/em>\u201c Potvrdila mi to dc\u00e9ra Franti\u0161ka V\u00e1clav\u00edka Sylvia (vydat\u00e1 Valn\u00e1), moja spolu\u017eia\u010dka z\u00a0gymn\u00e1zia, ktorej o\u00a0tom rozpr\u00e1val otec. Navy\u0161e sama bola svedkom n\u00e1v\u0161tevy P\u013eju\u0161\u0165ovej man\u017eelky i\u00a0dc\u00e9ry u\u00a0nich a\u00a0pam\u00e4t\u00e1 si ako si vzali prs\u0165 zeme z\u00a0ich z\u00e1hrady. Viem o\u00a0nej, \u017ee by si nie\u010do tak\u00e9 nevymyslela. Len\u017ee, \u010do s\u00a0t\u00fdm?<\/p>\n<p>Rusk\u00e1 strana toti\u017e odovzdala v\u00a0roku 2016 mestu Skalica \u0161es\u0165stranov\u00fd dokument Centr\u00e1lneho arch\u00edvu Ministerstva obrany Ruskej feder\u00e1cie z\u00a0apr\u00edla 2015 (overen\u00fa k\u00f3piu origin\u00e1lu), v\u00a0ktorom sa hovor\u00ed nie\u010do in\u00e9. Okrem podrobn\u00e9ho podplukovn\u00edkovho \u017eivotopisu a\u00a0najm\u00e4 vojenskej kari\u00e9ry sa v\u00a0materi\u00e1li kon\u0161tatuje: \u201e<em>Podplukovn\u00edk V. S. P\u013eju\u0161\u0165 v\u00a0boji za socialistick\u00fa vlas\u0165, vern\u00fd vojenskej pr\u00edsahe, prejaviac hrdinstvo a\u00a0odvahu, zahynul 16. apr\u00edla 1945 v\u00a0\u010cesko-Slovensku v\u00a0okrese Str\u00e1\u017enice, ju\u017ene od obc\u00ed \u017deraviny a\u00a0Lide\u0159ovice (dnes s\u00fa\u010das\u0165 obce Vnorovy \u2013 pozn. autora). Ozn\u00e1menie o\u00a0tom dostala P\u013eju\u0161\u0165ova man\u017eelka Jevgenija Vasiljevna 8. m\u00e1ja 1945 od U\u013ejanovsk\u00e9ho mestsk\u00e9ho vojensk\u00e9ho v\u00fdboru. Zakr\u00e1tko sa i\u00a0s\u00a0p\u00e4\u0165ro\u010dnou dc\u00e9rkou Valent\u00ednou ods\u0165ahovala do Leningradu k\u00a0svojej matke, kde si na\u0161la zamestnanie ako u\u010dite\u013eka.<\/em>\u201c V\u00a0arch\u00edvnom spise sa \u010falej uv\u00e1dza, \u017ee podplukovn\u00edka P\u013eju\u0161ta previezli do Skalice, kde mala jeho jednotka vojensk\u00fd \u0161t\u00e1b, a\u00a0pochovali ho na n\u00e1mest\u00ed so v\u0161etk\u00fdmi vojensk\u00fdmi poctami v\u00a0samostatnom hrobe. Z\u00a0knihy Skalica (2014, s. 275) sa navy\u0161e dozvieme, \u017ee na P\u013eju\u0161\u0165ovom pohrebe sa z\u00fa\u010dastnil s\u00e1m velite\u013e 2. ukrajinsk\u00e9ho frontu mar\u0161al Rodion Jakovlevi\u010d Malinovskij. Po vzniku centr\u00e1lneho pam\u00e4tn\u00edka v\u00a0Bratislave premiestnili telesn\u00e9 ostatky na Slav\u00edn, tamoj\u0161\u00ed hrob m\u00e1, okrem \u00fadajov, i\u00a0fotografiu a\u00a0inform\u00e1ciu, \u017ee P\u013eju\u0161\u0165 zahynul 16. apr\u00edla 1945.<\/p>\n<p>Nech je to u\u017e akoko\u013evek, mo\u017eno vznikla chyba vo vojnovej dokument\u00e1cii, mo\u017eno je chybn\u00e1 p\u00f4vodn\u00e1 skalick\u00e1 verzia jeho smrti, mo\u017eno sa m\u00fdli moja spolu\u017eia\u010dka Sylvia Valn\u00e1. Podstatn\u00e9 v\u0161ak je, \u017ee tento hrdinsk\u00fd a\u00a0odv\u00e1\u017eny \u010dervenoarmejec priniesol so svojimi spolubojovn\u00edkmi\u00a0slobodu n\u00e1\u0161mu mestu. V\u00a0bojoch zahynulo na \u00fazem\u00ed Skalice 32 vojakov Sovietskej arm\u00e1dy a\u00a023 vojakov rumunskej arm\u00e1dy. Okrem toho v\u00a0skalickej nemocnici zomrelo \u010fal\u0161\u00edch vy\u0161e 20 sovietskych vojakov.<\/p>\n<p>Skali\u010dania vyslovovali v onen pam\u00e4tn\u00fd de\u0148 oslobodite\u013eom nesmiernu v\u010faku za prinesen\u00e9 obete. Skalick\u00fd kronik\u00e1r to zachytil t\u00fdmito slovami. \u201e<em>Rusi s\u00fa tu. Ideme na hlavn\u00fa ulicu, na n\u00e1mestie. Prech\u00e1dza rusk\u00e9 vojsko. V\u00edtame ich, prevol\u00e1vame im sl\u00e1vu, d\u00e1vame im skalick\u00e9 \u010derven\u00e9 vypi\u0165.<\/em>\u201c V\u010fa\u010dn\u00ed Skali\u010dania postavili P\u013eju\u0161\u0165ovi bustu, ktor\u00e1 je s\u00fa\u010das\u0165ou Pam\u00e4tn\u00edka oslobodenia v\u00a0parku pri \u0161kole na Mall\u00e9ho ulici. Ka\u017edoro\u010dne pri pr\u00edle\u017eitosti oslobodenia sa poklonia jeho pamiatke.<\/p>\n<p>Prichod\u00ed e\u0161te poveda\u0165 nieko\u013eko slov o\u00a0samotnom podplukovn\u00edkovi: V\u00a0\u010cervenej arm\u00e1de p\u00f4sobil ako \u0161pecialista-spoj\u00e1r od roku 1933. V\u00a0roku 1937 sa stal posluch\u00e1\u010dom Vojenskej elektrotechnickej akad\u00e9mie v\u00a0Leningrade a\u00a0z\u00e1rove\u0148 vojakom z\u00a0povolania. Po ukon\u010den\u00ed \u0161t\u00fadia v\u00a0roku 1940 z\u00edskal titul in\u017einier-elektrotechnik a\u00a0pov\u00fd\u0161ili ho do hodnosti kapit\u00e1na. O\u017eenil sa v\u00a0roku 1938, v\u00a0apr\u00edli 1940 sa im narodila dc\u00e9ra Valent\u00edna.<\/p>\n<p>Pplk. P\u013eju\u0161\u0165 je nosite\u013eom viacer\u00fdch vyznamenan\u00ed \u2013 medaily Za odvahu (1940), Radu \u010dervenej hviezdy (1942), Radu Ve\u013ekej vlasteneckej vojny I. stup\u0148a (1943), medail\u00ed Za obranu Moskvy (1944), Za bojov\u00e9 z\u00e1sluhy (1944) a\u00a0Radu \u010dervenej z\u00e1stavy (1944).<\/p>\n<p>Man\u017eelka Jevgenija a\u00a0dc\u00e9ra Valent\u00edna viackr\u00e1t nav\u0161t\u00edvili Skalicu a\u00a0Slav\u00edn, spolu s\u00a0prs\u0165ou na\u0161ej zeme si hlboko v\u00a0srdci odniesli spomienku na svojho man\u017eela a\u00a0otca a\u00a0nehyn\u00facu v\u010faku Skali\u010danov za oslobodenie.<\/p>\n<p><strong>Pramene:<\/strong><br \/>\nSkalica, 2014, Ms\u00da Skalica, 6-stranov\u00fd materi\u00e1l z\u00a0Centr\u00e1lneho arch\u00edvu Ministerstva obrany Ruskej feder\u00e1cie z\u00a0apr\u00edla 2015<\/p>\n<p><strong>Pozn\u00e1mka redakcie:<\/strong><br \/>\nPodplukovn\u00edk P\u013eju\u0161\u0165 je najzn\u00e1mej\u0161ou postavou oslobodzovania Skalice v roku 1945. V Skalickom Obzore sme mu v roku 2020 venovali zna\u010dn\u00fd priestor <a href=\"http:\/\/skalickyobzor.sk\/cms\/oslobodenie-na-vlastne-oci\/\">v \u010dl\u00e1nku Oslobodenie na vlastn\u00e9 o\u010di<\/a>, v ktorom sme sa pok\u00fasili zhrn\u00fa\u0165 rozporupln\u00e9 inform\u00e1cie o jeho konci. <a href=\"http:\/\/skalickyobzor.sk\/cms\/clovek-menom-pljust\/\">V \u010d\u00edsle 04\/2019<\/a> sme priniesli rozhovor s jeho dc\u00e9rou Lenou.<\/p>\n<p><em>Pavol Dinka<\/em><\/p>\n","protected":false},"excerpt":{"rendered":"<div class=\"mh-excerpt\"><p>Viktor Savi\u010d P\u013eju\u0161\u0165 (*24. 11. 1913, Krym \u2013 \u202011.\/16. 4. 1945, Skalica, okolie Str\u00e1\u017enice), podplukovn\u00edk \u010cervenej arm\u00e1dy, spojovac\u00ed d\u00f4stojn\u00edk vo funkcii z\u00e1stupcu n\u00e1\u010deln\u00edka spojovacieho oddielu 53. arm\u00e1dy 2. ukrajinsk\u00e9ho frontu, sa z\u00fa\u010dastnil na oslobodzovan\u00ed Skalice <a class=\"mh-excerpt-more\" href=\"http:\/\/skalickyobzor.sk\/cms\/skalicke-ulice-pljustova\/\" title=\"Skalick\u00e9 ulice &#8211; P\u013eju\u0161\u0165ova\">[&#8230;]<\/a><\/p>\n<\/div>","protected":false},"author":16,"featured_media":5188,"comment_status":"closed","ping_status":"closed","sticky":false,"template":"","format":"standard","meta":{"footnotes":""},"categories":[24],"tags":[],"class_list":{"0":"post-5187","1":"post","2":"type-post","3":"status-publish","4":"format-standard","5":"has-post-thumbnail","7":"category-skalicke-ulice"},"_links":{"self":[{"href":"http:\/\/skalickyobzor.sk\/cms\/wp-json\/wp\/v2\/posts\/5187","targetHints":{"allow":["GET"]}}],"collection":[{"href":"http:\/\/skalickyobzor.sk\/cms\/wp-json\/wp\/v2\/posts"}],"about":[{"href":"http:\/\/skalickyobzor.sk\/cms\/wp-json\/wp\/v2\/types\/post"}],"author":[{"embeddable":true,"href":"http:\/\/skalickyobzor.sk\/cms\/wp-json\/wp\/v2\/users\/16"}],"replies":[{"embeddable":true,"href":"http:\/\/skalickyobzor.sk\/cms\/wp-json\/wp\/v2\/comments?post=5187"}],"version-history":[{"count":1,"href":"http:\/\/skalickyobzor.sk\/cms\/wp-json\/wp\/v2\/posts\/5187\/revisions"}],"predecessor-version":[{"id":5189,"href":"http:\/\/skalickyobzor.sk\/cms\/wp-json\/wp\/v2\/posts\/5187\/revisions\/5189"}],"wp:featuredmedia":[{"embeddable":true,"href":"http:\/\/skalickyobzor.sk\/cms\/wp-json\/wp\/v2\/media\/5188"}],"wp:attachment":[{"href":"http:\/\/skalickyobzor.sk\/cms\/wp-json\/wp\/v2\/media?parent=5187"}],"wp:term":[{"taxonomy":"category","embeddable":true,"href":"http:\/\/skalickyobzor.sk\/cms\/wp-json\/wp\/v2\/categories?post=5187"},{"taxonomy":"post_tag","embeddable":true,"href":"http:\/\/skalickyobzor.sk\/cms\/wp-json\/wp\/v2\/tags?post=5187"}],"curies":[{"name":"wp","href":"https:\/\/api.w.org\/{rel}","templated":true}]}}