{"id":5190,"date":"2022-04-24T20:10:19","date_gmt":"2022-04-24T18:10:19","guid":{"rendered":"http:\/\/skalickyobzor.sk\/cms\/?p=5190"},"modified":"2022-04-24T20:14:52","modified_gmt":"2022-04-24T18:14:52","slug":"vazena-pani-primatorka-vazeni-poslanci-35","status":"publish","type":"post","link":"http:\/\/skalickyobzor.sk\/cms\/vazena-pani-primatorka-vazeni-poslanci-35\/","title":{"rendered":"V\u00e1\u017een\u00e1 pani prim\u00e1torka, v\u00e1\u017een\u00ed poslanci!"},"content":{"rendered":"<p>Do popredia z\u00e1ujmu ob\u010danov sa dostali udalost\u00ed na Ukrajine, t\u00e9ma vojny je v\u0161ade okolo n\u00e1s. Tak sme v\u00e1m v\u00a0minulom \u010d\u00edsle polo\u017eili ot\u00e1zku spojen\u00fa s\u00a0touto t\u00e9mou, ktorou \u017eije cel\u00e1 spolo\u010dnos\u0165.<\/p>\n<p><strong>Ako v\u00e1s osobne zasiahol vojnov\u00fd konflikt na Ukrajine?<\/strong><\/p>\n<p>\u010eakujeme za va\u0161e odpovede.<\/p>\n<p><em>Redakcia<\/em><\/p>\n<hr \/>\n<p>Vojna na Ukrajine: Vra\u017edenie nevinn\u00fdch civilistov, zn\u00e1sil\u0148ovanie \u017eien a\u00a0det\u00ed je to najhor\u0161ie, \u010do sa m\u00f4\u017ee sta\u0165. Vojna je bl\u00edzko n\u00e1s. Agresia v\u00a0najhor\u0161ej podobe&#8230;<br \/>\n<strong>Anna Mierna<\/strong><\/p>\n<p>Je to obrovsk\u00e1 \u0161koda a ne\u0161\u0165astie. V \u010dase kedy sa svet mal venova\u0165 obnove environmentu a rie\u0161eniu klimatick\u00fd zmien, mus\u00edme priamo, \u010di u\u017e nepriamo zn\u00e1\u0161a\u0165 d\u00f4sledky vojny na Ukrajine. V s\u00fa\u010dasnosti sa s priamymi d\u00f4sledkami stret\u00e1vam hlavne v pr\u00e1ci, kde sa \u010dastej\u0161ie rie\u0161ia scen\u00e1re kr\u00edzov\u00e9ho mana\u017ementu, kedy ch\u00fdbaj\u00fa vstupn\u00e9 materi\u00e1ly alebo na druhej strane rap\u00eddne klesol dopyt. Samozrejme, ako ka\u017ed\u00fd in\u00fd vn\u00edmam dopady zvy\u0161ovania cien, vysok\u00fa infl\u00e1ciu.<br \/>\n<strong>Matej Bellay<\/strong><\/p>\n<p>Neistota. Obavy. Pocity, ktor\u00e9 na n\u00e1s pri\u0161li bezprostredne po pre\u010d\u00edtan\u00ed si prv\u00fdch spr\u00e1v o ruskej inv\u00e1zii na Ukrajinu. Vojna je len k\u00fasok od n\u00e1s a strach o seba a bl\u00edzkych sa stali hlavnou em\u00f3ciou t\u00fdchto dn\u00ed. \u010co za\u017e\u00edvaj\u00fa \u013eudia, ktor\u00fdch krajina sa zo d\u0148a na de\u0148 stala vojnov\u00fdm polom, kde vojsk\u00e1 za\u010dali ni\u010di\u0165 to, \u010do oni dlh\u00e9 roky budovali? Sna\u017e\u00edm sa pom\u00e1ha\u0165 t\u00fdmto \u013eu\u010fom a podporova\u0165 v\u0161etk\u00fdch, ktor\u00ed c\u00edtia nap\u00e4tie a maj\u00fa strach z bud\u00facnosti. Vojnov\u00fd konflikt sa t\u00fdka ka\u017ed\u00e9ho z\u00a0n\u00e1s.<br \/>\n<strong>Veronika Buc<\/strong><\/p>\n<p>Vojna sa dotkne ka\u017ed\u00e9ho z n\u00e1s. \u010ci u\u017e zv\u00fd\u0161en\u00fdmi cenami pal\u00edv, ale aj ostatn\u00e9ho tovaru. Av\u0161ak, samozrejme, nielen v hmotnej, ale aj v my\u0161lienkovej rovine. Okrem toho, \u017ee vn\u00edmame nov\u00e9 tv\u00e1re v\u00a0na\u0161om meste, tak s\u00a0\u00fadivom sledujem ako je to mo\u017en\u00e9, \u017ee v\u00a021. storo\u010d\u00ed m\u00f4\u017eeme tak\u00e9 nie\u010do dopusti\u0165. Od za\u010diatku konfliktu sa sna\u017e\u00edm by\u0165 akt\u00edvnym oh\u013eadom pomoci prich\u00e1dzaj\u00facim Ukrajincom, ktor\u00ed za to, \u017ee sa niekto nedohodol musia nedobrovo\u013ene od\u00eds\u0165 zo svojich domovov. Viac si v\u00e1\u017eim slobodu, domov a\u00a0priate\u013eov.<br \/>\n<strong>Adri\u00e1n Hertl<\/strong><\/p>\n<p>Ako v\u0161etk\u00fdch s\u00fadnych \u013eud\u00ed. Stratou viery v racion\u00e1lne konanie \u013eudskej rasy. Po v\u0161etk\u00fdch historick\u00fdch sk\u00fasenostiach \u013eudstva s vojnami a vyhladzovan\u00edm cel\u00fdch n\u00e1rodov som \u017eil vo viere, \u017ee v dne\u0161nej dobe sa tak\u00e9to veci u\u017e nem\u00f4\u017eu dia\u0165. \u017dia\u013e, nevidel som, alebo nechcel vidie\u0165, v\u0161etky tie vojnov\u00e9 konflikty za posledn\u00e9 desa\u0165ro\u010die a narastaj\u00face nap\u00e4tie v globalizovanom svete. Po vytriezven\u00ed nast\u00fapila euf\u00f3ria pomoci \u013eu\u010fom, \u010do utekaj\u00fa pred vojnou a s\u00fa\u010dasne obavy z dopadov na n\u00e1s sam\u00fdch.<br \/>\n<strong>Miroslav Hor\u0148\u00e1k<\/strong><\/p>\n<p>V s\u00favislosti s aktu\u00e1lnymi udalos\u0165ami si \u010dlovek m\u00e1 mo\u017enos\u0165 uvedomi\u0165, \u017ee jedlo, voda, teplo a domov nie je samozrejmos\u0165 a n\u00e1\u0161 pokojn\u00fd \u017eivot sa m\u00f4\u017ee v priebehu p\u00e1r hod\u00edn, dn\u00ed z\u00e1sadne zmeni\u0165. Situ\u00e1cia na Ukrajine je pre n\u00e1s mo\u017enos\u0165 usporiada\u0165 si priority v na\u0161om \u017eivote. Som r\u00e1d, \u017ee mnoho ob\u010danov a zdru\u017een\u00ed v Skalici prejavuje solidaritu a prezentuje, \u017ee maj\u00fa srdie\u010dko na spr\u00e1vnom mieste.<br \/>\n<strong>Martin Koj\u0161<\/strong><\/p>\n<p>Je mi ve\u013emi \u013e\u00fato civiln\u00e9ho obyvate\u013estva.<br \/>\n<strong>Anna Oz\u00e1balov\u00e1<\/strong><\/p>\n<p>Situ\u00e1ciu na Ukrajine som do poslednej chv\u00edle vn\u00edmala tak , \u017ee ur\u010dite v dne\u0161nej dobe k vojne nem\u00f4\u017ee pr\u00eds\u0165. Bohu\u017eia\u013e, opak sa stal pravdou. Je to neuverite\u013en\u00e9 a srdce trhaj\u00face ako ob\u010dania Ukrajiny musia uteka\u0165 zo svojich domovov a niektor\u00fdm sa ani to nepodar\u00ed. Ve\u013emi mi je t\u00fdchto \u013eud\u00ed \u013e\u00fato a\u00a0silno d\u00fafam, \u017ee nebudeme do konfliktu zapojen\u00ed aj my \u2013 Slovensko a\u00a0budeme na strane solid\u00e1rneho a\u00a0pomocn\u00e9ho \u0161t\u00e1tu pre t\u00fdch, \u010do na\u0161u pomoc potrebuj\u00fa.<br \/>\n<strong>Jana Slobodov\u00e1 Reko\u0161ov\u00e1<\/strong><\/p>\n<p>Zdra\u017een\u00edm takmer v\u0161etk\u00fdch komod\u00edt.<br \/>\n<strong>Jozef Sk\u00e1la<\/strong><\/p>\n<div id=\"poslanci\">\n<div class=\"poslanec\">\n<div class=\"foto\"><img decoding=\"async\" src=\"http:\/\/skalickyobzor.sk\/cms\/wp-content\/uploads\/2019\/01\/anna_mierna.jpg\" \/><\/div>\n<div class=\"meno\">MIERNA Anna<\/div>\n<div class=\"percenta\">90%<\/div>\n<div class=\"odpoved\"><\/div>\n<\/div>\n<div class=\"poslanec\">\n<div class=\"foto\"><img decoding=\"async\" src=\"http:\/\/skalickyobzor.sk\/cms\/wp-content\/uploads\/2017\/10\/fotka_poslanca.jpg\" \/><\/div>\n<div class=\"meno\">BAR\u00c1T \u013dudov\u00edt<\/div>\n<div class=\"percenta\">10%<\/div>\n<div class=\"odpoved\"><\/div>\n<\/div>\n<div class=\"poslanec\">\n<div class=\"foto\"><img decoding=\"async\" src=\"http:\/\/skalickyobzor.sk\/cms\/wp-content\/uploads\/2021\/12\/matej_bellay.jpg\" \/><\/div>\n<div class=\"meno\">BELLAY Matej<\/div>\n<div class=\"percenta\">100%<\/div>\n<div class=\"odpoved\"><\/div>\n<\/div>\n<div class=\"poslanec\">\n<div class=\"foto\"><img decoding=\"async\" src=\"http:\/\/skalickyobzor.sk\/cms\/wp-content\/uploads\/2019\/01\/veronika_hanzalikova.jpg\" \/><\/div>\n<div class=\"meno\">BUC Veronika<\/div>\n<div class=\"percenta\">81%<\/div>\n<div class=\"odpoved\"><\/div>\n<\/div>\n<div class=\"poslanec\">\n<div class=\"foto\"><img decoding=\"async\" src=\"http:\/\/skalickyobzor.sk\/cms\/wp-content\/uploads\/2019\/01\/lubica_buckova.jpg\" \/><\/div>\n<div class=\"meno\">BU\u010cKOV\u00c1 \u013dubica<\/div>\n<div class=\"percenta\">52%<\/div>\n<div class=\"odpoved\"><\/div>\n<\/div>\n<div class=\"poslanec\">\n<div class=\"foto\"><img decoding=\"async\" src=\"http:\/\/skalickyobzor.sk\/cms\/wp-content\/uploads\/2019\/01\/adrian_hertl.jpg\" \/><\/div>\n<div class=\"meno\">HERTL Adri\u00e1n<\/div>\n<div class=\"percenta\">100%<\/div>\n<div class=\"odpoved\"><\/div>\n<\/div>\n<div class=\"poslanec\">\n<div class=\"foto\"><img decoding=\"async\" src=\"http:\/\/skalickyobzor.sk\/cms\/wp-content\/uploads\/2019\/01\/miroslav_hornak.jpg\" \/><\/div>\n<div class=\"meno\">HOR\u0147\u00c1K Miroslav<\/div>\n<div class=\"percenta\">67%<\/div>\n<div class=\"odpoved\"><\/div>\n<\/div>\n<div class=\"poslanec\">\n<div class=\"foto\"><img decoding=\"async\" src=\"http:\/\/skalickyobzor.sk\/cms\/wp-content\/uploads\/2019\/02\/vladislav_hornak.jpg\" \/><\/div>\n<div class=\"meno\">HOR\u0147\u00c1K Vladislav<\/div>\n<div class=\"percenta\">20%<\/div>\n<div class=\"odpoved\"><\/div>\n<\/div>\n<div class=\"poslanec\">\n<div class=\"foto\"><img decoding=\"async\" src=\"http:\/\/skalickyobzor.sk\/cms\/wp-content\/uploads\/2019\/01\/katarina_chovancova.jpg\" \/><\/div>\n<div class=\"meno\">CHOVANCOV\u00c1 Katar\u00edna<\/div>\n<div class=\"percenta\">52%<\/div>\n<div class=\"odpoved\"><\/div>\n<\/div>\n<div class=\"poslanec\">\n<div class=\"foto\"><img decoding=\"async\" src=\"http:\/\/skalickyobzor.sk\/cms\/wp-content\/uploads\/2017\/10\/martin_kojs.jpg\" \/><\/div>\n<div class=\"meno\">KOJ\u0160 Martin<\/div>\n<div class=\"percenta\">71%<\/div>\n<div class=\"odpoved\"><\/div>\n<\/div>\n<div class=\"poslanec\">\n<div class=\"foto\"><img decoding=\"async\" src=\"http:\/\/skalickyobzor.sk\/cms\/wp-content\/uploads\/2017\/10\/fotka_poslanca.jpg\" \/><\/div>\n<div class=\"meno\">KO\u0160\u00cdK Peter<\/div>\n<div class=\"percenta\">19%<\/div>\n<div class=\"odpoved\"><\/div>\n<\/div>\n<div class=\"poslanec\">\n<div class=\"foto\"><img decoding=\"async\" src=\"http:\/\/skalickyobzor.sk\/cms\/wp-content\/uploads\/2019\/01\/miroslav_lipovsky.jpg\" \/><\/div>\n<div class=\"meno\">LIPOVSK\u00dd Miroslav<\/div>\n<div class=\"percenta\">29%<\/div>\n<div class=\"odpoved\"><\/div>\n<\/div>\n<div class=\"poslanec\">\n<div class=\"foto\"><img decoding=\"async\" src=\"http:\/\/skalickyobzor.sk\/cms\/wp-content\/uploads\/2017\/10\/anna_ozabalova.jpg\" \/><\/div>\n<div class=\"meno\">OZ\u00c1BALOV\u00c1 Anna<\/div>\n<div class=\"percenta\">100%<\/div>\n<div class=\"odpoved\"><\/div>\n<\/div>\n<div class=\"poslanec\">\n<div class=\"foto\"><img decoding=\"async\" src=\"http:\/\/skalickyobzor.sk\/cms\/wp-content\/uploads\/2017\/12\/peter_pagac.jpg\" \/><\/div>\n<div class=\"meno\">PAG\u00c1\u010c Peter<\/div>\n<div class=\"percenta\">5%<\/div>\n<div class=\"odpoved\"><\/div>\n<\/div>\n<div class=\"poslanec\">\n<div class=\"foto\"><img decoding=\"async\" src=\"http:\/\/skalickyobzor.sk\/cms\/wp-content\/uploads\/2019\/01\/zigmund_palffy.jpg\" \/><\/div>\n<div class=\"meno\">P\u00c1LFFY \u017digmund<\/div>\n<div class=\"percenta\">38%<\/div>\n<div class=\"odpoved\"><\/div>\n<\/div>\n<div class=\"poslanec\">\n<div class=\"foto\"><img decoding=\"async\" src=\"http:\/\/skalickyobzor.sk\/cms\/wp-content\/uploads\/2019\/01\/erik_rangl.jpg\" \/><\/div>\n<div class=\"meno\">RANGL Erik<\/div>\n<div class=\"percenta\">24%<\/div>\n<div class=\"odpoved\"><\/div>\n<\/div>\n<div class=\"poslanec\">\n<div class=\"foto\"><img decoding=\"async\" src=\"http:\/\/skalickyobzor.sk\/cms\/wp-content\/uploads\/2017\/10\/jana_rekosova.jpg\" \/><\/div>\n<div class=\"meno\">REKO\u0160OV\u00c1 Jana<\/div>\n<div class=\"percenta\">86%<\/div>\n<div class=\"odpoved\"><\/div>\n<\/div>\n<div class=\"poslanec\">\n<div class=\"foto\"><img decoding=\"async\" src=\"http:\/\/skalickyobzor.sk\/cms\/wp-content\/uploads\/2017\/10\/fotka_poslanca.jpg\" \/><\/div>\n<div class=\"meno\">ROMAN Milan<\/div>\n<div class=\"percenta\">10%<\/div>\n<div class=\"odpoved\"><\/div>\n<\/div>\n<div class=\"poslanec\">\n<div class=\"foto\"><img decoding=\"async\" src=\"http:\/\/skalickyobzor.sk\/cms\/wp-content\/uploads\/2019\/01\/jozef_skala.jpg\" \/><\/div>\n<div class=\"meno\">SK\u00c1LA Jozef<\/div>\n<div class=\"percenta\">67%<\/div>\n<div class=\"odpoved\"><\/div>\n<\/div>\n<div class=\"poslanec\">\n<div class=\"foto\"><img decoding=\"async\" src=\"http:\/\/skalickyobzor.sk\/cms\/wp-content\/uploads\/2017\/10\/fotka_poslanca.jpg\" \/><\/div>\n<div class=\"meno\">\u0160ANTAV\u00dd Rudolf<\/div>\n<div class=\"percenta\">0%<\/div>\n<div class=\"odpoved\"><\/div>\n<\/div>\n<\/div>\n","protected":false},"excerpt":{"rendered":"<div class=\"mh-excerpt\"><p>Do popredia z\u00e1ujmu ob\u010danov sa dostali udalost\u00ed na Ukrajine, t\u00e9ma vojny je v\u0161ade okolo n\u00e1s. Tak sme v\u00e1m v\u00a0minulom \u010d\u00edsle polo\u017eili ot\u00e1zku spojen\u00fa s\u00a0touto t\u00e9mou, ktorou \u017eije cel\u00e1 spolo\u010dnos\u0165. Ako v\u00e1s osobne zasiahol vojnov\u00fd konflikt <a class=\"mh-excerpt-more\" href=\"http:\/\/skalickyobzor.sk\/cms\/vazena-pani-primatorka-vazeni-poslanci-35\/\" title=\"V\u00e1\u017een\u00e1 pani prim\u00e1torka, v\u00e1\u017een\u00ed poslanci!\">[&#8230;]<\/a><\/p>\n<\/div>","protected":false},"author":1,"featured_media":239,"comment_status":"closed","ping_status":"closed","sticky":false,"template":"","format":"standard","meta":{"footnotes":""},"categories":[9],"tags":[],"class_list":{"0":"post-5190","1":"post","2":"type-post","3":"status-publish","4":"format-standard","5":"has-post-thumbnail","7":"category-vazeni-poslanci"},"_links":{"self":[{"href":"http:\/\/skalickyobzor.sk\/cms\/wp-json\/wp\/v2\/posts\/5190","targetHints":{"allow":["GET"]}}],"collection":[{"href":"http:\/\/skalickyobzor.sk\/cms\/wp-json\/wp\/v2\/posts"}],"about":[{"href":"http:\/\/skalickyobzor.sk\/cms\/wp-json\/wp\/v2\/types\/post"}],"author":[{"embeddable":true,"href":"http:\/\/skalickyobzor.sk\/cms\/wp-json\/wp\/v2\/users\/1"}],"replies":[{"embeddable":true,"href":"http:\/\/skalickyobzor.sk\/cms\/wp-json\/wp\/v2\/comments?post=5190"}],"version-history":[{"count":2,"href":"http:\/\/skalickyobzor.sk\/cms\/wp-json\/wp\/v2\/posts\/5190\/revisions"}],"predecessor-version":[{"id":5192,"href":"http:\/\/skalickyobzor.sk\/cms\/wp-json\/wp\/v2\/posts\/5190\/revisions\/5192"}],"wp:featuredmedia":[{"embeddable":true,"href":"http:\/\/skalickyobzor.sk\/cms\/wp-json\/wp\/v2\/media\/239"}],"wp:attachment":[{"href":"http:\/\/skalickyobzor.sk\/cms\/wp-json\/wp\/v2\/media?parent=5190"}],"wp:term":[{"taxonomy":"category","embeddable":true,"href":"http:\/\/skalickyobzor.sk\/cms\/wp-json\/wp\/v2\/categories?post=5190"},{"taxonomy":"post_tag","embeddable":true,"href":"http:\/\/skalickyobzor.sk\/cms\/wp-json\/wp\/v2\/tags?post=5190"}],"curies":[{"name":"wp","href":"https:\/\/api.w.org\/{rel}","templated":true}]}}