{"id":5193,"date":"2022-04-24T20:03:52","date_gmt":"2022-04-24T18:03:52","guid":{"rendered":"http:\/\/skalickyobzor.sk\/cms\/?p=5193"},"modified":"2022-04-24T20:14:19","modified_gmt":"2022-04-24T18:14:19","slug":"skalicke-priezviska-xxi-daniel-balaz-malik-mena-ktore-im-dali","status":"publish","type":"post","link":"http:\/\/skalickyobzor.sk\/cms\/skalicke-priezviska-xxi-daniel-balaz-malik-mena-ktore-im-dali\/","title":{"rendered":"Skalick\u00e9 priezvisk\u00e1 XXI &#8211; Daniel, Bal\u00e1\u017e, Mal\u00edk &#8211; men\u00e1, ktor\u00e9 im dali"},"content":{"rendered":"<p>Ne\u017e sa budeme venova\u0165 v\u00a0s\u00fa\u010dasnosti najroz\u0161\u00edrenej\u0161\u00edm skalick\u00fdm priezvisk\u00e1m Daniel\/ov\u00e1 (167 kr\u00e1t), Mal\u00edk\/ov\u00e1 (139 kr\u00e1t), Bal\u00e1\u017e\/ov\u00e1 (124 kr\u00e1t), povieme si nie\u010do o\u00a0ich p\u00f4vode.<\/p>\n<p>Priezvisko <strong>Daniel<\/strong> dlho vysvet\u013eova\u0165 nemus\u00edme. Vzniklo zo staroz\u00e1konn\u00e9ho mena Daniel, ktor\u00e9 poch\u00e1dza z\u00a0hebrej\u010diny a\u00a0p\u00f4vodne zna\u010dilo \u201eBoh je sudca\u201c.<\/p>\n<p>Priezvisko <strong>Mal\u00edk<\/strong> tie\u017e nie je \u0165a\u017ek\u00e9 identifikova\u0165, preto\u017ee vzniklo z\u00a0pr\u00eddavn\u00e9ho mena mal\u00fd a\u00a0bolo utvoren\u00e9 zo staroslovansk\u00e9ho \u201emal\u201c, \u010do znamenalo \u201emal\u00fd\u201c, \u201edie\u0165a\u201c.<\/p>\n<p>Priezvisko <strong>Bal\u00e1\u017e<\/strong> je priezvisko utvoren\u00e9 z\u00a0krstn\u00e9ho mena Bla\u017eej, ktor\u00e9 v\u00a0archaickej podobe v\u00a0gr\u00e9\u010dtine znelo Blasios, \u010do znamenalo pravdepodobne \u201ebrblav\u00fd, nezrozumite\u013ene hovoriaci\u201c a\u00a0z\u00a0jeho ma\u010farsk\u00e9ho ekvivalentu Bal\u00e1zs.<\/p>\n<p>Priezvisko <strong>Daniel<\/strong> sa prv\u00fd raz v\u00a0Skalici objavuje (nie ako krstn\u00e9 meno, ale ako priezvisko) v\u00a0roku 1780, kedy sa do rodiny Mikul\u00e1\u0161a Daniela a\u00a0jeho \u017eeny Anny, rod. Petroliny, narodil syn Franti\u0161ek (*22. 1. 1780). V\u00a0z\u00e1pise sa presne p\u00ed\u0161e: \u201e<em>&#8230;rodi\u010dia s\u00fa Mikul\u00e1\u0161 Daniel a\u00a0Anna Petrolina, kedysi cig\u00e1ni, teraz ro\u013en\u00edci katol\u00edci<\/em>\u201c. Bolo to nieko\u013eko rokov po tom, \u010do sa panovn\u00ed\u010dka M\u00e1ria Ter\u00e9zia rozhodla rie\u0161i\u0165 situ\u00e1ciu s\u00a0ko\u010dovn\u00fdmi R\u00f3mami. Nieko\u013ek\u00fdmi dekr\u00e9tmi, vydan\u00fdmi v\u00a0priebehu 60. a\u00a070. rokov 18. storo\u010dia sa sna\u017eila R\u00f3mov prip\u00fata\u0165 k\u00a0p\u00f4de a\u00a0zaisti\u0165 tak, aby prestali ko\u010dova\u0165. V\u00a0tomto duchu znie aj latinsk\u00fd z\u00e1pis far\u00e1ra v\u00a0skalickej matrike pokrsten\u00fdch \u201e<em>Franciscus, Patrini Nicolaus Daniel et Anna Petrolina prius Zingari nunc Incolae catholici &#8230;<\/em>\u201c. Bol to, teda, jeden z\u00a0\u00faspe\u0161n\u00fdch pokusov.<\/p>\n<p>Druh\u00fd z\u00e1pis, kde sa vyskytuje priezvisko Daniel a\u00a0Mal\u00edk je z\u00a0roku 1786. To sa J\u00e1novi Danielovi a\u00a0jeho \u017eene Anne, rod. Mal\u00edkovej, narodil syn Tom\u00e1\u0161 (*11. 7. 1786). Rodi\u010dia i\u00a0krstn\u00ed rodi\u010dia, ktor\u00fdmi boli Tom\u00e1\u0161 Mal\u00edk a\u00a0Petronela, rod. Danielov\u00e1, s\u00fa tu ozna\u010den\u00ed ako \u201e<em>Cath. Zingari Szak.\u201c, \u010di\u017ee \u201eskalick\u00ed Cig\u00e1ni, katol\u00edci<\/em>\u201c. Isto b\u00fdvali v\u00a0Skalici a\u00a0boli to t\u00ed, ktor\u00ed uposl\u00fachli nariadenia M\u00e1rie Ter\u00e9zie. Prv\u00ed usaden\u00ed Cig\u00e1ni s\u00a0priezviskom Daniel boli hol\u00ed\u010dski, ktor\u00ed sa objavuj\u00fa v\u00a0hol\u00ed\u010dskej r. k. matrike u\u017e v\u00a0roku 1757 a\u00a0v\u00a0Rado\u0161ovciach v\u00a0roku 1770. Iste to s\u00faviselo s\u00a0t\u00fdm, \u017ee panstvo Hol\u00ed\u010d patrilo c. k. rodine a\u00a0ako tak\u00e9 i\u0161lo pr\u00edkladom.<\/p>\n<p>Ne\u017e budeme pokra\u010dova\u0165 s \u010fal\u0161\u00edmi priezviskami, ktor\u00e9 s\u00fa dnes roz\u0161\u00edren\u00e9 medzi R\u00f3mami i majoritn\u00fdm obyvate\u013estvom, dovo\u013ete mal\u00fd exkurz do obdobia M\u00e1rie Ter\u00e9zie a jej \u00faprimnej snahy zmierni\u0165 opatrenia svojho otca vo\u010di R\u00f3mom a z\u00e1rove\u0148 tomuto etniku zmeni\u0165 ich prirodzen\u00fd sp\u00f4sob \u017eivota, ktor\u00fdm \u017eili st\u00e1ro\u010dia. Jej otec cis\u00e1r Karol VI. vyhl\u00e1sil e\u0161te dekr\u00e9tom z roku 1721 \u201eCig\u00e1nov\u201c za vyvrhe\u013eov spolo\u010dnosti a nariadil, aby sa aj na ich \u017eeny vz\u0165ahoval trest smrti za tul\u00e1ctvo.<\/p>\n<figure id=\"attachment_5194\" aria-describedby=\"caption-attachment-5194\" style=\"width: 560px\" class=\"wp-caption aligncenter\"><img loading=\"lazy\" decoding=\"async\" class=\"size-full wp-image-5194\" src=\"http:\/\/skalickyobzor.sk\/cms\/wp-content\/uploads\/2022\/04\/constitutio-criminalis.jpg\" alt=\"\" width=\"560\" height=\"868\" srcset=\"http:\/\/skalickyobzor.sk\/cms\/wp-content\/uploads\/2022\/04\/constitutio-criminalis.jpg 560w, http:\/\/skalickyobzor.sk\/cms\/wp-content\/uploads\/2022\/04\/constitutio-criminalis-194x300.jpg 194w\" sizes=\"auto, (max-width: 560px) 100vw, 560px\" \/><figcaption id=\"caption-attachment-5194\" class=\"wp-caption-text\">Tituln\u00e1 strana z\u00a0Constitutio Criminalis Theresiana \u2013 Hrdeln\u00ed \u0159\u00e1d M\u00e1rie Ter\u00e9zie v\u00a0\u010de\u0161tine z\u00a0roku 1768, v\u00a0\u010cech\u00e1ch platn\u00fd od 1.\u00a01. 1770<\/figcaption><\/figure>\n<p>Preto dekr\u00e9t, vydan\u00fd v roku 1749, s\u00edce naria\u010foval chyten\u00fdch R\u00f3mov vyhosti\u0165 z krajiny, ale ani pri ich op\u00e4tovnom n\u00e1vrate do podunajskej r\u00ed\u0161e nepopravova\u0165, ale tresta\u0165 palicovan\u00edm a vyp\u00e1len\u00edm bi\u013eagu. A\u017e pri \u010fal\u0161om n\u00e1vrate platila z\u00e1sada &#8222;tret\u00edkr\u00e1t a dos\u0165\u201c \u2013 nasledoval hrdeln\u00fd trest. \u010eal\u0161ie zmiernenie represi\u00ed priniesol dekr\u00e9t panovn\u00ed\u010dky z roku 1751. Pod\u013ea neho sa mali vyhosti\u0165 z krajiny a tresta\u0165 za tul\u00e1ctvo u\u017e len \u201ecudz\u00ed\u201c R\u00f3movia. Zadr\u017ean\u00fdch dom\u00e1cich ko\u010dovn\u00edkov posielali \u00farady do ich rod\u00edsk, kde sa o nich mali postara\u0165 miestne \u00farady. V roku 1761 vydala M\u00e1ria Ter\u00e9zia dekr\u00e9t, ktor\u00fd ru\u0161il funkciu vajdu a namiesto ozna\u010denia \u201eCig\u00e1n\u201c sa zav\u00e1dzalo in\u00e9 \u2013 \u201eNovosedliak\u201c (Neubauer) a \u201eNovoma\u010far\u201c (Uj \u2013 Magyar). Okrem toho nariadenie zakazovalo pou\u017e\u00edva\u0165 r\u00f3msky jazyk. Ko\u010dovn\u00edci sa mali usadi\u0165 medzi ostatn\u00fdmi poddan\u00fdmi, mali podlieha\u0165 miestnemu richt\u00e1rovi, presta\u0165 b\u00fdva\u0165 v\u00a0stanoch a\u00a0stava\u0165 si riadne obydlia.<\/p>\n<p>Panovn\u00ed\u010dka medzit\u00fdm vydala \u010fal\u0161ie nariadenia. Podrobne o\u00a0nich p\u00edsal v\u00a0roku 1776\u00a0spi\u0161sk\u00fd vzdelanec Samuel Augustini ab Hortis, autor prvej zn\u00e1mej monografie o\u00a0R\u00f3moch v\u00a0Uhorsku, ktor\u00fa vydal pod n\u00e1zvom \u201eCig\u00e1ni v\u00a0Uhorsku\u201c. O\u00a0dne\u0161nom stave, zvl\u00e1\u0161tnych mravoch a\u00a0sp\u00f4sobe \u017eivota, ako aj o\u00a0ostatn\u00fdch vlastnostiach a\u00a0danostiach Cig\u00e1nov v\u00a0Uhorsku. Naria\u010fovalo sa im napr\u00edklad presta\u0165 obchodova\u0165 s\u00a0ko\u0148mi a\u00a0jes\u0165 uhynut\u00e9 zvierat\u00e1, prisp\u00f4sobi\u0165 sa odevom i\u00a0spr\u00e1van\u00edm ostatn\u00e9mu obyvate\u013estvu at\u010f.<\/p>\n<figure id=\"attachment_5195\" aria-describedby=\"caption-attachment-5195\" style=\"width: 621px\" class=\"wp-caption aligncenter\"><img loading=\"lazy\" decoding=\"async\" class=\"size-full wp-image-5195\" src=\"http:\/\/skalickyobzor.sk\/cms\/wp-content\/uploads\/2022\/04\/1-IPZr.profimedia_0021091375_jpg.jpg\" alt=\"\" width=\"621\" height=\"793\" srcset=\"http:\/\/skalickyobzor.sk\/cms\/wp-content\/uploads\/2022\/04\/1-IPZr.profimedia_0021091375_jpg.jpg 621w, http:\/\/skalickyobzor.sk\/cms\/wp-content\/uploads\/2022\/04\/1-IPZr.profimedia_0021091375_jpg-235x300.jpg 235w\" sizes=\"auto, (max-width: 621px) 100vw, 621px\" \/><figcaption id=\"caption-attachment-5195\" class=\"wp-caption-text\">M\u00e1ria Ter\u00e9zia<br \/>Zdroj: internet<\/figcaption><\/figure>\n<p>Dekr\u00e9t, ktor\u00fd za\u010dal plati\u0165 roku 1768, postavil v\u0161etk\u00fdch R\u00f3mov v habsburskej monarchii pod miestnu jurisdikciu, \u010do znamen\u00e1 asi to\u013eko, \u017ee pr\u00edslu\u0161n\u00e9 nariadenia panovn\u00ed\u010dky a\u00a0vyhl\u00e1\u0161ky cis\u00e1rskeho dvora uv\u00e1dzala v\u00a0Uhorsku do praxe Kr\u00e1\u013eovsk\u00e1 miestodr\u017eite\u013esk\u00e1 rada so s\u00eddlom v\u00a0Bratislave. Nov\u00e1 vyhl\u00e1\u0161ka stanovila konkr\u00e9tne \u010dasov\u00e9 obdobia, dokedy sa ko\u010dovn\u00ed R\u00f3movia musia zbavi\u0165 svojho star\u00e9ho sp\u00f4sobu \u017eivota, usadi\u0165 sa v\u00a0mest\u00e1ch a\u00a0na dedin\u00e1ch, postavi\u0165 si riadne domy a\u00a0chyti\u0165 sa \u201epoctiv\u00e9ho zamestnania\u201c. Cis\u00e1rovn\u00e1 a\u00a0uhorsk\u00e1 kr\u00e1\u013eovn\u00e1 M\u00e1ria Ter\u00e9zia t\u00fdmito nariadeniami chcela R\u00f3mov \u2013 Novosedliakov prip\u00fata\u0165 k\u00a0p\u00f4de a\u00a0vies\u0165 k\u00a0ro\u013en\u00edctvu. Jej nariadenia &#8222;zasiahli srdcia Cig\u00e1nov na najcitlivej\u0161om mieste\u201c, lebo im brali slobodu a\u00a0ich odvek\u00fd sp\u00f4sob \u017eivota, \u010do sa napokon uk\u00e1zalo ako silnej\u0161ie a\u00a0ro\u013en\u00edci sa z\u00a0nich stali naozaj iba v\u00a0ojedinel\u00fdch pr\u00edpadoch. V\u010faka t\u00fdmto opatreniam sa v\u0161ak objavuj\u00fa aj prv\u00ed R\u00f3movia v\u00a0Skalici, ako sme to uviedli vy\u0161\u0161ie u\u00a0priezviska Daniel.<\/p>\n<figure id=\"attachment_5196\" aria-describedby=\"caption-attachment-5196\" style=\"width: 704px\" class=\"wp-caption aligncenter\"><img loading=\"lazy\" decoding=\"async\" class=\"size-full wp-image-5196\" src=\"http:\/\/skalickyobzor.sk\/cms\/wp-content\/uploads\/2022\/04\/a-nar_daniel-frantisek_1780-detail.jpg\" alt=\"\" width=\"704\" height=\"148\" srcset=\"http:\/\/skalickyobzor.sk\/cms\/wp-content\/uploads\/2022\/04\/a-nar_daniel-frantisek_1780-detail.jpg 704w, http:\/\/skalickyobzor.sk\/cms\/wp-content\/uploads\/2022\/04\/a-nar_daniel-frantisek_1780-detail-300x63.jpg 300w\" sizes=\"auto, (max-width: 704px) 100vw, 704px\" \/><figcaption id=\"caption-attachment-5196\" class=\"wp-caption-text\">Detail matri\u010dn\u00e9ho z\u00e1pisu z\u00a0krstu Franti\u0161ka Daniela z\u00a0roku 1780.\u00a0V\u00a0z\u00e1pise sa presne p\u00ed\u0161e:<br \/>\u201e&#8230;rodi\u010dia s\u00fa Mikul\u00e1\u0161 Daniel a\u00a0Anna Petrolina, kedysi cig\u00e1ni, teraz ro\u013en\u00edci katol\u00edci\u201c.<\/figcaption><\/figure>\n<p>Priezvisko <strong>Mal\u00edk<\/strong> sa v\u00a0Skalici objavuje ove\u013ea sk\u00f4r. U\u017e v\u00a017. storo\u010d\u00ed. V\u00a0roku 1663 sa narodila do rodiny Mateja Mal\u00edka a\u00a0jeho \u017eeny Evy dc\u00e9ra, ktor\u00e1 dostala meno Al\u017ebeta (*11. 11. 1663). Po\u010detnej\u0161iu rodinu mali J\u00e1n Mal\u00edk a\u00a0jeho \u017eena Anna, preto\u017ee sa im narodili deti v\u00a0porad\u00ed Katar\u00edna (*26. 1. 1669), M\u00e1ria Magdal\u00e9na (*1670), Anna (*1672) a\u00a0Pavol (*1674). V\u00a0roku 1669 sa narodila Jurajovi Mal\u00edkovi a\u00a0jeho \u017eene Katar\u00edne dc\u00e9ra, ktor\u00e1 dostala meno Katar\u00edna (*1679). T\u00edto Mal\u00edkovci v\u0161ak neboli R\u00f3movia, ale ich postavenie v\u00a0spolo\u010denskej hierarchii zaznamenan\u00e9 nie je. Priezvisko Mal\u00edk v\u00a0Skalici od reforiem M\u00e1rie Ter\u00e9zie nosili aj R\u00f3movia. V\u00a0roku 1777 sa narodil Kl\u00e1re Mal\u00edkovej syn, ktor\u00fd bol v\u00a0kostole pokrsten\u00fd ako J\u00e1n (*22. 3. 1777). Otec bol nezn\u00e1my.<\/p>\n<p>Tretie priezvisko <strong>Bal\u00e1\u017e<\/strong> sa v regi\u00f3ne objavuje v roku 1671 v Rado\u0161ovciach Vieske. Odtia\u013e sa dostalo do Hol\u00ed\u010da (1683) a Vr\u00e1di\u0161\u0165a (1742). V Mokrom H\u00e1ji sa priezvisko objavuje v roku 1745, kedy sa uskuto\u010dnil sob\u00e1\u0161 ml\u00e1denca Martina Bal\u00e1\u017ea, rod\u00e1ka zo Soboti\u0161\u0165a, b\u00fdvaj\u00faceho v Rohove s vdovou Katar\u00ednou, rod. Bundalovou, ktor\u00e1 bola vydat\u00e1 \u0160kolnikovi\u010dov\u00e1. Sob\u00e1\u0161 sa uskuto\u010dnil 24. 6. 1745. Tomuto p\u00e1ru sa narodil syn Martin (*3. 9. 1747). Martin Bal\u00e1\u017e (*3. 9. 1747), ro\u013en\u00edk v Mokrom H\u00e1ji sa ako vdovec o\u017eenil s vdovou po Jurajovi Lipovskom 25. 8. 1779. Bal\u00e1\u017eovci \u017eili cel\u00e9 19. storo\u010die vo Vr\u00e1di\u0161ti, v\u00a0Skalici sa objavuj\u00fa a\u017e v\u00a020. storo\u010d\u00ed, ale dnes s\u00fa v\u00a0Skalici na tre\u0165om mieste, \u010do sa t\u00fdka po\u010detnosti po Danieloch a\u00a0Mal\u00edkovcoch.<\/p>\n<figure id=\"attachment_5197\" aria-describedby=\"caption-attachment-5197\" style=\"width: 766px\" class=\"wp-caption aligncenter\"><img loading=\"lazy\" decoding=\"async\" class=\"size-full wp-image-5197\" src=\"http:\/\/skalickyobzor.sk\/cms\/wp-content\/uploads\/2022\/04\/b-nar_daniel-tomas_1786-detail.jpg\" alt=\"\" width=\"766\" height=\"90\" srcset=\"http:\/\/skalickyobzor.sk\/cms\/wp-content\/uploads\/2022\/04\/b-nar_daniel-tomas_1786-detail.jpg 766w, http:\/\/skalickyobzor.sk\/cms\/wp-content\/uploads\/2022\/04\/b-nar_daniel-tomas_1786-detail-300x35.jpg 300w\" sizes=\"auto, (max-width: 766px) 100vw, 766px\" \/><figcaption id=\"caption-attachment-5197\" class=\"wp-caption-text\">Detail matri\u010dn\u00e9ho z\u00e1pisu z\u00a0krstu Tom\u00e1\u0161a Daniela z\u00a0roku 1786<\/figcaption><\/figure>\n<figure id=\"attachment_5198\" aria-describedby=\"caption-attachment-5198\" style=\"width: 862px\" class=\"wp-caption aligncenter\"><img loading=\"lazy\" decoding=\"async\" class=\"size-full wp-image-5198\" src=\"http:\/\/skalickyobzor.sk\/cms\/wp-content\/uploads\/2022\/04\/c-sob_balaz-martin-bundala-kata_1745image71-skalica-detail.jpg\" alt=\"\" width=\"862\" height=\"107\" srcset=\"http:\/\/skalickyobzor.sk\/cms\/wp-content\/uploads\/2022\/04\/c-sob_balaz-martin-bundala-kata_1745image71-skalica-detail.jpg 862w, http:\/\/skalickyobzor.sk\/cms\/wp-content\/uploads\/2022\/04\/c-sob_balaz-martin-bundala-kata_1745image71-skalica-detail-300x37.jpg 300w, http:\/\/skalickyobzor.sk\/cms\/wp-content\/uploads\/2022\/04\/c-sob_balaz-martin-bundala-kata_1745image71-skalica-detail-768x95.jpg 768w\" sizes=\"auto, (max-width: 862px) 100vw, 862px\" \/><figcaption id=\"caption-attachment-5198\" class=\"wp-caption-text\">Detail matri\u010dn\u00e9ho z\u00e1pisu sob\u00e1\u0161a\u00a0Martina Bal\u00e1\u017ea, rod\u00e1ka zo Soboti\u0161\u0165a, b\u00fdvaj\u00faceho v\u00a0Rohove s\u00a0vdovou Katar\u00ednou,rod. Bundalovou, ktor\u00e1 bola vydat\u00e1 \u0160kolnikovi\u010dov\u00e1. Rok 1745<\/figcaption><\/figure>\n<p><em>Mgr. Vladim\u00edr Petrovi\u010d,<\/em><br \/>\n<em>geneal\u00f3g<\/em><\/p>\n","protected":false},"excerpt":{"rendered":"<div class=\"mh-excerpt\"><p>Ne\u017e sa budeme venova\u0165 v\u00a0s\u00fa\u010dasnosti najroz\u0161\u00edrenej\u0161\u00edm skalick\u00fdm priezvisk\u00e1m Daniel\/ov\u00e1 (167 kr\u00e1t), Mal\u00edk\/ov\u00e1 (139 kr\u00e1t), Bal\u00e1\u017e\/ov\u00e1 (124 kr\u00e1t), povieme si nie\u010do o\u00a0ich p\u00f4vode. Priezvisko Daniel dlho vysvet\u013eova\u0165 nemus\u00edme. Vzniklo zo staroz\u00e1konn\u00e9ho mena Daniel, ktor\u00e9 poch\u00e1dza z\u00a0hebrej\u010diny <a class=\"mh-excerpt-more\" href=\"http:\/\/skalickyobzor.sk\/cms\/skalicke-priezviska-xxi-daniel-balaz-malik-mena-ktore-im-dali\/\" title=\"Skalick\u00e9 priezvisk\u00e1 XXI &#8211; Daniel, Bal\u00e1\u017e, Mal\u00edk &#8211; men\u00e1, ktor\u00e9 im dali\">[&#8230;]<\/a><\/p>\n<\/div>","protected":false},"author":48,"featured_media":17,"comment_status":"closed","ping_status":"closed","sticky":false,"template":"","format":"standard","meta":{"footnotes":""},"categories":[25],"tags":[],"class_list":{"0":"post-5193","1":"post","2":"type-post","3":"status-publish","4":"format-standard","5":"has-post-thumbnail","7":"category-skalicke-priezviska"},"_links":{"self":[{"href":"http:\/\/skalickyobzor.sk\/cms\/wp-json\/wp\/v2\/posts\/5193","targetHints":{"allow":["GET"]}}],"collection":[{"href":"http:\/\/skalickyobzor.sk\/cms\/wp-json\/wp\/v2\/posts"}],"about":[{"href":"http:\/\/skalickyobzor.sk\/cms\/wp-json\/wp\/v2\/types\/post"}],"author":[{"embeddable":true,"href":"http:\/\/skalickyobzor.sk\/cms\/wp-json\/wp\/v2\/users\/48"}],"replies":[{"embeddable":true,"href":"http:\/\/skalickyobzor.sk\/cms\/wp-json\/wp\/v2\/comments?post=5193"}],"version-history":[{"count":1,"href":"http:\/\/skalickyobzor.sk\/cms\/wp-json\/wp\/v2\/posts\/5193\/revisions"}],"predecessor-version":[{"id":5199,"href":"http:\/\/skalickyobzor.sk\/cms\/wp-json\/wp\/v2\/posts\/5193\/revisions\/5199"}],"wp:featuredmedia":[{"embeddable":true,"href":"http:\/\/skalickyobzor.sk\/cms\/wp-json\/wp\/v2\/media\/17"}],"wp:attachment":[{"href":"http:\/\/skalickyobzor.sk\/cms\/wp-json\/wp\/v2\/media?parent=5193"}],"wp:term":[{"taxonomy":"category","embeddable":true,"href":"http:\/\/skalickyobzor.sk\/cms\/wp-json\/wp\/v2\/categories?post=5193"},{"taxonomy":"post_tag","embeddable":true,"href":"http:\/\/skalickyobzor.sk\/cms\/wp-json\/wp\/v2\/tags?post=5193"}],"curies":[{"name":"wp","href":"https:\/\/api.w.org\/{rel}","templated":true}]}}