{"id":5213,"date":"2022-04-24T20:12:05","date_gmt":"2022-04-24T18:12:05","guid":{"rendered":"http:\/\/skalickyobzor.sk\/cms\/?p=5213"},"modified":"2022-04-24T20:15:01","modified_gmt":"2022-04-24T18:15:01","slug":"chodim-si-chodim-po-svete-a-pozorujem-nase-emocie","status":"publish","type":"post","link":"http:\/\/skalickyobzor.sk\/cms\/chodim-si-chodim-po-svete-a-pozorujem-nase-emocie\/","title":{"rendered":"Chod\u00edm si, chod\u00edm po svete a pozorujem na\u0161e em\u00f3cie"},"content":{"rendered":"<p>E\u0161te neskon\u010dila pand\u00e9mia a\u00a0u\u017e tu m\u00e1me druh\u00fa v\u00e1\u017enu t\u00e9mu \u2013 vojnu. Obklopila n\u00e1s v\u0161etk\u00fdch novou d\u00e1vkou strachu a\u00a0pridala sa ku ka\u017edodenn\u00e9mu\u00a0tlaku pand\u00e9mie. Rie\u0161ia ju dospel\u00ed i\u00a0deti.<\/p>\n<p>Ned\u00e1vno som \u010d\u00edtala pr\u00edspevok u\u010dite\u013eky z jednej z\u00e1kladnej \u0161koly, ktor\u00e1 po bombardovan\u00ed Mariupolu preru\u0161ila predp\u00edsan\u00e9 \u0161kolsk\u00e9 osnovy a prirodzene dala v triede priestor na debatu o vojne a situ\u00e1cii na Ukrajine. U\u017e to nebola v\u00fduka ako ju pozn\u00e1 na\u0161a gener\u00e1cia, to teoretick\u00e9, \u201ene\u017eiv\u00e9\u201c rozpr\u00e1vanie o druhej svetovej vojne, ale \u017eiv\u00e1 debata o vojne \u201ehmatate\u013enej\u201c, k\u00fasok za na\u0161imi hranicami. Deti pomenov\u00e1vali dobro a zlo, u\u017e nie v rozpr\u00e1vke, ale v re\u00e1lnej situ\u00e1cii ne\u010faleko od n\u00e1s. Zatia\u013e v realite in\u00e9ho n\u00e1roda, ale d\u00fdchaj\u00facej n\u00e1m na krk. Pri debate si deti ma\u013eovali. Nama\u013eovali modro-\u017elt\u00e9 vlajo\u010dky a spont\u00e1nne dokreslili r\u00f4zne n\u00e1pisy. S \u00fasmevom som si pre\u010d\u00edtala n\u00e1pis \u201eMier Ukrajine\u201c, ale zarazilo ma detskou rukou nap\u00edsan\u00e9 \u201eNen\u00e1vid\u00edme Putina\u201c. Nen\u00e1vis\u0165 je siln\u00e1 a\u00a0negat\u00edvna em\u00f3cia a\u00a0e\u0161te viac v\u00a0detsk\u00fdch srdciach. Ak\u00fd vz\u0165ah s\u00a0\u0148ou m\u00e1me a\u00a0ako s\u00a0\u0148ou nar\u00e1bame my, dospel\u00ed?<\/p>\n<p>Niektor\u00ed, s pocitom pr\u00e1va na na\u0161ej strane, nen\u00e1vis\u0165 \u017eiv\u00edme a prilievame olej do oh\u0148a. Asi n\u00e1m st\u00e1le pr\u00fadia v bunk\u00e1ch tela starovek\u00e9 z\u00e1kony \u2013 oko za oko, zub za zub. Nepou\u010den\u00ed minulos\u0165ou zab\u00fadame, \u017ee nen\u00e1vis\u0165 plod\u00ed nen\u00e1vis\u0165. Dost\u00e1vame sa tak do nekone\u010dnej slu\u010dky, ako \u0161kre\u010dok be\u017eiaci v\u00a0kolese, a\u00a0nen\u00e1visti sa dar\u00ed. In\u00ed sa od nej odvraciame a\u00a0odsudzujeme ju. Ka\u017ed\u00fd z\u00a0n\u00e1s ju niekedy c\u00edtil a\u00a0d\u00f4verne ju pozn\u00e1, av\u0161ak je spolo\u010densky neprijate\u013en\u00e1 a\u00a0tak ju potl\u00e1\u010dame u\u017e v\u00a0z\u00e1rodku. A\u00a0niekedy iba zo strachu, \u017ee sa nekontrolovane rozhor\u00ed. Je v\u0161ak cesta tv\u00e1ri\u0165 sa, \u017ee neexistuje? Strat\u00ed sa tak z\u00a0na\u0161ich \u017eivotov alebo bude v\u00a0n\u00e1s st\u00e1le tlie\u0165 a\u00a0\u010daka\u0165 na svoju pr\u00edle\u017eitos\u0165 \u010dasom vybuchn\u00fa\u0165 ako natlakovan\u00fd hrniec?<\/p>\n<p>S\u00a0nen\u00e1vis\u0165ou zach\u00e1dzame skratkovito. Bu\u010f ju podporujeme alebo jej odporujeme. D\u00e1vame mal\u00fd priestor\u00a0debate o\u00a0nen\u00e1visti a\u00a0pr\u00e1ci s\u00a0\u0148ou. Nepo\u010du\u0165 rozpravy o\u00a0tom, ak\u00fa silu a\u00a0energiu m\u00e1 slovo nen\u00e1vis\u0165 (a\u00a0nie je podstatn\u00e9 proti komu).<\/p>\n<p>Rozm\u00fd\u0161\u013eali sme niekedy, kde nen\u00e1vis\u0165 vznik\u00e1, kde je zdroj na\u0161ej nen\u00e1visti? Pozna\u0165 toti\u017e zdroj, mohli by sme jej pred\u00eds\u0165. M\u00e1lo zaznieva, \u017ee zdrojom nen\u00e1visti s\u00fa na\u0161e my\u0161lienky. E\u0161te menej h\u013ead\u00e1me odpovede na ot\u00e1zku \u2013 ktor\u00e9 my\u0161lienky nen\u00e1vis\u0165 vzbudzuj\u00fa?<\/p>\n<p>U\u010dite\u013eka nechala deti slobodne sa prejavi\u0165 a\u00a0nen\u00e1vis\u0165 vyjadri\u0165. Prejavi\u0165 negat\u00edvnu em\u00f3ciu nen\u00e1visti vo\u013ene, v\u00a0bezpe\u010dnom prostred\u00ed, bez posudzovania a\u00a0odsudzovania, je prv\u00fd krok. Teraz je \u010das uk\u00e1za\u0165 de\u0165om ako s\u00a0\u0148ou pracova\u0165. Ako ju ne\u017eivi\u0165, ani neignorova\u0165. Av\u0161ak najsk\u00f4r sa to mus\u00edme nau\u010di\u0165 my sami. \u00c1no, cesta pred nami je ve\u013emi dlh\u00e1, ale treba vykro\u010di\u0165. Ako inak maj\u00fa vykro\u010di\u0165 z\u00a0bludn\u00e9ho kruhu na\u0161e deti a\u00a0od koho sa to maj\u00fa u\u010di\u0165, ke\u010f my sami to nerob\u00edme? V\u00a0de\u0165och je na\u0161a bud\u00facnos\u0165, tak pre\u010do do nich vklada\u0165 nen\u00e1vis\u0165? Deti toti\u017e nap\u00edsali iba to, \u010do po\u010duli od n\u00e1s dospel\u00fdch.<\/p>\n<p>Ukon\u010d\u00edm moje pozorovanie prian\u00edm, aby som raz videla deti pri akejko\u013evek vojnovej debate p\u00edsa\u0165 \u2013 \u017dEL\u00c1M N\u00c1M MIER!<br \/>\nA\u00a0nielen Ukrajine, ale aj Putinovi. N\u00e1m v\u0161etk\u00fdm. Mier vo svete, ale i\u00a0v\u00a0na\u0161ich hlav\u00e1ch, tam, kde sa v\u00a0my\u0161lienkach rodia em\u00f3cie a\u00a0za\u010d\u00ednaj\u00fa na\u0161e \u010diny.<\/p>\n<p><em>S \u00factou, \u017eelaj\u00faca mier <\/em><br \/>\n<em>\u017delm\u00edra Mach\u00e1\u010dkov\u00e1<\/em><\/p>\n","protected":false},"excerpt":{"rendered":"<div class=\"mh-excerpt\"><p>E\u0161te neskon\u010dila pand\u00e9mia a\u00a0u\u017e tu m\u00e1me druh\u00fa v\u00e1\u017enu t\u00e9mu \u2013 vojnu. Obklopila n\u00e1s v\u0161etk\u00fdch novou d\u00e1vkou strachu a\u00a0pridala sa ku ka\u017edodenn\u00e9mu\u00a0tlaku pand\u00e9mie. Rie\u0161ia ju dospel\u00ed i\u00a0deti. Ned\u00e1vno som \u010d\u00edtala pr\u00edspevok u\u010dite\u013eky z jednej z\u00e1kladnej \u0161koly, <a class=\"mh-excerpt-more\" href=\"http:\/\/skalickyobzor.sk\/cms\/chodim-si-chodim-po-svete-a-pozorujem-nase-emocie\/\" title=\"Chod\u00edm si, chod\u00edm po svete a pozorujem na\u0161e em\u00f3cie\">[&#8230;]<\/a><\/p>\n<\/div>","protected":false},"author":2,"featured_media":241,"comment_status":"closed","ping_status":"closed","sticky":false,"template":"","format":"standard","meta":{"footnotes":""},"categories":[3],"tags":[],"class_list":{"0":"post-5213","1":"post","2":"type-post","3":"status-publish","4":"format-standard","5":"has-post-thumbnail","7":"category-tak-si-myslim"},"_links":{"self":[{"href":"http:\/\/skalickyobzor.sk\/cms\/wp-json\/wp\/v2\/posts\/5213","targetHints":{"allow":["GET"]}}],"collection":[{"href":"http:\/\/skalickyobzor.sk\/cms\/wp-json\/wp\/v2\/posts"}],"about":[{"href":"http:\/\/skalickyobzor.sk\/cms\/wp-json\/wp\/v2\/types\/post"}],"author":[{"embeddable":true,"href":"http:\/\/skalickyobzor.sk\/cms\/wp-json\/wp\/v2\/users\/2"}],"replies":[{"embeddable":true,"href":"http:\/\/skalickyobzor.sk\/cms\/wp-json\/wp\/v2\/comments?post=5213"}],"version-history":[{"count":1,"href":"http:\/\/skalickyobzor.sk\/cms\/wp-json\/wp\/v2\/posts\/5213\/revisions"}],"predecessor-version":[{"id":5214,"href":"http:\/\/skalickyobzor.sk\/cms\/wp-json\/wp\/v2\/posts\/5213\/revisions\/5214"}],"wp:featuredmedia":[{"embeddable":true,"href":"http:\/\/skalickyobzor.sk\/cms\/wp-json\/wp\/v2\/media\/241"}],"wp:attachment":[{"href":"http:\/\/skalickyobzor.sk\/cms\/wp-json\/wp\/v2\/media?parent=5213"}],"wp:term":[{"taxonomy":"category","embeddable":true,"href":"http:\/\/skalickyobzor.sk\/cms\/wp-json\/wp\/v2\/categories?post=5213"},{"taxonomy":"post_tag","embeddable":true,"href":"http:\/\/skalickyobzor.sk\/cms\/wp-json\/wp\/v2\/tags?post=5213"}],"curies":[{"name":"wp","href":"https:\/\/api.w.org\/{rel}","templated":true}]}}