{"id":5270,"date":"2022-05-25T19:04:33","date_gmt":"2022-05-25T17:04:33","guid":{"rendered":"http:\/\/skalickyobzor.sk\/cms\/?p=5270"},"modified":"2022-05-25T20:06:26","modified_gmt":"2022-05-25T18:06:26","slug":"skalicke-ulice-teslikova","status":"publish","type":"post","link":"http:\/\/skalickyobzor.sk\/cms\/skalicke-ulice-teslikova\/","title":{"rendered":"Skalick\u00e9 ulice &#8211; Tesl\u00edkova"},"content":{"rendered":"<p>Jozef Tesl\u00edk (*24. 2. 1868, Brno \u2013 \u20202. 4. 1928, Skalica), majite\u013e tla\u010diarne v\u00a0Skalici, pokra\u010dovate\u013e v\u00a0\u0161karniclovskej trad\u00edcii, kn\u00edhkupec, vydavate\u013e, nakladate\u013e, redaktor, predprevratov\u00fd n\u00e1rodn\u00fd budite\u013e, spolupracovn\u00edk, podporovate\u013e a\u00a0bl\u00edzky priate\u013e Dr. Pavla Blaha, tla\u010diar Spolku sv. Vojtecha, popredn\u00fd \u017eivnostn\u00edk, \u010dlen skalick\u00e9ho mestsk\u00e9ho zastupite\u013estva, sa zap\u00edsal zlat\u00fdmi p\u00edsmenami do kult\u00farnej a\u00a0spolkovej hist\u00f3rie n\u00e1\u0161ho mesta.<\/p>\n<p>Majite\u013eom skalickej tla\u010diarne sa stal v\u00a0roku 1897 (spo\u010diatku spolu so svokrom R. Neumannom). Popri n\u00e1bo\u017eensk\u00fdch publik\u00e1ci\u00e1ch vyd\u00e1val aj politick\u00e9 bro\u017e\u00fary, \u013eudov\u00fdchovn\u00e9 a\u00a0hospod\u00e1rske pr\u00edru\u010dky, spolkov\u00e9 stanovy, u\u010debnice, beletriu, literat\u00faru pre deti a\u00a0ml\u00e1de\u017e, preklady a\u00a0\u010dasopisy, medzi nimi aj mesa\u010dn\u00edk Hlas (1894 \u2013 1904), Katol\u00edcke noviny (1904 \u2013 1906), Nov\u00e1 domov\u00e1 pokladnica (1899 \u2013 1913), Slovensk\u00fd obzor (1907 \u2013 1908), Str\u00e1\u017e na Sione (1915 \u2013 1916), \u00faradn\u00e9 noviny Sloboda (1918 \u2013 1921), Pokrok (1921 \u2013 1922) at\u010f. Po smrti Jozefa Tesl\u00edka tla\u010diare\u0148 viedla jeho man\u017eelka Jozef\u00edna a\u00a0od roku 1932 do zn\u00e1rodnenia syn Gust\u00e1v.<\/p>\n<p>Jozef Tesl\u00edk sa vyu\u010dil za typografa v Brne, cenn\u00fa prax z\u00edskal vo Viedni. A ke\u010f koncom 19. storo\u010dia h\u013eadali potomkovia Jozefa \u0160karnicla sk\u00fasen\u00e9ho faktora do tla\u010diarne, na\u0161li si pr\u00e1ve jeho. Do Skalice sa pris\u0165ahoval v roku 1893. A u\u017e o p\u00e4\u0165 rokov sa stal jej majite\u013eom. K\u00fapil ju od M\u00e1rie Bo\u010dkovej, rodenej \u0160karniclovej, a jej man\u017eela Leopolda Bo\u010dka. Od za\u010diatku sympatizoval s hlasistami Dr. Pavlom Blahom a Dr. \u013dudov\u00edtom Ok\u00e1nikom. Stal sa \u010dlenom mestsk\u00e9ho ochotn\u00edckeho divadeln\u00e9ho s\u00faboru, zalo\u017eil Spolok skalick\u00fdch obchodn\u00edkov a remeseln\u00edkov, zdru\u017eenie Remeseln\u00edcka ml\u00e1de\u017e Katol\u00edckeho kruhu, v roku 1912 inicioval vznik Sokola a mnoh\u00fdch \u010fal\u0161\u00edch organiz\u00e1ci\u00ed. Popritom publikoval ve\u013ea \u010dl\u00e1nkov a vzdel\u00e1vac\u00edch materi\u00e1lov v rozli\u010dn\u00fdch \u010dasopisoch a tla\u010dovin\u00e1ch. Ke\u010f 29. 11. 1927 zomrel Dr. Pavel Blaho, Jozef Tesl\u00edk st\u00e1l v\u00a0sokolskej rovno\u0161ate nad jeho hrobom \u010destn\u00fa str\u00e1\u017e \u2013 a\u00a0prechladol. Blahova smr\u0165 sa ho ve\u013emi dotkla, str\u00e1cal silu, energiu a\u00a0typick\u00fd \u017eivotn\u00fd optimizmus, jeho stav sa postupne zhor\u0161oval, a\u017e v\u00a0apr\u00edli 1928 zomrel.<\/p>\n<figure id=\"attachment_5272\" aria-describedby=\"caption-attachment-5272\" style=\"width: 830px\" class=\"wp-caption aligncenter\"><img loading=\"lazy\" decoding=\"async\" class=\"size-full wp-image-5272\" src=\"http:\/\/skalickyobzor.sk\/cms\/wp-content\/uploads\/2022\/05\/V-historickej-budove-tlac\u00a6iiarne-je-dnes-Expozi\u00a6ucia-kni\u00a6uhtlac\u00a6ie..jpg\" alt=\"\" width=\"830\" height=\"630\" srcset=\"http:\/\/skalickyobzor.sk\/cms\/wp-content\/uploads\/2022\/05\/V-historickej-budove-tlac\u00a6iiarne-je-dnes-Expozi\u00a6ucia-kni\u00a6uhtlac\u00a6ie..jpg 830w, http:\/\/skalickyobzor.sk\/cms\/wp-content\/uploads\/2022\/05\/V-historickej-budove-tlac\u00a6iiarne-je-dnes-Expozi\u00a6ucia-kni\u00a6uhtlac\u00a6ie.-300x228.jpg 300w, http:\/\/skalickyobzor.sk\/cms\/wp-content\/uploads\/2022\/05\/V-historickej-budove-tlac\u00a6iiarne-je-dnes-Expozi\u00a6ucia-kni\u00a6uhtlac\u00a6ie.-768x583.jpg 768w, http:\/\/skalickyobzor.sk\/cms\/wp-content\/uploads\/2022\/05\/V-historickej-budove-tlac\u00a6iiarne-je-dnes-Expozi\u00a6ucia-kni\u00a6uhtlac\u00a6ie.-80x60.jpg 80w\" sizes=\"auto, (max-width: 830px) 100vw, 830px\" \/><figcaption id=\"caption-attachment-5272\" class=\"wp-caption-text\">V\u00a0historickej budove tla\u010diarne je dnes Expoz\u00edcia kn\u00edhtla\u010de<br \/>Arch\u00edv: ZT<\/figcaption><\/figure>\n<p>August (Gust\u00e1v) Tesl\u00edk (*26. 8. 1894 \u2013 \u20201. 10. 1956, Skalica), takisto vyu\u010den\u00fd tla\u010diar, pokra\u010doval v otcovej pr\u00e1ci. Koncom \u0161tyridsiatych rokov minul\u00e9ho storo\u010dia sa tla\u010diare\u0148 dostala do n\u00e1rodnej spr\u00e1vy a d\u0148om 1. 6. 1950 ju \u0161t\u00e1t vyvlastnil. Gust\u00e1v v nej s\u00edce pracoval ako ved\u00faci do roku 1952, no nevedel sa vyrovna\u0165 s t\u00fdm, \u017ee mu rodinn\u00e9 striebro, tla\u010diarensk\u00fa prev\u00e1dzku \u0161t\u00e1t jednoducho uchmatol. Odnieslo si to jeho zdravie, \u010do vy\u00fastilo aj do jeho pred\u010dasnej smrti.<\/p>\n<figure id=\"attachment_5273\" aria-describedby=\"caption-attachment-5273\" style=\"width: 785px\" class=\"wp-caption aligncenter\"><img loading=\"lazy\" decoding=\"async\" class=\"size-full wp-image-5273\" src=\"http:\/\/skalickyobzor.sk\/cms\/wp-content\/uploads\/2022\/05\/Vy\u00a6uroba-v-Tesli\u00a6ukovej-tlac\u00a6iiarni..jpg\" alt=\"\" width=\"785\" height=\"512\" srcset=\"http:\/\/skalickyobzor.sk\/cms\/wp-content\/uploads\/2022\/05\/Vy\u00a6uroba-v-Tesli\u00a6ukovej-tlac\u00a6iiarni..jpg 785w, http:\/\/skalickyobzor.sk\/cms\/wp-content\/uploads\/2022\/05\/Vy\u00a6uroba-v-Tesli\u00a6ukovej-tlac\u00a6iiarni.-300x196.jpg 300w, http:\/\/skalickyobzor.sk\/cms\/wp-content\/uploads\/2022\/05\/Vy\u00a6uroba-v-Tesli\u00a6ukovej-tlac\u00a6iiarni.-768x501.jpg 768w\" sizes=\"auto, (max-width: 785px) 100vw, 785px\" \/><figcaption id=\"caption-attachment-5273\" class=\"wp-caption-text\">V\u00fdroba v\u00a0Tesl\u00edkovej tla\u010diarni<br \/>Arch\u00edv: ZT<\/figcaption><\/figure>\n<p>Gust\u00e1vova man\u017eelka Bohumila p\u00f4sobila ako predava\u010dka v\u00a0ich b\u00fdvalom obchode, ktor\u00fd sa nesk\u00f4r zmenil na trafiku. Pracovala v\u00a0nej do roku 1960.<\/p>\n<p>Dnes na 360-ro\u010dn\u00fa \u0161karniclovsk\u00fa a\u00a0tesl\u00edkovsk\u00fa tla\u010diarensk\u00fa trad\u00edciu \u00faspe\u0161ne nadv\u00e4zuj\u00fa Z\u00e1padoslovensk\u00e9 tla\u010diarne, s.r.o., Skalica.<\/p>\n<p><em>Pavol Dinka<\/em><\/p>\n","protected":false},"excerpt":{"rendered":"<div class=\"mh-excerpt\"><p>Jozef Tesl\u00edk (*24. 2. 1868, Brno \u2013 \u20202. 4. 1928, Skalica), majite\u013e tla\u010diarne v\u00a0Skalici, pokra\u010dovate\u013e v\u00a0\u0161karniclovskej trad\u00edcii, kn\u00edhkupec, vydavate\u013e, nakladate\u013e, redaktor, predprevratov\u00fd n\u00e1rodn\u00fd budite\u013e, spolupracovn\u00edk, podporovate\u013e a\u00a0bl\u00edzky priate\u013e Dr. Pavla Blaha, tla\u010diar Spolku sv. Vojtecha, <a class=\"mh-excerpt-more\" href=\"http:\/\/skalickyobzor.sk\/cms\/skalicke-ulice-teslikova\/\" title=\"Skalick\u00e9 ulice &#8211; Tesl\u00edkova\">[&#8230;]<\/a><\/p>\n<\/div>","protected":false},"author":16,"featured_media":5271,"comment_status":"closed","ping_status":"closed","sticky":false,"template":"","format":"standard","meta":{"footnotes":""},"categories":[24],"tags":[],"class_list":{"0":"post-5270","1":"post","2":"type-post","3":"status-publish","4":"format-standard","5":"has-post-thumbnail","7":"category-skalicke-ulice"},"_links":{"self":[{"href":"http:\/\/skalickyobzor.sk\/cms\/wp-json\/wp\/v2\/posts\/5270","targetHints":{"allow":["GET"]}}],"collection":[{"href":"http:\/\/skalickyobzor.sk\/cms\/wp-json\/wp\/v2\/posts"}],"about":[{"href":"http:\/\/skalickyobzor.sk\/cms\/wp-json\/wp\/v2\/types\/post"}],"author":[{"embeddable":true,"href":"http:\/\/skalickyobzor.sk\/cms\/wp-json\/wp\/v2\/users\/16"}],"replies":[{"embeddable":true,"href":"http:\/\/skalickyobzor.sk\/cms\/wp-json\/wp\/v2\/comments?post=5270"}],"version-history":[{"count":2,"href":"http:\/\/skalickyobzor.sk\/cms\/wp-json\/wp\/v2\/posts\/5270\/revisions"}],"predecessor-version":[{"id":5275,"href":"http:\/\/skalickyobzor.sk\/cms\/wp-json\/wp\/v2\/posts\/5270\/revisions\/5275"}],"wp:featuredmedia":[{"embeddable":true,"href":"http:\/\/skalickyobzor.sk\/cms\/wp-json\/wp\/v2\/media\/5271"}],"wp:attachment":[{"href":"http:\/\/skalickyobzor.sk\/cms\/wp-json\/wp\/v2\/media?parent=5270"}],"wp:term":[{"taxonomy":"category","embeddable":true,"href":"http:\/\/skalickyobzor.sk\/cms\/wp-json\/wp\/v2\/categories?post=5270"},{"taxonomy":"post_tag","embeddable":true,"href":"http:\/\/skalickyobzor.sk\/cms\/wp-json\/wp\/v2\/tags?post=5270"}],"curies":[{"name":"wp","href":"https:\/\/api.w.org\/{rel}","templated":true}]}}