{"id":5276,"date":"2022-05-25T19:05:29","date_gmt":"2022-05-25T17:05:29","guid":{"rendered":"http:\/\/skalickyobzor.sk\/cms\/?p=5276"},"modified":"2022-05-25T20:06:33","modified_gmt":"2022-05-25T18:06:33","slug":"skalicke-priezviska-xxii-petrovic-meno-s-vonou-jadranu","status":"publish","type":"post","link":"http:\/\/skalickyobzor.sk\/cms\/skalicke-priezviska-xxii-petrovic-meno-s-vonou-jadranu\/","title":{"rendered":"Skalick\u00e9 priezvisk\u00e1 XXII &#8211; Petrovi\u010d &#8211; meno s v\u00f4\u0148ou Jadranu"},"content":{"rendered":"<p>Priezvisko Petrovi\u010d je \u0161tvrt\u00fdm najroz\u0161\u00edrenej\u0161\u00edm a\u00a0najpou\u017e\u00edvanej\u0161\u00edm priezviskom v\u00a0Skalici. V\u00a0ob\u010dianskom preukaze ho m\u00e1 zap\u00edsan\u00fdch 85 obyvate\u013eov mesta oboch pohlav\u00ed.<\/p>\n<p>Sk\u00f4r, ne\u017e sa budem zaobera\u0165 nosite\u013emi tohto priezviska v hist\u00f3rii, dovol\u00edm si vysvetli\u0165 ako toto priezvisko vzniklo. Samozrejme, vzniklo z krstn\u00e9ho mena Peter. Ke\u010f u\u017e nesta\u010dili na identifik\u00e1ciu \u013eud\u00ed len krstn\u00e9 men\u00e1, dostali J\u00e1novia, Pavlovia, \u010di Martinovia pr\u00edmenie od otca. \u013dudia za\u010dali hovori\u0165: \u201e&#8230;to je predsa J\u00e1n od Petra, &#8230;je to J\u00e1n Petrovich.\u201c A takto vzniklo toto priezvisko, \u017ee spoluob\u010dania za\u010dali vola\u0165 J\u00e1na, \u017ee je J\u00e1n Petrovich a z tohto sa transformovalo postupne priezvisko na Petrovi\u010d. Podobne vznikali priezvisk\u00e1 od in\u00fdch krstn\u00fdch mien, \u010di u\u017e Jankovich \u2013 Jankovi\u010d alebo Martinovich \u2013 Martinovi\u010d, \u010di Martinkovi\u010d. Tieto priezvisk\u00e1 vznikali nez\u00e1visle aj na Slovensku, tak\u017ee nie ka\u017ed\u00fd \u2013 i\u010d m\u00e1 svojich predkov u ju\u017en\u00fdch Slovanov, Srbov, \u010di Chorv\u00e1tov.<\/p>\n<p>Nu\u017e, ale toto sa net\u00fdka Petrovi\u010dov v Skalici. T\u00ed predsa len m\u00f4\u017eu svoje najstar\u0161ie korene h\u013eada\u0165 pri Jadranskom mori. Chorv\u00e1ti, ktor\u00ed v polovici 16. storo\u010dia utekali z Istrie pred Turkami, na\u0161li v\u00a0roku 1569 \u00fato\u010disko v\u00a0slobodnom kr\u00e1\u013eovskom meste Skalica. T\u00ed solventn\u00ed si k\u00fapili domy v\u00a0opevnenom meste, ostatn\u00fdm mesto pridelilo kus pustej a\u00a0neobr\u00e1banej zeme vo svojom extravil\u00e1ne, kde zalo\u017eili dne\u0161n\u00fa obec Mokr\u00fd H\u00e1j, ako poddansk\u00fa obec mesta. U\u017e pri jej zakladan\u00ed sa stret\u00e1vame s\u00a0jedn\u00fdm zo zakladate\u013eov obce s\u00a0pr\u00edmen\u00edm Petrovi\u010d.<\/p>\n<p>Prv\u00fdm zn\u00e1mym skalick\u00fdm me\u0161\u0165anom s\u00a0priezviskom Petrovi\u010d (Petrovich, Petrovith a\u00a0i.) bol Martin Petrovi\u010d (Petrovich), ktor\u00fd bol v\u00a0rokoch 1617-1618 skalick\u00fdm sen\u00e1torom a\u00a0pokladn\u00edkom mesta. Sen\u00e1t bol v\u00a0tom \u010dase najvy\u0161\u0161\u00edm kolekt\u00edvnym v\u00fdkonn\u00fdm org\u00e1nom mestskej samospr\u00e1vy. V\u00a0\u010fal\u0161\u00edch rokoch (1619\u20131620) bol zvolen\u00fd za dozorcu jatiek a\u00a0v\u00a0nasleduj\u00facich rokoch (1620\u20131627) p\u00f4sobil ako sen\u00e1tor, alebo ako kontrol\u00f3r \u00fa\u010dtov, ktor\u00fdm bol a\u017e do roku 1628 a\u00a0potom v\u00a0rokoch 1631 a\u017e 1637. Martin Petrovi\u010d bol aj horliv\u00fdm st\u00fapencom novej evanjelickej viery a\u00a0ke\u010f za\u010dali by\u0165 v\u00a0meste obmedzovan\u00e9 n\u00e1bo\u017eensk\u00e9 slobody (na z\u00e1klade kr\u00e1\u013eovsk\u00fdch nariaden\u00ed), bol jedn\u00fdm z\u00a0t\u00fdch, ktor\u00ed sa podp\u00edsali pod \u017eiados\u0165 skalick\u00fdch evanjelikov, aby na\u010falej mohli vykon\u00e1va\u0165 n\u00e1bo\u017eensk\u00e9 \u00fakony. O\u00a0tejto \u017eiadosti rokovala cel\u00e1 \u201eskalick\u00e1 obec\u201c 18. janu\u00e1ra 1630.<\/p>\n<figure id=\"attachment_5277\" aria-describedby=\"caption-attachment-5277\" style=\"width: 845px\" class=\"wp-caption aligncenter\"><img loading=\"lazy\" decoding=\"async\" class=\"size-full wp-image-5277\" src=\"http:\/\/skalickyobzor.sk\/cms\/wp-content\/uploads\/2022\/05\/deti-kovaca-Petra-Petrovica_rok-1948.jpg\" alt=\"\" width=\"845\" height=\"502\" srcset=\"http:\/\/skalickyobzor.sk\/cms\/wp-content\/uploads\/2022\/05\/deti-kovaca-Petra-Petrovica_rok-1948.jpg 845w, http:\/\/skalickyobzor.sk\/cms\/wp-content\/uploads\/2022\/05\/deti-kovaca-Petra-Petrovica_rok-1948-300x178.jpg 300w, http:\/\/skalickyobzor.sk\/cms\/wp-content\/uploads\/2022\/05\/deti-kovaca-Petra-Petrovica_rok-1948-768x456.jpg 768w\" sizes=\"auto, (max-width: 845px) 100vw, 845px\" \/><figcaption id=\"caption-attachment-5277\" class=\"wp-caption-text\">Deti Petra Petrovi\u010da (*1903-1959), z\u013eava Alojz, Jozef, Marta a\u00a0Viktor, rok 1948<\/figcaption><\/figure>\n<p>Pravdepodobne syn Martina Matej bol otcom dvoch det\u00ed, ktor\u00e9 sa narodili v\u00a0tridsiatych rokoch 17. storo\u010dia. Boli to J\u00e1n Petrovi\u010d (*12. 12. 1630) a\u00a0Magdal\u00e9na (*18. 7. 1635). Tieto \u00fadaje s\u00fa prv\u00e9 matri\u010dn\u00e9 z\u00e1znamy, ktor\u00e9 n\u00e1m poskytuj\u00fa svedectvo o\u00a0pr\u00edtomnosti tohto priezviska v\u00a0Skalici. E\u0161te v\u00a0roku 1648 sa Martinovi Petrovi\u010dovi narodila dc\u00e9ra Krist\u00edna (*22. 12. 1648). N\u00e1sledne sa priezvisko Petrovi\u010d objavuje v\u00a0mestskej samospr\u00e1ve a\u017e za\u010diatkom 18. storo\u010dia, kedy v\u00a0rokoch 1709\u20131710 zast\u00e1va funkciu centumvira (volenca) a\u00a0v\u00a0rokoch 1711\u20131712 funkciu \u0161tvrtn\u00edka (vo svojej \u0161tvrti dbal na vykon\u00e1vanie nariaden\u00ed mesta) J\u00e1n Petrovi\u010d.<\/p>\n<p>V 18. storo\u010d\u00ed sa do rodiny Petrovi\u010dovcov narodilo v Skalici a Mokrom H\u00e1ji 84 det\u00ed, v 19. storo\u010d\u00ed to u\u017e bolo 155. Ako vidie\u0165, Petrovi\u010dovci boli plodn\u00ed a v 20. storo\u010d\u00ed nepo\u013eavili. Medzi najzn\u00e1mej\u0161\u00edmi Skali\u010danmi v 20. storo\u010d\u00ed, ktor\u00ed nosili alebo nosia priezvisko Petrovi\u010d boli najm\u00e4 Pavol Petrovi\u010d, v rokoch 1939\u20131944 predseda miestnej organiz\u00e1cie Komunistickej strany \u010ceskoslovenska (MO KS\u010c), kedy strana p\u00f4sobila akt\u00edvne v ilegalite, ako jedin\u00e1 zak\u00e1zan\u00e1 politick\u00e1 strana. Pavol Petrovi\u010d bol aj \u010dlenom protifa\u0161istickej ob\u010dianskej ileg\u00e1lnej skupiny \u010ceskoslovensk\u00fd n\u00e1rodn\u00fd protiboj a jeho ileg\u00e1lna bunka fungovala takmer po\u010das celej druhej svetovej vojny napriek tomu, \u017ee bol neust\u00e1le vystaven\u00fd tvrd\u00fdm reprei\u00e1m vo forme domov\u00fdch prehliadok, sledovania a vypo\u010d\u00favania. Cvi\u010dite\u013eom TJ Orol Skalica bol v medzivojnovom obdob\u00ed \u0160tefan Petrovi\u010d a jednou z ved\u00facich predstaviteliek Katol\u00edckej jednoty v tom istom obdob\u00ed bola J\u00falia Petrovi\u010dov\u00e1. Medzi skalick\u00fdmi remeseln\u00edckymi majstrami boli asi najzn\u00e1mej\u0161\u00ed mur\u00e1r Jozef Petrovi\u010d a kraj\u010d\u00edr Ign\u00e1c Petrovi\u010d, ktor\u00fd musel kraj\u010d\u00edrsku \u017eivnos\u0165 ukon\u010di\u0165 v roku 1949. V posledn\u00fdch troch desa\u0165ro\u010diach 20. storo\u010dia boli medzi Skali\u010danmi asi najzn\u00e1mej\u0161\u00ed \u0161portovci \u2013 hokejista Milan Petrovi\u010d a \u0161achista \u0160tefan Petrovi\u010d. \u010clenom Klubu v\u00fdtvarn\u00edkov v Skalici je Jozef Petrovi\u010d.<\/p>\n<figure id=\"attachment_5278\" aria-describedby=\"caption-attachment-5278\" style=\"width: 473px\" class=\"wp-caption aligncenter\"><img loading=\"lazy\" decoding=\"async\" class=\"size-full wp-image-5278\" src=\"http:\/\/skalickyobzor.sk\/cms\/wp-content\/uploads\/2022\/05\/Peter-Petrovic.jpg\" alt=\"\" width=\"473\" height=\"740\" srcset=\"http:\/\/skalickyobzor.sk\/cms\/wp-content\/uploads\/2022\/05\/Peter-Petrovic.jpg 473w, http:\/\/skalickyobzor.sk\/cms\/wp-content\/uploads\/2022\/05\/Peter-Petrovic-192x300.jpg 192w\" sizes=\"auto, (max-width: 473px) 100vw, 473px\" \/><figcaption id=\"caption-attachment-5278\" class=\"wp-caption-text\">Peter Petrovi\u010d (*1903-1959) na n\u00faten\u00fdch pr\u00e1cach v\u00a0Reichu v\u00a0meste Schwanenstadt (dnes Rak\u00fasko), sediaci vpravo, rok 1944<\/figcaption><\/figure>\n<p>Ke\u010f\u017ee toto priezvisko nos\u00edm aj ja, prihrejem si trochu \u201erodinnej polievo\u010dky\u201c. M\u00f4j prastar\u00fd otec Michal Petrovi\u010d (*25. 9. 1873) sa narodil v\u00a0Mokrom H\u00e1ji. Vyu\u010dil sa za kol\u00e1ra a\u00a0kov\u00e1\u010da a\u00a0svadbou s\u00a0Hol\u00ed\u010dankou Eleon\u00f3rou, rod. Ryb\u00e1rovou (7. 12. 1877 \u2013 18. 3. 1955), sa dostal do Hol\u00ed\u010da. Mal kov\u00e1\u010dsku diel\u0148u na Trnovskej ulici, \u010do je posledn\u00e1 ulica von z\u00a0mesta smerom na Trnovec. Za kov\u00e1\u010da sa vyu\u010dil aj m\u00f4j star\u00fd otec Peter Petrovi\u010d (26. 3. 1903 \u2013 19. 9. 1959), ktor\u00fd chv\u00ed\u013eu pracoval so svoj\u00edm otcom, potom kov\u00e1\u010dsku diel\u0148u prevzal a\u00a0fungoval a\u017e do roku 1949, kedy dostal v\u00fdmer o\u00a0ukon\u010den\u00ed \u017eivnosti.<\/p>\n<p><em>Mgr. Vladim\u00edr Petrovi\u010d,<\/em><br \/>\n<em>geneal\u00f3g a\u00a0historik<\/em><\/p>\n","protected":false},"excerpt":{"rendered":"<div class=\"mh-excerpt\"><p>Priezvisko Petrovi\u010d je \u0161tvrt\u00fdm najroz\u0161\u00edrenej\u0161\u00edm a\u00a0najpou\u017e\u00edvanej\u0161\u00edm priezviskom v\u00a0Skalici. V\u00a0ob\u010dianskom preukaze ho m\u00e1 zap\u00edsan\u00fdch 85 obyvate\u013eov mesta oboch pohlav\u00ed. Sk\u00f4r, ne\u017e sa budem zaobera\u0165 nosite\u013emi tohto priezviska v hist\u00f3rii, dovol\u00edm si vysvetli\u0165 ako toto priezvisko vzniklo. <a class=\"mh-excerpt-more\" href=\"http:\/\/skalickyobzor.sk\/cms\/skalicke-priezviska-xxii-petrovic-meno-s-vonou-jadranu\/\" title=\"Skalick\u00e9 priezvisk\u00e1 XXII &#8211; Petrovi\u010d &#8211; meno s v\u00f4\u0148ou Jadranu\">[&#8230;]<\/a><\/p>\n<\/div>","protected":false},"author":48,"featured_media":17,"comment_status":"closed","ping_status":"closed","sticky":false,"template":"","format":"standard","meta":{"footnotes":""},"categories":[25],"tags":[],"class_list":{"0":"post-5276","1":"post","2":"type-post","3":"status-publish","4":"format-standard","5":"has-post-thumbnail","7":"category-skalicke-priezviska"},"_links":{"self":[{"href":"http:\/\/skalickyobzor.sk\/cms\/wp-json\/wp\/v2\/posts\/5276","targetHints":{"allow":["GET"]}}],"collection":[{"href":"http:\/\/skalickyobzor.sk\/cms\/wp-json\/wp\/v2\/posts"}],"about":[{"href":"http:\/\/skalickyobzor.sk\/cms\/wp-json\/wp\/v2\/types\/post"}],"author":[{"embeddable":true,"href":"http:\/\/skalickyobzor.sk\/cms\/wp-json\/wp\/v2\/users\/48"}],"replies":[{"embeddable":true,"href":"http:\/\/skalickyobzor.sk\/cms\/wp-json\/wp\/v2\/comments?post=5276"}],"version-history":[{"count":1,"href":"http:\/\/skalickyobzor.sk\/cms\/wp-json\/wp\/v2\/posts\/5276\/revisions"}],"predecessor-version":[{"id":5279,"href":"http:\/\/skalickyobzor.sk\/cms\/wp-json\/wp\/v2\/posts\/5276\/revisions\/5279"}],"wp:featuredmedia":[{"embeddable":true,"href":"http:\/\/skalickyobzor.sk\/cms\/wp-json\/wp\/v2\/media\/17"}],"wp:attachment":[{"href":"http:\/\/skalickyobzor.sk\/cms\/wp-json\/wp\/v2\/media?parent=5276"}],"wp:term":[{"taxonomy":"category","embeddable":true,"href":"http:\/\/skalickyobzor.sk\/cms\/wp-json\/wp\/v2\/categories?post=5276"},{"taxonomy":"post_tag","embeddable":true,"href":"http:\/\/skalickyobzor.sk\/cms\/wp-json\/wp\/v2\/tags?post=5276"}],"curies":[{"name":"wp","href":"https:\/\/api.w.org\/{rel}","templated":true}]}}