{"id":5291,"date":"2022-05-25T19:11:41","date_gmt":"2022-05-25T17:11:41","guid":{"rendered":"http:\/\/skalickyobzor.sk\/cms\/?p=5291"},"modified":"2022-05-25T20:07:09","modified_gmt":"2022-05-25T18:07:09","slug":"prvni-maje-majalese","status":"publish","type":"post","link":"http:\/\/skalickyobzor.sk\/cms\/prvni-maje-majalese\/","title":{"rendered":"Prv\u0148\u00ed m\u00e1je, maj\u00e1lese&#8230;"},"content":{"rendered":"<p>M\u00e1j, mjes\u00edc kvjet\u00fa, l\u00e1ski, rados\u0165i, zrodu nov\u00e9ho \u017eivota f pr\u00edro\u010fe. Tak nejak to lud\u00e9 brali odjak\u017eiva. Aj mi, aj ket sme bili mal\u00ed. \u0164e\u0161ili sme sa z\u00a0teho, \u017ee sme ve zdrav\u00ed pro\u017eili druh\u00fa, stra\u0161n\u00fa vojnu a\u00a0tak n\u00e1m a\u0148i neva\u010filo, \u017ee sme jak \u0161kol\u00e1ci z\u00a0m\u00e1v\u00e1tkama a\u00a0nastr\u00f3je\u0148\u00ed i\u0161li na prv\u0148\u00edho m\u00e1ja do spr\u00favodu.<\/p>\n<p>Ze\u0161li sme sa pred \u0161kol\u00fa alebo na \u0161kolsk\u00e9m dvori a\u00a0\u010dekali sme, kedi budeme zara\u010fe\u0148\u00ed. Ro\u010fi\u010d\u00e9 i\u0161li do fabrik, \u00farad\u00fa alebo enom tak sa po\u010f\u00edvat. Mama doma navarila objed a\u00a0potom sme i\u0161li do H\u00e1jku, gde sa poka\u017ed\u00e9 neco \u010f\u00edlo. Hr\u00e1vali tam muziki, vistupovali s\u00fabore. E\u0161\u0165e sa tam povalovali ponech\u00e1van\u00e9 cedule, transparenti, ker\u00e9 tam lud\u00e9 nech\u00e1li. B\u00edvalo to tak, \u017ee chlapi dostali ve fabrice p\u00e1r korun, \u017ee ti hesla n\u00e9sli ve spr\u00favo\u010fe, ale dom to nemjel gdo odn\u00e9st. Pozb\u00edrali to a\u0161 na druh\u00ed de\u0148.<\/p>\n<figure id=\"attachment_5292\" aria-describedby=\"caption-attachment-5292\" style=\"width: 877px\" class=\"wp-caption aligncenter\"><img loading=\"lazy\" decoding=\"async\" class=\"size-full wp-image-5292\" src=\"http:\/\/skalickyobzor.sk\/cms\/wp-content\/uploads\/2022\/05\/Archiv-MUDr.-Adrian-Necas.jpg\" alt=\"\" width=\"877\" height=\"660\" srcset=\"http:\/\/skalickyobzor.sk\/cms\/wp-content\/uploads\/2022\/05\/Archiv-MUDr.-Adrian-Necas.jpg 877w, http:\/\/skalickyobzor.sk\/cms\/wp-content\/uploads\/2022\/05\/Archiv-MUDr.-Adrian-Necas-300x226.jpg 300w, http:\/\/skalickyobzor.sk\/cms\/wp-content\/uploads\/2022\/05\/Archiv-MUDr.-Adrian-Necas-768x578.jpg 768w, http:\/\/skalickyobzor.sk\/cms\/wp-content\/uploads\/2022\/05\/Archiv-MUDr.-Adrian-Necas-678x509.jpg 678w, http:\/\/skalickyobzor.sk\/cms\/wp-content\/uploads\/2022\/05\/Archiv-MUDr.-Adrian-Necas-326x245.jpg 326w, http:\/\/skalickyobzor.sk\/cms\/wp-content\/uploads\/2022\/05\/Archiv-MUDr.-Adrian-Necas-80x60.jpg 80w\" sizes=\"auto, (max-width: 877px) 100vw, 877px\" \/><figcaption id=\"caption-attachment-5292\" class=\"wp-caption-text\">Arch\u00edv: MUDr. Adri\u00e1n Ne\u010das<\/figcaption><\/figure>\n<p>Pro mja to bil takov\u00ed de\u0148, \u017ee sem dostal deset korun a mohel sem ich s\u00e1m utra\u0165it. K\u00fapil sem si p\u00e1rki, rohl\u00edk, malinofku a\u00a0c\u00ed\u0165il sem sa bit velik\u00ed. Lud\u00e9 mohli na jevi\u0161\u0165i vi\u010fet aj velice zn\u00e1m\u00edch umjelc\u00fa a\u00a0s\u00fabore, treba jak L\u00fa\u010d\u0148ica a\u00a0dal\u0161\u00ed. N\u00e1m bilo jedno gdo je na trib\u00fa\u0148e, okolo kerej sme i\u0161li. Zam\u00e1vali sme, zakri\u010dali nau\u010den\u00e9 heslo a\u00a0misleli si svoje. Hor\u0161\u00ed to bilo, ket bilo \u0161patn\u00e9 po\u010das\u00ed alebo nekedi sa stalo, \u017ee padal s\u0148eh. \u017d\u00e1\u010dki, zdravo\u0165\u00e1\u010dki a\u00a0sestri\u010dki ze \u0161pit\u00e1lu, oble\u010den\u00e9 v\u00a0uniform\u00e1ch, sa tr\u00e1sli zim\u00fa a\u00a0neker\u00e9 to aj odle\u017eali. Lud\u00e9 si na t\u00fa povinos\u0165 z\u00fa\u010dast\u0148it sa spr\u00favodu a\u00a0oslaf zvikli a\u00a0t\u00edm star\u0161\u00edm to mo\u017en\u00e1 aj chibuje. N\u00e9 ten spr\u00favod, ale ti stretn\u00fa\u0165\u00e1 a\u00a0to pose\u010fe\u0148\u00ed v\u00a0H\u00e1jku. Cel\u00e9 leto tam b\u00edvali let\u0148\u00ed z\u00e1bavi, hr\u00e1vali tam hudbi a\u00a0lud\u00e9 cho\u010fili aj tancovat. Zro\u010fila sa tam aj l\u00e1ska a\u00a0man\u017eelstv\u00e1. Ket skon\u010dili oslavi, tak za\u010dal aj H\u00e1jek pustn\u00fat. A\u0161 f\u010d\u00edl, p\u00e1r rok\u00fa, chvalabohu znova H\u00e1jek o\u017eil, vr\u00e1\u0165il sa tam \u017eivot, aj kult\u00fara. \u0164e\u0161\u00edme sa z\u00a0teho.<\/p>\n<p>Ro\u010fi\u010d\u00e9 mi spom\u00ednali a neco si aj pamatuju, \u017ee maj\u00e1lese sa konali aj d\u00e1lej za mjestem na Kope\u010d\u0148ici. Na konci H\u00e1ja na Zelenej ceste do Sala\u0161a. Cesta v\u00e9dla predmjes\u0165\u00edm, pres Novos\u00e1di. To m\u00edsto je pam\u00e1te\u010d\u0148\u00ed. Kedisi tam bilo staroslovjansk\u00e9 s\u00eddlo, potvr\u010fili to aj vikop\u00e1fki, ker\u00e9 sa tam \u010felali za prv\u0148\u00ed republiki. Bili tam kr\u00e1sn\u00e9, obrofsk\u00e9 storo\u010d\u0148\u00ed dubi a tam na l\u00face sa stret\u00e1vali Skali\u010da\u0148i, mo\u017en\u00e1 aj Mokrohaja\u0148i a oslavovali m\u00e1j. Sedl\u00e1ci no vozoch dov\u00e9zli pivo, nejak\u00e9 j\u00eddlo, muzikantom in\u0161trumenti a lud\u00e9 sa bavili. Tata hr\u00e1val f kapeli Happy Boys. Pje\u0161ki, na chrb\u0165e alebo na koli dov\u00e9zel svoju harmoniku, buben dov\u00e9zli na vozi, husli\u010dki a saxof\u00f3n si don\u00e9sli a hr\u00e1vali. B\u00edvala to ka\u017edoro\u010d\u0148\u00ed trad\u00edcija. Dnes u\u0161 tam ti dubi nejs\u00fa, l\u00faka je zarostl\u00e1, lud\u00e9 vimreli a ne\u010feje sa tam \u0148ic. St\u00e1lo bi zato zamislet sa a lu\u010fom pripomen\u00fat m\u00edsto, gde na\u0161i predci \u017eili, \u017ee bi sme mohli aj mi.<\/p>\n<p><em>Anton Dinka st.<\/em><\/p>\n","protected":false},"excerpt":{"rendered":"<div class=\"mh-excerpt\"><p>M\u00e1j, mjes\u00edc kvjet\u00fa, l\u00e1ski, rados\u0165i, zrodu nov\u00e9ho \u017eivota f pr\u00edro\u010fe. Tak nejak to lud\u00e9 brali odjak\u017eiva. Aj mi, aj ket sme bili mal\u00ed. \u0164e\u0161ili sme sa z\u00a0teho, \u017ee sme ve zdrav\u00ed pro\u017eili druh\u00fa, stra\u0161n\u00fa vojnu <a class=\"mh-excerpt-more\" href=\"http:\/\/skalickyobzor.sk\/cms\/prvni-maje-majalese\/\" title=\"Prv\u0148\u00ed m\u00e1je, maj\u00e1lese&#8230;\">[&#8230;]<\/a><\/p>\n<\/div>","protected":false},"author":12,"featured_media":17,"comment_status":"closed","ping_status":"closed","sticky":false,"template":"","format":"standard","meta":{"footnotes":""},"categories":[4],"tags":[],"class_list":{"0":"post-5291","1":"post","2":"type-post","3":"status-publish","4":"format-standard","5":"has-post-thumbnail","7":"category-ja-su-ze-skalice"},"_links":{"self":[{"href":"http:\/\/skalickyobzor.sk\/cms\/wp-json\/wp\/v2\/posts\/5291","targetHints":{"allow":["GET"]}}],"collection":[{"href":"http:\/\/skalickyobzor.sk\/cms\/wp-json\/wp\/v2\/posts"}],"about":[{"href":"http:\/\/skalickyobzor.sk\/cms\/wp-json\/wp\/v2\/types\/post"}],"author":[{"embeddable":true,"href":"http:\/\/skalickyobzor.sk\/cms\/wp-json\/wp\/v2\/users\/12"}],"replies":[{"embeddable":true,"href":"http:\/\/skalickyobzor.sk\/cms\/wp-json\/wp\/v2\/comments?post=5291"}],"version-history":[{"count":1,"href":"http:\/\/skalickyobzor.sk\/cms\/wp-json\/wp\/v2\/posts\/5291\/revisions"}],"predecessor-version":[{"id":5293,"href":"http:\/\/skalickyobzor.sk\/cms\/wp-json\/wp\/v2\/posts\/5291\/revisions\/5293"}],"wp:featuredmedia":[{"embeddable":true,"href":"http:\/\/skalickyobzor.sk\/cms\/wp-json\/wp\/v2\/media\/17"}],"wp:attachment":[{"href":"http:\/\/skalickyobzor.sk\/cms\/wp-json\/wp\/v2\/media?parent=5291"}],"wp:term":[{"taxonomy":"category","embeddable":true,"href":"http:\/\/skalickyobzor.sk\/cms\/wp-json\/wp\/v2\/categories?post=5291"},{"taxonomy":"post_tag","embeddable":true,"href":"http:\/\/skalickyobzor.sk\/cms\/wp-json\/wp\/v2\/tags?post=5291"}],"curies":[{"name":"wp","href":"https:\/\/api.w.org\/{rel}","templated":true}]}}