{"id":5297,"date":"2022-05-25T19:12:38","date_gmt":"2022-05-25T17:12:38","guid":{"rendered":"http:\/\/skalickyobzor.sk\/cms\/?p=5297"},"modified":"2022-05-25T20:07:14","modified_gmt":"2022-05-25T18:07:14","slug":"jedinecna-skalicka-mestska-rec","status":"publish","type":"post","link":"http:\/\/skalickyobzor.sk\/cms\/jedinecna-skalicka-mestska-rec\/","title":{"rendered":"Jedine\u010dn\u00e1 skalick\u00e1 mestsk\u00e1 re\u010d"},"content":{"rendered":"<p><em><strong>Klenotom Skalice sa p\u00fd\u0161i cel\u00e9 Slovensko \u2013 t\u00fdmto nadpisom sme uviedli hlavn\u00fd \u010dl\u00e1nok tohtoro\u010dn\u00e9ho febru\u00e1rov\u00e9ho Skalick\u00e9ho Obzoru. P\u00edsali sme o z\u00e1pise skalick\u00e9ho trdeln\u00edka a s\u00fa\u010dasne o podan\u00ed n\u00e1vrhu na z\u00e1pis Skalick\u00e9ho rub\u00ednu do Reprezentat\u00edvneho zoznamu nehmotn\u00e9ho kult\u00farneho dedi\u010dstva Slovenska. Radostnou spr\u00e1vou je, \u017ee pr\u00e1ve tento mesiac pribudla snaha o roz\u0161\u00edrenie prest\u00ed\u017eneho zoznamu v podobe n\u00e1vrhu na z\u00e1pis skalickej mestskej re\u010di.<\/strong><\/em><\/p>\n<h4>\u010cLOVEKA POZN\u00c1\u0160 PO RE\u010cI<\/h4>\n<p>E\u0161te je v \u017eivom povedom\u00ed sl\u00e1va pri vydan\u00ed Dej\u00edn Skalickej mestskej re\u010di Prof. Evy Fordin\u00e1lovej v roku 2019. Ve\u013ek\u00fd priestor tejto udalosti sme venovali i na str\u00e1nkach Obzoru. Predov\u0161etk\u00fdm v\u0161ak \u2013 na\u0161a re\u010d nie je z\u00e1visl\u00e1 od \u010dasu. Sme to my, gener\u00e1cia za gener\u00e1ciou, kto \u00faplne samozrejme nesie jej zvuk a myslenie \u017eivotom, vo v\u0161etk\u00fdch jeho situ\u00e1ci\u00e1ch a\u00a0podob\u00e1ch. Iste, toto by sa dalo nap\u00edsa\u0165 o\u00a0ka\u017edej re\u010di \u010di n\u00e1re\u010d\u00ed, no jedine\u010dnos\u0165 na\u0161ej skalickej mestskej re\u010di tkvie predov\u0161etk\u00fdm v\u00a0jej v\u00fdskyte na tak malom, ohrani\u010denom \u00fazem\u00ed, zomknutom e\u0161te st\u00e1le pomyseln\u00fdmi hradbami. A\u00a0t\u00e1to schopnos\u0165 pre\u017ei\u0165 a\u00a0odhodlanos\u0165 \u00eds\u0165 zanovito svojou cestou rob\u00ed zo skalickej mestskej re\u010di unik\u00e1tny jav a\u00a0poklad, opr\u00e1vnene a\u0161piruj\u00faci na z\u00e1pis do <em>Reprezentat\u00edvneho zoznamu nehmotn\u00e9ho kult\u00farneho dedi\u010dstva Slovenska.<\/em><\/p>\n<h4>AKO SA STA\u0164 POKLADOM?<\/h4>\n<p>Z\u00e1pis do exkluz\u00edvneho zoznamu je presne dan\u00fd a pr\u00edsne sledovan\u00fd proces. V prvom rade mus\u00ed ma\u0165 n\u00e1vrh predkladate\u013ea, ktor\u00fdm s\u00fa v tomto pr\u00edpade Z\u00e1padoslovensk\u00e9 tla\u010diarne Skalica, ako vydavate\u013e publik\u00e1cie Dejiny Skalickej mestskej re\u010di. V odpovedi na ot\u00e1zku ak\u00fa \u00falohu zohr\u00e1vaj\u00fa nositelia pri zachov\u00e1van\u00ed prvku, ako s\u00fa\u010dasti vlastn\u00e9ho kult\u00farneho dedi\u010dstva, je v \u017eiadosti okrem in\u00e9ho nap\u00edsan\u00e9: \u201eNositelia skalickej mestskej re\u010di, obyvatelia mesta, v\u00fdrazne prispievaj\u00fa k\u00a0upev\u0148ovaniu lok\u00e1lnej, region\u00e1lnej i\u00a0n\u00e1rodnej identity, pr\u00edslu\u0161nosti k\u00a0slovensk\u00e9mu n\u00e1rodu, posil\u0148uj\u00fa vedomie lok\u00e1lpatriotizmu a\u00a0vlastenectva, dbaj\u00fa o\u00a0zachov\u00e1vanie miestnych trad\u00edci\u00ed a\u00a0zvykov pri rozli\u010dn\u00fdch sviato\u010dn\u00fdch a\u00a0sl\u00e1vnostn\u00fdch pr\u00edle\u017eitostiach, ale i\u00a0v\u00a0ka\u017edodennom \u017eivote. Pou\u017e\u00edvaj\u00fa ju ka\u017e-<br \/>\ndodenne v\u00a0dom\u00e1cnosti, ale i\u00a0v\u00a0pracovnom prostred\u00ed.\u201c To sme, teda, my v\u0161etci, ktor\u00ed touto re\u010dou hovor\u00edme, te\u0161\u00edme sa \u0148ou i\u00a0sm\u00fatime, preto\u017ee je n\u00e1m vlastn\u00e1 a\u00a0je na\u0161ou s\u00fa\u010das\u0165ou.<\/p>\n<h4>\u010cO PRE V\u00c1S ZNAMEN\u00c1 SKALI\u010cTINA?<\/h4>\n<p>Pova\u017eujete na\u0161u re\u010d za d\u00f4le\u017eit\u00fd znak na\u0161ej identity? Hovor\u00edte be\u017ene na\u0161\u00edm dialektom? Sn\u00edva sa v\u00e1m po skalicky? Ste hrd\u00ed na svoj jazyk? Mysl\u00edte si, \u017ee je d\u00f4le\u017eit\u00e9, aby sa vyd\u00e1vala literat\u00fara aj v\u00a0skalickej mestskej re\u010di? Mysl\u00edte si, \u017ee je d\u00f4le\u017eit\u00e9 robi\u0165 v\u0161etko pre to, aby bola st\u00e1le \u017eiv\u00e1?<\/p>\n<p>Jedn\u00fdm z\u00a0d\u00f4le\u017eit\u00fdch krokov n\u00e1vrhu na z\u00e1pis do Reprezentat\u00edvneho zoznamu nehmotn\u00e9ho kult\u00farneho dedi\u010dstva Slovenska je dok\u00e1za\u0165 podporu skalickej mestskej re\u010di u\u017e\u00edvaj\u00facim spolo\u010denstvom. A\u00a0t\u00fdm spolo\u010denstvom sme my, ob\u010dania Skalice. Preto vyhlasujeme v\u00fdzvu na vyjadrenie sa v\u00e1s v\u0161etk\u00fdch k\u00a0v\u00fdznamu tejto re\u010di. <strong>Va\u0161e pr\u00edspevky, vyznania a\u00a0d\u00f4vody prilo\u017e\u00edme ako podporu spolo\u010denstva k\u00a0n\u00e1vrhu na z\u00e1pis skalickej mestskej re\u010di do <em>Reprezentat\u00edvneho zoznamu nehmotn\u00e9ho kult\u00farneho dedi\u010dstva Slovenska.<\/em><\/strong><\/p>\n<p>\u010eakujeme v\u00e1m za podporu v\u00a0mene n\u00e1s v\u0161etk\u00fdch.<\/p>\n<p><em>Redakcia<\/em><\/p>\n","protected":false},"excerpt":{"rendered":"<div class=\"mh-excerpt\"><p>Klenotom Skalice sa p\u00fd\u0161i cel\u00e9 Slovensko \u2013 t\u00fdmto nadpisom sme uviedli hlavn\u00fd \u010dl\u00e1nok tohtoro\u010dn\u00e9ho febru\u00e1rov\u00e9ho Skalick\u00e9ho Obzoru. P\u00edsali sme o z\u00e1pise skalick\u00e9ho trdeln\u00edka a s\u00fa\u010dasne o podan\u00ed n\u00e1vrhu na z\u00e1pis Skalick\u00e9ho rub\u00ednu do Reprezentat\u00edvneho zoznamu <a class=\"mh-excerpt-more\" href=\"http:\/\/skalickyobzor.sk\/cms\/jedinecna-skalicka-mestska-rec\/\" title=\"Jedine\u010dn\u00e1 skalick\u00e1 mestsk\u00e1 re\u010d\">[&#8230;]<\/a><\/p>\n<\/div>","protected":false},"author":1,"featured_media":17,"comment_status":"closed","ping_status":"closed","sticky":false,"template":"","format":"standard","meta":{"footnotes":""},"categories":[4],"tags":[],"class_list":{"0":"post-5297","1":"post","2":"type-post","3":"status-publish","4":"format-standard","5":"has-post-thumbnail","7":"category-ja-su-ze-skalice"},"_links":{"self":[{"href":"http:\/\/skalickyobzor.sk\/cms\/wp-json\/wp\/v2\/posts\/5297","targetHints":{"allow":["GET"]}}],"collection":[{"href":"http:\/\/skalickyobzor.sk\/cms\/wp-json\/wp\/v2\/posts"}],"about":[{"href":"http:\/\/skalickyobzor.sk\/cms\/wp-json\/wp\/v2\/types\/post"}],"author":[{"embeddable":true,"href":"http:\/\/skalickyobzor.sk\/cms\/wp-json\/wp\/v2\/users\/1"}],"replies":[{"embeddable":true,"href":"http:\/\/skalickyobzor.sk\/cms\/wp-json\/wp\/v2\/comments?post=5297"}],"version-history":[{"count":1,"href":"http:\/\/skalickyobzor.sk\/cms\/wp-json\/wp\/v2\/posts\/5297\/revisions"}],"predecessor-version":[{"id":5298,"href":"http:\/\/skalickyobzor.sk\/cms\/wp-json\/wp\/v2\/posts\/5297\/revisions\/5298"}],"wp:featuredmedia":[{"embeddable":true,"href":"http:\/\/skalickyobzor.sk\/cms\/wp-json\/wp\/v2\/media\/17"}],"wp:attachment":[{"href":"http:\/\/skalickyobzor.sk\/cms\/wp-json\/wp\/v2\/media?parent=5297"}],"wp:term":[{"taxonomy":"category","embeddable":true,"href":"http:\/\/skalickyobzor.sk\/cms\/wp-json\/wp\/v2\/categories?post=5297"},{"taxonomy":"post_tag","embeddable":true,"href":"http:\/\/skalickyobzor.sk\/cms\/wp-json\/wp\/v2\/tags?post=5297"}],"curies":[{"name":"wp","href":"https:\/\/api.w.org\/{rel}","templated":true}]}}