{"id":5356,"date":"2022-06-04T00:04:21","date_gmt":"2022-06-03T22:04:21","guid":{"rendered":"http:\/\/skalickyobzor.sk\/cms\/?p=5356"},"modified":"2025-01-31T00:06:47","modified_gmt":"2025-01-30T23:06:47","slug":"skalicke-priezviska-xxiii-polak-pollak-polony-poloni-susedia-zo-severu","status":"publish","type":"post","link":"http:\/\/skalickyobzor.sk\/cms\/skalicke-priezviska-xxiii-polak-pollak-polony-poloni-susedia-zo-severu\/","title":{"rendered":"Skalick\u00e9 priezvisk\u00e1 XXIII &#8211; Pol\u00e1k, Poll\u00e1k, Pol\u00f3ny, Pol\u00f3ni &#8211; susedia zo severu"},"content":{"rendered":"<p>V s\u00fa\u010dasnosti patr\u00ed priezvisko <strong>Pol\u00e1k<\/strong> v Skalici medzi najfrekventovanej\u0161ie. A\u017e 85 obyvate\u013eov mesta m\u00e1 v ob\u010dianskom preukaze zap\u00edsan\u00e9 toto priezvisko, \u010di u\u017e vo forme Pol\u00e1k alebo Pol\u00e1kov\u00e1. Jeho p\u00f4vod je n\u00e1m na prv\u00fd poh\u013ead jasn\u00fd. Z\u00edskal ho \u010dlovek, ktor\u00fd do Skalice, alebo aj na in\u00e9 miesta vo svete, pri\u0161iel z Po\u013eska alebo bol po\u013eskej n\u00e1rodnosti. Priezvisko Pol\u00e1k patr\u00ed medzi najstar\u0161ie pou\u017e\u00edvan\u00e9 priezvisk\u00e1 v\u00a0Skalici. Prv\u00fd raz sa s\u00a0n\u00edm stret\u00e1me v\u00a017. storo\u010d\u00ed vo form\u00e1ch Polak, ale aj Polony, alebo Polakovich, no ur\u010dite maj\u00fa Pol\u00e1kovci v\u00a0Skalici star\u0161ie korene.<\/p>\n<p>V\u00a0matrik\u00e1ch sa priezvisko Pol\u00e1k objavuje v\u00a0roku 1635. Vtedy sa \u017eeliarovi (pr\u00edslu\u0161n\u00edk najchudobnej\u0161ej vrstvy poddansk\u00e9ho obyvate\u013estva, ktor\u00fd vlastnil iba mal\u00fa alebo \u017eiadnu po\u013enohospod\u00e1rsku p\u00f4du s\u00a0vlastn\u00fdm obydl\u00edm, latinsky inquilinus) Andrejovi Pol\u00e1kovi a\u00a0jeho \u017eene Anne narodil v\u00a0Skalici syn, ktor\u00fd dostal meno Andrej (*4. 3. 1635). V\u00a0tom istom roku sa v\u00a0Mokrom H\u00e1ji (vtedy e\u0161te Kis Senkvic) J\u00e1novi Pol\u00e1kovi a\u00a0jeho \u017eene Anne narodila dc\u00e9ra, ktor\u00e1 dostala meno Margar\u00e9ta (*28. 4. 1635). O\u00a0rok nesk\u00f4r sa skalick\u00e9mu ro\u013en\u00edkovi (latinsky colonus, alebo incola) J\u00e1novi Pol\u00e1kovi a\u00a0jeho \u017eene Marte narodili dvoji\u010dky Adam a\u00a0Juraj (*26. 2. 1636). Vid\u00edme, \u017ee rodina Pol\u00e1kovcov bola u\u017e v\u00a0prvej polovici 17. storo\u010dia v\u00a0Skalici po\u010detnej\u0161ia. Do konca 17. storo\u010dia sa im narodilo \u010fal\u0161\u00edch 15 det\u00ed. V\u00a018. storo\u010d\u00ed sme zaregistrovali len 15 det\u00ed a\u00a0v\u00a0rokoch 1800 a\u017e 1896 sa v\u00a0Skalici do rod\u00edn Pol\u00e1kovcov narodilo 42 det\u00ed. Neboli to s\u00edce ve\u013ek\u00e9 po\u010dty, ale ako vidie\u0165 v\u00a020. storo\u010d\u00ed sa Pol\u00e1kovci, v\u010faka mobilite z\u00a0okolia (najm\u00e4 Hol\u00ed\u010da, Rado\u0161oviec a\u00a0Gbiel), dostali v\u00a0Skalici na popredn\u00e9 miesta v\u00a0po\u010dte svojich \u010dlenov.<\/p>\n<p>V 20. storo\u010d\u00ed sa v literat\u00fare spom\u00edna Emil Pol\u00e1k, ktor\u00fd bojoval ako vojak v SNP. Nesk\u00f4r boli Pol\u00e1kovci akt\u00edvni najm\u00e4 v \u0161porte. Zn\u00e1my je M. Pol\u00e1k, jeden z najlep\u0161\u00edch boxerov boxersk\u00e9ho klubu ZVL Skalica, ktor\u00fd v roku 1975 z\u00edskal titul majstra Slovenska. V 70. rokoch 20. storo\u010dia sa v hokejovom prostred\u00ed pohybovali J\u00e1n Pol\u00e1k, akt\u00edvny hr\u00e1\u010d a Franti\u0161ek Pol\u00e1k hokejov\u00fd funkcion\u00e1r.\u010co sa t\u00fdka \u0161tatist\u00edk, tak priezvisko Pol\u00e1k sa v roku 1995 nach\u00e1dzalo na Slovensku 4678 kr\u00e1t v 615 lokalit\u00e1ch. Najpo\u010detnej\u0161ie zast\u00fapenie malo v Bratislave, ale i Trnave, Pre\u0161ove a dokonca aj na Z\u00e1hor\u00ed a okrem Skalice v K\u00fatoch, \u010c\u00e1roch, \u010di Malack\u00e1ch. Priezvisko Pol\u00e1kov\u00e1 v roku 1995 nosilo 4926 \u017eien a diev\u010dat v 669 lokalit\u00e1ch. Najpo\u010detnej\u0161ie zast\u00fapen\u00e9 bolo op\u00e4\u0165 v Bratislave a Trnave, no tie\u017e sa po\u010detne vyskytovalo aj v Skalici, K\u00fatoch a\u00a0Malack\u00e1ch. V\u00a0\u010ceskej republike je aktu\u00e1lne 6874 obyvate\u013eov nosiacich priezvisko Pol\u00e1k a\u00a07090 obyvateliek maj\u00facich priezvisko Pol\u00e1kov\u00e1. Najpo\u010detnej\u0161ie zast\u00fapenie m\u00e1 priezvisko v\u00a0najv\u00e4\u010d\u0161\u00edch mest\u00e1ch ako s\u00fa Praha, Brno, Ostrava a\u00a0in\u00e9.<\/p>\n<figure id=\"attachment_5357\" aria-describedby=\"caption-attachment-5357\" style=\"width: 874px\" class=\"wp-caption aligncenter\"><img loading=\"lazy\" decoding=\"async\" class=\"size-full wp-image-5357\" src=\"http:\/\/skalickyobzor.sk\/cms\/wp-content\/uploads\/2022\/07\/nar_polakovci-margareta_1635image37-skalica1629_1728-detail2.jpg\" alt=\"\" width=\"874\" height=\"109\" srcset=\"http:\/\/skalickyobzor.sk\/cms\/wp-content\/uploads\/2022\/07\/nar_polakovci-margareta_1635image37-skalica1629_1728-detail2.jpg 874w, http:\/\/skalickyobzor.sk\/cms\/wp-content\/uploads\/2022\/07\/nar_polakovci-margareta_1635image37-skalica1629_1728-detail2-300x37.jpg 300w, http:\/\/skalickyobzor.sk\/cms\/wp-content\/uploads\/2022\/07\/nar_polakovci-margareta_1635image37-skalica1629_1728-detail2-768x96.jpg 768w\" sizes=\"auto, (max-width: 874px) 100vw, 874px\" \/><figcaption id=\"caption-attachment-5357\" class=\"wp-caption-text\">Matri\u010dn\u00fd z\u00e1pis o\u00a0naroden\u00ed Margar\u00e9ty Pol\u00e1kovej z\u00a0roku 1635<\/figcaption><\/figure>\n<p>Takmer toto\u017en\u00e9 priezvisko <strong>Poll\u00e1k<\/strong> sa v Skalici v s\u00fa\u010dasnosti vyskytuje v 42 pr\u00edpadoch. Toto priezvisko je do Skalice importovan\u00e9 v\u010faka mobilite obyvate\u013estva z okolit\u00fdch obc\u00ed a\u017e koncom 19. storo\u010dia. Prv\u00fd raz sa s n\u00edm stret\u00e1me v skalick\u00fdch matrik\u00e1ch v roku 1876, kedy sa vr\u00e1di\u0161tskej cig\u00e1nke (zingara) Al\u017ebete Poll\u00e1kovej narodil neman\u017eelsk\u00fd syn Jozef (*6. 3. 1876), ktor\u00fd zomrel v Kop\u010danoch vo veku 21 rokov. V roku 1884 sa J\u00e1novi Poll\u00e1kovi a\u00a0jeho \u017eene M\u00e1rii, rod. Sasinkovej, narodila dc\u00e9ra Anna (*28. 4. 1884). Z\u00a0matri\u010dn\u00e9ho z\u00e1pisu sme sa dozvedeli, \u017ee Poll\u00e1kovci b\u00fdvali v\u00a0Mokrom H\u00e1ji v\u00a0dome so s\u00fapisn\u00fdm \u010d\u00edslom 12 a\u00a0J\u00e1n Poll\u00e1k poch\u00e1dzal z\u00a0Vl\u010dkovan. V\u00a020. storo\u010d\u00ed p\u00f4sobila Jarmila Poll\u00e1kov\u00e1 ako u\u010dite\u013eka v\u00a0nemocni\u010dnej \u0161kole (1962\u20131980), \u0160tefka Poll\u00e1kov\u00e1 bola v\u00a050. rokoch 20. storo\u010dia \u010dlenkou folkl\u00f3rnej spev\u00e1ckej skupiny. Mu\u017esk\u00fd \u010dlenovia rodu sa venovali \u0161portu, v\u00a050. rokoch 20. storo\u010dia h\u00e1jili farby futbalov\u00fdch i\u00a0hokejov\u00fdch mu\u017estiev Skalice a\u00a0v\u00a0roku 1992 sa v\u00a0k\u00e1dri hokejov\u00e9ho mu\u017estva objavuje meno Radovan Poll\u00e1k.<\/p>\n<figure id=\"attachment_5358\" aria-describedby=\"caption-attachment-5358\" style=\"width: 881px\" class=\"wp-caption aligncenter\"><img loading=\"lazy\" decoding=\"async\" class=\"size-full wp-image-5358\" src=\"http:\/\/skalickyobzor.sk\/cms\/wp-content\/uploads\/2022\/07\/nar_polakovci-juraj_1635image37-skalica1629_1728-detail1.jpg\" alt=\"\" width=\"881\" height=\"109\" srcset=\"http:\/\/skalickyobzor.sk\/cms\/wp-content\/uploads\/2022\/07\/nar_polakovci-juraj_1635image37-skalica1629_1728-detail1.jpg 881w, http:\/\/skalickyobzor.sk\/cms\/wp-content\/uploads\/2022\/07\/nar_polakovci-juraj_1635image37-skalica1629_1728-detail1-300x37.jpg 300w, http:\/\/skalickyobzor.sk\/cms\/wp-content\/uploads\/2022\/07\/nar_polakovci-juraj_1635image37-skalica1629_1728-detail1-768x95.jpg 768w\" sizes=\"auto, (max-width: 881px) 100vw, 881px\" \/><figcaption id=\"caption-attachment-5358\" class=\"wp-caption-text\">Matri\u010dn\u00fd z\u00e1pis o\u00a0naroden\u00ed Juraja Pol\u00e1ka z\u00a0roku 1635<\/figcaption><\/figure>\n<p>V roku 1995 priezvisko Poll\u00e1k na Slovensku nosilo 1383 mu\u017eov v 255 lokalit\u00e1ch a to najm\u00e4 na v\u00fdchode, v Levo\u010di, Spi\u0161skej Novej Vsi, \u010di Kurimanoch. V Skalici v tom roku bolo 22 mu\u017eov s t\u00fdmto priezviskom. Priezvisko Poll\u00e1kov\u00e1 v roku 1995 malo v ob\u010dianskom preukaze zap\u00edsan\u00fdch 1339 \u017eien v 268 lokalit\u00e1ch. Podobne ako u mu\u017eskej podoby i v \u017eenskej sa najpo\u010detnej\u0161ie vyskytovalo na v\u00fdchode Slovenska, v Skalici \u017eilo v tom \u010dase 22 \u017eien nosiacich priezvisko Poll\u00e1kov\u00e1. V \u010ceskej republike \u017eije moment\u00e1lne s t\u00fdmto priezviskom 333 mu\u017eov a 355 \u017eien. Ke\u010f u\u017e sme rozobrali priezvisko Pol\u00e1k, mus\u00edme sa pristavi\u0165 i u jeho cudzojazy\u010dn\u00e9ho ekvivalentu, ktor\u00fdm je priezvisko <strong>Poloni\/Polony<\/strong>. Aj toto priezvisko sa nez\u00e1visle od priezviska Pol\u00e1k vyskytovalo v Skalici u\u017e v 17. storo\u010d\u00ed. V matrik\u00e1ch sa prv\u00fdkr\u00e1t objavuje v roku 1640 vo forme Poloni, kedy sa Kri\u0161tofovi Pol\u00f3nimu a jeho \u017eene Anne narodil syn Franti\u0161ek (*20. 2. 1640). V tvare Poloni sa objavuje v roku 1660, kedy sa Jakubovi Pol\u00f3nimu narodil syn Juraj (*9. 3. 1660) a v tvare Polony v roku 1679, kedy sa Pavlovi Pol\u00f3nymu narodil syn, ktor\u00fd tie\u017e dostal meno Juraj (26. 4. 1679).<\/p>\n<p>Pod\u013ea arch\u00edvnych prame\u0148ov boli Pol\u00f3nyovci spolo\u010densky akt\u00edvnej\u0161\u00ed oproti Pol\u00e1kovcom a postupne zast\u00e1vali v mestskej samospr\u00e1ve v 17. storo\u010d\u00ed aj ve\u013emi v\u00fdznamn\u00e9 funkcie. V roku 1675 za\u010dal svoju kari\u00e9ru v samospr\u00e1ve Juraj Pol\u00f3ny ako obecn\u00fd sluha. V rokoch 1677 a\u017e 1678 bol dozorcom trhu a v rokoch 1678 a\u017e 1680 pr\u00edsa\u017en\u00fdm mesta. V roku 1681 sa stal pokladn\u00edkom mesta a n\u00edm bol do roku 1683, kedy bol zvolen\u00fd za trib\u00fana \u013eudu. V roku 1684 zast\u00e1val funkciu spr\u00e1vcu \u0161pit\u00e1la, v rokoch 1686 a\u017e 1688 bol majstrom vini\u010dn\u00fdch vrchov. Od roku 1688 p\u00f4sobil ako sen\u00e1tor, v rokoch 1693 a\u017e 1694 zast\u00e1val ako sen\u00e1tor poz\u00edciu mestsk\u00e9ho kapit\u00e1na a ako sen\u00e1tor p\u00f4sobil a\u017e do svojej smrti (zomrel najpravdepodobnej\u0161ie koncom roka 1704, matriky zomret\u00fdch sa zachovali a\u017e od roku 1705). V rokoch 1698 a\u017e 1700 a v rokoch 1702 a\u017e 1705 okrem sen\u00e1torskej funkcie zast\u00e1val i funkciu me\u0161\u0165anostu (naposledy bol za me\u0161\u0165anostu zvolen\u00fd na volebn\u00e9 obdobie 1704 a\u017e 1705, ktor\u00e9 u\u017e nedokon\u010dil).<\/p>\n<p>V jeho stop\u00e1ch pokra\u010doval Pavol Pol\u00f3ny, ktor\u00fd bol v rokoch 1705 a\u017e 1706 centumvirom (porotca s\u00fadu), v rokoch 1706 a\u017e 1707 pr\u00edsa\u017en\u00fdm mesta a v rokoch 1710 a\u017e 1712 dozorca trhov. V nasleduj\u00facom obdob\u00ed sa rod Pol\u00f3ny pomaly vytr\u00e1ca z hist\u00f3rie mesta Skalica. Posledn\u00fdm die\u0165a\u0165om, ktor\u00e9 sa isto do v\u00fdznamnej me\u0161tianskej rodiny v Skalici narodilo bola Anna Zuzana (*9. 8. 1769). Jej otcom bol me\u0161\u0165an (cives) Vavrinec Pol\u00f3ny a matkou Johana, rod. Jirkov\u00e1. Podrobnej\u0161\u00ed genealogick\u00fd v\u00fdskum by n\u00e1s ur\u010dite doviedol k z\u00e1veru, \u017ee rod postupne opustil postavenie, ktor\u00e9 nadobudol v 17. storo\u010d\u00ed, niektor\u00ed jeho \u010dlenovia h\u013eadali uplatnenie mimo Skalice a v Skalici postupne rod vymrel po me\u010di a nesk\u00f4r i po praslici. Aj ke\u010f v roku 1917 sa priezvisko Pol\u00f3ny v Skalici objavuje, av\u0161ak iba na chv\u00ed\u013eu. Juraj Pol\u00f3ny sa stal riadite\u013eom novovzniknutej \u0161t\u00e1tnej me\u0161tianskej diev\u010denskej \u0161koly. T\u00e1 fungovala iba do roku 1918, kedy v\u00e4\u010d\u0161ina u\u010dite\u013eov odi\u0161la do Ma\u010farska.<\/p>\n<p>Priezvisko Pol\u00f3ni sa na Slovensku v roku 1995 nach\u00e1dzalo 80 kr\u00e1t v 39 lokalit\u00e1ch. Najpo\u010detnej\u0161ie zast\u00fapenie malo v Hornej Mi\u010dinej a \u017diline. Priezvisko Pol\u00f3niov\u00e1 sa na Slovensku v roku 1995 nach\u00e1dzalo 90 kr\u00e1t v 47 lokalit\u00e1ch. Najpo\u010detnej\u0161ie zast\u00fapenie malo v Ru\u017eomberku, Hornej Mi\u010dinej a \u017diline. Priezvisko Pol\u00f3ny sa na Slovensku v roku 1995 nach\u00e1dzalo 127 kr\u00e1t v 52 lokalit\u00e1ch. Najpo\u010detnej\u0161ie zast\u00fapenie malo v Brezne, Bratislave a Banskej Bystrici. Priezvisko Pol\u00f3nyov\u00e1 sa v\u00a0roku 1995 nach\u00e1dzalo 125 kr\u00e1t v\u00a052 lokalit\u00e1ch. Najpo\u010detnej\u0161ie zast\u00fapenie malo v\u00a0Brezne, \u013dubietovej a\u00a0Banskej Bystrici. V\u00a0\u010cech\u00e1ch je v\u00a0s\u00fa\u010dasnosti Pol\u00f3niovcov 16, Pol\u00f3nyovcov 11.<\/p>\n<p><em>Vladim\u00edr Petrovi\u010d,<\/em><br \/>\n<em>geneal\u00f3g a\u00a0historik<\/em><\/p>\n","protected":false},"excerpt":{"rendered":"<div class=\"mh-excerpt\"><p>V s\u00fa\u010dasnosti patr\u00ed priezvisko Pol\u00e1k v Skalici medzi najfrekventovanej\u0161ie. A\u017e 85 obyvate\u013eov mesta m\u00e1 v ob\u010dianskom preukaze zap\u00edsan\u00e9 toto priezvisko, \u010di u\u017e vo forme Pol\u00e1k alebo Pol\u00e1kov\u00e1. Jeho p\u00f4vod je n\u00e1m na prv\u00fd poh\u013ead jasn\u00fd. <a class=\"mh-excerpt-more\" href=\"http:\/\/skalickyobzor.sk\/cms\/skalicke-priezviska-xxiii-polak-pollak-polony-poloni-susedia-zo-severu\/\" title=\"Skalick\u00e9 priezvisk\u00e1 XXIII &#8211; Pol\u00e1k, Poll\u00e1k, Pol\u00f3ny, Pol\u00f3ni &#8211; susedia zo severu\">[&#8230;]<\/a><\/p>\n<\/div>","protected":false},"author":48,"featured_media":17,"comment_status":"closed","ping_status":"closed","sticky":false,"template":"","format":"standard","meta":{"footnotes":""},"categories":[25],"tags":[],"class_list":{"0":"post-5356","1":"post","2":"type-post","3":"status-publish","4":"format-standard","5":"has-post-thumbnail","7":"category-skalicke-priezviska"},"_links":{"self":[{"href":"http:\/\/skalickyobzor.sk\/cms\/wp-json\/wp\/v2\/posts\/5356","targetHints":{"allow":["GET"]}}],"collection":[{"href":"http:\/\/skalickyobzor.sk\/cms\/wp-json\/wp\/v2\/posts"}],"about":[{"href":"http:\/\/skalickyobzor.sk\/cms\/wp-json\/wp\/v2\/types\/post"}],"author":[{"embeddable":true,"href":"http:\/\/skalickyobzor.sk\/cms\/wp-json\/wp\/v2\/users\/48"}],"replies":[{"embeddable":true,"href":"http:\/\/skalickyobzor.sk\/cms\/wp-json\/wp\/v2\/comments?post=5356"}],"version-history":[{"count":1,"href":"http:\/\/skalickyobzor.sk\/cms\/wp-json\/wp\/v2\/posts\/5356\/revisions"}],"predecessor-version":[{"id":5359,"href":"http:\/\/skalickyobzor.sk\/cms\/wp-json\/wp\/v2\/posts\/5356\/revisions\/5359"}],"wp:featuredmedia":[{"embeddable":true,"href":"http:\/\/skalickyobzor.sk\/cms\/wp-json\/wp\/v2\/media\/17"}],"wp:attachment":[{"href":"http:\/\/skalickyobzor.sk\/cms\/wp-json\/wp\/v2\/media?parent=5356"}],"wp:term":[{"taxonomy":"category","embeddable":true,"href":"http:\/\/skalickyobzor.sk\/cms\/wp-json\/wp\/v2\/categories?post=5356"},{"taxonomy":"post_tag","embeddable":true,"href":"http:\/\/skalickyobzor.sk\/cms\/wp-json\/wp\/v2\/tags?post=5356"}],"curies":[{"name":"wp","href":"https:\/\/api.w.org\/{rel}","templated":true}]}}