{"id":5367,"date":"2022-06-04T00:12:51","date_gmt":"2022-06-03T22:12:51","guid":{"rendered":"http:\/\/skalickyobzor.sk\/cms\/?p=5367"},"modified":"2025-01-31T00:07:14","modified_gmt":"2025-01-30T23:07:14","slug":"vazena-pani-primatorka-vazene-poslankyne-a-vazeni-poslanci-2","status":"publish","type":"post","link":"http:\/\/skalickyobzor.sk\/cms\/vazena-pani-primatorka-vazene-poslankyne-a-vazeni-poslanci-2\/","title":{"rendered":"V\u00e1\u017een\u00e1 pani prim\u00e1torka, v\u00e1\u017een\u00e9 poslankyne a v\u00e1\u017een\u00ed poslanci!"},"content":{"rendered":"<p>Bl\u00ed\u017eia sa tohtoro\u010dn\u00e9 komun\u00e1lne vo\u013eby a\u00a0s\u00a0nimi n\u00e1s, ob\u010danov, zauj\u00edmaj\u00fa kandid\u00e1ti na miesto prim\u00e1tora a\u00a0poslancov.<\/p>\n<p>V\u00a0minulom \u010d\u00edsle sme polo\u017eili k\u00a0tejto t\u00e9me tri najz\u00e1sadnej\u0161ie ot\u00e1zky t\u00fdm, ktor\u00ed dnes v\u00a0na\u0161om mene ved\u00fa na\u0161e mesto. Term\u00edn uz\u00e1vierky kandid\u00e1tok do volieb je 29. august a\u00a0dnes prin\u00e1\u0161ame odpovede t\u00fdch, ktor\u00ed n\u00e1m prezradili svoj postoj e\u0161te pred uz\u00e1vierkou.<\/p>\n<p>Pripom\u00edname ot\u00e1zky, ktor\u00e9 sme osloven\u00fdm polo\u017eili:<\/p>\n<ul>\n<li><strong>Budete kandidova\u0165 na funkciu prim\u00e1tora? ANO\/NIE\/NEVIEM<\/strong><\/li>\n<li><strong>Budete kandidova\u0165 na funkciu poslanca? ANO\/NIE\/NEVIEM<\/strong><\/li>\n<li><strong>\u010co v\u00e1s vedie k v\u00e1\u0161mu rozhodnutiu?<\/strong><\/li>\n<\/ul>\n<p><em>Redakcia<\/em><\/p>\n<p>Odhodlanie kandidova\u0165 v nasleduj\u00facom volebnom obdob\u00ed sa bude odv\u00edja\u0165 hlavne od m\u00f4jho pracovn\u00e9ho vy\u0165a\u017eenia. Ke\u010f nadobudnem presved\u010denie, \u017ee budem m\u00f4c\u0165 mand\u00e1t poslanca vykon\u00e1va\u0165 na sto percent, tak p\u00f4jdem do toho. V opa\u010dnom pr\u00edpade r\u00e1d prenech\u00e1m miesto in\u00e9mu \u0161ikovn\u00e9mu kolegovi \u010di kolegyni. Uprednost\u0148ujem z\u00e1ujmy mesta pre t\u00fdmi vlastn\u00fdmi a aktu\u00e1lne pova\u017eujem toto rozhodnutie za to najspr\u00e1vnej\u0161ie.<br \/>\n<strong>Matej Bellay<\/strong><\/p>\n<p>V\u00a0meste je st\u00e1le \u010do zlep\u0161ova\u0165. Som hrd\u00fd Skali\u010dan, m\u00e1m r\u00e1d na\u0161e mesto a\u00a0chcem ho \u010falej pos\u00fava\u0165. M\u00e1m r\u00e1d diskusiu o\u00a0veciach verejn\u00fdch, r\u00e1d komunikujem s\u00a0ob\u010danmi. Dobr\u00e9 n\u00e1pady sa sna\u017e\u00edm pretavi\u0165 do skuto\u010dnosti, aj ke\u010f niekedy je ich \u0165a\u017ek\u00e9 dotiahnu\u0165 do konca. A\u00a0e\u0161te \u0165a\u017e\u0161ie je vyhovie\u0165 ka\u017ed\u00e9mu. S\u00a0ve\u013ek\u00fdm re\u0161pektom a\u00a0pokorou sa budem uch\u00e1dza\u0165 o\u00a0d\u00f4veru ob\u010danov aj v\u00a0\u010fal\u0161om volebnom obdob\u00ed ako poslanec mestsk\u00e9ho zastupite\u013estva.<br \/>\n<strong>Adri\u00e1n Hertl<\/strong><\/p>\n<p>Sk\u00fasenosti z \u00faspe\u0161nej firmy zdie\u013ea\u0165 a aplikova\u0165 aj v samospr\u00e1ve. Ma\u0165 vplyv na smerovanie mesta a jeho ekonomick\u00fa\/finan\u010dn\u00fa kond\u00edciu. Dohliada\u0165 na realiz\u00e1ciu u\u017e pripraven\u00fdch a schv\u00e1len\u00fdch projektov obnovy ul\u00edc, s\u00eddlisk (napr. chodn\u00edky v \u010dasti Torn\u00e1do, Hviezdoslavova, \u0160portov\u00e1, obnova cesty v priemyselnej z\u00f3ne). Obhajova\u0165 z\u00e1ujmy ob\u010danov a\u00a0mesta, nie z\u00e1ujmov\u00fdch skup\u00edn.<br \/>\n<strong>Martin Koj\u0161<\/strong><\/p>\n<p>Doteraj\u0161ie sk\u00fasenosti.<br \/>\n<strong>Anna Oz\u00e1balov\u00e1<\/strong><\/p>\n<div id=\"poslanci\">\n<div class=\"poslanec\">\n<div class=\"foto\"><img decoding=\"async\" src=\"http:\/\/skalickyobzor.sk\/cms\/wp-content\/uploads\/2019\/01\/anna_mierna.jpg\" \/><\/div>\n<div class=\"meno\">MIERNA Anna<\/div>\n<div class=\"percenta\">86%<\/div>\n<div class=\"odpoved\">&#8211;<\/div>\n<\/div>\n<div class=\"poslanec\">\n<div class=\"foto\"><img decoding=\"async\" src=\"http:\/\/skalickyobzor.sk\/cms\/wp-content\/uploads\/2017\/10\/fotka_poslanca.jpg\" \/><\/div>\n<div class=\"meno\">BAR\u00c1T \u013dudov\u00edt<\/div>\n<div class=\"percenta\">9%<\/div>\n<div class=\"odpoved\">&#8211;<\/div>\n<\/div>\n<div class=\"poslanec\">\n<div class=\"foto\"><img decoding=\"async\" src=\"http:\/\/skalickyobzor.sk\/cms\/wp-content\/uploads\/2021\/12\/matej_bellay.jpg\" \/><\/div>\n<div class=\"meno\">BELLAY Matej<\/div>\n<div class=\"percenta\">100%<\/div>\n<div class=\"odpoved\">NIE \/ NEVIEM<\/div>\n<\/div>\n<div class=\"poslanec\">\n<div class=\"foto\"><img decoding=\"async\" src=\"http:\/\/skalickyobzor.sk\/cms\/wp-content\/uploads\/2019\/01\/veronika_hanzalikova.jpg\" \/><\/div>\n<div class=\"meno\">BUC Veronika<\/div>\n<div class=\"percenta\">77%<\/div>\n<div class=\"odpoved\">&#8211;<\/div>\n<\/div>\n<div class=\"poslanec\">\n<div class=\"foto\"><img decoding=\"async\" src=\"http:\/\/skalickyobzor.sk\/cms\/wp-content\/uploads\/2019\/01\/lubica_buckova.jpg\" \/><\/div>\n<div class=\"meno\">BU\u010cKOV\u00c1 \u013dubica<\/div>\n<div class=\"percenta\">50%<\/div>\n<div class=\"odpoved\">&#8211;<\/div>\n<\/div>\n<div class=\"poslanec\">\n<div class=\"foto\"><img decoding=\"async\" src=\"http:\/\/skalickyobzor.sk\/cms\/wp-content\/uploads\/2019\/01\/adrian_hertl.jpg\" \/><\/div>\n<div class=\"meno\">HERTL Adri\u00e1n<\/div>\n<div class=\"percenta\">100%<\/div>\n<div class=\"odpoved\">NIE \/ \u00c1NO<\/div>\n<\/div>\n<div class=\"poslanec\">\n<div class=\"foto\"><img decoding=\"async\" src=\"http:\/\/skalickyobzor.sk\/cms\/wp-content\/uploads\/2019\/01\/miroslav_hornak.jpg\" \/><\/div>\n<div class=\"meno\">HOR\u0147\u00c1K Miroslav<\/div>\n<div class=\"percenta\">64%<\/div>\n<div class=\"odpoved\">&#8211;<\/div>\n<\/div>\n<div class=\"poslanec\">\n<div class=\"foto\"><img decoding=\"async\" src=\"http:\/\/skalickyobzor.sk\/cms\/wp-content\/uploads\/2019\/02\/vladislav_hornak.jpg\" \/><\/div>\n<div class=\"meno\">HOR\u0147\u00c1K Vladislav<\/div>\n<div class=\"percenta\">19%<\/div>\n<div class=\"odpoved\">&#8211;<\/div>\n<\/div>\n<div class=\"poslanec\">\n<div class=\"foto\"><img decoding=\"async\" src=\"http:\/\/skalickyobzor.sk\/cms\/wp-content\/uploads\/2019\/01\/katarina_chovancova.jpg\" \/><\/div>\n<div class=\"meno\">CHOVANCOV\u00c1 Katar\u00edna<\/div>\n<div class=\"percenta\">50%<\/div>\n<div class=\"odpoved\">&#8211;<\/div>\n<\/div>\n<div class=\"poslanec\">\n<div class=\"foto\"><img decoding=\"async\" src=\"http:\/\/skalickyobzor.sk\/cms\/wp-content\/uploads\/2017\/10\/martin_kojs.jpg\" \/><\/div>\n<div class=\"meno\">KOJ\u0160 Martin<\/div>\n<div class=\"percenta\">73%<\/div>\n<div class=\"odpoved\">NIE \/ \u00c1NO<\/div>\n<\/div>\n<div class=\"poslanec\">\n<div class=\"foto\"><img decoding=\"async\" src=\"http:\/\/skalickyobzor.sk\/cms\/wp-content\/uploads\/2017\/10\/fotka_poslanca.jpg\" \/><\/div>\n<div class=\"meno\">KO\u0160\u00cdK Peter<\/div>\n<div class=\"percenta\">18%<\/div>\n<div class=\"odpoved\">&#8211;<\/div>\n<\/div>\n<div class=\"poslanec\">\n<div class=\"foto\"><img decoding=\"async\" src=\"http:\/\/skalickyobzor.sk\/cms\/wp-content\/uploads\/2019\/01\/miroslav_lipovsky.jpg\" \/><\/div>\n<div class=\"meno\">LIPOVSK\u00dd Miroslav<\/div>\n<div class=\"percenta\">27%<\/div>\n<div class=\"odpoved\">&#8211;<\/div>\n<\/div>\n<div class=\"poslanec\">\n<div class=\"foto\"><img decoding=\"async\" src=\"http:\/\/skalickyobzor.sk\/cms\/wp-content\/uploads\/2017\/10\/anna_ozabalova.jpg\" \/><\/div>\n<div class=\"meno\">OZ\u00c1BALOV\u00c1 Anna<\/div>\n<div class=\"percenta\">100%<\/div>\n<div class=\"odpoved\">NEVIEM \/ NEVIEM<\/div>\n<\/div>\n<div class=\"poslanec\">\n<div class=\"foto\"><img decoding=\"async\" src=\"http:\/\/skalickyobzor.sk\/cms\/wp-content\/uploads\/2017\/12\/peter_pagac.jpg\" \/><\/div>\n<div class=\"meno\">PAG\u00c1\u010c Peter<\/div>\n<div class=\"percenta\">5%<\/div>\n<div class=\"odpoved\">&#8211;<\/div>\n<\/div>\n<div class=\"poslanec\">\n<div class=\"foto\"><img decoding=\"async\" src=\"http:\/\/skalickyobzor.sk\/cms\/wp-content\/uploads\/2019\/01\/zigmund_palffy.jpg\" \/><\/div>\n<div class=\"meno\">P\u00c1LFFY \u017digmund<\/div>\n<div class=\"percenta\">41%<\/div>\n<div class=\"odpoved\">NIE \/ NIE<\/div>\n<\/div>\n<div class=\"poslanec\">\n<div class=\"foto\"><img decoding=\"async\" src=\"http:\/\/skalickyobzor.sk\/cms\/wp-content\/uploads\/2019\/01\/erik_rangl.jpg\" \/><\/div>\n<div class=\"meno\">RANGL Erik<\/div>\n<div class=\"percenta\">23%<\/div>\n<div class=\"odpoved\">&#8211;<\/div>\n<\/div>\n<div class=\"poslanec\">\n<div class=\"foto\"><img decoding=\"async\" src=\"http:\/\/skalickyobzor.sk\/cms\/wp-content\/uploads\/2017\/10\/jana_rekosova.jpg\" \/><\/div>\n<div class=\"meno\">REKO\u0160OV\u00c1 Jana<\/div>\n<div class=\"percenta\">82%<\/div>\n<div class=\"odpoved\">&#8211;<\/div>\n<\/div>\n<div class=\"poslanec\">\n<div class=\"foto\"><img decoding=\"async\" src=\"http:\/\/skalickyobzor.sk\/cms\/wp-content\/uploads\/2017\/10\/fotka_poslanca.jpg\" \/><\/div>\n<div class=\"meno\">ROMAN Milan<\/div>\n<div class=\"percenta\">9%<\/div>\n<div class=\"odpoved\">&#8211;<\/div>\n<\/div>\n<div class=\"poslanec\">\n<div class=\"foto\"><img decoding=\"async\" src=\"http:\/\/skalickyobzor.sk\/cms\/wp-content\/uploads\/2019\/01\/jozef_skala.jpg\" \/><\/div>\n<div class=\"meno\">SK\u00c1LA Jozef<\/div>\n<div class=\"percenta\">64%<\/div>\n<div class=\"odpoved\">&#8211;<\/div>\n<\/div>\n<div class=\"poslanec\">\n<div class=\"foto\"><img decoding=\"async\" src=\"http:\/\/skalickyobzor.sk\/cms\/wp-content\/uploads\/2017\/10\/fotka_poslanca.jpg\" \/><\/div>\n<div class=\"meno\">\u0160ANTAV\u00dd Rudolf<\/div>\n<div class=\"percenta\">0%<\/div>\n<div class=\"odpoved\">&#8211;<\/div>\n<\/div>\n<\/div>\n<p><img loading=\"lazy\" decoding=\"async\" class=\"aligncenter size-full wp-image-5368\" src=\"http:\/\/skalickyobzor.sk\/cms\/wp-content\/uploads\/2022\/07\/otazky-na-poslancov.jpg\" alt=\"\" width=\"893\" height=\"293\" srcset=\"http:\/\/skalickyobzor.sk\/cms\/wp-content\/uploads\/2022\/07\/otazky-na-poslancov.jpg 893w, http:\/\/skalickyobzor.sk\/cms\/wp-content\/uploads\/2022\/07\/otazky-na-poslancov-300x98.jpg 300w, http:\/\/skalickyobzor.sk\/cms\/wp-content\/uploads\/2022\/07\/otazky-na-poslancov-768x252.jpg 768w\" sizes=\"auto, (max-width: 893px) 100vw, 893px\" \/><\/p>\n","protected":false},"excerpt":{"rendered":"<div class=\"mh-excerpt\"><p>Bl\u00ed\u017eia sa tohtoro\u010dn\u00e9 komun\u00e1lne vo\u013eby a\u00a0s\u00a0nimi n\u00e1s, ob\u010danov, zauj\u00edmaj\u00fa kandid\u00e1ti na miesto prim\u00e1tora a\u00a0poslancov. V\u00a0minulom \u010d\u00edsle sme polo\u017eili k\u00a0tejto t\u00e9me tri najz\u00e1sadnej\u0161ie ot\u00e1zky t\u00fdm, ktor\u00ed dnes v\u00a0na\u0161om mene ved\u00fa na\u0161e mesto. Term\u00edn uz\u00e1vierky kandid\u00e1tok do <a class=\"mh-excerpt-more\" href=\"http:\/\/skalickyobzor.sk\/cms\/vazena-pani-primatorka-vazene-poslankyne-a-vazeni-poslanci-2\/\" title=\"V\u00e1\u017een\u00e1 pani prim\u00e1torka, v\u00e1\u017een\u00e9 poslankyne a v\u00e1\u017een\u00ed poslanci!\">[&#8230;]<\/a><\/p>\n<\/div>","protected":false},"author":1,"featured_media":239,"comment_status":"closed","ping_status":"closed","sticky":false,"template":"","format":"standard","meta":{"footnotes":""},"categories":[9],"tags":[],"class_list":{"0":"post-5367","1":"post","2":"type-post","3":"status-publish","4":"format-standard","5":"has-post-thumbnail","7":"category-vazeni-poslanci"},"_links":{"self":[{"href":"http:\/\/skalickyobzor.sk\/cms\/wp-json\/wp\/v2\/posts\/5367","targetHints":{"allow":["GET"]}}],"collection":[{"href":"http:\/\/skalickyobzor.sk\/cms\/wp-json\/wp\/v2\/posts"}],"about":[{"href":"http:\/\/skalickyobzor.sk\/cms\/wp-json\/wp\/v2\/types\/post"}],"author":[{"embeddable":true,"href":"http:\/\/skalickyobzor.sk\/cms\/wp-json\/wp\/v2\/users\/1"}],"replies":[{"embeddable":true,"href":"http:\/\/skalickyobzor.sk\/cms\/wp-json\/wp\/v2\/comments?post=5367"}],"version-history":[{"count":2,"href":"http:\/\/skalickyobzor.sk\/cms\/wp-json\/wp\/v2\/posts\/5367\/revisions"}],"predecessor-version":[{"id":5370,"href":"http:\/\/skalickyobzor.sk\/cms\/wp-json\/wp\/v2\/posts\/5367\/revisions\/5370"}],"wp:featuredmedia":[{"embeddable":true,"href":"http:\/\/skalickyobzor.sk\/cms\/wp-json\/wp\/v2\/media\/239"}],"wp:attachment":[{"href":"http:\/\/skalickyobzor.sk\/cms\/wp-json\/wp\/v2\/media?parent=5367"}],"wp:term":[{"taxonomy":"category","embeddable":true,"href":"http:\/\/skalickyobzor.sk\/cms\/wp-json\/wp\/v2\/categories?post=5367"},{"taxonomy":"post_tag","embeddable":true,"href":"http:\/\/skalickyobzor.sk\/cms\/wp-json\/wp\/v2\/tags?post=5367"}],"curies":[{"name":"wp","href":"https:\/\/api.w.org\/{rel}","templated":true}]}}