{"id":5376,"date":"2022-06-04T00:13:41","date_gmt":"2022-06-03T22:13:41","guid":{"rendered":"http:\/\/skalickyobzor.sk\/cms\/?p=5376"},"modified":"2025-01-31T00:07:19","modified_gmt":"2025-01-30T23:07:19","slug":"odkaz-devina-stale-znie-iii-cast","status":"publish","type":"post","link":"http:\/\/skalickyobzor.sk\/cms\/odkaz-devina-stale-znie-iii-cast\/","title":{"rendered":"Odkaz dev\u00edna st\u00e1le znie III. \u010das\u0165"},"content":{"rendered":"<p><em><strong>V\u00a0\u010fal\u0161ej \u010dasti \u0161tvordielneho cyklu liter\u00e1rnej histori\u010dky prof. Evy Fordin\u00e1lovej pokra\u010duje rozpr\u00e1vanie o\u00a0tom ako d\u00f4le\u017eit\u00e9 je pochopenie a\u00a0videnie s\u00favislosti udalost\u00ed a\u00a0liter\u00e1rnych diel v\u00a0na\u0161ich slovensk\u00fdch dejin\u00e1ch.<\/strong><\/em><\/p>\n<p>Pr\u00e1ve toto poznanie n\u00e1m d\u00e1va z\u00e1klad pre pochopenie seba sam\u00fdch a\u00a0ako sa ukazuje, je to pevn\u00fd bod, o\u00a0ktor\u00fd sa potrebujeme oprie\u0165 aj v\u00a0dne\u0161n\u00fdch \u010dasoch. Bez prec\u00edtenia a\u00a0pochopenia sily Holl\u00e9ho eposu <em>Svatopluk<\/em> a\u00a0z\u00a0neho vych\u00e1dzaj\u00faceho Chalupkovho <em>Mor ho!<\/em>, o\u00a0ktor\u00fdch hovorila pani profesorka v\u00a0predch\u00e1dzaj\u00facich \u010d\u00edslach Obzoru, sa len \u0165a\u017eko zorientujeme v\u00a0dne\u0161n\u00fdch \u010dasoch, rozdelen\u00ed svojimi postojmi do nieko\u013ek\u00fdch t\u00e1borov. Ich pochopen\u00edm hlb\u0161ie porozumieme i\u00a0dev\u00ednskej udalosti, ktorou v\u00a0tejto \u010dasti pokra\u010dujeme.<\/p>\n<h4>O\u017dIVOVANIE VLASTNEJ SL\u00c1VY<\/h4>\n<figure id=\"attachment_5378\" aria-describedby=\"caption-attachment-5378\" style=\"width: 496px\" class=\"wp-caption aligncenter\"><img loading=\"lazy\" decoding=\"async\" class=\"size-full wp-image-5378\" src=\"http:\/\/skalickyobzor.sk\/cms\/wp-content\/uploads\/2022\/07\/Pamatna-doska-na-Devine-pripomina-slavnu-navstevu.jpg\" alt=\"\" width=\"496\" height=\"344\" srcset=\"http:\/\/skalickyobzor.sk\/cms\/wp-content\/uploads\/2022\/07\/Pamatna-doska-na-Devine-pripomina-slavnu-navstevu.jpg 496w, http:\/\/skalickyobzor.sk\/cms\/wp-content\/uploads\/2022\/07\/Pamatna-doska-na-Devine-pripomina-slavnu-navstevu-300x208.jpg 300w\" sizes=\"auto, (max-width: 496px) 100vw, 496px\" \/><figcaption id=\"caption-attachment-5378\" class=\"wp-caption-text\">Pam\u00e4tn\u00e1 doska na Dev\u00edne pripom\u00edna sl\u00e1vnu n\u00e1v\u0161tevu<\/figcaption><\/figure>\n<p>Pam\u00e4tn\u00e1 vych\u00e1dzka \u0161t\u00farovcov na Dev\u00edn 24. apr\u00edla 1836 bola s\u00fa\u010das\u0165ou vlasteneck\u00e9ho nad\u0161enia, ktor\u00e9 si \u017eiadalo verejn\u00fd prejav. U\u017e v\u00fdber Dev\u00edna, ako s\u00eddla, kde v\u00a0historick\u00fdch \u010dasoch Ve\u013ekej Moravy zasadal slovensk\u00fd snem, je sp\u00e4t\u00fd s\u00a0Holl\u00e9ho <em>Svatoplukom<\/em>. Pre t\u00fato pr\u00edle\u017eitos\u0165 \u0160t\u00far zlo\u017eil dve b\u00e1sne s\u00a0n\u00e1pevom na\u0161ej najtajomnej\u0161ej historickej piesne <em>Nitra<\/em>, <em>mil\u00e1 Nitra<\/em>. Obe b\u00e1sne harmonicky s\u00faznej\u00fa s\u00a0Holl\u00e9ho eposom <em>Svatopluk<\/em>. Ide o\u00a0mot\u00edv sl\u00e1vnych slovensk\u00fdch snemov pod Slavim\u00edrov\u00fdm veden\u00edm, ktor\u00fd nach\u00e1dzame v\u00a05. a\u00a09. speve Holl\u00e9ho eposu. S\u00fa to <em>Pom\u011bnky z\u00a0D\u011bv\u00edna<\/em> a\u00a0<em>D\u011bv\u00edn<\/em>, <em>mil\u00fd D\u011bv\u00edn<\/em>.<\/p>\n<p>(\u00daryvok):<\/p>\n<blockquote><p>D\u011bv\u00edn, mil\u00fd D\u011bv\u00edn, hrade osi\u0159al\u00fd,<br \/>\npov\u011bz \u017ee n\u00e1m, kedy tvoje hradby st\u00e1ly?<br \/>\nMoje hrady st\u00e1ly v\u00a0\u010dasech Rastislava:<br \/>\non byl va\u0161ich otc\u016f, on m\u00fdch hradeb sl\u00e1va.<\/p>\n<p>D\u011bv\u00edn, mil\u00fd D\u011bv\u00edn, hrade osi\u0159al\u00fd,<br \/>\nkdy\u017ee tu otcov\u00e9 na\u0161i sn\u011bmy mali?<br \/>\nVa\u0161i otcov\u00e9 tu sn\u011bmy dr\u017e\u00edvali,<br \/>\nkdy\u017e si Slavim\u00edra za ochr\u00e1nce vzali!<\/p><\/blockquote>\n<h4>\u010cO NA N\u00c1S POVEDIA VNUCI?<\/h4>\n<p>Hurban v\u00a0<em>\u017divotopise \u013dudov\u00edta \u0160t\u00fara<\/em> p\u00ed\u0161e, \u017ee na dev\u00ednskom zhroma\u017eden\u00ed zaznievala aj \u0160t\u00farova b\u00e1se\u0148 <em>Sml\u016fva Slov\u00e1k\u016f<\/em>, ktor\u00e1 si taktie\u017e zasl\u00fa\u017ei pozornos\u0165.<\/p>\n<p>(V\u00fdber z\u00a0dev\u00e4\u0165strofovej b\u00e1sne):<\/p>\n<blockquote><p>Aj, jak Tatra se ot\u0159\u00e1s\u00e1 ode polnic jeku,<br \/>\nzvuk jich v\u00a0boje j\u00edti hl\u00e1s\u00e1 ka\u017ed\u00e9mu Slov\u00e1ku:<br \/>\nV\u00a0boj, v\u00a0boj, Slov\u00e1ci, voln\u00fdch otc\u016f potomci,<br \/>\np\u00e1\u0161te me\u010de k\u00a0boku mu\u017en\u011b do \u00fatoku.<br \/>\nVzh\u016fru, vzh\u016fru ty z\u00e1stavy rodu slovensk\u00e9ho,<br \/>\nkdokoli jsi Slov\u00e1k prav\u00fd, chop se me\u010de sv\u00e9ho.<br \/>\nT\u0159ebas i\u00a0zem\u0159eme, co svobodn\u00ed zem\u0159eme,<br \/>\nvlas\u0165 v\u0161ak ochr\u00e1n\u00edme, z\u00a0jarma vyprost\u00edme.<br \/>\nA\u010d padneme, v\u0161ak padneme hodn\u00ed sv\u00e9ho rodu,<br \/>\nvnuk\u016fm na\u0161im nabudneme volnost a\u00a0svobodu.<br \/>\nT\u00ed budou plakati, nade hroby \u017eehnati<br \/>\notc\u016fm v\u00a0voln\u00e9 vlasti, vzh\u016fru, brat\u0159\u00ed, v\u00a0slasti!<\/p><\/blockquote>\n<p>Aj t\u00e1to <em>Pr\u00edsaha<\/em> sved\u010d\u00ed o tom, ako presved\u010divo a mocne na \u0161t\u00farovcov zap\u00f4sobila emocion\u00e1lna v\u00fdzva zo Svatopluka: \u201eCo\u017e na to utla\u010den\u00ed pove\u010f\u00e1 n\u00e1m \u0148ekdi potomci?\u201c Teda, nielen poh\u013ead do minulosti a vyzdvihnutie jej sl\u00e1vy, ale aj zodpovednos\u0165 za bud\u00facnos\u0165 rodu. V ka\u017edom \u010dase.<\/p>\n<p><em>Eva Fordin\u00e1lov\u00e1<\/em><\/p>\n<figure id=\"attachment_5381\" aria-describedby=\"caption-attachment-5381\" style=\"width: 886px\" class=\"wp-caption aligncenter\"><img loading=\"lazy\" decoding=\"async\" class=\"size-full wp-image-5381\" src=\"http:\/\/skalickyobzor.sk\/cms\/wp-content\/uploads\/2022\/07\/Sturovci-u-Jana-Holleho..jpg\" alt=\"\" width=\"886\" height=\"499\" srcset=\"http:\/\/skalickyobzor.sk\/cms\/wp-content\/uploads\/2022\/07\/Sturovci-u-Jana-Holleho..jpg 886w, http:\/\/skalickyobzor.sk\/cms\/wp-content\/uploads\/2022\/07\/Sturovci-u-Jana-Holleho.-300x169.jpg 300w, http:\/\/skalickyobzor.sk\/cms\/wp-content\/uploads\/2022\/07\/Sturovci-u-Jana-Holleho.-768x433.jpg 768w, http:\/\/skalickyobzor.sk\/cms\/wp-content\/uploads\/2022\/07\/Sturovci-u-Jana-Holleho.-678x381.jpg 678w\" sizes=\"auto, (max-width: 886px) 100vw, 886px\" \/><figcaption id=\"caption-attachment-5381\" class=\"wp-caption-text\">\u0160t\u00farovci u\u00a0J\u00e1na Holl\u00e9ho<br \/>Zdroj: internet<\/figcaption><\/figure>\n","protected":false},"excerpt":{"rendered":"<div class=\"mh-excerpt\"><p>V\u00a0\u010fal\u0161ej \u010dasti \u0161tvordielneho cyklu liter\u00e1rnej histori\u010dky prof. Evy Fordin\u00e1lovej pokra\u010duje rozpr\u00e1vanie o\u00a0tom ako d\u00f4le\u017eit\u00e9 je pochopenie a\u00a0videnie s\u00favislosti udalost\u00ed a\u00a0liter\u00e1rnych diel v\u00a0na\u0161ich slovensk\u00fdch dejin\u00e1ch. Pr\u00e1ve toto poznanie n\u00e1m d\u00e1va z\u00e1klad pre pochopenie seba sam\u00fdch a\u00a0ako <a class=\"mh-excerpt-more\" href=\"http:\/\/skalickyobzor.sk\/cms\/odkaz-devina-stale-znie-iii-cast\/\" title=\"Odkaz dev\u00edna st\u00e1le znie III. \u010das\u0165\">[&#8230;]<\/a><\/p>\n<\/div>","protected":false},"author":10,"featured_media":5377,"comment_status":"closed","ping_status":"closed","sticky":false,"template":"","format":"standard","meta":{"footnotes":""},"categories":[5],"tags":[],"class_list":{"0":"post-5376","1":"post","2":"type-post","3":"status-publish","4":"format-standard","5":"has-post-thumbnail","7":"category-toto-sa-nas-tyka"},"_links":{"self":[{"href":"http:\/\/skalickyobzor.sk\/cms\/wp-json\/wp\/v2\/posts\/5376","targetHints":{"allow":["GET"]}}],"collection":[{"href":"http:\/\/skalickyobzor.sk\/cms\/wp-json\/wp\/v2\/posts"}],"about":[{"href":"http:\/\/skalickyobzor.sk\/cms\/wp-json\/wp\/v2\/types\/post"}],"author":[{"embeddable":true,"href":"http:\/\/skalickyobzor.sk\/cms\/wp-json\/wp\/v2\/users\/10"}],"replies":[{"embeddable":true,"href":"http:\/\/skalickyobzor.sk\/cms\/wp-json\/wp\/v2\/comments?post=5376"}],"version-history":[{"count":5,"href":"http:\/\/skalickyobzor.sk\/cms\/wp-json\/wp\/v2\/posts\/5376\/revisions"}],"predecessor-version":[{"id":5384,"href":"http:\/\/skalickyobzor.sk\/cms\/wp-json\/wp\/v2\/posts\/5376\/revisions\/5384"}],"wp:featuredmedia":[{"embeddable":true,"href":"http:\/\/skalickyobzor.sk\/cms\/wp-json\/wp\/v2\/media\/5377"}],"wp:attachment":[{"href":"http:\/\/skalickyobzor.sk\/cms\/wp-json\/wp\/v2\/media?parent=5376"}],"wp:term":[{"taxonomy":"category","embeddable":true,"href":"http:\/\/skalickyobzor.sk\/cms\/wp-json\/wp\/v2\/categories?post=5376"},{"taxonomy":"post_tag","embeddable":true,"href":"http:\/\/skalickyobzor.sk\/cms\/wp-json\/wp\/v2\/tags?post=5376"}],"curies":[{"name":"wp","href":"https:\/\/api.w.org\/{rel}","templated":true}]}}