{"id":5387,"date":"2022-06-04T00:11:04","date_gmt":"2022-06-03T22:11:04","guid":{"rendered":"http:\/\/skalickyobzor.sk\/cms\/?p=5387"},"modified":"2025-01-31T00:07:10","modified_gmt":"2025-01-30T23:07:10","slug":"junijalese","status":"publish","type":"post","link":"http:\/\/skalickyobzor.sk\/cms\/junijalese\/","title":{"rendered":"Junij\u00e1lese&#8230;"},"content":{"rendered":"<p>Pjekn\u00ed let\u0148\u00ed de\u0148, slunko, teplo, to u\u0161 aj na\u0161i predci vje\u010feli viu\u017eit na stretnu\u0165\u00e1 z\u00a0ro\u010finama, kamar\u00e1dama, zn\u00e1m\u00edma, na zahra\u010fe, v\u00a0b\u00fa\u010fe pri vinohra\u010fe, v\u00a0hor\u00e1ch alebo pri vo\u010fe. Na\u0161li si chv\u00edlu na odpo\u010dinek od roboti, pospom\u00ednali pr\u00edhodi ze \u017eivota, aj ket nebil lachk\u00ed, a\u00a0vje\u010feli sa aj zabavit.<\/p>\n<p>Moji rodi\u010d\u00e9 spom\u00ednali a aj j\u00e1 si dokonca z \u010fectva pamatuju, \u017ee b\u00edvali v\u00edleti do skalick\u00edch hor alebo Pl\u00e1\u0148avi a na konec H\u00e1ja-Kope\u010d\u0148ice, bl\u00edsko osadi Sala\u0161. Doned\u00e1vna tam rostli mohutn\u00e9, majest\u00e1t\u0148\u00ed dubiska, bila tam mal\u00e1 pjekn\u00e1 l\u00faka a tam to bilo. Dneskaj tam dubi nest\u00f3j\u00e1, u\u0161 dozr\u00e1li, moseli ich zrezat alebo nemoseli, a enom tak ich povalili. Mo\u017en\u00e1, \u017ee star\u00ed Skali\u010da\u0148i tam cho\u010fili aj proto, \u017ee tam kedisi v d\u00e1vnovjeku bilo pravjek\u00e9 os\u00eddle\u0148\u00ed a tak k temu m\u00edstu mjeli \u00factu. Cesti tam vlast\u0148e bili v\u00edcer\u00e9, ale vje\u010d\u0161in\u00fa sa cho\u010filo zelen\u00fa cest\u00fa pres Predmjes\u0165\u00ed, mezi hor\u0148\u00edma a dol\u0148\u00edma Novos\u00e1dama alebo Stra\u010dinsk\u00edm \u00fadol\u00edm Zel\u0148icama. Na vozoch dov\u00e9zli pivo, v\u00edno, in\u0161\u00ed pi\u0165\u00ed, muzikantom in\u0161trumenti a enom sa modlili, abi im vi\u0161lo po\u010das\u00ed. Neker\u00ed lud\u00e9 do\u0161li pje\u0161ki alebo aj na kol\u00e1ch. M\u00faj ta\u0165inek spom\u00edn\u00e1l, \u017ee tam hr\u00e1val jak chlapec z dechofk\u00fa a potom nesk\u00far s kapel\u00fa Happy boyss. Lud\u00e9 sa bavili, po\u010d\u00favali, neker\u00ed ftr\u00e1vje aj tancovali. Cho\u010f\u00edvali tam aj Mokroh\u00e1jan\u00e9. Ti to mjeli bl\u00edsko pres jejich vinohradi. Star\u00ed vimreli a t\u00e1to trad\u00edcija zakapala. \u0160koda.<\/p>\n<p>Nesk\u00far sme obnovili trad\u00edcije junij\u00e1les\u00fa mi, skalick\u00ed j\u00e1gri. V\u00a0mjes\u00edci m\u00e1j, j\u00fan sa str\u00edl\u00e1 srnec a\u00a0tak sa podarilo navarit dobr\u00ed srn\u010d\u00ed gul\u00e1\u0161, ker\u00ed lu\u010f\u00ed pril\u00e1kal. Ve Zlat\u0148\u00edckej doli\u0148e, za potokem sme na l\u00face postavili stan pro \u201ekuchi\u0148u\u201c, dov\u00e9zli p\u00e1r stol\u00fa, lafki, zr\u00ed\u010fili sme bufet, zehnali muzikant\u00fa, ker\u00ed vje\u010feli zahr\u00e1t aj bez eletriki a\u00a0od r\u00e1na do neskor\u00e9ho ve\u010dera bilo veselo. Dospjel\u00ed, ml\u00e1de\u0161 a\u00a0aj \u010fecka. Na druh\u00ed de\u0148 sa poukl\u00fazalo a\u00a0zostali spom\u00ednki.<\/p>\n<p>Aj j\u00e1 m\u00e1m p\u00e1r pjekn\u00edch spom\u00ednek na tito z\u00e1bavi. Prv\u0148\u00ed mos\u00edm spomen\u00fat na tich najstar\u0161\u00edch, ker\u00ed to roki organizovali a\u00a0n\u00e1m mla\u010d\u0161\u00edm pripom\u00ednali. R\u00edkali sme im str\u00edci \u2013 Turic, Tom\u00edk, Kuruc, Po\u017eivenec, B\u00edl\u00edk, Feren\u010d\u00e1k, Dinka, Horv\u00e1th, Hy\u017ea. No, bilo ich vjec, ale f\u0161eck\u00edch a\u0148i nepamatuju. Nech mi odpus\u0165\u00e1.<\/p>\n<p>Jedenkr\u00e1t f p\u00e1tek nave\u010d\u00e9r pred junij\u00e1lesem do\u0161el k\u00a0n\u00e1m Pala a\u00a0rekel, \u017ee je m\u00e1lo masa do gul\u00e1\u0161u a\u00a0mos\u00edme \u00edt strelit srnca. Ve\u010fel o\u00a0pjekn\u00e9m na Starej Kostel\u0148ici a\u00a0tak sme r\u00e1no f\u00a0sobotu o\u00a0\u0161tiroch ho\u010fin\u00e1ch i\u0161li tam. Mja, jak dobr\u00e9ho \u0161\u00edsera, poslal po jednej stra\u0148e j\u00e1rka, f ker\u00e9m rostli velik\u00e9 kr\u00ed\u010dki. On, \u017ee srnca kame\u0148em vi\u017eene, a\u00a0j\u00e1 ho m\u00e1m trefit. Tak sme sa roze\u0161li a\u00a0po malej chv\u00edli skute\u010d\u0148e srnec vibjehel na l\u00faku, utekal g hor\u00e1m. J\u00e1 sem vistrelil, srnec spadel a\u00a0mi sme pokoj\u0148e faj\u010dili cigareti na \u00faspjech. Ftem sa srnec postavil u\u00a0utekal do kr\u00ed\u010dk\u00fa sp\u00e1tki, j\u00e1 sem fri\u0161ko vistrelil, ale srnec to ne\u010d\u00fal. Pala obe\u0161el kr\u00ed\u010dki a\u00a0zakri\u010dal, \u017ee srnca vi\u010f\u00ed. Vistrelil on, chv\u00edlu bilo \u0165icho a\u00a0potom \u0161ramot. Po des\u00ed\u0165i minut\u00e1ch vil\u00e9zel Palinek, dodr\u00e1pan\u00ed, ga\u0165e rozkm\u00e1san\u00e9, ruki aj nohi krvav\u00e9 a\u00a0t\u00e1hel mrtv\u00e9ho srnca. On mjel enom jeden patr\u00f3n, srnca omr\u00e1\u010d\u00edl, nemjel n\u00fa\u017e a\u00a0tak teho srnca zahrd\u00fasil. Ten sa br\u00e1\u0148il a\u00a0\u0148eho zrichtoval tak, \u017ee vip\u00e1dal jak voj\u00e1k po v\u00edbuchu gran\u00e1ta. Nakonec srnec skon\u010dil v\u00a0gul\u00e1\u0161i a\u00a0masa bilo dos\u0165.<\/p>\n<p>Ket bilo \u0161patn\u00e9 po\u010das\u00ed, tak sme junij\u00e1les pripravili v\u00a0Orlov\u0148i. \u010eecka sa \u0165e\u0161ili, \u017ee neco vihr\u00e1li f tomboli, mi sme do spole\u010d\u0148\u00ed kase zarobili nejak\u00fa korunu a\u00a0f\u0161ec\u00ed sme si to pochvalovali. Nakonec lud\u00e9 nenad\u00e1vali, \u017ee skalick\u00ed j\u00e1gri cho\u010f\u00e1 enom po vinohradoch, pol\u00e1ch a\u00a0hor\u00e1ch str\u00edlat a\u00a0\u017ee neco u\u010felaj\u00fa aj pro lu\u010f\u00ed. Pomje\u0148ili sa j\u00e1gersk\u00e9 spole\u010dnos\u0165i a\u00a0pomje\u0148ili sa aj zviki. Mjes\u00edc j\u00fan zost\u00e1l, ale junij\u00e1lese nejs\u00fa. Mo\u017en\u00e1, \u017ee to nekomu napadne a\u00a0bud\u00fa zas.<\/p>\n<p><em>Anton Dinka st.<\/em><\/p>\n","protected":false},"excerpt":{"rendered":"<div class=\"mh-excerpt\"><p>Pjekn\u00ed let\u0148\u00ed de\u0148, slunko, teplo, to u\u0161 aj na\u0161i predci vje\u010feli viu\u017eit na stretnu\u0165\u00e1 z\u00a0ro\u010finama, kamar\u00e1dama, zn\u00e1m\u00edma, na zahra\u010fe, v\u00a0b\u00fa\u010fe pri vinohra\u010fe, v\u00a0hor\u00e1ch alebo pri vo\u010fe. Na\u0161li si chv\u00edlu na odpo\u010dinek od roboti, pospom\u00ednali pr\u00edhodi <a class=\"mh-excerpt-more\" href=\"http:\/\/skalickyobzor.sk\/cms\/junijalese\/\" title=\"Junij\u00e1lese&#8230;\">[&#8230;]<\/a><\/p>\n<\/div>","protected":false},"author":12,"featured_media":17,"comment_status":"closed","ping_status":"closed","sticky":false,"template":"","format":"standard","meta":{"footnotes":""},"categories":[4],"tags":[],"class_list":{"0":"post-5387","1":"post","2":"type-post","3":"status-publish","4":"format-standard","5":"has-post-thumbnail","7":"category-ja-su-ze-skalice"},"_links":{"self":[{"href":"http:\/\/skalickyobzor.sk\/cms\/wp-json\/wp\/v2\/posts\/5387","targetHints":{"allow":["GET"]}}],"collection":[{"href":"http:\/\/skalickyobzor.sk\/cms\/wp-json\/wp\/v2\/posts"}],"about":[{"href":"http:\/\/skalickyobzor.sk\/cms\/wp-json\/wp\/v2\/types\/post"}],"author":[{"embeddable":true,"href":"http:\/\/skalickyobzor.sk\/cms\/wp-json\/wp\/v2\/users\/12"}],"replies":[{"embeddable":true,"href":"http:\/\/skalickyobzor.sk\/cms\/wp-json\/wp\/v2\/comments?post=5387"}],"version-history":[{"count":2,"href":"http:\/\/skalickyobzor.sk\/cms\/wp-json\/wp\/v2\/posts\/5387\/revisions"}],"predecessor-version":[{"id":5389,"href":"http:\/\/skalickyobzor.sk\/cms\/wp-json\/wp\/v2\/posts\/5387\/revisions\/5389"}],"wp:featuredmedia":[{"embeddable":true,"href":"http:\/\/skalickyobzor.sk\/cms\/wp-json\/wp\/v2\/media\/17"}],"wp:attachment":[{"href":"http:\/\/skalickyobzor.sk\/cms\/wp-json\/wp\/v2\/media?parent=5387"}],"wp:term":[{"taxonomy":"category","embeddable":true,"href":"http:\/\/skalickyobzor.sk\/cms\/wp-json\/wp\/v2\/categories?post=5387"},{"taxonomy":"post_tag","embeddable":true,"href":"http:\/\/skalickyobzor.sk\/cms\/wp-json\/wp\/v2\/tags?post=5387"}],"curies":[{"name":"wp","href":"https:\/\/api.w.org\/{rel}","templated":true}]}}