{"id":5392,"date":"2022-06-04T00:14:35","date_gmt":"2022-06-03T22:14:35","guid":{"rendered":"http:\/\/skalickyobzor.sk\/cms\/?p=5392"},"modified":"2025-01-31T00:07:23","modified_gmt":"2025-01-30T23:07:23","slug":"chodim-si-chodim-po-svete-a-sledujem-cestu","status":"publish","type":"post","link":"http:\/\/skalickyobzor.sk\/cms\/chodim-si-chodim-po-svete-a-sledujem-cestu\/","title":{"rendered":"Chod\u00edm si, chod\u00edm po svete a sledujem cestu"},"content":{"rendered":"<p>Pozn\u00e1te to, tie dni, kedy m\u00e1te pocit, \u017ee sa to na v\u00e1s val\u00ed jedno cez druh\u00e9 zo v\u0161etk\u00fdch str\u00e1n? Niekedy je to len jedna \u010di dve, av\u0161ak z\u00e1va\u017en\u00e9, udalosti, inokedy s\u00edce ni\u010d \u017eivotu nebezpe\u010dn\u00e9ho ale zasa je toho to\u013eko, \u017ee to cez v\u00e1s preval\u00ed ako vlna tsunami. Tak \u010di onak, ke\u010f tak\u00e9 obdobie trv\u00e1 dlho, str\u00e1cate nad situ\u00e1ciou kontrolu a\u00a0za\u010dnete ma\u0165 pocit, \u017ee sa v\u00e1m v\u0161etko r\u00faca pod rukami. Pochyt\u00ed v\u00e1s panika a\u00a0za\u010dnete zachra\u0148ova\u0165. Zachra\u0148ujete \u010do sa d\u00e1, no niekedy to vedie e\u0161te k\u00a0hor\u0161iemu a\u00a0m\u00e1te pocit, \u017ee keby ste nerobili ni\u010d, v\u00fdsledok by bol rovnak\u00fd, ba dokonca mo\u017eno lep\u0161\u00ed&#8230;<\/p>\n<p>Zvl\u00e1\u0161tne je, \u017ee azda ka\u017ed\u00fd m\u00e1me t\u00fato sk\u00fasenos\u0165, no \u010dasto to navz\u00e1jom na sebe nepozn\u00e1me alebo mo\u017eno ignorujeme. Mo\u017eno i\u00a0zac\u00edtime, \u017ee ten druh\u00fd je dajak\u00fd podr\u00e1\u017eden\u00fd a\u00a0pokia\u013e sme v\u00a0podobnom procese, reagujeme podr\u00e1\u017edene vz\u00e1jomne a\u00a0probl\u00e9m je na svete. \u010casto vid\u00edm, \u017ee v\u00a0tomto stave m\u00e1me snahu d\u00e1va\u0165 vinu okoliu, h\u013ead\u00e1me kto za to m\u00f4\u017ee, pre\u010do n\u00e1m krivd\u00ed \u010di ubli\u017euje a\u00a0\u017ee je tak\u00fd \u010di onak\u00fd a\u00a0\u010do by mal robi\u0165 inak&#8230; a\u00a0v\u00a0em\u00f3ci\u00e1ch, ktor\u00e9 n\u00e1s zaplavia, neraz prehliadame, \u017ee si vlastne ubli\u017eujeme sami. \u010c\u00edm? \u010casto t\u00fdm, \u017ee len jednoducho nepo\u010d\u00favame sami seba, na\u0161e vn\u00fatro, \u010di u\u017e z\u00a0lenivosti, \u010di len z\u00a0oby\u010dajn\u00e9ho strachu nie\u010do zmeni\u0165, aby sme o\u00a0nie\u010do nepri\u0161li, alebo len nechceme nie\u010do opusti\u0165 \u010di strati\u0165. A\u00a0nakoniec tak str\u00e1came to najd\u00f4le\u017eitej\u0161ie, sami seba.<\/p>\n<p>A\u00a0pritom sta\u010d\u00ed tak \u201em\u00e1lo\u201c \u2013 na\u010d\u00fava\u0165 sebe, pozna\u0165 svoje hranice a\u00a0s\u00a0pokojom si ich udr\u017ea\u0165. Hranice, chr\u00e1niace n\u00e1s\u00a0nie len vo\u010di okoliu, no hlavne vo\u010di sebe sam\u00e9mu. Je treba postavi\u0165 sa do svojho stredu, do svojej vn\u00fatornej sily, vzoprie\u0165 sa vlastn\u00e9mu strachu alebo lenivosti, opusti\u0165 \u010do pusti\u0165 treba a\u00a0nelipn\u00fa\u0165 na svojich predstav\u00e1ch hmotn\u00fdch \u010di nehmotn\u00fdch. Nakoniec mo\u017eno zist\u00edme, \u017ee pr\u00e1ve t\u00fdmto sa ne\u010dakane pribl\u00ed\u017eime k\u00a0svojmu d\u00e1vno vyt\u00fa\u017een\u00e9mu cie\u013eu, len \u00faplne inou cestou, ne\u017e ak\u00fa sme si predstavovali.<\/p>\n<p><em>S\u00a0\u00factou<\/em><\/p>\n<p><em>po\u010d\u00favaj\u00faca<\/em><br \/>\n<em>\u017delm\u00edra Mach\u00e1\u010dkov\u00e1<\/em><\/p>\n","protected":false},"excerpt":{"rendered":"<div class=\"mh-excerpt\"><p>Pozn\u00e1te to, tie dni, kedy m\u00e1te pocit, \u017ee sa to na v\u00e1s val\u00ed jedno cez druh\u00e9 zo v\u0161etk\u00fdch str\u00e1n? Niekedy je to len jedna \u010di dve, av\u0161ak z\u00e1va\u017en\u00e9, udalosti, inokedy s\u00edce ni\u010d \u017eivotu nebezpe\u010dn\u00e9ho ale <a class=\"mh-excerpt-more\" href=\"http:\/\/skalickyobzor.sk\/cms\/chodim-si-chodim-po-svete-a-sledujem-cestu\/\" title=\"Chod\u00edm si, chod\u00edm po svete a sledujem cestu\">[&#8230;]<\/a><\/p>\n<\/div>","protected":false},"author":2,"featured_media":241,"comment_status":"closed","ping_status":"closed","sticky":false,"template":"","format":"standard","meta":{"footnotes":""},"categories":[3],"tags":[],"class_list":{"0":"post-5392","1":"post","2":"type-post","3":"status-publish","4":"format-standard","5":"has-post-thumbnail","7":"category-tak-si-myslim"},"_links":{"self":[{"href":"http:\/\/skalickyobzor.sk\/cms\/wp-json\/wp\/v2\/posts\/5392","targetHints":{"allow":["GET"]}}],"collection":[{"href":"http:\/\/skalickyobzor.sk\/cms\/wp-json\/wp\/v2\/posts"}],"about":[{"href":"http:\/\/skalickyobzor.sk\/cms\/wp-json\/wp\/v2\/types\/post"}],"author":[{"embeddable":true,"href":"http:\/\/skalickyobzor.sk\/cms\/wp-json\/wp\/v2\/users\/2"}],"replies":[{"embeddable":true,"href":"http:\/\/skalickyobzor.sk\/cms\/wp-json\/wp\/v2\/comments?post=5392"}],"version-history":[{"count":1,"href":"http:\/\/skalickyobzor.sk\/cms\/wp-json\/wp\/v2\/posts\/5392\/revisions"}],"predecessor-version":[{"id":5393,"href":"http:\/\/skalickyobzor.sk\/cms\/wp-json\/wp\/v2\/posts\/5392\/revisions\/5393"}],"wp:featuredmedia":[{"embeddable":true,"href":"http:\/\/skalickyobzor.sk\/cms\/wp-json\/wp\/v2\/media\/241"}],"wp:attachment":[{"href":"http:\/\/skalickyobzor.sk\/cms\/wp-json\/wp\/v2\/media?parent=5392"}],"wp:term":[{"taxonomy":"category","embeddable":true,"href":"http:\/\/skalickyobzor.sk\/cms\/wp-json\/wp\/v2\/categories?post=5392"},{"taxonomy":"post_tag","embeddable":true,"href":"http:\/\/skalickyobzor.sk\/cms\/wp-json\/wp\/v2\/tags?post=5392"}],"curies":[{"name":"wp","href":"https:\/\/api.w.org\/{rel}","templated":true}]}}