{"id":5418,"date":"2022-08-08T19:02:56","date_gmt":"2022-08-08T17:02:56","guid":{"rendered":"http:\/\/skalickyobzor.sk\/cms\/?p=5418"},"modified":"2025-01-31T00:10:32","modified_gmt":"2025-01-30T23:10:32","slug":"skalicke-ulice-kralovska","status":"publish","type":"post","link":"http:\/\/skalickyobzor.sk\/cms\/skalicke-ulice-kralovska\/","title":{"rendered":"Skalick\u00e9 ulice &#8211; Kr\u00e1\u013eovsk\u00e1"},"content":{"rendered":"<p>Kr\u00e1\u013eovsk\u00e1 ulica nesie vo svojom historickom vienku viacero n\u00e1zvov \u2013 Klassterna ulicza, Ulicza k rinku welikemu, v druhej polovici 20. storo\u010dia sa volala \u0160vermova (pod\u013ea komunistick\u00e9ho politika a hrdinu SNP Jana \u0160vermu). V minulosti jej dominovala na samom za\u010diatku, smerom od Sudom\u011b\u0159ic, Horn\u00e1 br\u00e1na, ktor\u00e1 tvorila vstup do mesta. Moravsk\u00fd spisovate\u013e Anton\u00edn Kolek n\u00e1m ju v rom\u00e1ne Pred bou\u0159\u00ed pribli\u017euje takto: \u201eZa hor\u00faceho j\u00falov\u00e9ho d\u0148a roku 1604 sedel v Hornej br\u00e1ne kr\u00e1\u013eovsk\u00e9ho mesta Skalica v Uhorsku na moravskom pomedz\u00ed br\u00e1nar J\u00e1no\u0161 z rodu Mittak, stavu zemianskeho. Podriemkaval, a predsa videl rozsiahlu pastvinu, na nej \u0161ibenicu, cestu vin\u00facu sa k moravsk\u00fdm hraniciam do Sudom\u011b\u0159ic a potom \u010falej do Str\u00e1\u017enice, s ktorou ,slobodn\u00e9 kr\u00e1\u013eovsk\u00e9 mesto Skalica\u00b4 ne\u017eilo pr\u00e1ve vo vzornom susedskom priate\u013estve. M\u00e1linko pootvoril vie\u010dka a pozeral sa na modrav\u00e9 chrbty Ch\u0159ibov, na hrad Buchlov&#8230;\u201c<\/p>\n<p>Ulica v tom \u010dase viedla na Ve\u013ek\u00fd r\u00ednok (dne\u0161n\u00e9 N\u00e1mestie slobody). Jej najstar\u0161ou, p\u00edsomne dolo\u017eenou stavbou je \u0161pit\u00e1l sv. Al\u017ebety Uhorskej \u2013 \u0160t\u00edbor (chudobinec), zalo\u017een\u00fd Stiborom zo Stibor\u00edc pred rokom 1414 na vydr\u017eiavanie dvan\u00e1stich chudobn\u00fdch; jeho syn ho potom venoval mestskej rade. Spisovate\u013e Ferdinand D\u00fabravsk\u00fd nap\u00edsal na za\u010diatku 20. storo\u010dia o\u00a0chudobinci b\u00e1se\u0148:<\/p>\n<figure id=\"attachment_5427\" aria-describedby=\"caption-attachment-5427\" style=\"width: 808px\" class=\"wp-caption aligncenter\"><img loading=\"lazy\" decoding=\"async\" class=\"size-full wp-image-5427\" src=\"http:\/\/skalickyobzor.sk\/cms\/wp-content\/uploads\/2022\/09\/Kra\u00a6ul\u00a6iovska\u00a6u-ul.-TASR.jpg\" alt=\"\" width=\"808\" height=\"555\" srcset=\"http:\/\/skalickyobzor.sk\/cms\/wp-content\/uploads\/2022\/09\/Kra\u00a6ul\u00a6iovska\u00a6u-ul.-TASR.jpg 808w, http:\/\/skalickyobzor.sk\/cms\/wp-content\/uploads\/2022\/09\/Kra\u00a6ul\u00a6iovska\u00a6u-ul.-TASR-300x206.jpg 300w, http:\/\/skalickyobzor.sk\/cms\/wp-content\/uploads\/2022\/09\/Kra\u00a6ul\u00a6iovska\u00a6u-ul.-TASR-768x528.jpg 768w\" sizes=\"auto, (max-width: 808px) 100vw, 808px\" \/><figcaption id=\"caption-attachment-5427\" class=\"wp-caption-text\">Kr\u00e1\u013eovsk\u00e1 ulica<br \/>Zdroj: TASR<\/figcaption><\/figure>\n<h3><em>Stiborsk\u00fd hospit\u00e1l<\/em><\/h3>\n<p><em>V\u017edy p\u00fata, mesto, teba pr\u00e1ca vrel\u00e1, <\/em><br \/>\n<em>by \u00fa\u013eavu mal, kto slab\u00fd, chudobn\u00fd;<\/em><br \/>\n<em>kto za strojca \u0161\u0165astia, stal sa neschopn\u00fd,<\/em><br \/>\n<em>ke\u010f n\u00e1mahou mu sila otupela.<\/em><\/p>\n<p><em>Je v\u00a0starobe bieda najtrp\u0161ia strela, <\/em><br \/>\n<em>a\u00a0blah\u00fd, kto n\u00fadznym tepl\u00fd \u00fakryt d\u00e1, <\/em><br \/>\n<em>kde pred biedou, zimou dobre ukryt\u00e1, <\/em><br \/>\n<em>a\u00a0kam by ona utiahnu\u0165 sa smela.<\/em><\/p>\n<p><em>Stibor pam\u00e4tal, ke\u010f v\u0161etk\u00e9ho mal dos\u0165, <\/em><br \/>\n<em>\u017ee s\u00a0b\u00f4\u013eom z\u00e1pas\u00ed \u013eud v\u00a0boji krutom, <\/em><br \/>\n<em>a\u00a0prispie\u0165 mu, zdala sa mu povinnos\u0165.<\/em><\/p>\n<p><em>Preto hospit\u00e1l venoval on rade. <\/em><br \/>\n<em>Tak mnoh\u00ed chr\u00e1nen\u00fd\/\u00ed tu jeho \u0161t\u00edtom, <\/em><br \/>\n<em>\u010do mu \u00fadelom bieda bola v\u0161ade.\u201c<\/em><\/p>\n<p>\u0160pit\u00e1l, dnes centrum soci\u00e1lnych slu\u017eieb, ostal vern\u00fd svojmu p\u00f4vodn\u00e9mu poslaniu. Objekt je chr\u00e1nenou kult\u00farnou pamiatkou. V roku 1467, za vl\u00e1dy Mateja Korv\u00edna, za\u010dali oproti \u0161pit\u00e1lu stava\u0165 franti\u0161k\u00e1nsky kl\u00e1\u0161tor a kostol. S\u00faviselo to, zrejme, s obnovou viery v\u00a0meste, ktor\u00e9 bolo na\u010das obsaden\u00e9 husitmi. Stavbu dokon\u010dili v\u00a0roku 1484. Vojny sp\u00f4sobili, \u017ee v\u00a016. storo\u010d\u00ed kl\u00e1\u0161tor na tri desa\u0165ro\u010dia mn\u00edsi opustili. A\u017e v\u00a0roku 1561 sa do\u0148 v\u00a0d\u00f4sledku osmansk\u00e9ho nebezpe\u010denstva presunuli reho\u013en\u00edci z\u00a0ju\u017en\u00fdch \u010dast\u00ed Uhorska, popritom tu zriadili i\u00a0bohosloveck\u00fa \u0161kolu. V\u00a0roku 1605 bo\u010dkajovsk\u00ed povstalci kl\u00e1\u0161tor vydrancovali, reho\u013en\u00edci sa rozutekali a\u00a0vojsko si v\u00a0priestoroch kl\u00e1\u0161tora zriadilo sklad. Reho\u013en\u00edci sa do\u0148 vr\u00e1tili a\u017e v\u00a0roku 1607. V\u00a018. storo\u010d\u00ed kl\u00e1\u0161tor vyhorel, preto sa prist\u00fapilo k\u00a0v\u00fdstavbe nov\u00e9ho kl\u00e1\u0161torn\u00e9ho kr\u00eddla. Dnes kl\u00e1\u0161tor i\u00a0kostol sl\u00fa\u017eia verejnosti ako chr\u00e1nen\u00e1 kult\u00farna pamiatka.<\/p>\n<p>Neodmyslite\u013enou s\u00fa\u010das\u0165ou ulice je i\u00a0Poni\u0161tov\u00fdch kr\u00ed\u017e pri franti\u0161k\u00e1nskom kostole.<\/p>\n<p><em>Pavol Dinka<\/em><\/p>\n","protected":false},"excerpt":{"rendered":"<div class=\"mh-excerpt\"><p>Kr\u00e1\u013eovsk\u00e1 ulica nesie vo svojom historickom vienku viacero n\u00e1zvov \u2013 Klassterna ulicza, Ulicza k rinku welikemu, v druhej polovici 20. storo\u010dia sa volala \u0160vermova (pod\u013ea komunistick\u00e9ho politika a hrdinu SNP Jana \u0160vermu). V minulosti jej <a class=\"mh-excerpt-more\" href=\"http:\/\/skalickyobzor.sk\/cms\/skalicke-ulice-kralovska\/\" title=\"Skalick\u00e9 ulice &#8211; Kr\u00e1\u013eovsk\u00e1\">[&#8230;]<\/a><\/p>\n<\/div>","protected":false},"author":16,"featured_media":5419,"comment_status":"closed","ping_status":"closed","sticky":false,"template":"","format":"standard","meta":{"footnotes":""},"categories":[24],"tags":[],"class_list":{"0":"post-5418","1":"post","2":"type-post","3":"status-publish","4":"format-standard","5":"has-post-thumbnail","7":"category-skalicke-ulice"},"_links":{"self":[{"href":"http:\/\/skalickyobzor.sk\/cms\/wp-json\/wp\/v2\/posts\/5418","targetHints":{"allow":["GET"]}}],"collection":[{"href":"http:\/\/skalickyobzor.sk\/cms\/wp-json\/wp\/v2\/posts"}],"about":[{"href":"http:\/\/skalickyobzor.sk\/cms\/wp-json\/wp\/v2\/types\/post"}],"author":[{"embeddable":true,"href":"http:\/\/skalickyobzor.sk\/cms\/wp-json\/wp\/v2\/users\/16"}],"replies":[{"embeddable":true,"href":"http:\/\/skalickyobzor.sk\/cms\/wp-json\/wp\/v2\/comments?post=5418"}],"version-history":[{"count":4,"href":"http:\/\/skalickyobzor.sk\/cms\/wp-json\/wp\/v2\/posts\/5418\/revisions"}],"predecessor-version":[{"id":5429,"href":"http:\/\/skalickyobzor.sk\/cms\/wp-json\/wp\/v2\/posts\/5418\/revisions\/5429"}],"wp:featuredmedia":[{"embeddable":true,"href":"http:\/\/skalickyobzor.sk\/cms\/wp-json\/wp\/v2\/media\/5419"}],"wp:attachment":[{"href":"http:\/\/skalickyobzor.sk\/cms\/wp-json\/wp\/v2\/media?parent=5418"}],"wp:term":[{"taxonomy":"category","embeddable":true,"href":"http:\/\/skalickyobzor.sk\/cms\/wp-json\/wp\/v2\/categories?post=5418"},{"taxonomy":"post_tag","embeddable":true,"href":"http:\/\/skalickyobzor.sk\/cms\/wp-json\/wp\/v2\/tags?post=5418"}],"curies":[{"name":"wp","href":"https:\/\/api.w.org\/{rel}","templated":true}]}}