{"id":5430,"date":"2022-08-08T19:10:32","date_gmt":"2022-08-08T17:10:32","guid":{"rendered":"http:\/\/skalickyobzor.sk\/cms\/?p=5430"},"modified":"2025-01-31T00:09:09","modified_gmt":"2025-01-30T23:09:09","slug":"za-svetovym-skalicanom-prof-lubomirom-durovicom","status":"publish","type":"post","link":"http:\/\/skalickyobzor.sk\/cms\/za-svetovym-skalicanom-prof-lubomirom-durovicom\/","title":{"rendered":"Za svetov\u00fdm Skali\u010danom prof. \u013dubom\u00edrom \u010eurovi\u010dom"},"content":{"rendered":"<p>Pr\u00e1zdniny s\u00fa dlh\u00e9 a\u00a0tak sa stane, \u017ee niektor\u00e9 v\u00fdznamn\u00e9 udalosti sa vzdialia sk\u00f4r ako sa dostan\u00fa na str\u00e1nky na\u0161ich nov\u00edn. S\u00fa udalosti, ktor\u00e9 v\u0161ak neodznej\u00fa ani za dlh\u00fa dobu. Takou je skon prof. \u013dubom\u00edra \u010eurovi\u010da.<\/p>\n<p>Narodil sa 9. febru\u00e1ra 1925 vo Va\u017eci a\u00a0zomrel 7. j\u00fala 2022 vo \u0161v\u00e9dskom Lunde, a\u00a0predsa je jedn\u00fdm z\u00a0najv\u00fdznamnej\u0161\u00edch Skali\u010danov. Skali\u010danom sa stal v\u00a0deviatich mesiacoch, kedy pri\u0161iel jeho otec ako evanjelick\u00fd far\u00e1r na uvo\u013enen\u00e9 miesto v\u00a0Skalici. V\u00fdznamn\u00fdm sa stal svojou pr\u00e1cou. \u0160tudoval, a\u00a0nesk\u00f4r ako pedag\u00f3g p\u00f4sobil, na mnoh\u00fdch univerzit\u00e1ch. Tou poslednou bola univerzita v\u00a0Lunde, kde aj \u017eil. Bol odborn\u00edkom na gramatiku slovansk\u00fdch jazykov a\u00a0venoval sa okrem in\u00e9ho v\u00fdskumu kult\u00farnej hist\u00f3rie slovansk\u00fdch n\u00e1rodov na pozad\u00ed kult\u00farnej hist\u00f3rie Eur\u00f3py. Pr\u00e1ve preto sme d\u00fafali, \u017ee ako Skali\u010dan a\u00a0jazykovedec by n\u00e1m mohol z\u00e1sadne pom\u00f4c\u0165 minim\u00e1lne radami a\u00a0vedomos\u0165ami pri na\u0161ej snahe o\u00a0uchopenie a\u00a0spracovanie slovn\u00edka skalickej mestskej re\u010di. K\u00a0tejto t\u00e9me sme s\u00a0n\u00edm aj pripravovali rozhovor do Skalick\u00e9ho Obzoru a\u00a0boli sme v\u00a0kontakte prostredn\u00edctvom jeho dc\u00e9ry Nata\u0161e, ktor\u00e1 mu od n\u00e1s odovzdala knihy o\u00a0skalickom rub\u00edne, trdeln\u00edku, hist\u00f3rii kn\u00edhtla\u010de v\u00a0Skalici a\u00a0hlavne o\u00a0skalickej mestskej re\u010di.<\/p>\n<p><img loading=\"lazy\" decoding=\"async\" class=\"aligncenter size-full wp-image-5471\" src=\"http:\/\/skalickyobzor.sk\/cms\/wp-content\/uploads\/2022\/09\/afa472a961fbcb09314e81b2c3eb19cd2d9fd7527582f43a3b8fd9d3ed6d893d.jpg\" alt=\"\" width=\"498\" height=\"720\" srcset=\"http:\/\/skalickyobzor.sk\/cms\/wp-content\/uploads\/2022\/09\/afa472a961fbcb09314e81b2c3eb19cd2d9fd7527582f43a3b8fd9d3ed6d893d.jpg 498w, http:\/\/skalickyobzor.sk\/cms\/wp-content\/uploads\/2022\/09\/afa472a961fbcb09314e81b2c3eb19cd2d9fd7527582f43a3b8fd9d3ed6d893d-208x300.jpg 208w\" sizes=\"auto, (max-width: 498px) 100vw, 498px\" \/><\/p>\n<p>Bohu\u017eia\u013e, nepriazniv\u00fd \u010das a zdravotn\u00fd stav p\u00e1na profesora n\u00e1m na\u0161u vysnen\u00fa spolupr\u00e1cu neumo\u017enil a u\u017e ani neumo\u017en\u00ed. Je n\u00e1m to \u013e\u00fato a l\u00fa\u010dime sa s n\u00edm aj touto cestou, \u010fakujeme za jeho v\u00fdznamn\u00fa celo\u017eivotn\u00fa pr\u00e1cu, ktor\u00e1 tu ostane nav\u017edy.<\/p>\n<p><em>\u017delm\u00edra Mach\u00e1\u010dkov\u00e1<\/em><\/p>\n<p>Pod\u013ea slov jeho dc\u00e9ry bud\u00fa ostatky Prof. \u013dubom\u00edra \u010eurovi\u010da ulo\u017een\u00e9 na jar do rodinn\u00e9ho hrobu v\u00a0Skalici.<\/p>\n<figure id=\"attachment_5431\" aria-describedby=\"caption-attachment-5431\" style=\"width: 765px\" class=\"wp-caption aligncenter\"><img loading=\"lazy\" decoding=\"async\" class=\"size-full wp-image-5431\" src=\"http:\/\/skalickyobzor.sk\/cms\/wp-content\/uploads\/2022\/09\/prof-dr-lubomir-durovic.jpg\" alt=\"\" width=\"765\" height=\"797\" srcset=\"http:\/\/skalickyobzor.sk\/cms\/wp-content\/uploads\/2022\/09\/prof-dr-lubomir-durovic.jpg 765w, http:\/\/skalickyobzor.sk\/cms\/wp-content\/uploads\/2022\/09\/prof-dr-lubomir-durovic-288x300.jpg 288w\" sizes=\"auto, (max-width: 765px) 100vw, 765px\" \/><figcaption id=\"caption-attachment-5431\" class=\"wp-caption-text\">Pani Nata\u0161a \u010eurovi\u010dov\u00e1 k\u00a0fotografii svojho otca nap\u00edsala: Kone\u010dne sme na po\u0161te vybrali v\u00e1\u0161 bal\u00edk a\u00a0odvtedy sa tata nenech\u00e1 vytrhn\u00fa\u0165 od \u010d\u00edtania, striedaj\u00faci medzi oboma knihami. Srde\u010dne za\u0148ho \u010fakujem aj V\u00e1m aj pani Fordin\u00e1lovej &#8230; Verte, \u017ee si oba texty vychutn\u00e1va.<\/figcaption><\/figure>\n","protected":false},"excerpt":{"rendered":"<div class=\"mh-excerpt\"><p>Pr\u00e1zdniny s\u00fa dlh\u00e9 a\u00a0tak sa stane, \u017ee niektor\u00e9 v\u00fdznamn\u00e9 udalosti sa vzdialia sk\u00f4r ako sa dostan\u00fa na str\u00e1nky na\u0161ich nov\u00edn. S\u00fa udalosti, ktor\u00e9 v\u0161ak neodznej\u00fa ani za dlh\u00fa dobu. Takou je skon prof. \u013dubom\u00edra \u010eurovi\u010da. <a class=\"mh-excerpt-more\" href=\"http:\/\/skalickyobzor.sk\/cms\/za-svetovym-skalicanom-prof-lubomirom-durovicom\/\" title=\"Za svetov\u00fdm Skali\u010danom prof. \u013dubom\u00edrom \u010eurovi\u010dom\">[&#8230;]<\/a><\/p>\n<\/div>","protected":false},"author":2,"featured_media":5432,"comment_status":"closed","ping_status":"closed","sticky":false,"template":"","format":"standard","meta":{"footnotes":""},"categories":[4],"tags":[],"class_list":{"0":"post-5430","1":"post","2":"type-post","3":"status-publish","4":"format-standard","5":"has-post-thumbnail","7":"category-ja-su-ze-skalice"},"_links":{"self":[{"href":"http:\/\/skalickyobzor.sk\/cms\/wp-json\/wp\/v2\/posts\/5430","targetHints":{"allow":["GET"]}}],"collection":[{"href":"http:\/\/skalickyobzor.sk\/cms\/wp-json\/wp\/v2\/posts"}],"about":[{"href":"http:\/\/skalickyobzor.sk\/cms\/wp-json\/wp\/v2\/types\/post"}],"author":[{"embeddable":true,"href":"http:\/\/skalickyobzor.sk\/cms\/wp-json\/wp\/v2\/users\/2"}],"replies":[{"embeddable":true,"href":"http:\/\/skalickyobzor.sk\/cms\/wp-json\/wp\/v2\/comments?post=5430"}],"version-history":[{"count":2,"href":"http:\/\/skalickyobzor.sk\/cms\/wp-json\/wp\/v2\/posts\/5430\/revisions"}],"predecessor-version":[{"id":5472,"href":"http:\/\/skalickyobzor.sk\/cms\/wp-json\/wp\/v2\/posts\/5430\/revisions\/5472"}],"wp:featuredmedia":[{"embeddable":true,"href":"http:\/\/skalickyobzor.sk\/cms\/wp-json\/wp\/v2\/media\/5432"}],"wp:attachment":[{"href":"http:\/\/skalickyobzor.sk\/cms\/wp-json\/wp\/v2\/media?parent=5430"}],"wp:term":[{"taxonomy":"category","embeddable":true,"href":"http:\/\/skalickyobzor.sk\/cms\/wp-json\/wp\/v2\/categories?post=5430"},{"taxonomy":"post_tag","embeddable":true,"href":"http:\/\/skalickyobzor.sk\/cms\/wp-json\/wp\/v2\/tags?post=5430"}],"curies":[{"name":"wp","href":"https:\/\/api.w.org\/{rel}","templated":true}]}}