{"id":545,"date":"2018-03-08T22:27:39","date_gmt":"2018-03-08T21:27:39","guid":{"rendered":"http:\/\/skalickyobzor.sk\/cms\/?p=545"},"modified":"2020-11-24T16:28:53","modified_gmt":"2020-11-24T15:28:53","slug":"skalicke-ulice-komenskeho","status":"publish","type":"post","link":"http:\/\/skalickyobzor.sk\/cms\/skalicke-ulice-komenskeho\/","title":{"rendered":"Skalick\u00e9 ulice \u2013 Komensk\u00e9ho"},"content":{"rendered":"<p>V\u00a0 na\u0161ej rubrike Skalick\u00e9 ulice predstavujeme \u010ditate\u013eom historick\u00e9 osobnosti, pod\u013ea ktor\u00fdch s\u00fa pomenovan\u00e9 ulice v\u00a0 na\u0161om meste. Pokra\u010dujeme Komensk\u00e9ho ulicou, na ktorej n\u00e1jdeme aj niekdaj\u0161iu budovu skalick\u00e9ho zboru Jednoty bratskej spolu s\u00a0 bratskou \u0161kolou.<\/p>\n<p><!--more--><\/p>\n<p>Pre\u010do si Skali\u010dania uctili pr\u00e1ve Jana Amosa Komensk\u00e9ho, rod\u00e1ka z\u00a0ju\u017enej Moravy? Jan Amos Komensk\u00fd (29. marca 1592 \u2013 15. novembra 1670, Amsterdam), u\u010dite\u013e n\u00e1rodov eur\u00f3pskeho rozmeru, nav\u0161t\u00edvil toti\u017e Skalicu v\u00a0predve\u010der Ve\u013ekej noci roku 1650, ktor\u00e1 vtedy pripadla na 17. a\u00a0 18. apr\u00edla. Mesto so svoj\u00edm asi tristo\u010dlenn\u00fdm zborom Jednoty bratskej bolo Komensk\u00e9ho prvou zast\u00e1vkou na ceste po bratsk\u00fdch zboroch na Slovensku.<\/p>\n<p><img loading=\"lazy\" decoding=\"async\" class=\"aligncenter size-full wp-image-546\" src=\"http:\/\/skalickyobzor.sk\/cms\/wp-content\/uploads\/2018\/03\/jan_amos_komensky.jpg\" alt=\"\" width=\"281\" height=\"353\" srcset=\"http:\/\/skalickyobzor.sk\/cms\/wp-content\/uploads\/2018\/03\/jan_amos_komensky.jpg 281w, http:\/\/skalickyobzor.sk\/cms\/wp-content\/uploads\/2018\/03\/jan_amos_komensky-239x300.jpg 239w\" sizes=\"auto, (max-width: 281px) 100vw, 281px\" \/><\/p>\n<p>V\u00a0 skalickom prostred\u00ed str\u00e1vil takmer cel\u00fd ve\u013ekono\u010dn\u00fd t\u00fd\u017ede\u0148, vyplnen\u00fd posviackou zborov\u00e9ho domu, ordin\u00e1ciou spr\u00e1vcu skalick\u00e9ho zboru, Fulne\u010dana Jana Chodn\u00ed\u010dka za seniora a\u00a0ka\u017edodenn\u00fdmi poradami s\u00a0\u010dlenmi synody. Komensk\u00fd pre\u0161iel (ako sa p\u00ed\u0161e v\u00a0knihe Pavla Dinku: Skalica a\u00a0 Skali\u010dania v\u00a0 literat\u00fare) Sudom\u011b\u0159ick\u00fd potok, odde\u013euj\u00faci nielen skalick\u00fd a\u00a0sudom\u011b\u0159ick\u00fd chot\u00e1r, ale i\u00a0Uhorsk\u00e9 kr\u00e1\u013eovstvo od Moravsk\u00e9ho markgr\u00f3fstva. Pred jeho zrakmi sa \u010drtali tvary najv\u00fdznamnej\u0161\u00edch budov slobodn\u00e9ho kr\u00e1\u013eovsk\u00e9ho mesta Skalice. Ke\u010f zazrel pri kr\u00ed\u017ei na Kr\u00e1\u013eovskej hradskej zo Sudom\u011b\u0159\u00edc do Skalice jej p\u00f4vabn\u00fa panor\u00e1mu, zaiste rozm\u00fd\u0161\u013eal o\u00a0 tom, ktor\u00e1 z\u00a0 nich patr\u00ed bratsk\u00e9mu zboru, jedin\u00e9mu plnopr\u00e1vne organizovan\u00e9mu zboru v\u00a0 celej Nitrianskej stolici a\u00a0 prv\u00e9mu \u00fato\u010disku pobielohorsk\u00fdch vyhnancov u\u017e od roku 1625, ke\u010f do mesta zav\u00edtala za podpory Karola st. zo \u017derot\u00edna, mocn\u00e9ho suseda Skalice, skupina 26 protestantsk\u00fdch kazate\u013eov. Postupne za nimi prich\u00e1dzali \u010fal\u0161\u00ed pr\u00edslu\u0161n\u00edci bratskej inteligencie, niektor\u00ed \u0161\u013eachtici a\u00a0 nadov\u0161etko podnikav\u00ed remeseln\u00edci, zv\u00e4\u010d\u0161a s\u00fakenn\u00edci a\u00a0 tk\u00e1\u010di, ktor\u00ed sa \u010doskoro zasl\u00fa\u017eili o\u00a0 rozkvet po\u010detn\u00fdch skalick\u00fdch cechov. Strediskom kult\u00farneho a\u00a0 spolo\u010densk\u00e9ho \u017eivota skalick\u00fdch bratov bol ich \u201ezbor\u201c v\u00a0 S\u00fakenn\u00edckej, dnes Komensk\u00e9ho ulici. V\u00a0Skalici ho spolu s\u00a0Chodn\u00ed\u010dkom v\u00edtali Jakub Pr\u00e1che\u0148sk\u00fd, Jan Spiridion, Jan Z\u00e1horovsk\u00fd a\u00a0Jan \u010cervenka. \u201eVo\u0161li do Chodn\u00ed\u010dkovho bytu, te\u0161ili sa ako opusten\u00e9 deti, ktor\u00e9 v\u00edtaj\u00fa po dlhom \u010dase svojho otca, oznamovali, kto v\u0161etko pr\u00edde na zajtraj\u0161iu sl\u00e1vnos\u0165, koho \u010dakaj\u00fa, informovali o\u00a0 stavbe, o\u00a0 okolit\u00fdch zboroch. Prib\u00fadali hostia aj ot\u00e1zky.\u201c<\/p>\n<p>Na stretnutie v\u00a0 Skalici spom\u00edna Komensk\u00fd s\u00a0 dojat\u00edm v\u00a0 liste nap\u00edsanom o\u00a0 dva mesiace nesk\u00f4r do Gdanska takto: \u201e&#8230; sl\u00e1vili sme ve\u013ekono\u010dn\u00e9 sviatky s\u00a0 jasotom i\u00a0 slzami za neo\u010dak\u00e1van\u00e9ho zhroma\u017edenia sa t\u00fdch, z\u00a0ve\u013ekej \u010dasti z\u00a0Moravy, \u010do e\u0161te nesklonili svoje kolen\u00e1 pred B\u00e1lom, alebo ak zmietan\u00ed ned\u00e1vnou b\u00farkou prenasledovan\u00ed odpadli, vzmu\u017eili sa a\u00a0pri\u0161li&#8230;\u201c Komensk\u00fd udr\u017eiaval ve\u013emi \u010dul\u00e9 styky so skalick\u00fdmi bratmi e\u0161te pred svojou n\u00e1v\u0161tevou v\u00a0 meste, osobitne s\u00a0 rodinou Sekuriusovcov. Nesmierne mu le\u017eal na srdci predov\u0161etk\u00fdm osud Petra Sekuriusa, kazate\u013ea v\u00a0Skalici, syna jeho vz\u00e1cneho priate\u013ea Wolfganga. Peter chcel pre biedu z\u00a0 mesta od\u00eds\u0165. Komensk\u00fd mu nap\u00edsal za\u010diatkom roka 1649 z\u00a0Le\u0161na ostr\u00fd, ale s\u00fa\u010dasne i\u00a0povzbudzuj\u00faci list, v\u00a0 ktorom ho pros\u00ed, aby v\u00a0meste ostal.<\/p>\n","protected":false},"excerpt":{"rendered":"<div class=\"mh-excerpt\"><p>V\u00a0 na\u0161ej rubrike Skalick\u00e9 ulice predstavujeme \u010ditate\u013eom historick\u00e9 osobnosti, pod\u013ea ktor\u00fdch s\u00fa pomenovan\u00e9 ulice v\u00a0 na\u0161om meste. Pokra\u010dujeme Komensk\u00e9ho ulicou, na ktorej n\u00e1jdeme aj niekdaj\u0161iu budovu skalick\u00e9ho zboru Jednoty bratskej spolu s\u00a0 bratskou \u0161kolou.<\/p>\n<\/div>","protected":false},"author":16,"featured_media":17,"comment_status":"closed","ping_status":"closed","sticky":false,"template":"","format":"standard","meta":{"footnotes":""},"categories":[24],"tags":[],"class_list":{"0":"post-545","1":"post","2":"type-post","3":"status-publish","4":"format-standard","5":"has-post-thumbnail","7":"category-skalicke-ulice"},"_links":{"self":[{"href":"http:\/\/skalickyobzor.sk\/cms\/wp-json\/wp\/v2\/posts\/545","targetHints":{"allow":["GET"]}}],"collection":[{"href":"http:\/\/skalickyobzor.sk\/cms\/wp-json\/wp\/v2\/posts"}],"about":[{"href":"http:\/\/skalickyobzor.sk\/cms\/wp-json\/wp\/v2\/types\/post"}],"author":[{"embeddable":true,"href":"http:\/\/skalickyobzor.sk\/cms\/wp-json\/wp\/v2\/users\/16"}],"replies":[{"embeddable":true,"href":"http:\/\/skalickyobzor.sk\/cms\/wp-json\/wp\/v2\/comments?post=545"}],"version-history":[{"count":1,"href":"http:\/\/skalickyobzor.sk\/cms\/wp-json\/wp\/v2\/posts\/545\/revisions"}],"predecessor-version":[{"id":547,"href":"http:\/\/skalickyobzor.sk\/cms\/wp-json\/wp\/v2\/posts\/545\/revisions\/547"}],"wp:featuredmedia":[{"embeddable":true,"href":"http:\/\/skalickyobzor.sk\/cms\/wp-json\/wp\/v2\/media\/17"}],"wp:attachment":[{"href":"http:\/\/skalickyobzor.sk\/cms\/wp-json\/wp\/v2\/media?parent=545"}],"wp:term":[{"taxonomy":"category","embeddable":true,"href":"http:\/\/skalickyobzor.sk\/cms\/wp-json\/wp\/v2\/categories?post=545"},{"taxonomy":"post_tag","embeddable":true,"href":"http:\/\/skalickyobzor.sk\/cms\/wp-json\/wp\/v2\/tags?post=545"}],"curies":[{"name":"wp","href":"https:\/\/api.w.org\/{rel}","templated":true}]}}