{"id":5464,"date":"2022-08-08T19:13:17","date_gmt":"2022-08-08T17:13:17","guid":{"rendered":"http:\/\/skalickyobzor.sk\/cms\/?p=5464"},"modified":"2025-01-31T00:08:40","modified_gmt":"2025-01-30T23:08:40","slug":"tak-si-myslim-ze-je-dolezite-pokracovat","status":"publish","type":"post","link":"http:\/\/skalickyobzor.sk\/cms\/tak-si-myslim-ze-je-dolezite-pokracovat\/","title":{"rendered":"Tak si mysl\u00edm, \u017ee je d\u00f4le\u017eit\u00e9 pokra\u010dova\u0165"},"content":{"rendered":"<p>Rada a\u00a0so\u00a0zaujat\u00edm \u010d\u00edtam v\u00a0na\u0161om Skalickom Obzore pr\u00edbehy skalick\u00fdch priezvisk, za ktor\u00fdmi s\u00fa osudy rodov. Ka\u017ed\u00fd z\u00a0nich zanechal v\u00a0Skalici svoju nezmazate\u013en\u00fa stopu a\u00a0je nie\u010d\u00edm v\u00fdnimo\u010dn\u00fd. Niektor\u00fd u\u017e len t\u00fdm ako dlho je spojen\u00fd so \u017eivotom mesta. Te\u0161\u00ed ma, \u017ee dnes prich\u00e1dza na rad ten n\u00e1\u0161&#8230;<\/p>\n<p>V pr\u00edpade n\u00e1\u0161ho deda J\u00e1na Mach\u00e1\u010dka a babky Prisky, rod. Derm\u00ed\u0161kovej, sa spojili dva star\u00e9 skalick\u00e9 rody Mach\u00e1\u010dkovcov a Derm\u00ed\u0161kovcov. V na\u0161om rodokmeni je prv\u00fd p\u00edsomne dolo\u017een\u00fd praprapra&#8230;ded Pavol Mach\u00e1\u010dek, Skali\u010dan, ktor\u00fd si 8. 1. 1741 bral za \u017eenu Al\u017ebetu Michalovi\u010dov\u00fa. U Derm\u00ed\u0161kov m\u00e1me prv\u00e9ho prapra..deda J\u00e1na Derm\u00ed\u0161ka, naroden\u00e9ho v roku 1792. Azda preto boli obaja star\u00ed rodi\u010dia hrd\u00ed Skali\u010dania a siln\u00fd skalick\u00fd patriotizmus sa cez na\u0161ich rodi\u010dov preniesol na n\u00e1s, v\u0161etky vn\u00fa\u010dat\u00e1. A my ho odovzd\u00e1vame \u010fal\u0161\u00edm pokoleniam. Dedo bol tla\u010diar a jeho prepojenie s 350-ro\u010dnou kn\u00edhtla\u010diarskou trad\u00edciou v Skalici jeho v\u00e4zbu s t\u00fdmto mestom e\u0161te umocnilo.<\/p>\n<p>Jeho syn Peter, teda, n\u00e1\u0161 otec, prevzal \u0161tafetu tla\u010diarenskej trad\u00edcie v Skalici a my pokra\u010dujeme zase po \u0148om. A nebol by dedo spr\u00e1vny Skali\u010dan, keby nemal vinohrad a nerobil v\u00edno. Dedovi synovia Peter a Ale\u0161 a teraz u\u017e aj jeho vnuci pokra\u010duj\u00fa vo vin\u00e1rskej trad\u00edcii i v \u00fa\u010dasti v spolku sv. Urbana. Tak ako ve\u013ea obyvate\u013eov Skalice, dedo s babkou \u017eili v Skalici radi. Zanechali tu svoj otla\u010dok svoj\u00edm oby\u010dajn\u00fdm ka\u017edodenn\u00fdm poctiv\u00fdm \u017eivotom, ktor\u00fdm spolo\u010dne formovali mesto. Zanechali potomkov, v nich svoje g\u00e9ny, nes\u00face l\u00e1sku k rodisku, aby pokra\u010dovali v pr\u00e1ci a oddanosti svojich predkov. Viem, \u017ee tak\u00fdchto rodov je v Skalici viac. Rovnako som si vedom\u00e1, \u017ee in\u00e9 rody mo\u017eno pr\u00e1ve vznikaj\u00fa a ony tak isto ovplyvnia bud\u00facnos\u0165 kdesi \u010faleko pred nami a t\u00fdm bud\u00facim v\u0161tiepia l\u00e1sku k rodisku, ku Skalici, jej trad\u00edci\u00e1m, hist\u00f3rii, aj svojim predkom, ktor\u00ed dnes stoja na novom po\u010diatku. Jav\u00ed sa to ako nie\u010do \u00faplne oby\u010dajn\u00e9, no v dne\u0161nej dobe nadov\u0161etko cenn\u00e9.<\/p>\n<p><em>S \u00factou<\/em><\/p>\n<p><em>pokra\u010duj\u00faca<\/em><br \/>\n<em>\u017delm\u00edra Mach\u00e1\u010dkov\u00e1<\/em><\/p>\n","protected":false},"excerpt":{"rendered":"<div class=\"mh-excerpt\"><p>Rada a\u00a0so\u00a0zaujat\u00edm \u010d\u00edtam v\u00a0na\u0161om Skalickom Obzore pr\u00edbehy skalick\u00fdch priezvisk, za ktor\u00fdmi s\u00fa osudy rodov. Ka\u017ed\u00fd z\u00a0nich zanechal v\u00a0Skalici svoju nezmazate\u013en\u00fa stopu a\u00a0je nie\u010d\u00edm v\u00fdnimo\u010dn\u00fd. Niektor\u00fd u\u017e len t\u00fdm ako dlho je spojen\u00fd so \u017eivotom mesta. <a class=\"mh-excerpt-more\" href=\"http:\/\/skalickyobzor.sk\/cms\/tak-si-myslim-ze-je-dolezite-pokracovat\/\" title=\"Tak si mysl\u00edm, \u017ee je d\u00f4le\u017eit\u00e9 pokra\u010dova\u0165\">[&#8230;]<\/a><\/p>\n<\/div>","protected":false},"author":2,"featured_media":241,"comment_status":"closed","ping_status":"closed","sticky":false,"template":"","format":"standard","meta":{"footnotes":""},"categories":[3],"tags":[],"class_list":{"0":"post-5464","1":"post","2":"type-post","3":"status-publish","4":"format-standard","5":"has-post-thumbnail","7":"category-tak-si-myslim"},"_links":{"self":[{"href":"http:\/\/skalickyobzor.sk\/cms\/wp-json\/wp\/v2\/posts\/5464","targetHints":{"allow":["GET"]}}],"collection":[{"href":"http:\/\/skalickyobzor.sk\/cms\/wp-json\/wp\/v2\/posts"}],"about":[{"href":"http:\/\/skalickyobzor.sk\/cms\/wp-json\/wp\/v2\/types\/post"}],"author":[{"embeddable":true,"href":"http:\/\/skalickyobzor.sk\/cms\/wp-json\/wp\/v2\/users\/2"}],"replies":[{"embeddable":true,"href":"http:\/\/skalickyobzor.sk\/cms\/wp-json\/wp\/v2\/comments?post=5464"}],"version-history":[{"count":1,"href":"http:\/\/skalickyobzor.sk\/cms\/wp-json\/wp\/v2\/posts\/5464\/revisions"}],"predecessor-version":[{"id":5465,"href":"http:\/\/skalickyobzor.sk\/cms\/wp-json\/wp\/v2\/posts\/5464\/revisions\/5465"}],"wp:featuredmedia":[{"embeddable":true,"href":"http:\/\/skalickyobzor.sk\/cms\/wp-json\/wp\/v2\/media\/241"}],"wp:attachment":[{"href":"http:\/\/skalickyobzor.sk\/cms\/wp-json\/wp\/v2\/media?parent=5464"}],"wp:term":[{"taxonomy":"category","embeddable":true,"href":"http:\/\/skalickyobzor.sk\/cms\/wp-json\/wp\/v2\/categories?post=5464"},{"taxonomy":"post_tag","embeddable":true,"href":"http:\/\/skalickyobzor.sk\/cms\/wp-json\/wp\/v2\/tags?post=5464"}],"curies":[{"name":"wp","href":"https:\/\/api.w.org\/{rel}","templated":true}]}}