{"id":5495,"date":"2022-09-07T17:08:39","date_gmt":"2022-09-07T15:08:39","guid":{"rendered":"http:\/\/skalickyobzor.sk\/cms\/?p=5495"},"modified":"2025-01-31T00:20:44","modified_gmt":"2025-01-30T23:20:44","slug":"vazena-pani-primatorka-vazeni-poslanci-37","status":"publish","type":"post","link":"http:\/\/skalickyobzor.sk\/cms\/vazena-pani-primatorka-vazeni-poslanci-37\/","title":{"rendered":"V\u00e1\u017een\u00e1 pani prim\u00e1torka, v\u00e1\u017een\u00ed poslanci!"},"content":{"rendered":"<p>Ako v\u0161etci vieme, v\u00a0okt\u00f3bri tohto roku kon\u010d\u00ed \u010fal\u0161ie volebn\u00e9 obdobie. To prin\u00e1\u0161a teraj\u0161iemu zastupite\u013estvu i\u00a0posledn\u00fa mo\u017enos\u0165 vyu\u017ei\u0165 na svoje vyjadrenia priestor aj v\u00a0Obzore. A\u00a0pr\u00e1ve toho sa t\u00fdkaj\u00fa aj na\u0161e ot\u00e1zky:<\/p>\n<p><strong>1. Ako hodnot\u00edte zo svojho poh\u013eadu uplynul\u00e9 volebn\u00e9 obdobie?<\/strong><br \/>\n<strong>2. Rozhodli ste sa kandidova\u0165 aj v\u00a0nast\u00e1vaj\u00facom volebnom obdob\u00ed?<\/strong><br \/>\n<strong>3. Ak \u00e1no, na ak\u00fd post a\u00a0pre\u010do?<\/strong><\/p>\n<p>\u010eakujem v\u0161etk\u00fdm, prim\u00e1torke i\u00a0poslancom, za ich pr\u00e1cu v\u00a0tomto volebnom obdob\u00ed a\u00a0za ochotu odpoveda\u0165 na ot\u00e1zky ob\u010danov. Komunik\u00e1cia z\u00e1stupcov s\u00a0ob\u010danmi je z\u00e1kladom spolupr\u00e1ce. Mieru ochoty komunikova\u0165 s\u00a0nami u\u00a0ka\u017ed\u00e9ho jedn\u00e9ho najlep\u0161ie vyjadruj\u00fa percent\u00e1 pod fotografiami.<\/p>\n<p>Na z\u00e1ver \u017eel\u00e1m n\u00e1m v\u0161etk\u00fdm voli\u010dom \u0161\u0165astn\u00fa ruku pri vhadzovan\u00ed volebn\u00fdch l\u00edstkov do volebn\u00fdch urien. Nezabudnime, \u017ee bez spolupr\u00e1ce\u00a0ob\u010danov so z\u00e1stupcami oni sami \u0165a\u017eko nie\u010do dosiahnu. Ak m\u00e1me potrebu kritizova\u0165 \u2013 kritizujme, av\u0161ak kon\u0161trukt\u00edvne a\u00a0nerozde\u013eujme na\u0161imi n\u00e1zormi a\u00a0sp\u00f4sobom vyjadrovania skalick\u00fa spolo\u010dnos\u0165. Neprospeje to nikomu z\u00a0n\u00e1s. Chceme predsa \u017ei\u0165 v\u00a0na\u0161om meste v\u00a0pokoji a\u00a0porozumen\u00ed, tak nezab\u00fadajme, \u017ee m\u00e1me v\u0161etci, ob\u010dania i\u00a0zastupitelia, rovnak\u00fd cie\u013e \u2013 zve\u013ea\u010fova\u0165 Skalicu. A\u00a0ten cie\u013e je nad na\u0161e ego a\u00a0osobn\u00e9 z\u00e1ujmy.<\/p>\n<p><em>\u017delm\u00edra Mach\u00e1\u010dkov\u00e1<\/em><\/p>\n<hr \/>\n<h2>ODPOVEDE PRIM\u00c1TORKY A\u00a0POSLANCOV<\/h2>\n<p>1.-3. Podarilo sa n\u00e1m pripravi\u0165 a\u00a0zrealizova\u0165 mno\u017estvo z\u00e1sadn\u00fdch projektov. Regenerujeme dva vn\u00fatrobloky, staviame ihrisk\u00e1, opravujeme chodn\u00edky, cesty a\u00a0parkovisk\u00e1, vynovujeme \u0161k\u00f4lky, budujeme vinohrad, za\u010d\u00edname stava\u0165 cyklotrasu Skalica \u2013 Hol\u00ed\u010d a\u00a0pripravili sme fin\u00e1lny projekt \u0161portovej haly, projekt roz\u0161\u00edrenia Ba\u0165ovho kan\u00e1lu a\u00a0H\u00e1jka. Do najbli\u017e\u0161\u00edch volieb kandidujem op\u00e4tovne, aby sme dokon\u010dili za\u010dat\u00e9 projekty a\u00a0pokra\u010dovali v\u00a0efekt\u00edvnom riaden\u00ed mesta. Skalica po\u010das m\u00f4jho p\u00f4sobenia z\u00edskala aj ocenenie za efekt\u00edvne spravovanie financi\u00ed a\u00a0je mojou povinnos\u0165ou pokra\u010dova\u0165 v\u00a0tom aj na\u010falej. Sme d\u00f4kazom toho, \u017ee mesto sa d\u00e1 riadi\u0165 kvalitne, efekt\u00edvne a\u00a0bez korupcie.<br \/>\n<strong>Anna Mierna<\/strong><\/p>\n<p>1. Hodnot\u00edm ho ako jedno z\u00a0naj\u0165a\u017e\u0161\u00edch za posledn\u00fdch dvan\u00e1s\u0165 rokov, turbulentn\u00e9 udalosti, od zmeny z\u00e1stupcu, cez vetern\u00fa v\u00edchricu, pand\u00e9miu, torn\u00e1do u\u00a0susedov a\u017e po vojnov\u00fd konflikt. V\u0161etko sa v\u00a0tomto obdob\u00ed dotklo n\u00e1\u0161ho mesta. \u00daspe\u0161n\u00fdch bolo ve\u013ea mal\u00fdch aj v\u00e4\u010d\u0161\u00edch projektov \u2013 od \u0161portov\u00edsk, kult\u00farnych pamiatok, ihr\u00edsk, ciest a\u00a0chodn\u00edkov a\u017e po mimoriadny projekt mestsk\u00e9ho vinohradu. Pri v\u0161etk\u00fdch sme sa stretli so skvel\u00fdmi \u013eu\u010fmi z\u00a0mesta, odborn\u00edkmi, ale aj kritikmi a\u00a0opa\u010dn\u00fdmi n\u00e1zormi. Za v\u0161etku spolupr\u00e1cu \u010fakujem, bolo to n\u00e1ro\u010dn\u00e9. S\u00fa aj projekty, ktor\u00e9 ost\u00e1vaj\u00fa otvoren\u00e9 a\u00a0treba ich dokon\u010di\u0165, aj preto chcem pokra\u010dova\u0165 \u010falej.<br \/>\n2. \u00c1no<br \/>\n3. Budem sa uch\u00e1dza\u0165 o\u00a0post poslankyne v\u00a0mestskom zastupite\u013estve v\u00a0Skalici a\u00a0v\u00a0krajskom zastupite\u013estve TTSK. Poslancovanie je slu\u017eba \u013eu\u010fom, ochota po\u010d\u00fava\u0165 a\u00a0ma\u0165 porozumenie pre potreby \u013eud\u00ed. M\u00e1m chu\u0165 aj energiu sa na\u010falej stara\u0165, aby Skalica a\u00a0jej okolie bolo bezpe\u010dn\u00fdm domovom.<br \/>\n<strong>Veronika Buc<\/strong><\/p>\n<p>1. Ako ve\u013emi turbulentn\u00e9, hne\u010f v\u00a0\u00favode sme rie\u0161ili rel\u00edzing \u0161koly na Str\u00e1\u017enickej ulici a\u00a0klientsk\u00e9 centrum v\u00a0Dome zdravia. H\u013eadali sme konsenzus \u010do ako prv\u00e9 zrekon\u0161truova\u0165, n\u00e1js\u0165 zdroje, pripravi\u0165 projekty a\u00a0realiz\u00e1ciu. V\u00a0tom pri\u0161la korona kr\u00edza a\u00a0ke\u010f sa zdalo, \u017ee sa to zlep\u0161uje, pri\u0161la vojna a\u00a0ute\u010denci z\u00a0Ukrajiny. Aj napriek tomu sme projekty postupne pripravili, realizovali a\u00a0postupne aj tento rok realizujeme (\u0160portov\u00e1, Hviezdoslavova, Clementisa, Predmestie, Tr\u00e1vniky-ihrisko, cyklotrasa Skalica \u2013 Hol\u00ed\u010d, strecha \u0161k\u00f4lky Clementisa, strecha na kultur\u00e1ku, &#8230;). S\u00fa to projekty, ktor\u00e9 sa pripravuj\u00fa dlh\u0161ie obdobie \u2013 \u010derpanie z\u00a0extern\u00fdch zdrojov (eurofondy, dot\u00e1cie, spolufinancovanie). A, samozrejme, sa pripravuj\u00fa aj projekty do \u010fal\u0161ieho obdobia (H\u00e1jek, Ba\u0165\u00e1k, mestsk\u00e1 b\u00fada, obnova chodn\u00edkov ako aj pr\u00edprava na cyklochodn\u00edky, ihrisk\u00e1).<br \/>\n2. \u00c1no<br \/>\n3. Ako poslanec. Chcem, aby sa n\u00e1m tu lep\u0161ie \u017eilo.<br \/>\n<strong>Adri\u00e1n Hertl<\/strong><\/p>\n<p>1. Napriek z\u00e1sahom do rozpo\u010dtu (napr\u00edklad covid, vratky za cyklotrasu 450 tis. eur, spor Kriv\u00e9 K\u00faty 140 tis. eur) sme dok\u00e1zali n\u00e1js\u0165 priestor na realizovanie invest\u00edci\u00ed (napr\u00edklad parkovisko Pod H\u00e1jkom, cesta pri zimnom \u0161tadi\u00f3ne). Po\u010das rokovan\u00ed sme, \u017eia\u013e, videli aj mnoho osobn\u00fdch \u00fatokov, ktor\u00e9 na obrazovky nepatria. Veci je potrebn\u00e9 rie\u0161i\u0165 pragmaticky, diskusiou na porad\u00e1ch poslancov.<br \/>\n2.-3. \u00c1no, ako poslanec mestsk\u00e9ho zastupite\u013estva. R\u00e1d by som i\u00a0na\u010falej aplikoval sk\u00fasenosti z\u00a0\u00faspe\u0161nej firmy aj v\u00a0samospr\u00e1ve, mal vplyv na smerovane mesta a\u00a0jeho finan\u010dn\u00fa kond\u00edciu, dohliadal na realiz\u00e1ciu u\u017e schv\u00e1len\u00fdch projektov (napr\u00edklad obnovu chodn\u00edkov, \u010das\u0165 Torn\u00e1do, Hviezdoslavova, \u0160portov\u00e1). Chcel by som na\u010falej obhajova\u0165 z\u00e1ujmy ob\u010danov a\u00a0mesta, nie z\u00e1ujmov\u00fdch skup\u00edn. \u010cakaj\u00fa n\u00e1s n\u00e1ro\u010dn\u00e9 rozhodnutia vzh\u013eadom na vysok\u00fa infl\u00e1ciu a\u00a0zdra\u017eovanie energi\u00ed, je potrebn\u00e9, aby v\u00a0takomto obdob\u00ed boli v\u00a0mestskom zastupite\u013estve aj poslanci, ktor\u00ed u\u017e sk\u00fasenosti s\u00a0fungovan\u00edm mesta maj\u00fa.<br \/>\n<strong>Martin Koj\u0161<\/strong><\/p>\n<p>1. Boj s\u00a0vetern\u00fdmi mlynmi, \u00e1 la Don Chichote, pozna\u010den\u00fd pandemick\u00fdmi opatreniami a\u00a0nezmyseln\u00fdmi rozhodnutiami na \u00farovni E\u00da, ale aj Slovenska. Presunut\u00edm povinnost\u00ed na samospr\u00e1vne celky, bez finan\u010dn\u00e9ho krytia, a\u00a0t\u00fdm vlastne na obyvate\u013eov. Liberalizmus prekro\u010dil svoje hranice a\u00a0nar\u00fa\u0161a fungovanie parlamentnej demokracie, ktor\u00e1 vlastne u\u00a0n\u00e1s u\u017e d\u00e1vno nefunguje, ani na n\u00e1rodnej, ani na region\u00e1lnej \u00farovni.<br \/>\n2. Nie.<br \/>\n<strong>Jozef Sk\u00e1la<\/strong><\/p>\n<hr \/>\n<p>Percent\u00e1 pri fotografii poslanca, poslankyne vyjadruj\u00fa, na ko\u013eko ot\u00e1zok poslanec od za\u010diatku volebn\u00e9ho obdobia odpovedal.<\/p>\n<div id=\"poslanci\">\n<div class=\"poslanec\">\n<div class=\"foto\"><img decoding=\"async\" src=\"http:\/\/skalickyobzor.sk\/cms\/wp-content\/uploads\/2019\/01\/anna_mierna.jpg\" \/><\/div>\n<div class=\"meno\">MIERNA Anna<\/div>\n<div class=\"percenta\">91%<\/div>\n<div class=\"odpoved\"><\/div>\n<\/div>\n<div class=\"poslanec\">\n<div class=\"foto\"><img decoding=\"async\" src=\"http:\/\/skalickyobzor.sk\/cms\/wp-content\/uploads\/2017\/10\/fotka_poslanca.jpg\" \/><\/div>\n<div class=\"meno\">BAR\u00c1T \u013dudov\u00edt<\/div>\n<div class=\"percenta\">10%<\/div>\n<div class=\"odpoved\"><\/div>\n<\/div>\n<div class=\"poslanec\">\n<div class=\"foto\"><img decoding=\"async\" src=\"http:\/\/skalickyobzor.sk\/cms\/wp-content\/uploads\/2021\/12\/matej_bellay.jpg\" \/><\/div>\n<div class=\"meno\">BELLAY Matej<\/div>\n<div class=\"percenta\">98%<\/div>\n<div class=\"odpoved\"><\/div>\n<\/div>\n<div class=\"poslanec\">\n<div class=\"foto\"><img decoding=\"async\" src=\"http:\/\/skalickyobzor.sk\/cms\/wp-content\/uploads\/2019\/01\/veronika_hanzalikova.jpg\" \/><\/div>\n<div class=\"meno\">BUC Veronika<\/div>\n<div class=\"percenta\">91%<\/div>\n<div class=\"odpoved\"><\/div>\n<\/div>\n<div class=\"poslanec\">\n<div class=\"foto\"><img decoding=\"async\" src=\"http:\/\/skalickyobzor.sk\/cms\/wp-content\/uploads\/2019\/01\/lubica_buckova.jpg\" \/><\/div>\n<div class=\"meno\">BU\u010cKOV\u00c1 \u013dubica<\/div>\n<div class=\"percenta\">63%<\/div>\n<div class=\"odpoved\"><\/div>\n<\/div>\n<div class=\"poslanec\">\n<div class=\"foto\"><img decoding=\"async\" src=\"http:\/\/skalickyobzor.sk\/cms\/wp-content\/uploads\/2019\/01\/adrian_hertl.jpg\" \/><\/div>\n<div class=\"meno\">HERTL Adri\u00e1n<\/div>\n<div class=\"percenta\">100%<\/div>\n<div class=\"odpoved\"><\/div>\n<\/div>\n<div class=\"poslanec\">\n<div class=\"foto\"><img decoding=\"async\" src=\"http:\/\/skalickyobzor.sk\/cms\/wp-content\/uploads\/2019\/01\/miroslav_hornak.jpg\" \/><\/div>\n<div class=\"meno\">HOR\u0147\u00c1K Miroslav<\/div>\n<div class=\"percenta\">69%<\/div>\n<div class=\"odpoved\"><\/div>\n<\/div>\n<div class=\"poslanec\">\n<div class=\"foto\"><img decoding=\"async\" src=\"http:\/\/skalickyobzor.sk\/cms\/wp-content\/uploads\/2019\/02\/vladislav_hornak.jpg\" \/><\/div>\n<div class=\"meno\">HOR\u0147\u00c1K Vladislav<\/div>\n<div class=\"percenta\">23%<\/div>\n<div class=\"odpoved\"><\/div>\n<\/div>\n<div class=\"poslanec\">\n<div class=\"foto\"><img decoding=\"async\" src=\"http:\/\/skalickyobzor.sk\/cms\/wp-content\/uploads\/2019\/01\/katarina_chovancova.jpg\" \/><\/div>\n<div class=\"meno\">CHOVANCOV\u00c1 Katar\u00edna<\/div>\n<div class=\"percenta\">63%<\/div>\n<div class=\"odpoved\"><\/div>\n<\/div>\n<div class=\"poslanec\">\n<div class=\"foto\"><img decoding=\"async\" src=\"http:\/\/skalickyobzor.sk\/cms\/wp-content\/uploads\/2017\/10\/martin_kojs.jpg\" \/><\/div>\n<div class=\"meno\">KOJ\u0160 Martin<\/div>\n<div class=\"percenta\">73%<\/div>\n<div class=\"odpoved\"><\/div>\n<\/div>\n<div class=\"poslanec\">\n<div class=\"foto\"><img decoding=\"async\" src=\"http:\/\/skalickyobzor.sk\/cms\/wp-content\/uploads\/2017\/10\/fotka_poslanca.jpg\" \/><\/div>\n<div class=\"meno\">KO\u0160\u00cdK Peter<\/div>\n<div class=\"percenta\">21%<\/div>\n<div class=\"odpoved\"><\/div>\n<\/div>\n<div class=\"poslanec\">\n<div class=\"foto\"><img decoding=\"async\" src=\"http:\/\/skalickyobzor.sk\/cms\/wp-content\/uploads\/2019\/01\/miroslav_lipovsky.jpg\" \/><\/div>\n<div class=\"meno\">LIPOVSK\u00dd Miroslav<\/div>\n<div class=\"percenta\">31%<\/div>\n<div class=\"odpoved\"><\/div>\n<\/div>\n<div class=\"poslanec\">\n<div class=\"foto\"><img decoding=\"async\" src=\"http:\/\/skalickyobzor.sk\/cms\/wp-content\/uploads\/2017\/10\/anna_ozabalova.jpg\" \/><\/div>\n<div class=\"meno\">OZ\u00c1BALOV\u00c1 Anna<\/div>\n<div class=\"percenta\">98%<\/div>\n<div class=\"odpoved\"><\/div>\n<\/div>\n<div class=\"poslanec\">\n<div class=\"foto\"><img decoding=\"async\" src=\"http:\/\/skalickyobzor.sk\/cms\/wp-content\/uploads\/2017\/12\/peter_pagac.jpg\" \/><\/div>\n<div class=\"meno\">PAG\u00c1\u010c Peter<\/div>\n<div class=\"percenta\">4%<\/div>\n<div class=\"odpoved\"><\/div>\n<\/div>\n<div class=\"poslanec\">\n<div class=\"foto\"><img decoding=\"async\" src=\"http:\/\/skalickyobzor.sk\/cms\/wp-content\/uploads\/2019\/01\/zigmund_palffy.jpg\" \/><\/div>\n<div class=\"meno\">P\u00c1LFFY \u017digmund<\/div>\n<div class=\"percenta\">39%<\/div>\n<div class=\"odpoved\"><\/div>\n<\/div>\n<div class=\"poslanec\">\n<div class=\"foto\"><img decoding=\"async\" src=\"http:\/\/skalickyobzor.sk\/cms\/wp-content\/uploads\/2019\/01\/erik_rangl.jpg\" \/><\/div>\n<div class=\"meno\">RANGL Erik<\/div>\n<div class=\"percenta\">27%<\/div>\n<div class=\"odpoved\"><\/div>\n<\/div>\n<div class=\"poslanec\">\n<div class=\"foto\"><img decoding=\"async\" src=\"http:\/\/skalickyobzor.sk\/cms\/wp-content\/uploads\/2017\/10\/jana_rekosova.jpg\" \/><\/div>\n<div class=\"meno\">REKO\u0160OV\u00c1 Jana<\/div>\n<div class=\"percenta\">80%<\/div>\n<div class=\"odpoved\"><\/div>\n<\/div>\n<div class=\"poslanec\">\n<div class=\"foto\"><img decoding=\"async\" src=\"http:\/\/skalickyobzor.sk\/cms\/wp-content\/uploads\/2017\/10\/fotka_poslanca.jpg\" \/><\/div>\n<div class=\"meno\">ROMAN Milan<\/div>\n<div class=\"percenta\">10%<\/div>\n<div class=\"odpoved\"><\/div>\n<\/div>\n<div class=\"poslanec\">\n<div class=\"foto\"><img decoding=\"async\" src=\"http:\/\/skalickyobzor.sk\/cms\/wp-content\/uploads\/2019\/01\/jozef_skala.jpg\" \/><\/div>\n<div class=\"meno\">SK\u00c1LA Jozef<\/div>\n<div class=\"percenta\">75%<\/div>\n<div class=\"odpoved\"><\/div>\n<\/div>\n<div class=\"poslanec\">\n<div class=\"foto\"><img decoding=\"async\" src=\"http:\/\/skalickyobzor.sk\/cms\/wp-content\/uploads\/2017\/10\/fotka_poslanca.jpg\" \/><\/div>\n<div class=\"meno\">\u0160ANTAV\u00dd Rudolf<\/div>\n<div class=\"percenta\">0%<\/div>\n<div class=\"odpoved\"><\/div>\n<\/div>\n<\/div>\n","protected":false},"excerpt":{"rendered":"<div class=\"mh-excerpt\"><p>Ako v\u0161etci vieme, v\u00a0okt\u00f3bri tohto roku kon\u010d\u00ed \u010fal\u0161ie volebn\u00e9 obdobie. To prin\u00e1\u0161a teraj\u0161iemu zastupite\u013estvu i\u00a0posledn\u00fa mo\u017enos\u0165 vyu\u017ei\u0165 na svoje vyjadrenia priestor aj v\u00a0Obzore. A\u00a0pr\u00e1ve toho sa t\u00fdkaj\u00fa aj na\u0161e ot\u00e1zky: 1. Ako hodnot\u00edte zo svojho <a class=\"mh-excerpt-more\" href=\"http:\/\/skalickyobzor.sk\/cms\/vazena-pani-primatorka-vazeni-poslanci-37\/\" title=\"V\u00e1\u017een\u00e1 pani prim\u00e1torka, v\u00e1\u017een\u00ed poslanci!\">[&#8230;]<\/a><\/p>\n<\/div>","protected":false},"author":1,"featured_media":239,"comment_status":"closed","ping_status":"closed","sticky":false,"template":"","format":"standard","meta":{"footnotes":""},"categories":[9],"tags":[],"class_list":{"0":"post-5495","1":"post","2":"type-post","3":"status-publish","4":"format-standard","5":"has-post-thumbnail","7":"category-vazeni-poslanci"},"_links":{"self":[{"href":"http:\/\/skalickyobzor.sk\/cms\/wp-json\/wp\/v2\/posts\/5495","targetHints":{"allow":["GET"]}}],"collection":[{"href":"http:\/\/skalickyobzor.sk\/cms\/wp-json\/wp\/v2\/posts"}],"about":[{"href":"http:\/\/skalickyobzor.sk\/cms\/wp-json\/wp\/v2\/types\/post"}],"author":[{"embeddable":true,"href":"http:\/\/skalickyobzor.sk\/cms\/wp-json\/wp\/v2\/users\/1"}],"replies":[{"embeddable":true,"href":"http:\/\/skalickyobzor.sk\/cms\/wp-json\/wp\/v2\/comments?post=5495"}],"version-history":[{"count":1,"href":"http:\/\/skalickyobzor.sk\/cms\/wp-json\/wp\/v2\/posts\/5495\/revisions"}],"predecessor-version":[{"id":5496,"href":"http:\/\/skalickyobzor.sk\/cms\/wp-json\/wp\/v2\/posts\/5495\/revisions\/5496"}],"wp:featuredmedia":[{"embeddable":true,"href":"http:\/\/skalickyobzor.sk\/cms\/wp-json\/wp\/v2\/media\/239"}],"wp:attachment":[{"href":"http:\/\/skalickyobzor.sk\/cms\/wp-json\/wp\/v2\/media?parent=5495"}],"wp:term":[{"taxonomy":"category","embeddable":true,"href":"http:\/\/skalickyobzor.sk\/cms\/wp-json\/wp\/v2\/categories?post=5495"},{"taxonomy":"post_tag","embeddable":true,"href":"http:\/\/skalickyobzor.sk\/cms\/wp-json\/wp\/v2\/tags?post=5495"}],"curies":[{"name":"wp","href":"https:\/\/api.w.org\/{rel}","templated":true}]}}