{"id":55,"date":"2017-11-01T00:12:46","date_gmt":"2017-10-31T23:12:46","guid":{"rendered":"http:\/\/skalickyobzor.sk\/cms\/?p=55"},"modified":"2017-10-31T23:12:43","modified_gmt":"2017-10-31T22:12:43","slug":"ozenit-sa-to-neni-enom-tak","status":"publish","type":"post","link":"http:\/\/skalickyobzor.sk\/cms\/ozenit-sa-to-neni-enom-tak\/","title":{"rendered":"O\u017eenit sa, to ne\u0148i enom tak&#8230;"},"content":{"rendered":"<p><strong>\u00a0\u201eNa\u0161\u00e9mu tatovi bilo dobre, ket sa \u017ee\u0148il. On si bral na\u0161u mamu a j\u00e1 si m\u00e1m vz\u00edt cuz\u00ed \u017eensk\u00fa?&#8230;\u201c Tata mi za mladi r\u00edk\u00e1val: \u201eChlap\u010de, neboj sa \u0148ikoho a \u0148i\u010deho, enom sa mjej na pozori pret ko\u0148sk\u00edm zadkem a \u017eensk\u00edm predkem.\u201c<\/strong><\/p>\n<p><!--more--><\/p>\n<p>Neb\u00f3j\u00edm sa \u0148i\u010deho, enom P\u00e1na Boha a mi\u0161k\u00e9ra! Ti druh\u00e9 radi sem neposlechel. Jak \u0161kol\u00e1ka mja koplo hr\u00edbja na ces\u0165e i\u010fa ze \u0161koli s kamar\u00e1dama dom, pred luter\u00e1nsk\u00fa f\u00e1r\u00fa, a ket sem bil vje\u010d\u0161\u00ed, tak sem neposlechel a\u0148i t\u00fa druh\u00fa radu, neb\u00f3j\u00edm sa \u017eensk\u00edch dof\u010d\u00edl a nebanuju teho. Nev\u00edm, jak prob\u00edhali sva\u010fbi v minul\u00e9m obdob\u00ed, na ker\u00e9 si nepamat\u00e1m, kedi sem nebil na svje\u0165e. Na za\u017elutl\u00edch podobenk\u00e1ch z dob, kedi bili moji ro\u010fi\u010d\u00e9 mal\u00ed, potom trochu vje\u010d\u0161\u00ed, je vi\u010fet, \u017ee sva\u010fba bila \u010ficki mimor\u00e1d\u0148\u00ed a slavnost\u0148\u00ed \u00fadalos\u0165.<\/p>\n<p>Pjek\u0148e nastr\u00f3je\u0148\u00ed chlapi, podl\u00e9 teho jak\u00e9 mjeli mo\u017enos\u0165i a postave\u0148\u00ed, neker\u00e9 \u017eeni \u201epo sedl\u00e1cki\u201c v kr\u00e1sn\u00edch slavnost\u0148\u00edch suk\u0148\u00e1ch, jupk\u00e1ch, lajbloch, viglancovan\u00edch top\u00e1nk\u00e1ch, leskl\u00e9 fjertochi a vidat\u00e9 \u017eeni mjeli na hlav\u00e1ch prekr\u00e1sn\u00e9 \u010depce. Ti \u017eeni, ker\u00e9 cho\u010fili \u201epo panski\u201c, mjeli na hlav\u00e1ch r\u00fazn\u00e9 klob\u00fa\u010dki, na top\u00e1nk\u00e1ch ma\u0161le a in\u0161\u00ed ozdobi a mlad\u00e9 \u010fef\u010data bili v \u010fef\u010densk\u00edch krojoch alebo f \u0161at\u00e1ch.<\/p>\n<p>Na neker\u00edch \u010feck\u00e1ch bilo vi\u010fet, \u017ee kab\u00e1ti mjeli po star\u0161\u00edch, lebo ruk\u00e1vi mjeli o neco del\u0161\u00ed jak ruki. Stare\u010dk\u00e9 mjeli svoje v\u0148\u00fa\u010data pri sebje alebo f kl\u00ed\u0148e. Nepamatuju sa, \u017ee bi po 2. svjetovej voj\u0148e b\u00edvali sob\u00e1\u0161e Sva\u010fbi sa odjak\u017eiva nekonali f sobotu. Str\u00edc Ferenc Buchta, najzn\u00e1mje\u0161\u00ed, a misl\u00edm aj najlep\u0161\u00ed dru\u017eba, vipr\u00e1vjali, \u017ee sob\u00e1\u0161e b\u00edvali f sedl\u00e1ck\u00edch ro\u010fin\u00e1ch f pon\u010feli, \u00fater\u00ed a nekedi aj cel\u00ed t\u00edde\u0148 a remes\u0148\u00edci, ti bili sn\u00e1t o neco chudob\u0148ej\u0161\u00ed, ti m\u00edvali sva\u010fbi v ne\u010felu a po ne\u010feli. v in\u0161\u00ed d\u0148i, jak f sobotu.<\/p>\n<p>A\u0161 pades\u00e1t\u00e9 roki don\u00e9sli zmjeni aj f temto. Sob\u00e1\u0161 bil \u0161t\u00e1tem uzn\u00e1van\u00ed enom civil\u0148\u00ed, moseli sa brat na \u00fara\u010fe a potom mohel bit aj sob\u00e1\u0161 cirkev\u0148\u00ed. Tak sa st\u00e1valo, \u017ee civil\u0148\u00ed sob\u00e1\u0161 bil ve f\u0161ed\u0148\u00ed de\u0148 a cirkev\u0148\u00ed f sobotu.<\/p>\n<h3>E\u0160\u010cE PRED SVADEBN\u00cdM D\u0147EM<\/h3>\n<p>Ta\u0165i, mami, budu sa vid\u00e1vat alebo \u017ee\u0148it. Tak to nejak doma zvjestuj\u00fa ro\u010fi\u010dom nevjesta a \u017ee\u0148ich. Nekedi s\u00fa ro\u010fi\u010d\u00e9 prekvape\u0148\u00ed, k\u00f3r ftedi, ket to ne\u010dekali. Optaj\u00fa sa pro\u010d? Pro\u010d tak nar\u00e1z? A \u010di sa mos\u00e1 brat? Inokedi s\u00fa na to ro\u010fi\u010d\u00e9 priprave\u0148\u00ed del\u0161\u00ed dobu a enom \u010dekaj\u00fa na vhodn\u00ed \u010das. Bu\u010f sa bud\u00fa brat ve fa\u0161ang alebo potom po Velkej noci do Katerini. Najhor\u0161\u00ed je to v l\u00e9\u0165e. F\u0161adi je horko, \u00eddla sa lachko skaz\u00e1, f\u0161adi je plno much a roboti \u2013 zelen\u00e1 robota ve vinohradoch, dojd\u00fa \u017e\u0148a a e\u0161\u010de sva\u010fba. Proto najv\u00edc svadeb, tich napl\u00e1novan\u00edch, b\u00edvalo zjara a potom na podzim.<\/p>\n<h3>SVADEBN\u00cd DE\u0147<\/h3>\n<p>Ml\u00e1denci sa ze\u0161li u dru\u017ebi, potom sa i\u0161lo do svadeb\u0148\u00edho domu nevjesti. Po po\u017eehn\u00e1\u0148\u00ed sa i\u0161lo na sob\u00e1\u0161. Po sob\u00e1\u0161i i\u0161li hos\u0165i dom, nakrmit hid, a o p\u00fal osmej sa zasedalo za svadeb\u0148\u00ed st\u00fal. Za\u010dalo sa modlidb\u00fa a prv\u0148\u00ed pjes\u0148i\u010dka bila \u201eNa rov\u00e1\u0161 mami\u010dko, na rov\u00e1\u0161.\u201c<\/p>\n<p>Pod\u00e1va\u0148\u00ed \u00eddel mjelo presn\u00fd por\u00e1dek a ke ka\u017ed\u00e9mi \u00eddlu sa sp\u00edvalo a aj pilo. Ka\u017ed\u00ed hos\u0165 mjel mo\u017enost zasp\u00edvat si, ide p\u00edse\u0148 dokola. Se\u010felo sa za stolama a\u017e do za\u010depe\u0148\u00e1 nevjesti. Potom sa stole vin\u00e9sli a do r\u00e1na sa lud\u00e9 bavili. Hr\u00e1li sa r\u00fazn\u00e9 hri a u\u010dili sa svadeb\u0148\u00ed tance. Dneskaj u\u017e to tak ne\u0148\u00ed.<\/p>\n<p>Muzikan\u0165i vimreli, ani dne\u0161\u0148\u00ed dru\u017eb\u00e9 na m\u00f3res tak nedbaj\u00fa. Sva\u010fba pokra\u010dovala napoled\u0148e v ne\u010felu. Nevjestu a \u017ee\u0148icha nahra\u010fili najstar\u0161\u00ed dr\u00fa\u017eka s ml\u00e1dencem. To u\u017e nebilo pres\u0148e tak, jak v sobotu, ale z\u00e1bava bila pjekn\u00e1. Vim\u00ed\u0161lali sa v\u0161elijak\u00e9 hri, srandi bilo kopec .<\/p>\n<p>Velice z\u00e1bavn\u0148\u00ed bilo \u201erum cum cum\u201c. Za\u010dalo to pjes\u0148i\u010dk\u00fa \u201eVe Skalici verbuj\u00fa\u201c, a gdo sa dal naverbovat, mosel pl\u0148it roskaze dru\u017ebi. Ten rekel, gdo je naverbovan\u00ed, tak gdo ne\u010fel\u00e1 to co j\u00e1, pla\u0165\u00ed litr v\u00edna muzikantom. Sp\u00edvalo sa: \u201eNejsu pr\u00edtel smutnosti, m\u00e1m r\u00e1d, ket sa sp\u00edv\u00e1, gdo ne\u010fel\u00e1 to co j\u00e1, pla\u0165\u00ed litr v\u00edna!\u201c a tak sa poviv\u00e1\u010fali f\u0161elijak\u00e9 somarini. Sva\u010fba sa ukon\u010dila pjesni\u010dkama a po\u010fekova\u0148\u00edm.<\/p>\n<p>Prv\u0148\u00ed sa sp\u00edvalo \u201eZelenaj sa zelenaj\u201c, a potom \u201eSp\u00e1nem bohem, idem od v\u00e1s\u201c. Gdo bude scet vje\u010fet o sva\u010fbje vjec, bude si moci zaobstarat novo vidan\u00fa k\u0148i\u017eku \u201eNa skalickej svadbje\u201c.<\/p>\n","protected":false},"excerpt":{"rendered":"<div class=\"mh-excerpt\"><p>\u00a0\u201eNa\u0161\u00e9mu tatovi bilo dobre, ket sa \u017ee\u0148il. On si bral na\u0161u mamu a j\u00e1 si m\u00e1m vz\u00edt cuz\u00ed \u017eensk\u00fa?&#8230;\u201c Tata mi za mladi r\u00edk\u00e1val: \u201eChlap\u010de, neboj sa \u0148ikoho a \u0148i\u010deho, enom sa mjej na pozori <a class=\"mh-excerpt-more\" href=\"http:\/\/skalickyobzor.sk\/cms\/ozenit-sa-to-neni-enom-tak\/\" title=\"O\u017eenit sa, to ne\u0148i enom tak&#8230;\">[&#8230;]<\/a><\/p>\n<\/div>","protected":false},"author":12,"featured_media":27,"comment_status":"closed","ping_status":"closed","sticky":false,"template":"","format":"standard","meta":{"footnotes":""},"categories":[4],"tags":[],"class_list":{"0":"post-55","1":"post","2":"type-post","3":"status-publish","4":"format-standard","5":"has-post-thumbnail","7":"category-ja-su-ze-skalice"},"_links":{"self":[{"href":"http:\/\/skalickyobzor.sk\/cms\/wp-json\/wp\/v2\/posts\/55","targetHints":{"allow":["GET"]}}],"collection":[{"href":"http:\/\/skalickyobzor.sk\/cms\/wp-json\/wp\/v2\/posts"}],"about":[{"href":"http:\/\/skalickyobzor.sk\/cms\/wp-json\/wp\/v2\/types\/post"}],"author":[{"embeddable":true,"href":"http:\/\/skalickyobzor.sk\/cms\/wp-json\/wp\/v2\/users\/12"}],"replies":[{"embeddable":true,"href":"http:\/\/skalickyobzor.sk\/cms\/wp-json\/wp\/v2\/comments?post=55"}],"version-history":[{"count":2,"href":"http:\/\/skalickyobzor.sk\/cms\/wp-json\/wp\/v2\/posts\/55\/revisions"}],"predecessor-version":[{"id":67,"href":"http:\/\/skalickyobzor.sk\/cms\/wp-json\/wp\/v2\/posts\/55\/revisions\/67"}],"wp:featuredmedia":[{"embeddable":true,"href":"http:\/\/skalickyobzor.sk\/cms\/wp-json\/wp\/v2\/media\/27"}],"wp:attachment":[{"href":"http:\/\/skalickyobzor.sk\/cms\/wp-json\/wp\/v2\/media?parent=55"}],"wp:term":[{"taxonomy":"category","embeddable":true,"href":"http:\/\/skalickyobzor.sk\/cms\/wp-json\/wp\/v2\/categories?post=55"},{"taxonomy":"post_tag","embeddable":true,"href":"http:\/\/skalickyobzor.sk\/cms\/wp-json\/wp\/v2\/tags?post=55"}],"curies":[{"name":"wp","href":"https:\/\/api.w.org\/{rel}","templated":true}]}}