{"id":5509,"date":"2022-09-07T17:10:34","date_gmt":"2022-09-07T15:10:34","guid":{"rendered":"http:\/\/skalickyobzor.sk\/cms\/?p=5509"},"modified":"2025-01-31T00:19:44","modified_gmt":"2025-01-30T23:19:44","slug":"zidovska-obec-v-skalickej-historii","status":"publish","type":"post","link":"http:\/\/skalickyobzor.sk\/cms\/zidovska-obec-v-skalickej-historii\/","title":{"rendered":"\u017didovsk\u00e1 obec v Skalickej hist\u00f3rii"},"content":{"rendered":"<p>Os\u00eddlenie Skalice \u017eidovsk\u00fdm obyvate\u013estvom sa datuje od neskor\u00e9ho stredoveku. Existencia n\u00e1bo\u017eenskej obce je dolo\u017een\u00e1 u\u017e v 14. storo\u010d\u00ed a nieko\u013eko \u017eidovsk\u00fdch obchodn\u00edkov sa spom\u00edna v listin\u00e1ch z roku 1406. V roku 1453 prepukli v meste proti\u017eidovsk\u00e9 nepokoje, miestni obyvatelia fyzicky napadli \u017eidov, podp\u00e1lili a plienili ich domy, zdevastovali \u017eidovsk\u00fd cintor\u00edn. Pod\u013ea listiny z roku 1699 sa \u017eidovsk\u00ed obchodn\u00edci zo Skalice v\u00fdznamne podie\u013eali na prevoze tovaru medzi Uhorskom, Moravou a\u00a0\u010ceskom. Magistr\u00e1t mesta Skalica z\u00a0rokov 1676, 1677 a\u00a01701 zaznamenal snahu me\u0161\u0165anov o\u00a0vypovedanie \u017eidov z\u00a0mesta. V\u00a0roku 1746 bolo v\u00a0Skalici evidovan\u00fdch 12 \u017eidovsk\u00fdch da\u0148ovn\u00edkov a\u00a0celkom 63 os\u00f4b. \u017didovsk\u00e1 komunita si v\u00a0roku 1781 zalo\u017eila vlastn\u00fa \u0161kolu. V\u00a0roku 1784 bolo v\u00a0meste 23 \u017eidovsk\u00fdch dom\u00e1cnost\u00ed, spolu 115 os\u00f4b. V\u00a019. storo\u010d\u00ed sa \u017eidovsk\u00e1 komunita na\u010falej rozv\u00edjala a\u00a0n\u00e1bo\u017eensk\u00e1 obec zve\u013ea\u010fovala, koncom \u0161es\u0165desiatych rokov v\u00a0meste \u017eilo 260 \u017eidov. Pri s\u010d\u00edtan\u00ed \u013eudu v\u00a0roku 1930 sa 51 percent \u017eidov prihl\u00e1silo k\u00a0\u017eidovskej n\u00e1rodnosti a\u00a0zvy\u0161ok k\u00a0\u010deskoslovenskej n\u00e1rodnosti. Od za\u010diatku 20. storo\u010dia do konca tridsiatych rokov (1940) prech\u00e1dzalo spolu\u017eitie ostatn\u00fdch obyvate\u013eov Slovenska s\u00a0pr\u00edslu\u0161n\u00edkmi \u017eidovskej komunity viacer\u00fdmi f\u00e1zami.<\/p>\n<h3>ZA\u010cIATOK KONCA<\/h3>\n<p>D\u0148a 9. septembra 1941 vydal Slovensk\u00fd \u0161t\u00e1t nariadenie o pr\u00e1vnom postaven\u00ed \u017eidov. \u201e\u017didovsk\u00fd k\u00f3dex\u201c ustanovil na Slovensku osobitn\u00fd pr\u00e1vny re\u017eim ob\u010danov \u017eidovsk\u00e9ho vierovyznania, ktor\u00ed n\u00edm stratili ob\u010dianske pr\u00e1va. V podstate stratili aj pr\u00e1vo na \u017eivot. Minim\u00e1lne na to, aby si mohli ur\u010dova\u0165 ak\u00fd bude. D\u0148a 25. marca 2022 uplynulo presne osemdesiat rokov od prv\u00e9ho \u017eidovsk\u00e9ho transportu z \u00fazemia Slovenska. Vlak odch\u00e1dzal z Popradu o 20.20 a transport tvorili len \u017eeny, ktor\u00e9 nastupovali do dvadsiatich piatich dobyt\u010d\u00edch vag\u00f3nov. Do ka\u017ed\u00e9ho ich nast\u00fapilo \u0161tyridsa\u0165. Transportu \u017eidov sa nevyhlo ani mesto Skalica&#8230;<\/p>\n<h3>NECHCEN\u00c9 DETI MESTA<\/h3>\n<p>Prv\u00e9 proti\u017eidovsk\u00e9 opatrenia boli zaveden\u00e9 po vyhl\u00e1sen\u00ed auton\u00f3mie Slovenska v okt\u00f3bri 1938. Antisemitizmus sa vyhrotil v proti\u017eidovsk\u00fdch demon\u0161tr\u00e1ci\u00e1ch, hesl\u00e1ch a rozb\u00edjan\u00ed okien na \u017eidovsk\u00fdch domoch. Po vzniku vojnov\u00e9ho Slovensk\u00e9ho \u0161t\u00e1tu sa Skalica nach\u00e1dzala v ochrannej z\u00f3ne nemeckej arm\u00e1dy. Proti\u017eidovsk\u00fd pr\u00fad v meste vyvrcholil po pr\u00edchode nemeck\u00e9ho vojska do mesta, ke\u010f si nemeck\u00ed vojaci nechali pred budovou okresn\u00e9ho \u00faradu um\u00fdva\u0165 aut\u00e1 skalick\u00fdmi \u017eidmi. Proti\u017eidovsk\u00e1 n\u00e1lada sa stup\u0148ovala spolu s opatreniami, ktor\u00e9 proti \u017eidom robila slovensk\u00e1 vl\u00e1da. \u017didia c\u00edtili, \u017ee sa proti\u017eidovsk\u00e1 politika bude vyostrova\u0165, a\u00a0sna\u017eili sa zachr\u00e1ni\u0165 r\u00f4znymi sp\u00f4sobmi. Niektor\u00ed sa pok\u00fa\u0161ali dosta\u0165 do cudziny, in\u00ed sa d\u00e1vali pokrsti\u0165. Nie z\u00a0vlastn\u00e9ho n\u00e1bo\u017eensk\u00e9ho presved\u010denia. ale iba pre to, aby sa \u201ezachr\u00e1nili\u201c. Takto bol pokrsten\u00fd \u017eid Viliam Klein, no jeho pokrstenie skalick\u00e1 verejnos\u0165 odsudzovala.<\/p>\n<figure id=\"attachment_5511\" aria-describedby=\"caption-attachment-5511\" style=\"width: 801px\" class=\"wp-caption aligncenter\"><img loading=\"lazy\" decoding=\"async\" class=\"size-full wp-image-5511\" src=\"http:\/\/skalickyobzor.sk\/cms\/wp-content\/uploads\/2022\/10\/1b-zbrojny-pas-Alex-Keppich.jpg\" alt=\"\" width=\"801\" height=\"380\" srcset=\"http:\/\/skalickyobzor.sk\/cms\/wp-content\/uploads\/2022\/10\/1b-zbrojny-pas-Alex-Keppich.jpg 801w, http:\/\/skalickyobzor.sk\/cms\/wp-content\/uploads\/2022\/10\/1b-zbrojny-pas-Alex-Keppich-300x142.jpg 300w, http:\/\/skalickyobzor.sk\/cms\/wp-content\/uploads\/2022\/10\/1b-zbrojny-pas-Alex-Keppich-768x364.jpg 768w\" sizes=\"auto, (max-width: 801px) 100vw, 801px\" \/><figcaption id=\"caption-attachment-5511\" class=\"wp-caption-text\">Zbrojn\u00fd list Alexandra Keppicha (zdroj O\u00da Skalica, \u0161k. \u010d. 474)<\/figcaption><\/figure>\n<h3>\u017dIVOT POD\u013dA K\u00d3DEXU<\/h3>\n<p>\u017didovsk\u00fd k\u00f3dex obsahoval 270 paragrafov a bol jedn\u00fdm z najkrutej\u0161\u00edch proti\u017eidovsk\u00fdch z\u00e1konov v Eur\u00f3pe. K\u00f3dex mo\u017eno rozdeli\u0165 do troch \u010dast\u00ed. Prv\u00e1 \u010das\u0165 obmedzila v\u0161etky z\u00e1kladn\u00e9 pr\u00e1va. Nasledovali osobn\u00e9 a domov\u00e9 prehliadky, \u017eidia a ich majetok podliehali pr\u00edsnej kontrole a evidencii, bolo zru\u0161en\u00e9 listov\u00e9 tajomstvo, vydan\u00fd z\u00e1kaz s\u0165ahovania, mohli nav\u0161tevova\u0165 len \u017eidovsk\u00e9 \u0161koly, mali z\u00e1kaz zamestnania v\u00a0\u0161t\u00e1tnych, hospod\u00e1rskych a\u00a0spolo\u010densk\u00fdch slu\u017eb\u00e1ch. Na uliciach museli nosi\u0165 vidite\u013en\u00e9 ozna\u010denie \u2013 \u017elt\u00fa hviezdu. V\u00fdnimku mali pod\u013ea vyhl\u00e1\u0161ky ministerstva vn\u00fatra zamestnan\u00ed \u017eidia. V\u00a0Skalici mali t\u00fato v\u00fdnimku Vojtech Klein a\u00a0Viliam Klein.<\/p>\n<figure id=\"attachment_5512\" aria-describedby=\"caption-attachment-5512\" style=\"width: 812px\" class=\"wp-caption aligncenter\"><img loading=\"lazy\" decoding=\"async\" class=\"size-full wp-image-5512\" src=\"http:\/\/skalickyobzor.sk\/cms\/wp-content\/uploads\/2022\/10\/3-zidovna-Dom-Ehrensteinovcov-v-Skalici-v-ktorom-vedenie-obce-zriadilo-byt-pre-rabina-a-modlitebnu-sluzil-spolku-Chevra-Kadisa.jpg\" alt=\"\" width=\"812\" height=\"592\" srcset=\"http:\/\/skalickyobzor.sk\/cms\/wp-content\/uploads\/2022\/10\/3-zidovna-Dom-Ehrensteinovcov-v-Skalici-v-ktorom-vedenie-obce-zriadilo-byt-pre-rabina-a-modlitebnu-sluzil-spolku-Chevra-Kadisa.jpg 812w, http:\/\/skalickyobzor.sk\/cms\/wp-content\/uploads\/2022\/10\/3-zidovna-Dom-Ehrensteinovcov-v-Skalici-v-ktorom-vedenie-obce-zriadilo-byt-pre-rabina-a-modlitebnu-sluzil-spolku-Chevra-Kadisa-300x219.jpg 300w, http:\/\/skalickyobzor.sk\/cms\/wp-content\/uploads\/2022\/10\/3-zidovna-Dom-Ehrensteinovcov-v-Skalici-v-ktorom-vedenie-obce-zriadilo-byt-pre-rabina-a-modlitebnu-sluzil-spolku-Chevra-Kadisa-768x560.jpg 768w\" sizes=\"auto, (max-width: 812px) 100vw, 812px\" \/><figcaption id=\"caption-attachment-5512\" class=\"wp-caption-text\">\u017didov\u0148a \u2013 Dom Ehrensteinovcov v\u00a0Skalici, v\u00a0ktorom vedenie obce zriadilo byt pre rab\u00edna a\u00a0modliteb\u0148u, sl\u00fa\u017eil spolku Chevra Kadi\u0161a (zdroj: Draho\u0161ov\u00e1, Viera a\u00a0kol.: Skalica. Skalica: Mesto Skalica v\u00a0spolupr\u00e1ci so Z\u00e1horsk\u00fdm m\u00fazeom v\u00a0Skalici, 2014, s. 727)<\/figcaption><\/figure>\n<p>Museli sa vys\u0165ahova\u0165 z\u00a0ur\u010dit\u00fdch \u010dast\u00ed miest a\u00a0obc\u00ed, bolo im zak\u00e1zan\u00e9 uzatv\u00e1ra\u0165 man\u017eelstv\u00e1 s\u00a0ne\u017eidmi. Taktie\u017e nemohli cestova\u0165 mimo svoje bydlisko alebo si museli poda\u0165 p\u00edsomn\u00fa \u017eiados\u0165. \u017didovsk\u00e9 podniky a\u00a0obchody museli by\u0165 ozna\u010den\u00e9 vidite\u013enou tabu\u013ekou \u017eidovsk\u00fd podnik, inak im hrozila pokuta p\u00e4\u0165 tis\u00edc slovensk\u00fdch kor\u00fan. Druh\u00e1 \u010das\u0165 k\u00f3dexu upravovala majetkovo pr\u00e1vne postavenie a\u00a0pod\u013ea toho im boli odobrat\u00e9 predmety osobn\u00e9ho vlastn\u00edctva. Tretia \u010das\u0165, najrozsiahlej\u0161ia, upravovala prevod \u017eidovsk\u00e9ho majetku do \u201e\u00e1rijsk\u00e9ho\u201c vlastn\u00edctva. Paragraf 255 a\u00a0256 umo\u017e\u0148oval prezidentovi republiky, aby udelil v\u00fdnimku. Niektor\u00ed \u017eidia dost\u00e1vali aj pracovn\u00e9 v\u00fdnimky, napr\u00edklad lek\u00e1ri, veterin\u00e1ri a\u00a0r\u00f4zni odborn\u00edci \u2013 hospod\u00e1rsky d\u00f4le\u017eit\u00e9 osoby. Za podanie \u017eiadosti o\u00a0v\u00fdnimku musel \u017eid plati\u0165 poplatok v\u00a0sume od sto do tis\u00edc kor\u00fan, v\u00a0z\u00e1vislosti od povolania \u2013 lek\u00e1ri platili sto, po\u013enohospod\u00e1ri tis\u00edc. Zo Skalice dostali tak\u00fato v\u00fdnimku mestsk\u00fd zverolek\u00e1r Vojtech Klein a\u00a0zub\u00e1r dr. Alexander Friedlieb s\u00a0rodinou.<\/p>\n<figure id=\"attachment_5513\" aria-describedby=\"caption-attachment-5513\" style=\"width: 599px\" class=\"wp-caption aligncenter\"><img loading=\"lazy\" decoding=\"async\" class=\"size-full wp-image-5513\" src=\"http:\/\/skalickyobzor.sk\/cms\/wp-content\/uploads\/2022\/10\/2-Nariadenie-zo-dna-9.-septembra-1941-o-pravnom-postaveni-Zidov-1.jpg\" alt=\"\" width=\"599\" height=\"836\" srcset=\"http:\/\/skalickyobzor.sk\/cms\/wp-content\/uploads\/2022\/10\/2-Nariadenie-zo-dna-9.-septembra-1941-o-pravnom-postaveni-Zidov-1.jpg 599w, http:\/\/skalickyobzor.sk\/cms\/wp-content\/uploads\/2022\/10\/2-Nariadenie-zo-dna-9.-septembra-1941-o-pravnom-postaveni-Zidov-1-215x300.jpg 215w\" sizes=\"auto, (max-width: 599px) 100vw, 599px\" \/><figcaption id=\"caption-attachment-5513\" class=\"wp-caption-text\">Tituln\u00e1 strana Nariadenia zo d\u0148a 9. septembra 1941 o\u00a0pr\u00e1vnom postaven\u00ed \u017didov (zdroj: O\u00da Skalica)<\/figcaption><\/figure>\n<h3>STRATEN\u00dd \u0160TAT\u00daT \u010cLOVEKA<\/h3>\n<p>\u017didia okrem toho mali aj zak\u00e1zan\u00e9 st\u00fdka\u0165 sa s\u00a0\u00e1rijcami (\u00e1rijec bol pod\u013ea rasistickej te\u00f3rie pr\u00edslu\u0161n\u00edk tzv. vy\u0161\u0161ej rasy, teda ne\u017eidovskej) a\u00a0zdr\u017eiava\u0165 sa na uliciach a\u00a0verejn\u00fdch priestoroch po dvadsiatejprvej hodine. Takto bol udan\u00fd napr\u00edklad Jakub Chlamta\u010d, ktor\u00fd sedel 17. augusta 1941 okolo dvadsiatej hodiny vo svojej izbe pri otvorenom okne, pri\u010dom okoloid\u00faceho Antona Salaya pristavil s\u00a0dotazom na sen\u00e1 na l\u00fakach. Rozpr\u00e1vali sa asi p\u00e4\u0165 min\u00fat. Pr\u00edpad bol vy\u0161etrovan\u00fd, Chlamta\u010d sa priznal, \u017ee sa spolu rozpr\u00e1vali, ale na svoju obhajobu tvrdil, \u017ee o\u00a0z\u00e1kaze styku s\u00a0\u00e1rijcami nevedel.<\/p>\n<p>Priestupku sa dopustila aj \u017eidovka Aur\u00e9lia Beinhackerov\u00e1, ktor\u00e1 si 21. j\u00fana 1941 v\u00a0rann\u00fdch hodin\u00e1ch (7.30 hod.) nechala k\u00fapi\u0165 maslo. Aur\u00e9lia v\u0161ak vedela, \u017ee smie nakupova\u0165 na trhu a\u017e po deviatej hodine. Priestupok bol vy\u0161etren\u00fd, dostala pokutu tis\u00edc kor\u00fan, av\u0161ak podala odvolanie, priznala sa k\u00a0tomuto \u010dinu, a\u00a0prosila o\u00a0odpustenie pokuty, preto\u017ee sa starala v\u00a0tom \u010dase o\u00a07-ro\u010dn\u00e9ho syna a\u00a0o\u00a083-ro\u010dn\u00e9ho otca. Nakoniec jej bola zn\u00ed\u017een\u00e1 pokuta na p\u00e4\u0165sto kor\u00fan.<\/p>\n<h3>ROZDIELNE PRAVIDL\u00c1<\/h3>\n<p>Proti\u017eidovsk\u00fdch opatren\u00ed, ktor\u00e9 eliminovali ich \u017eivot, bolo ve\u013emi ve\u013ea. Jedn\u00fdm z tak\u00fdch bolo aj od\u0148atie po\u013eovn\u00fdch a ryb\u00e1rskych l\u00edstkov a povolen\u00ed na dr\u017eanie zbran\u00ed v\u0161etk\u00fdm \u017eidom na \u00fazem\u00ed Slovensk\u00e9ho \u0161t\u00e1tu. Bolo im zak\u00e1zan\u00e9 nosi\u0165 ak\u00e9ko\u013evek zbrane, strelivo alebo v\u00fdbu\u0161niny. Poru\u0161enie tohto z\u00e1kazu bolo trestan\u00e9 pokutou od 10 do 5000 kor\u00fan, pr\u00edpadne uv\u00e4znen\u00edm na 12 hod\u00edn a\u017e 14 dn\u00ed. Za poru\u0161enie tohto z\u00e1kazu bol pre\u0161etrovan\u00fd Leo Klein, ktor\u00fd ukr\u00fdval vo svojom dome \u0161es\u0165 kusov ostr\u00fdch, pln\u00fdch n\u00e1bojov do pi\u0161tole. Okresn\u00fd s\u00fad v\u00a0Skalici ho ods\u00fadil na pe\u0148a\u017en\u00fa pokutu vo v\u00fd\u0161ke p\u00e4\u0165 tis\u00edc kor\u00fan, na \u010do sa Klein odvolal, \u017ee tak\u00fa zbra\u0148 ani nemal, jeho otec bol po\u013eovn\u00edk a\u00a0dan\u00e9 n\u00e1boje s\u00fa tridsa\u0165 rokov star\u00e9. Tento pr\u00edpad bol vy\u0161etrovan\u00fd od novembra 1941, trest mu bol zn\u00ed\u017een\u00fd v\u00a0j\u00fani 1942 na sumu tis\u00edc kor\u00fan, av\u0161ak 6. apr\u00edla 1942 bol odvezen\u00fd do t\u00e1bora v\u00a0Seredi.<\/p>\n<figure id=\"attachment_5514\" aria-describedby=\"caption-attachment-5514\" style=\"width: 579px\" class=\"wp-caption aligncenter\"><img loading=\"lazy\" decoding=\"async\" class=\"size-full wp-image-5514\" src=\"http:\/\/skalickyobzor.sk\/cms\/wp-content\/uploads\/2022\/10\/4-Odstranenia-oznacenia-na-zidovskom-obchode-1940..jpg\" alt=\"\" width=\"579\" height=\"819\" srcset=\"http:\/\/skalickyobzor.sk\/cms\/wp-content\/uploads\/2022\/10\/4-Odstranenia-oznacenia-na-zidovskom-obchode-1940..jpg 579w, http:\/\/skalickyobzor.sk\/cms\/wp-content\/uploads\/2022\/10\/4-Odstranenia-oznacenia-na-zidovskom-obchode-1940.-212x300.jpg 212w\" sizes=\"auto, (max-width: 579px) 100vw, 579px\" \/><figcaption id=\"caption-attachment-5514\" class=\"wp-caption-text\">Odstr\u00e1nenia ozna\u010denia na \u017eidovskom obchode, 1940 (zdroj: O\u00da\u00a0Skalica, \u0161k. \u010d. 443)<\/figcaption><\/figure>\n<p>\u010clenovia Hlinkovej gardy, pol\u00edcie a\u00a0\u017eand\u00e1rstva 13. janu\u00e1ra 1942 zhabali u\u00a0\u017eidov zimn\u00e9 a\u00a0ko\u017eu\u0161inov\u00e9 veci pre potreby arm\u00e1dy. Albert Weissmann zo Skalice 15. janu\u00e1ra 1942 o\u00a09-tej hodine \u0161iel do mesta a\u00a0vystrojil sa ko\u017eenou \u010diapkou, ktor\u00fa ako \u017eid mal odovzda\u0165 na velite\u013estve HG v\u00a0Skalici. \u010ciapku v\u0161ak neodovzdal, ale provokat\u00edvne ju nosil a\u00a0t\u00fdmto \u010dinom budil pohor\u0161enie, ru\u0161il verejn\u00fd mier a\u00a0poriadok medzi skalick\u00fdm obyvate\u013estvom. Pobo\u010dn\u00edk miestneho velite\u013ea HG v\u00a0Skalici \u0160tefan Marad\u00edk ozn\u00e1mil na tunaj\u0161ej \u017eand\u00e1rskej stanici 15. janu\u00e1ra 1942: \u201eVidel som asi pred pol hodinou \u00eds\u0165 po n\u00e1mest\u00ed Andreja Hlinku v\u00a0Skalici \u017eida Weissmanna, ktor\u00fd mal na hlave ko\u017een\u00fa \u010diapku a\u00a0t\u00fato provokat\u00edvne pou\u017e\u00edva medzi skalick\u00fdm obyvate\u013estvom, hoci ako \u017eid mal ko\u017een\u00fa \u010diapku odovzda\u0165 10. 1. 1942 na velite\u013estve HG v\u00a0Skalici.\u201c Albert Weissmann sa dopustil \u010dinu zo zlomyse\u013enosti. \u010ciapka mu bola zhaban\u00e1 a\u00a0zasiela sa s\u00a0udan\u00edm ako d\u00f4kazn\u00e1 vec. Na policajnej str\u00e1\u017enici v\u00a0Skalici bol 15. janu\u00e1ra vypo\u010dut\u00fd za pr\u00edtomnosti policajn\u00e9ho str\u00e1\u017enika \u0160tefana Krakovsk\u00e9ho, priznal sa, \u017ee chodil po meste a\u00a0mal na hlave ko\u017een\u00fa \u010diapku. Na svoje ospravedlnenie udal, \u017ee 10. 1. 1942 poslal syna Alberta na velite\u013estvo HG v\u00a0Skalici, aby sa tam op\u00fdtal, \u010di podlieha odovzdaniu i\u00a0ko\u017een\u00e1 \u010diapka, ktor\u00e1 je pod\u0161it\u00e1 ply\u0161om. Na t\u00fato ot\u00e1zku jeho synovi povedali, \u017ee sa \u010diapka m\u00f4\u017ee nosi\u0165, ke\u010f je pod\u0161it\u00e1 ply\u0161om. Preto \u010diapku verejne nosil. Trestn\u00e9 vy\u0161etrovanie sa nakoniec zastavilo, lebo od posledn\u00e9ho zasadania s\u00fadu uplynulo viac ako \u0161es\u0165 mesiacov, a\u00a0medzi\u010dasom bol A. Weissmann deportovan\u00fd.<\/p>\n<h3>CESTY DO NEZN\u00c1MA<\/h3>\n<p>Uskuto\u010dneniu deport\u00e1ci\u00ed predch\u00e1dzala d\u00f4sledn\u00e1 evidencia, tzv. s\u00fapis \u017eidov. Tento s\u00fapis ich rozde\u013eoval do troch kateg\u00f3ri\u00ed: Do A kateg\u00f3rie patrili pr\u00e1ceschopn\u00ed do 60 rokov, bezdetn\u00e9 rodiny a rodiny so zdrav\u00fdmi de\u0165mi, naroden\u00fdmi pred rokom 1928. Do kateg\u00f3rie B patrili starci a rodiny s mal\u00fdmi de\u0165mi. Do kateg\u00f3rie C boli zaraden\u00ed chor\u00ed a neschopn\u00ed transportu. V samotnom meste Skalica bolo do s\u00fapisu zap\u00edsan\u00fdch 68 os\u00f4b. V ka\u017edom okrese bolo zriaden\u00e9 koncentra\u010dn\u00e9 stredisko pre zaisten\u00fdch \u017eidov z cel\u00e9ho okresu. V Skalickom okrese bolo tak\u00e9to stredisko v meste Hol\u00ed\u010d, preto\u017ee malo lep\u0161iu polohu a aj v\u00e4\u010d\u0161\u00ed po\u010det \u017eidov. Jedni z prv\u00fdch, ktor\u00ed boli z okresu Skalica cez bratislavsk\u00fa Patr\u00f3nku poslan\u00ed do koncentra\u010dn\u00e9ho t\u00e1bora, bola skupina 27 mlad\u00fdch \u017eidovsk\u00fdch diev\u010dat, deportovan\u00e1 z Hol\u00ed\u010da 24. marca 1942. Do koncentra\u010dn\u00e9ho strediska Sere\u010f boli 6. 4. 1942 deportovan\u00ed zo Skalice Julius Beinhacker (m\u00e4siar), J\u00e1n Fischl (b\u00fdval\u00fd obchodn\u00fd pomocn\u00edk), Arno\u0161t Hermann (kraj\u010d\u00edrsky pomocn\u00edk), Leo Klein (b\u00fdval\u00fd obchodn\u00edk), Arm\u00edn Timf\u0151ld (ro\u013en\u00edk), Bedrich Weissmann (koren\u00e1r), Viliam Weiss (ro\u013en\u00edk), Pavol Kepich (kovorobotn\u00edk). Pr\u00edslu\u0161n\u00edci hlinkovej gardy a \u017eand\u00e1ri s\u00fastredili 20. apr\u00edla 1942 v Skalici cel\u00e9 rodiny, viac ako 130 os\u00f4b z cel\u00e9ho okresu, a cez zbern\u00e9 stredisko v \u017diline ich deportovali do vyhladzovacieho t\u00e1bora v\u00a0Osvien\u010dime. Do \u017diliny 24. j\u00fala boli deportovan\u00ed Kl\u00e1ra Tolnai, Norbert Tolnai, Arno\u0161t Fischer (s\u00fakromn\u00fd \u00faradn\u00edk). Za\u010diatkom okt\u00f3bra 1944 do transportu zobrali aj zverolek\u00e1ra Vojtecha Kleina, ktor\u00e9ho dovtedy chr\u00e1nila v\u00fdnimka. Po vojne sa do mesta vr\u00e1tili len zverolek\u00e1r Klein a\u00a0hospod\u00e1r Timf\u0151ld so \u017eenou&#8230;<\/p>\n<figure id=\"attachment_5515\" aria-describedby=\"caption-attachment-5515\" style=\"width: 803px\" class=\"wp-caption aligncenter\"><img loading=\"lazy\" decoding=\"async\" class=\"size-full wp-image-5515\" src=\"http:\/\/skalickyobzor.sk\/cms\/wp-content\/uploads\/2022\/10\/67791375_2480404555352341_2037387603090604032_n.jpg\" alt=\"\" width=\"803\" height=\"509\" srcset=\"http:\/\/skalickyobzor.sk\/cms\/wp-content\/uploads\/2022\/10\/67791375_2480404555352341_2037387603090604032_n.jpg 803w, http:\/\/skalickyobzor.sk\/cms\/wp-content\/uploads\/2022\/10\/67791375_2480404555352341_2037387603090604032_n-300x190.jpg 300w, http:\/\/skalickyobzor.sk\/cms\/wp-content\/uploads\/2022\/10\/67791375_2480404555352341_2037387603090604032_n-768x487.jpg 768w\" sizes=\"auto, (max-width: 803px) 100vw, 803px\" \/><figcaption id=\"caption-attachment-5515\" class=\"wp-caption-text\">Poh\u013ead na \u017eidovsk\u00fd cintor\u00edn v Skalici<\/figcaption><\/figure>\n<p><em>Mgr. Veronika Blan\u00e1rikov\u00e1,<\/em><br \/>\n<em>\u0160t\u00e1tny arch\u00edv v\u00a0Trnave,<\/em><br \/>\n<em>pracovisko Arch\u00edv Skalica<\/em><\/p>\n","protected":false},"excerpt":{"rendered":"<div class=\"mh-excerpt\"><p>Os\u00eddlenie Skalice \u017eidovsk\u00fdm obyvate\u013estvom sa datuje od neskor\u00e9ho stredoveku. Existencia n\u00e1bo\u017eenskej obce je dolo\u017een\u00e1 u\u017e v 14. storo\u010d\u00ed a nieko\u013eko \u017eidovsk\u00fdch obchodn\u00edkov sa spom\u00edna v listin\u00e1ch z roku 1406. V roku 1453 prepukli v meste <a class=\"mh-excerpt-more\" href=\"http:\/\/skalickyobzor.sk\/cms\/zidovska-obec-v-skalickej-historii\/\" title=\"\u017didovsk\u00e1 obec v Skalickej hist\u00f3rii\">[&#8230;]<\/a><\/p>\n<\/div>","protected":false},"author":1,"featured_media":5510,"comment_status":"closed","ping_status":"closed","sticky":false,"template":"","format":"standard","meta":{"footnotes":""},"categories":[5],"tags":[],"class_list":{"0":"post-5509","1":"post","2":"type-post","3":"status-publish","4":"format-standard","5":"has-post-thumbnail","7":"category-toto-sa-nas-tyka"},"_links":{"self":[{"href":"http:\/\/skalickyobzor.sk\/cms\/wp-json\/wp\/v2\/posts\/5509","targetHints":{"allow":["GET"]}}],"collection":[{"href":"http:\/\/skalickyobzor.sk\/cms\/wp-json\/wp\/v2\/posts"}],"about":[{"href":"http:\/\/skalickyobzor.sk\/cms\/wp-json\/wp\/v2\/types\/post"}],"author":[{"embeddable":true,"href":"http:\/\/skalickyobzor.sk\/cms\/wp-json\/wp\/v2\/users\/1"}],"replies":[{"embeddable":true,"href":"http:\/\/skalickyobzor.sk\/cms\/wp-json\/wp\/v2\/comments?post=5509"}],"version-history":[{"count":1,"href":"http:\/\/skalickyobzor.sk\/cms\/wp-json\/wp\/v2\/posts\/5509\/revisions"}],"predecessor-version":[{"id":5516,"href":"http:\/\/skalickyobzor.sk\/cms\/wp-json\/wp\/v2\/posts\/5509\/revisions\/5516"}],"wp:featuredmedia":[{"embeddable":true,"href":"http:\/\/skalickyobzor.sk\/cms\/wp-json\/wp\/v2\/media\/5510"}],"wp:attachment":[{"href":"http:\/\/skalickyobzor.sk\/cms\/wp-json\/wp\/v2\/media?parent=5509"}],"wp:term":[{"taxonomy":"category","embeddable":true,"href":"http:\/\/skalickyobzor.sk\/cms\/wp-json\/wp\/v2\/categories?post=5509"},{"taxonomy":"post_tag","embeddable":true,"href":"http:\/\/skalickyobzor.sk\/cms\/wp-json\/wp\/v2\/tags?post=5509"}],"curies":[{"name":"wp","href":"https:\/\/api.w.org\/{rel}","templated":true}]}}