{"id":5517,"date":"2022-09-07T17:06:53","date_gmt":"2022-09-07T15:06:53","guid":{"rendered":"http:\/\/skalickyobzor.sk\/cms\/?p=5517"},"modified":"2025-01-31T00:19:35","modified_gmt":"2025-01-30T23:19:35","slug":"ferenc-buchta-dusa-skalice","status":"publish","type":"post","link":"http:\/\/skalickyobzor.sk\/cms\/ferenc-buchta-dusa-skalice\/","title":{"rendered":"Ferenc Buchta &#8211; du\u0161a Skalice"},"content":{"rendered":"<p><em><strong>Pr\u00e1ve v\u00a0tomto \u010d\u00edsle Skalick\u00e9ho Obzoru pri\u0161lo v\u00a0seri\u00e1li o\u00a0p\u00f4vode a\u00a0nosite\u013eoch priezvisk na meno Buchta. Pre v\u00e4\u010d\u0161inu Skali\u010danov, predov\u0161etk\u00fdm pam\u00e4tn\u00edkov sa toto priezvisko automaticky spoj\u00ed s\u00a0menom Ferenc. Ferenc Buchta bol jednou z\u00a0najzn\u00e1mej\u0161\u00edch post\u00e1v skalick\u00e9ho \u017eivota a\u00a0zosobnen\u00edm miestnych trad\u00edci\u00ed. O\u00a0spomienku sme po\u017eiadali jeho vnuka Petra Michalovi\u010da, dnes umeleck\u00e9ho ved\u00faceho \u013eudov\u00e9ho s\u00faboru Skali\u010dan.<\/strong><\/em><\/p>\n<p>Na moj\u00e9ho stare\u010dka Ferenca Buchtu m\u00e1m len ti najkraj\u0161\u00ed spom\u00ednki. V\u00ed\u010f\u00edm ho, jak ich na V\u00e1noce vihl\u00e9d\u00e1me v\u00a0ok\u0148e \u2013 a\u00a0u\u0161 id\u00fa, od Kina okolo O\u010fevi, s\u0148e\u017e\u00ed, stare\u010dek s\u00a0bara\u0148ic\u00fa nakrivo, pod pa\u017e\u00fa sa vede ze starenk\u00fa Julink\u00fa a\u00a0v\u00a0druhej ruce ko\u0161\u00edk s\u00a0trdel\u0148\u00edkama a\u00a0pup\u00e1kama. Sc\u00e9na jak z\u00a0Ladov\u00edch zimn\u00edch obr\u00e1sk\u00fa.<\/p>\n<figure id=\"attachment_5519\" aria-describedby=\"caption-attachment-5519\" style=\"width: 593px\" class=\"wp-caption aligncenter\"><img loading=\"lazy\" decoding=\"async\" class=\"size-full wp-image-5519\" src=\"http:\/\/skalickyobzor.sk\/cms\/wp-content\/uploads\/2022\/10\/2f-Ferenc-Buchta-a-jeho-vnuk-Peter-Michalovic-archiv-P.Michalovica-.jpg\" alt=\"\" width=\"593\" height=\"873\" srcset=\"http:\/\/skalickyobzor.sk\/cms\/wp-content\/uploads\/2022\/10\/2f-Ferenc-Buchta-a-jeho-vnuk-Peter-Michalovic-archiv-P.Michalovica-.jpg 593w, http:\/\/skalickyobzor.sk\/cms\/wp-content\/uploads\/2022\/10\/2f-Ferenc-Buchta-a-jeho-vnuk-Peter-Michalovic-archiv-P.Michalovica--204x300.jpg 204w\" sizes=\"auto, (max-width: 593px) 100vw, 593px\" \/><figcaption id=\"caption-attachment-5519\" class=\"wp-caption-text\">Ferenc Buchta a\u00a0jeho vnuk Peter Michalovi\u010d<br \/>Arch\u00edv P. Michalovi\u010da<\/figcaption><\/figure>\n<p>Pri pe\u010de\u0148\u00ed trdel\u0148\u00edk\u00fa sem si stare\u010dka nahr\u00e1val na star\u00ed magne\u0165\u00e1k, abi o tem nevje\u010fel a bilo to tak\u00e9 autentickej\u0161\u00ed, f\u0161ecki ti kr\u00e1sn\u00e9 ludov\u00e9 pjes\u0148i\u010dki, kupleti, ker\u00e9 sp\u00edval po sva\u010fb\u00e1ch, ale aj \u010fivadeln\u00e9 v\u00edstupi \u2013 pri tich sem ho je\u010fi\u0148e po\u010dul rozoh\u0148e\u0148e kri\u010dat!<\/p>\n<p>Na f\u0161ecko mjel pohotov\u00fa odpovje\u010f. Napr\u00edklad sa ho p\u00edtali kedisi z\u00a0rozhlasu, \u017ee kolko pozn\u00e1 pjes\u0148i\u010dek. A\u00a0stare\u010dek, \u017ee: \u201eJak kolko? N\u00e1 \u0161ecki!\u201c Alebo, \u017ee \u010di pozn\u00e1 noti? A\u00a0stare\u010dek nato: \u201eN\u00e1 teda! To b\u00edl\u00e9, to je pap\u00edr a\u00a0to \u010dern\u00e9, to s\u00fa noti!\u201c<\/p>\n<p>A\u00a0hlav\u0148e, stare\u010dek mjel \u00faprim\u0148e r\u00e1d \u0161eck\u00edch lu\u010f\u00ed, misl\u00edm, \u017ee to aj lud\u00e9 tak c\u00ed\u0165ili a\u00a0proto bil asi mezi \u0148ima tak obl\u00faben\u00ed!<\/p>\n<p>Peter Michalovi\u010d<\/p>\n","protected":false},"excerpt":{"rendered":"<div class=\"mh-excerpt\"><p>Pr\u00e1ve v\u00a0tomto \u010d\u00edsle Skalick\u00e9ho Obzoru pri\u0161lo v\u00a0seri\u00e1li o\u00a0p\u00f4vode a\u00a0nosite\u013eoch priezvisk na meno Buchta. Pre v\u00e4\u010d\u0161inu Skali\u010danov, predov\u0161etk\u00fdm pam\u00e4tn\u00edkov sa toto priezvisko automaticky spoj\u00ed s\u00a0menom Ferenc. Ferenc Buchta bol jednou z\u00a0najzn\u00e1mej\u0161\u00edch post\u00e1v skalick\u00e9ho \u017eivota a\u00a0zosobnen\u00edm miestnych <a class=\"mh-excerpt-more\" href=\"http:\/\/skalickyobzor.sk\/cms\/ferenc-buchta-dusa-skalice\/\" title=\"Ferenc Buchta &#8211; du\u0161a Skalice\">[&#8230;]<\/a><\/p>\n<\/div>","protected":false},"author":1,"featured_media":5518,"comment_status":"closed","ping_status":"closed","sticky":false,"template":"","format":"standard","meta":{"footnotes":""},"categories":[4],"tags":[],"class_list":{"0":"post-5517","1":"post","2":"type-post","3":"status-publish","4":"format-standard","5":"has-post-thumbnail","7":"category-ja-su-ze-skalice"},"_links":{"self":[{"href":"http:\/\/skalickyobzor.sk\/cms\/wp-json\/wp\/v2\/posts\/5517","targetHints":{"allow":["GET"]}}],"collection":[{"href":"http:\/\/skalickyobzor.sk\/cms\/wp-json\/wp\/v2\/posts"}],"about":[{"href":"http:\/\/skalickyobzor.sk\/cms\/wp-json\/wp\/v2\/types\/post"}],"author":[{"embeddable":true,"href":"http:\/\/skalickyobzor.sk\/cms\/wp-json\/wp\/v2\/users\/1"}],"replies":[{"embeddable":true,"href":"http:\/\/skalickyobzor.sk\/cms\/wp-json\/wp\/v2\/comments?post=5517"}],"version-history":[{"count":1,"href":"http:\/\/skalickyobzor.sk\/cms\/wp-json\/wp\/v2\/posts\/5517\/revisions"}],"predecessor-version":[{"id":5520,"href":"http:\/\/skalickyobzor.sk\/cms\/wp-json\/wp\/v2\/posts\/5517\/revisions\/5520"}],"wp:featuredmedia":[{"embeddable":true,"href":"http:\/\/skalickyobzor.sk\/cms\/wp-json\/wp\/v2\/media\/5518"}],"wp:attachment":[{"href":"http:\/\/skalickyobzor.sk\/cms\/wp-json\/wp\/v2\/media?parent=5517"}],"wp:term":[{"taxonomy":"category","embeddable":true,"href":"http:\/\/skalickyobzor.sk\/cms\/wp-json\/wp\/v2\/categories?post=5517"},{"taxonomy":"post_tag","embeddable":true,"href":"http:\/\/skalickyobzor.sk\/cms\/wp-json\/wp\/v2\/tags?post=5517"}],"curies":[{"name":"wp","href":"https:\/\/api.w.org\/{rel}","templated":true}]}}