{"id":5534,"date":"2022-09-07T17:12:29","date_gmt":"2022-09-07T15:12:29","guid":{"rendered":"http:\/\/skalickyobzor.sk\/cms\/?p=5534"},"modified":"2025-01-31T00:19:01","modified_gmt":"2025-01-30T23:19:01","slug":"klub-vytvarnikov-v-skalici-oslavuje-45-ku","status":"publish","type":"post","link":"http:\/\/skalickyobzor.sk\/cms\/klub-vytvarnikov-v-skalici-oslavuje-45-ku\/","title":{"rendered":"Klub v\u00fdtvarn\u00edkov v Skalici oslavuje 45-ku"},"content":{"rendered":"<p><em><strong>Aktu\u00e1lne v mesiaci, kedy vych\u00e1dza toto \u010d\u00edslo Skalick\u00e9ho Obzoru, presnej\u0161ie 9. septembra 2022, bola sl\u00e1vnostne otvoren\u00e1 XXIII. \u010dlensk\u00e1 v\u00fdstava Klubu v\u00fdtvarn\u00edkov v Skalici. V celej rade v\u00fdstav je v\u00fdnimo\u010dn\u00e1, okrem nov\u00fdch vystaven\u00fdch diel, predov\u0161etk\u00fdm t\u00fdm, \u017ee po\u010das jej trvania osl\u00e1vi klub 45. v\u00fdro\u010die svojho zalo\u017eenia. O hist\u00f3rii, \u010dlenoch, aj o tom, \u010do znamen\u00e1 by\u0165 amat\u00e9rskym v\u00fdtvarn\u00edkom, sme sa rozpr\u00e1vali so zakladaj\u00facim \u010dlenom a s\u00fa\u010dasn\u00fdm predsedom klubu \u0160tefanom Zaj\u00ed\u010dkom.<\/strong><\/em><\/p>\n<p><strong>Ako je po covide na v\u00fdstave v\u00e1\u0161ho klubu?<\/strong><br \/>\nPrekvapuj\u00faco ve\u013ek\u00e1 \u00fa\u010das\u0165 n\u00e1v\u0161tevn\u00edkov na sl\u00e1vnostnom otvoren\u00ed v\u00fdstavy, \u010do je d\u00f4kazom, \u017ee \u013eu\u010fom ch\u00fdbali spolo\u010densk\u00e9 akcie, aj kontakt so samotn\u00fdm umen\u00edm.<\/p>\n<p><strong>Je to asi nezvykl\u00e9, ale mohli by ste \u010ditate\u013eom, ako v\u00fdtvarn\u00edk a\u00a0v\u00fdtvarn\u00fd teoretik, v\u00fdstavu aspo\u0148 zbe\u017ene pop\u00edsa\u0165?<\/strong><br \/>\nNajviac je na v\u00fdstave zast\u00fapen\u00e9 maliarstvo, osobitne v technik\u00e1ch olejoma\u013eby a najnov\u0161ie aj akrylu. U\u017e tradi\u010dne s\u00fa ove\u013ea menej zast\u00fapen\u00e9 \u010fal\u0161ie techniky. Z jednotliv\u00fdch maliarskych \u017e\u00e1nrov op\u00e4\u0165 uvidia n\u00e1v\u0161tevn\u00edci predov\u0161etk\u00fdm krajin\u00e1rske maliarstvo. Objavuje sa krajina s domami, in\u0161pirovan\u00e1 moravsko-slovensk\u00fdm pomedz\u00edm, v hutnej past\u00f3znej \u0161kvrnovej ma\u013ebe v kontrastnom osvetlen\u00ed od Jozefa Chrenu. Prirodzene je zast\u00fapen\u00e1 aj skalick\u00e1 krajina, \u010di u\u017e so skalick\u00fdm h\u00e1jikom Vlasty Jankovi\u010dovej alebo mot\u00edv z kalv\u00e1rie od Vladim\u00edra Mach\u00e1\u010dka. Autorkou krajiny pr\u00edrodn\u00fdch impres\u00edvnych scen\u00e9ri\u00ed, podanej v zjednodu\u0161en\u00fdch tvaroch, je Jarmila Blahov\u00e1 a uvid\u00edte svie\u017eo na\u010drtnut\u00fa farebnej\u0161iu l\u00fa\u010dnu krajinu M\u00e1rie Kapustovej. Charakteristick\u00e9 je aj zrete\u013en\u00e9 \u00fasilie po\u0148a\u0165 krajinu v abstraktnej\u0161\u00edch tvaroch tmav\u0161\u00edch t\u00f3nov ako u Kamily U\u010dn\u00edkovej. Osobitn\u00fa podnetn\u00fa l\u00edniu v tvorbe klubu predstavuje abstraktn\u00e1 maliarska tvorba Viktora Kov\u00e1\u010da alebo v\u00a0tmav\u0161ej kompoz\u00edcii od Hany Annyotty-Veselej.<\/p>\n<figure id=\"attachment_5538\" aria-describedby=\"caption-attachment-5538\" style=\"width: 580px\" class=\"wp-caption aligncenter\"><img loading=\"lazy\" decoding=\"async\" class=\"size-full wp-image-5538\" src=\"http:\/\/skalickyobzor.sk\/cms\/wp-content\/uploads\/2022\/10\/DSCN6835.jpg\" alt=\"\" width=\"580\" height=\"773\" srcset=\"http:\/\/skalickyobzor.sk\/cms\/wp-content\/uploads\/2022\/10\/DSCN6835.jpg 580w, http:\/\/skalickyobzor.sk\/cms\/wp-content\/uploads\/2022\/10\/DSCN6835-225x300.jpg 225w\" sizes=\"auto, (max-width: 580px) 100vw, 580px\" \/><figcaption id=\"caption-attachment-5538\" class=\"wp-caption-text\">Anton Hanzal\u00edk, Ot\u00edk, topo\u013e, 2017<\/figcaption><\/figure>\n<p>Nezobrazuj\u00face skladby in\u0161pirovan\u00e9 minulos\u0165ou vyu\u017e\u00edvaj\u00fa kontrast hrub\u00e9ho n\u00e1nosu farby \u2013 Alexandra \u010cern\u00e9ho, alebo sa vyjadruj\u00fa ma\u013ebou s\u00a0mot\u00edvom \u0161pir\u00e1l ako P. Orgo\u0148. U\u00a0Miroslava Kindera sa objavuje rastrovanie pl\u00f4ch v\u00a0kontraste s\u00a0gu\u013eovit\u00fdmi tvarmi. Tentoraz menej zast\u00fapen\u00e1 figur\u00e1lna tvorba sa pohybuje najm\u00e4 v\u00a0oblasti portr\u00e9tu. Na jednej strane registrujeme ilustrat\u00edvne vyznievaj\u00faci portr\u00e9t zn\u00e1mej spev\u00e1\u010dky od Zuzany Hod\u00e1\u0148ovej, na strane druhej hyperrealisticky a\u017e fotograficky kontrastn\u00fd portr\u00e9t exotickej \u017eeny, ktor\u00e9ho autorkou je Miriam L\u00edmov\u00e1. Na v\u00fdstave uvid\u00edte figur\u00e1lnu tvorbu aj kompoz\u00edciu troch gr\u00e1ci\u00ed od Miroslava Kor\u010d\u00e1ka.<\/p>\n<p>Prekvapuj\u00faco \u0161ir\u0161ie je zast\u00fapen\u00e9 z\u00e1ti\u0161ie, v\u0161etko kvetinov\u00e9. Pohybuje sa v r\u00f4znych poloh\u00e1ch, od fantazijnej\u0161\u00edch a\u017e po \u00faplne realistick\u00e9. U Vlasty Peltznerovej-Rothovej sa objavuje zobrazenie kvetov z herb\u00e1ra v zauj\u00edmavej technike olejoma\u013eby, kombinovanej s pozlacovan\u00edm. Aktu\u00e1lny je aj zmysel pre dekorat\u00edvny pr\u00edstup v zobrazen\u00ed \u010derven\u00fdch makov ako m\u00e1 Jana Hota\u0159ov\u00e1, ale aj v realistickej\u0161om pon\u00edman\u00ed Milana Hrubo\u0161a, ktor\u00e9 prech\u00e1dza v kytici po\u013en\u00fdch kvetov a\u017e do drobnopisn\u00fdch pestrofarebn\u00fdch tvarov u Jozefa Petrovi\u010da. Nech\u00fdba v\u0161ak ani monochr\u00f3mna skladba makov Ren\u00e1ty Caletkovej. Oblas\u0165 soch\u00e1rstva, zjavne ochudobnen\u00e1 odchodom Antona Hanzal\u00edka v tomto roku, zastupuje moment\u00e1lne jedin\u00fd autor. Na v\u00fdstave vyrast\u00e1 v s\u00falade z drevenej dosky reli\u00e9fna line\u00e1rna skladba z kame\u0148a Ferdinanda Bolebrucha. V oblasti kresby sa objavuje tradi\u010dn\u00fd z\u00e1ujem o krajinu historick\u00e9ho prostredia Skalice, realizovan\u00fa tu\u0161om alebo farebn\u00fdmi ceruzkami v pr\u00e1cach \u0160tefana Zaj\u00ed\u010dka. Inokedy ide o kresby farebn\u00fdmi ceruzkami s portr\u00e9tnym n\u00e1metom ilustrat\u00edvneho charakteru, ako vystavuje Peter Kovarovi\u010d. Keramick\u00fa tvorbu znovu zastupuje hrav\u00e1 keramick\u00e1 plastika Petra Poll\u00e1ka, tentoraz s ovocn\u00fdm n\u00e1metom. Vo fotografii pozorujeme v men\u0161ej miere inklin\u00e1ciu k z\u00e1ti\u0161iu v interi\u00e9ri, ako ukazuje Viera Draho\u0161ov\u00e1 a naopak smerovanie ku krajin\u00e1rskej fotografii so z\u00e1ujmom o lesn\u00fd interi\u00e9r u Ivana Orgo\u0148a.<\/p>\n<figure id=\"attachment_5539\" aria-describedby=\"caption-attachment-5539\" style=\"width: 590px\" class=\"wp-caption aligncenter\"><img loading=\"lazy\" decoding=\"async\" class=\"size-full wp-image-5539\" src=\"http:\/\/skalickyobzor.sk\/cms\/wp-content\/uploads\/2022\/10\/DSCN2382.jpg\" alt=\"\" width=\"590\" height=\"773\" srcset=\"http:\/\/skalickyobzor.sk\/cms\/wp-content\/uploads\/2022\/10\/DSCN2382.jpg 590w, http:\/\/skalickyobzor.sk\/cms\/wp-content\/uploads\/2022\/10\/DSCN2382-229x300.jpg 229w\" sizes=\"auto, (max-width: 590px) 100vw, 590px\" \/><figcaption id=\"caption-attachment-5539\" class=\"wp-caption-text\">Zuzana Hod\u00e1\u0148ov\u00e1, Bohat\u00e1 nevesta, 2020<\/figcaption><\/figure>\n<p><strong>T\u00fdm sme z\u00e1rove\u0148 predstavili s\u00fa\u010dasn\u00fdch \u010dlenov klubu. Ako v\u0161ak klub vznikol?<\/strong><br \/>\nKlub v\u00fdtvarn\u00edkov v Skalici vznikol v okt\u00f3bri 1977 s p\u00f4vodn\u00fdm n\u00e1zvom Klub neprofesion\u00e1lnych v\u00fdtvarn\u00edkov. Vznikol z iniciat\u00edvy J\u00e1na Patku, ktor\u00fd mal predch\u00e1dzaj\u00face sk\u00fasenosti zo svojho p\u00f4sobenia v\u00a0tren\u010dianskom zdru\u017een\u00ed v\u00fdtvarn\u00edkov, a\u00a0umeleck\u00e9ho historika \u0160tefana Zaj\u00ed\u010dka. Ten v\u00a0tom \u010dase pracoval s\u00a0J\u00e1nom Patkom v\u00a0Z\u00e1horskom m\u00fazeu v\u00a0Skalici. Predt\u00fdm kr\u00e1tko p\u00f4sobil v\u00a0Gal\u00e9rii M. A. Bazovsk\u00e9ho v\u00a0Tren\u010d\u00edne a\u00a0tie\u017e poznal vyspel\u00e9 zdru\u017eenie tren\u010dianskych v\u00fdtvarn\u00edkov. Po vz\u00e1jomnej rozprave obidvaja dospeli k\u00a0rozhodnutiu pok\u00fasi\u0165 sa zalo\u017ei\u0165 podobn\u00e9 v\u00fdtvarn\u00e9 zdru\u017eenie aj na Z\u00e1hor\u00ed \u2013 v\u00a0Skalici. Hne\u010f nadviazali spolupr\u00e1cu s\u00a0Pavlom F\u00fcrstenzellerom, zn\u00e1mym u\u010dite\u013eom v\u00fdtvarnej v\u00fdchovy na II. z\u00e1kladnej \u0161kole na Mall\u00e9ho ulici a\u00a0spolo\u010dne za\u010dali p\u00e1tra\u0165 po mo\u017en\u00fdch bud\u00facich \u010dlenoch pripravovan\u00e9ho klubu. Napokon sa podarilo postupne s\u00fastredi\u0165 skupinu \u013eud\u00ed, zaoberaj\u00facich sa v\u00fdtvarn\u00fdm umen\u00edm, ktor\u00ed boli ochotn\u00ed a\u00a0schopn\u00ed pravidelne tvori\u0165 a\u00a0vystavova\u0165.<\/p>\n<figure id=\"attachment_5540\" aria-describedby=\"caption-attachment-5540\" style=\"width: 812px\" class=\"wp-caption aligncenter\"><img loading=\"lazy\" decoding=\"async\" class=\"size-full wp-image-5540\" src=\"http:\/\/skalickyobzor.sk\/cms\/wp-content\/uploads\/2022\/10\/obr.jpg\" alt=\"\" width=\"812\" height=\"448\" srcset=\"http:\/\/skalickyobzor.sk\/cms\/wp-content\/uploads\/2022\/10\/obr.jpg 812w, http:\/\/skalickyobzor.sk\/cms\/wp-content\/uploads\/2022\/10\/obr-300x166.jpg 300w, http:\/\/skalickyobzor.sk\/cms\/wp-content\/uploads\/2022\/10\/obr-768x424.jpg 768w\" sizes=\"auto, (max-width: 812px) 100vw, 812px\" \/><figcaption id=\"caption-attachment-5540\" class=\"wp-caption-text\">\u010clenovia Klubu vo Viedni na z\u00e1jazde,na v\u00fdstave Joana Mir\u00f3, 2014<\/figcaption><\/figure>\n<p><strong>J\u00e1n Patka sa stal prirodzene prv\u00fdm zakladaj\u00facim predsedom klubu. Kto boli ostatn\u00ed zakladaj\u00faci \u010dlenovia?<\/strong><br \/>\nOdborn\u00fdm metodikom a kur\u00e1torom v\u00fdstav bol \u0160tefan Zaj\u00ed\u010dek, hovorcom klubu postupne u\u010dite\u013e v\u00fdtvarnej v\u00fdchovy Pavol F\u00fcrstenzeller. T\u00ed boli spolu s Miladou \u0158\u00edhovou a nesk\u00f4r s Jozefom Hertlom aj \u010dlenmi v\u00fdboru rodiaceho sa klubu v\u00fdtvarn\u00edkov. Po Milade \u0158\u00edhovej grafick\u00fa \u00fapravu publik\u00e1cii nesk\u00f4r prevzal Viktor Kov\u00e1\u010d. Postupne sa vo funkcii predsedu klubu po J\u00e1novi Patkovi vystriedali Jozef Hertl, kr\u00e1tko Andrej Ir\u0161a, potom Ferdinand Bolebruch a najnov\u0161ie \u0160tefan Zaj\u00ed\u010dek s tajomn\u00ed\u010dkou klubu Jarmilou Blahovou. Zria\u010fovate\u013eom Klubu v\u00fdtvarn\u00edkov je u\u017e od jeho vzniku mesto Skalica s\u00a0vtedaj\u0161ou riadite\u013ekou Domu kult\u00fary Vierou P\u00fachlou a\u00a0s\u00a0vtedaj\u0161\u00edmi pracovn\u00ed\u010dkami Annou Osvaldovou Horn\u00e1\u010dkou a\u00a0Janou \u0160imkovou Koutnou.<\/p>\n<figure id=\"attachment_5541\" aria-describedby=\"caption-attachment-5541\" style=\"width: 824px\" class=\"wp-caption aligncenter\"><img loading=\"lazy\" decoding=\"async\" class=\"size-full wp-image-5541\" src=\"http:\/\/skalickyobzor.sk\/cms\/wp-content\/uploads\/2022\/10\/Navsteva-atelieru-Cipar-Miroslav-2017.jpg\" alt=\"\" width=\"824\" height=\"618\" srcset=\"http:\/\/skalickyobzor.sk\/cms\/wp-content\/uploads\/2022\/10\/Navsteva-atelieru-Cipar-Miroslav-2017.jpg 824w, http:\/\/skalickyobzor.sk\/cms\/wp-content\/uploads\/2022\/10\/Navsteva-atelieru-Cipar-Miroslav-2017-300x225.jpg 300w, http:\/\/skalickyobzor.sk\/cms\/wp-content\/uploads\/2022\/10\/Navsteva-atelieru-Cipar-Miroslav-2017-768x576.jpg 768w, http:\/\/skalickyobzor.sk\/cms\/wp-content\/uploads\/2022\/10\/Navsteva-atelieru-Cipar-Miroslav-2017-678x509.jpg 678w, http:\/\/skalickyobzor.sk\/cms\/wp-content\/uploads\/2022\/10\/Navsteva-atelieru-Cipar-Miroslav-2017-326x245.jpg 326w, http:\/\/skalickyobzor.sk\/cms\/wp-content\/uploads\/2022\/10\/Navsteva-atelieru-Cipar-Miroslav-2017-80x60.jpg 80w\" sizes=\"auto, (max-width: 824px) 100vw, 824px\" \/><figcaption id=\"caption-attachment-5541\" class=\"wp-caption-text\">Na n\u00e1v\u0161teve ateli\u00e9ru Miroslava Cip\u00e1ra v\u00a0roku 2017<\/figcaption><\/figure>\n<p><strong>\u010co prin\u00e1\u0161a klub na opl\u00e1tku mestu Skalica?<\/strong><br \/>\nMesto, ktor\u00e9 je na\u0161im zria\u010fovate\u013eom, je vlastne jeho \u00faradn\u00e1 a\u00a0v\u00fdkonn\u00e1 moc. Podporuje n\u00e1s v\u00a0mene v\u0161etk\u00fdch a\u00a0my zase za to odovzd\u00e1vame to najlep\u0161ie z\u00a0n\u00e1s v\u0161etk\u00fdm v\u00a0meste. Vlastne vychov\u00e1vame dom\u00e1cich div\u00e1kov k\u00a0v\u00e4\u010d\u0161ej estetickej n\u00e1ro\u010dnosti, ktor\u00e1 obohacuje a\u00a0skvalit\u0148uje ich duchovn\u00e9 potreby, ale aj ka\u017edodenn\u00fd \u017eivot. M\u00f4\u017eu si s\u00a0v\u00e4\u010d\u0161\u00edm estetick\u00fdm vkusom vybera\u0165 potrebn\u00e9 predmety a\u00a0veci alebo zaria\u010fova\u0165 svoje domovy. Alebo si m\u00f4\u017eu k\u00fapi\u0165 umeleck\u00e9 diela, ktor\u00e9 ich domovy \u010di pracovn\u00e9 priestory natrvalo okr\u00e1\u0161lia. Na prv\u00fd poh\u013ead nepraktick\u00e1 vo\u013eno\u010dasov\u00e1 v\u00fdtvarn\u00e1 aktivita klubu, o\u00a0ktor\u00fa nemus\u00ed nikto ani st\u00e1\u0165, ani nemus\u00ed v\u00a0praktickom \u017eivote nikomu vlastne ch\u00fdba\u0165, zrazu prekvapuj\u00faco uk\u00e1\u017ee svoju potrebnos\u0165 a\u00a0u\u017eito\u010dnos\u0165.<\/p>\n<figure id=\"attachment_5542\" aria-describedby=\"caption-attachment-5542\" style=\"width: 580px\" class=\"wp-caption aligncenter\"><img loading=\"lazy\" decoding=\"async\" class=\"size-full wp-image-5542\" src=\"http:\/\/skalickyobzor.sk\/cms\/wp-content\/uploads\/2022\/10\/Miroslav-Korcak-Tulak-Charlie-2020.jpg\" alt=\"\" width=\"580\" height=\"773\" srcset=\"http:\/\/skalickyobzor.sk\/cms\/wp-content\/uploads\/2022\/10\/Miroslav-Korcak-Tulak-Charlie-2020.jpg 580w, http:\/\/skalickyobzor.sk\/cms\/wp-content\/uploads\/2022\/10\/Miroslav-Korcak-Tulak-Charlie-2020-225x300.jpg 225w\" sizes=\"auto, (max-width: 580px) 100vw, 580px\" \/><figcaption id=\"caption-attachment-5542\" class=\"wp-caption-text\">Miroslav Kor\u010d\u00e1k, Tul\u00e1k Charlie, 2020<\/figcaption><\/figure>\n<p><strong>\u010co rob\u00ed zo spolo\u010dnosti v\u00fdtvarn\u00edkov klub?<\/strong><br \/>\nKlub je u\u017e nie\u010do, kam \u010dlovek \u2013 umelec patr\u00ed. Okrem spolo\u010dn\u00e9ho z\u00e1ujmu, ktor\u00fdm je v\u00a0tomto pr\u00edpade v\u00fdtvarn\u00e9 umenie, sp\u00e1ja \u010dlenov chu\u0165 stret\u00e1va\u0165 sa a\u00a0vyv\u00edja\u0165 spolo\u010dn\u00fa \u010dinnos\u0165. Od po\u010diatku boli a\u00a0dodnes s\u00fa tmelom pravideln\u00e9 mesa\u010dn\u00e9 stretnutia, v\u017edy v\u00a0prv\u00fd piatok v\u00a0mesiaci. Spolo\u010dne sa tu rie\u0161ia organiza\u010dn\u00e9 ot\u00e1zky pri zabezpe\u010den\u00ed v\u00fdstav, pri vyd\u00e1van\u00ed publik\u00e1cii a\u00a0o\u00a0neust\u00e1lom h\u013eadan\u00ed mo\u017enost\u00ed spolupr\u00e1ce s\u00a0in\u00fdmi podobn\u00fdmi v\u00fdtvarn\u00fdmi zdru\u017eeniami alebo organiz\u00e1ciami. D\u00f4le\u017eit\u00fa \u00falohu v\u00a0odbornom napredovan\u00ed \u010dlenov klubu zohr\u00e1valo aj prin\u00e1\u0161anie svojich v\u00fdtvarn\u00fdch pr\u00e1c a\u00a0ich spolo\u010dn\u00e9 hodnotenie na p\u00f4de klubu. Potreba \u010fal\u0161ieho v\u00fdtvarn\u00e9ho vzdel\u00e1vania \u010dlenov klubu \u010dasom viedla k\u00a0zalo\u017eeniu a\u00a0vyu\u017e\u00edvaniu klubovej kni\u017enice v\u00fdtvarn\u00e9ho umenia, ktor\u00e1 sa v\u010faka podpore oddelenia kult\u00fary mesta Skalica mohla postupne, aj ke\u010f skromne, dop\u013a\u0148a\u0165.<\/p>\n<figure id=\"attachment_5543\" aria-describedby=\"caption-attachment-5543\" style=\"width: 796px\" class=\"wp-caption aligncenter\"><img loading=\"lazy\" decoding=\"async\" class=\"size-full wp-image-5543\" src=\"http:\/\/skalickyobzor.sk\/cms\/wp-content\/uploads\/2022\/10\/Klub-Jozka-Chrena-5.7.2018.jpg\" alt=\"\" width=\"796\" height=\"513\" srcset=\"http:\/\/skalickyobzor.sk\/cms\/wp-content\/uploads\/2022\/10\/Klub-Jozka-Chrena-5.7.2018.jpg 796w, http:\/\/skalickyobzor.sk\/cms\/wp-content\/uploads\/2022\/10\/Klub-Jozka-Chrena-5.7.2018-300x193.jpg 300w, http:\/\/skalickyobzor.sk\/cms\/wp-content\/uploads\/2022\/10\/Klub-Jozka-Chrena-5.7.2018-768x495.jpg 768w\" sizes=\"auto, (max-width: 796px) 100vw, 796px\" \/><figcaption id=\"caption-attachment-5543\" class=\"wp-caption-text\">NKlub na n\u00e1v\u0161teve u\u00a0Jozefa Chrenu, 2018<\/figcaption><\/figure>\n<figure id=\"attachment_5544\" aria-describedby=\"caption-attachment-5544\" style=\"width: 584px\" class=\"wp-caption aligncenter\"><img loading=\"lazy\" decoding=\"async\" class=\"size-full wp-image-5544\" src=\"http:\/\/skalickyobzor.sk\/cms\/wp-content\/uploads\/2022\/10\/DSCN2378.jpg\" alt=\"\" width=\"584\" height=\"771\" srcset=\"http:\/\/skalickyobzor.sk\/cms\/wp-content\/uploads\/2022\/10\/DSCN2378.jpg 584w, http:\/\/skalickyobzor.sk\/cms\/wp-content\/uploads\/2022\/10\/DSCN2378-227x300.jpg 227w\" sizes=\"auto, (max-width: 584px) 100vw, 584px\" \/><figcaption id=\"caption-attachment-5544\" class=\"wp-caption-text\">Kamila U\u010dn\u00edkov\u00e1, Dotyky leta, 2020<\/figcaption><\/figure>\n<p><strong>Odborn\u00e1 literat\u00fara v\u0161ak pravdepodobne nie je jedin\u00fdm zdrojom inform\u00e1ci\u00ed a\u00a0podnetov pre osobn\u00fd rast \u010dlenov &#8230;<\/strong><br \/>\nSamozrejme, ove\u013ea emot\u00edvnej\u0161ie a osobnej\u0161ie s\u00fa symp\u00f3zia a kurzy, plen\u00e9ry, v\u00fdtvarno-vzdel\u00e1vacia \u010dinnos\u0165 a spolo\u010densk\u00e9 podujatia klubu. Tu sa dost\u00e1vaj\u00fa \u010dlenovia priamo k tvorivej pr\u00e1ci spolu s \u010fal\u0161\u00edmi tvorcami, najm\u00e4 na spom\u00ednan\u00fdch symp\u00f3zi\u00e1ch alebo kurzoch. Priamy kontakt s ostatn\u00fdmi \u00fa\u010dastn\u00edkmi b\u00fdva \u010dasto ve\u013emi podnetn\u00fd a nezastupite\u013en\u00fd. Pri \u00fa\u010dasti na plen\u00e9ri, obvykle maliarskom, sa autor priamo v ter\u00e9ne, \u010di u\u017e doma alebo v zahrani\u010d\u00ed, ocit\u00e1 zo\u010di-vo\u010di pred vybran\u00fdm mot\u00edvom. Pre \u010dlenov klubu to b\u00fdvaj\u00fa jedine\u010dn\u00e9 in\u0161piruj\u00face tvoriv\u00e9 sk\u00fasenosti. Navy\u0161e, najm\u00e4 v soch\u00e1rskej tvorbe sa takto pr\u00edle\u017eitostne vytvoren\u00e9 diela st\u00e1vaj\u00fa s\u00fa\u010das\u0165ou priestoru.<\/p>\n<figure id=\"attachment_5545\" aria-describedby=\"caption-attachment-5545\" style=\"width: 797px\" class=\"wp-caption aligncenter\"><img loading=\"lazy\" decoding=\"async\" class=\"size-full wp-image-5545\" src=\"http:\/\/skalickyobzor.sk\/cms\/wp-content\/uploads\/2022\/10\/4695cb3b19cbf906e45dac0da0913068.jpg\" alt=\"\" width=\"797\" height=\"403\" srcset=\"http:\/\/skalickyobzor.sk\/cms\/wp-content\/uploads\/2022\/10\/4695cb3b19cbf906e45dac0da0913068.jpg 797w, http:\/\/skalickyobzor.sk\/cms\/wp-content\/uploads\/2022\/10\/4695cb3b19cbf906e45dac0da0913068-300x152.jpg 300w, http:\/\/skalickyobzor.sk\/cms\/wp-content\/uploads\/2022\/10\/4695cb3b19cbf906e45dac0da0913068-768x388.jpg 768w\" sizes=\"auto, (max-width: 797px) 100vw, 797px\" \/><figcaption id=\"caption-attachment-5545\" class=\"wp-caption-text\">\u010clenovia Klubu v\u00fdtvarn\u00edkov v\u00a0Skalici, 2017<\/figcaption><\/figure>\n<p>V oblasti symp\u00f3zi\u00ed a kurzov vytvoril z lipov\u00e9ho dreva rezb\u00e1r Ferdinand Bolebruch v roku 2021, roku sv\u00e4t\u00e9ho Jozefa, pre kl\u00e1\u0161tor sv\u00e4t\u00e9ho Jozefa v Novom Meste nad V\u00e1hom sochu sv\u00e4t\u00e9ho Jozefa. Pre kaplnku sv\u00e4t\u00e9ho Jozefa v parku pri farskom kostole v Gbeloch vytvoril z lipov\u00e9ho dreva sochu sv\u00e4t\u00e9ho Jozefa v nad\u017eivotnej ve\u013ekosti \u2013 dva a pol metrov\u00fa. Pre spom\u00ednan\u00fa kaplnku vytvoril aj men\u0161iu (25 cm vysok\u00fa) sochu sv\u00e4t\u00e9ho Jozefa. Najnov\u0161ie vyrezal z lipov\u00e9ho dreva sochu Mat\u00fa\u0161a \u010c\u00e1ka tren\u010dianskeho v nad\u017eivotnej ve\u013ekosti, 2,20 metra vysok\u00fa. Je umiestnen\u00e1 na chate v\u00a0Pova\u017eskom Inovci. \u010clenovia klubu ob\u013eubuj\u00fa n\u00e1v\u0161tevy v\u00fdstav aj profesion\u00e1lneho umenia, \u010di u\u017e v\u00a0region\u00e1lnych in\u0161tit\u00faci\u00e1ch ako napr\u00edklad v\u00a0Slovenskej n\u00e1rodnej gal\u00e9rii, ale aj v\u00a0zahrani\u010d\u00ed, naj\u010dastej\u0161ie Galerii v\u00fdtvarn\u00edho um\u011bn\u00ed v\u00a0Hodon\u00edne a\u00a0viedenskej Albertine.<\/p>\n<p><img loading=\"lazy\" decoding=\"async\" class=\"aligncenter size-full wp-image-5546\" src=\"http:\/\/skalickyobzor.sk\/cms\/wp-content\/uploads\/2022\/10\/stefan-zajicek.jpg\" alt=\"\" width=\"849\" height=\"453\" srcset=\"http:\/\/skalickyobzor.sk\/cms\/wp-content\/uploads\/2022\/10\/stefan-zajicek.jpg 849w, http:\/\/skalickyobzor.sk\/cms\/wp-content\/uploads\/2022\/10\/stefan-zajicek-300x160.jpg 300w, http:\/\/skalickyobzor.sk\/cms\/wp-content\/uploads\/2022\/10\/stefan-zajicek-768x410.jpg 768w\" sizes=\"auto, (max-width: 849px) 100vw, 849px\" \/><\/p>\n<p><strong>Je pre \u010dlenov klubu d\u00f4le\u017eit\u00e9 stret\u00e1va\u0165 sa nielen navz\u00e1jom, ale aj s\u00a0profesion\u00e1lnymi v\u00fdtvarn\u00edkmi?<\/strong><br \/>\nN\u00e1v\u0161tevy ateli\u00e9rov v\u00fdtvarn\u00fdch umelcov, nevyn\u00edmaj\u00fac ani n\u00e1v\u0161tevy ateli\u00e9rov samotn\u00fdch \u010dlenov klubu, b\u00fdvaj\u00fa \u010dasto zdrojom nezabudnute\u013en\u00fdch osobn\u00fdch a\u00a0tvoriv\u00fdch z\u00e1\u017eitkov. S\u00fa ve\u013emi ob\u013e\u00fabenou s\u00fa\u010das\u0165ou vzdel\u00e1vania, pou\u010denia a\u00a0in\u0161pir\u00e1cie. Len si predstavte skuto\u010dnos\u0165 stretn\u00fa\u0165 sa zo\u010di-vo\u010di v\u00a0ateli\u00e9ri s\u00a0tak\u00fdmi osobnos\u0165ami, velik\u00e1nmi v\u00fdtvarn\u00e9ho v\u00fdvoja ako s\u00fa soch\u00e1ri Jozef Fostro, Rudolf Uher alebo Tibor B\u00e1rtfay, maliari J\u00e1n \u017delibsk\u00fd, u\u017e zosnul\u00fd Miroslav Cip\u00e1r, \u013dudov\u00edt Holo\u0161ko alebo grafici zosnul\u00fd Alb\u00edn Brunovsk\u00fd, Mari\u00e1n Kom\u00e1\u010dek a\u00a0podobne.<\/p>\n<figure id=\"attachment_5547\" aria-describedby=\"caption-attachment-5547\" style=\"width: 599px\" class=\"wp-caption aligncenter\"><img loading=\"lazy\" decoding=\"async\" class=\"size-full wp-image-5547\" src=\"http:\/\/skalickyobzor.sk\/cms\/wp-content\/uploads\/2022\/10\/bolebruch.jpg\" alt=\"\" width=\"599\" height=\"799\" srcset=\"http:\/\/skalickyobzor.sk\/cms\/wp-content\/uploads\/2022\/10\/bolebruch.jpg 599w, http:\/\/skalickyobzor.sk\/cms\/wp-content\/uploads\/2022\/10\/bolebruch-225x300.jpg 225w\" sizes=\"auto, (max-width: 599px) 100vw, 599px\" \/><figcaption id=\"caption-attachment-5547\" class=\"wp-caption-text\">Ferdinand Bolebruch, S\u00falad, 2019, drevo a\u00a0kame\u0148, 70 x 40 cm<\/figcaption><\/figure>\n<p><strong>\u010co sa stalo so spolo\u010densk\u00fdmi podujatiami klubu po\u010das pand\u00e9mie?<\/strong><br \/>\nPand\u00e9mia v\u00a0posledn\u00fdch rokoch ve\u013emi obmedzila pravideln\u00e9 mesa\u010dn\u00e9 klubov\u00e9 stretnutia a\u00a0z\u00a0d\u00f4vodov opatren\u00ed sa neuskuto\u010dnili ani tradi\u010dn\u00e9 spolo\u010densk\u00e9 stretnutia \u010dlenov klubu na prelome rokov. Na druhej strane sme usporiadali v\u00a0ostatnom dvojro\u010d\u00ed spolu p\u00e4\u0165 v\u00fdstav, z\u00a0toho tri spolo\u010dn\u00e9 a\u00a0dve samostatn\u00e9, z\u00a0nich jednu doma a\u00a0dve v\u00a0\u010ceskej republike. V\u00fdstava v\u00a0Gal\u00e9rii u\u00a0franti\u0161k\u00e1nov mala n\u00e1v\u0161tevnos\u0165 pribli\u017ene dvetis\u00edc os\u00f4b. K\u00a0v\u00fdstav\u00e1m sme vydali dve publik\u00e1cie.<\/p>\n<figure id=\"attachment_5548\" aria-describedby=\"caption-attachment-5548\" style=\"width: 836px\" class=\"wp-caption aligncenter\"><img loading=\"lazy\" decoding=\"async\" class=\"size-full wp-image-5548\" src=\"http:\/\/skalickyobzor.sk\/cms\/wp-content\/uploads\/2022\/10\/zajicek-cestak-frantiskanom.jpg\" alt=\"\" width=\"836\" height=\"576\" srcset=\"http:\/\/skalickyobzor.sk\/cms\/wp-content\/uploads\/2022\/10\/zajicek-cestak-frantiskanom.jpg 836w, http:\/\/skalickyobzor.sk\/cms\/wp-content\/uploads\/2022\/10\/zajicek-cestak-frantiskanom-300x207.jpg 300w, http:\/\/skalickyobzor.sk\/cms\/wp-content\/uploads\/2022\/10\/zajicek-cestak-frantiskanom-768x529.jpg 768w\" sizes=\"auto, (max-width: 836px) 100vw, 836px\" \/><figcaption id=\"caption-attachment-5548\" class=\"wp-caption-text\">\u0160tefan Zaj\u00ed\u010dek, Cesta k\u00a0franti\u0161k\u00e1nom, 2022, farebn\u00e9 ceruzky, 21 x 29,7 cm<\/figcaption><\/figure>\n<p><strong>P\u00f4sobia \u010dlenovia klubu aj v\u00a0profesion\u00e1lnych v\u00fdtvarn\u00fdch zdru\u017eeniach?<\/strong><br \/>\nV\u00a0profesion\u00e1lnych v\u00fdtvarn\u00fdch zdru\u017eeniach s\u00fa registrovan\u00ed siedmi \u010dlenovia klubu. V\u00a0Zdru\u017een\u00ed v\u00fdtvarn\u00fdch umelcov z\u00e1padn\u00e9ho Slovenska v\u00a0Bratislave s\u00fa Jozef Chrena, Miroslav Kor\u010d\u00e1k, Vlasta Peltznerov\u00e1 a\u00a0\u0160tefan Zaj\u00ed\u010dek, ktor\u00fd je aj \u010dlenom v\u00fdboru. V\u00a0Umeleckej besede slovenskej v\u00a0Bratislave p\u00f4sobia Hana Annyotty \u2013 Vesel\u00e1, ktor\u00e1 je aj \u010dlenkou dozornej rady, Miroslav Kinder a\u00a0\u0160tefan Zaj\u00ed\u010dek. V\u00a0zahrani\u010d\u00ed je v\u00a0Sdru\u017een\u00ed v\u00fdtvarn\u00fdch um\u011blc\u016f moravsk\u00fdch v\u00a0Hodon\u00edne Viktor Kov\u00e1\u010d a\u00a0\u010dlenom Zwiazku polskich plastyk\u00f3w je Jozef Chrena.<\/p>\n<figure id=\"attachment_5549\" aria-describedby=\"caption-attachment-5549\" style=\"width: 766px\" class=\"wp-caption aligncenter\"><img loading=\"lazy\" decoding=\"async\" class=\"size-full wp-image-5549\" src=\"http:\/\/skalickyobzor.sk\/cms\/wp-content\/uploads\/2022\/10\/kinder-obraz.jpg\" alt=\"\" width=\"766\" height=\"767\" srcset=\"http:\/\/skalickyobzor.sk\/cms\/wp-content\/uploads\/2022\/10\/kinder-obraz.jpg 766w, http:\/\/skalickyobzor.sk\/cms\/wp-content\/uploads\/2022\/10\/kinder-obraz-300x300.jpg 300w, http:\/\/skalickyobzor.sk\/cms\/wp-content\/uploads\/2022\/10\/kinder-obraz-150x150.jpg 150w\" sizes=\"auto, (max-width: 766px) 100vw, 766px\" \/><figcaption id=\"caption-attachment-5549\" class=\"wp-caption-text\">Miroslav Kinder, M\u00e1j, 2022, akryl, 80 x 80 cm<\/figcaption><\/figure>\n<p><strong>Kam sa bude ubera\u0165 Klub v\u00fdtvarn\u00edkov v\u00a0Skalici v\u00a0\u010fal\u0161\u00edch rokoch?<\/strong><br \/>\nTe\u0161\u00ed n\u00e1s, \u017ee tohtoro\u010dn\u00e1 \u010dlensk\u00e1 v\u00fdstava zastihla \u010dlenov v\u00a0plnej tvorivej aktivite. U\u017e o\u00a0p\u00e4\u0165 rokov, ak n\u00e1m d\u00e1 Boh dobr\u00e9 zdravie, bude n\u00e1\u0161 klub sl\u00e1vi\u0165 okr\u00fahle p\u00e4\u0165desiatiny. Nie je to ani pr\u00edli\u0161 dlh\u00fd \u010das na pr\u00edpravu kni\u017en\u00e9ho zhrnutia a\u00a0zhodnotenia doteraj\u0161ej mnohoro\u010dnej \u010dinnosti. Ver\u00edm v\u0161ak, \u017ee sa n\u00e1m spom\u00ednan\u00fa publik\u00e1ciu podar\u00ed vyda\u0165. Dosiahnut\u00fdmi v\u00fdsledkami si to Klub v\u00fdtvarn\u00edkov v\u00a0Skalici skuto\u010dne zasl\u00fa\u017ei.<\/p>\n<figure id=\"attachment_5550\" aria-describedby=\"caption-attachment-5550\" style=\"width: 832px\" class=\"wp-caption aligncenter\"><img loading=\"lazy\" decoding=\"async\" class=\"size-full wp-image-5550\" src=\"http:\/\/skalickyobzor.sk\/cms\/wp-content\/uploads\/2022\/10\/skalica.jpg\" alt=\"\" width=\"832\" height=\"511\" srcset=\"http:\/\/skalickyobzor.sk\/cms\/wp-content\/uploads\/2022\/10\/skalica.jpg 832w, http:\/\/skalickyobzor.sk\/cms\/wp-content\/uploads\/2022\/10\/skalica-300x184.jpg 300w, http:\/\/skalickyobzor.sk\/cms\/wp-content\/uploads\/2022\/10\/skalica-768x472.jpg 768w\" sizes=\"auto, (max-width: 832px) 100vw, 832px\" \/><figcaption id=\"caption-attachment-5550\" class=\"wp-caption-text\">\u0160tefan Zaj\u00ed\u010dek, Skalica<\/figcaption><\/figure>\n<p>Posledn\u00e1 odpove\u010f predsedu Klubu v\u00fdtvarn\u00edkov v\u00a0Skalici \u0160tefana Zaj\u00ed\u010dka je s\u00fa\u010dasne vynikaj\u00facim z\u00e1verom rozhovoru. \u010eakujeme za rozhovor a\u00a0v\u0161etk\u00fdm \u010dlenom klubu, ako aj v\u0161etk\u00fdm neprofesion\u00e1lnym v\u00fdtvarn\u00edkom, ktor\u00ed popri svojej pr\u00e1ci zlep\u0161uj\u00fa svet, prajeme ve\u013ea<\/p>\n<p><em>Redakcia<\/em><\/p>\n","protected":false},"excerpt":{"rendered":"<div class=\"mh-excerpt\"><p>Aktu\u00e1lne v mesiaci, kedy vych\u00e1dza toto \u010d\u00edslo Skalick\u00e9ho Obzoru, presnej\u0161ie 9. septembra 2022, bola sl\u00e1vnostne otvoren\u00e1 XXIII. \u010dlensk\u00e1 v\u00fdstava Klubu v\u00fdtvarn\u00edkov v Skalici. V celej rade v\u00fdstav je v\u00fdnimo\u010dn\u00e1, okrem nov\u00fdch vystaven\u00fdch diel, predov\u0161etk\u00fdm t\u00fdm, <a class=\"mh-excerpt-more\" href=\"http:\/\/skalickyobzor.sk\/cms\/klub-vytvarnikov-v-skalici-oslavuje-45-ku\/\" title=\"Klub v\u00fdtvarn\u00edkov v Skalici oslavuje 45-ku\">[&#8230;]<\/a><\/p>\n<\/div>","protected":false},"author":1,"featured_media":5535,"comment_status":"closed","ping_status":"closed","sticky":false,"template":"","format":"standard","meta":{"footnotes":""},"categories":[2],"tags":[],"class_list":{"0":"post-5534","1":"post","2":"type-post","3":"status-publish","4":"format-standard","5":"has-post-thumbnail","7":"category-hlavna-tema"},"_links":{"self":[{"href":"http:\/\/skalickyobzor.sk\/cms\/wp-json\/wp\/v2\/posts\/5534","targetHints":{"allow":["GET"]}}],"collection":[{"href":"http:\/\/skalickyobzor.sk\/cms\/wp-json\/wp\/v2\/posts"}],"about":[{"href":"http:\/\/skalickyobzor.sk\/cms\/wp-json\/wp\/v2\/types\/post"}],"author":[{"embeddable":true,"href":"http:\/\/skalickyobzor.sk\/cms\/wp-json\/wp\/v2\/users\/1"}],"replies":[{"embeddable":true,"href":"http:\/\/skalickyobzor.sk\/cms\/wp-json\/wp\/v2\/comments?post=5534"}],"version-history":[{"count":3,"href":"http:\/\/skalickyobzor.sk\/cms\/wp-json\/wp\/v2\/posts\/5534\/revisions"}],"predecessor-version":[{"id":5551,"href":"http:\/\/skalickyobzor.sk\/cms\/wp-json\/wp\/v2\/posts\/5534\/revisions\/5551"}],"wp:featuredmedia":[{"embeddable":true,"href":"http:\/\/skalickyobzor.sk\/cms\/wp-json\/wp\/v2\/media\/5535"}],"wp:attachment":[{"href":"http:\/\/skalickyobzor.sk\/cms\/wp-json\/wp\/v2\/media?parent=5534"}],"wp:term":[{"taxonomy":"category","embeddable":true,"href":"http:\/\/skalickyobzor.sk\/cms\/wp-json\/wp\/v2\/categories?post=5534"},{"taxonomy":"post_tag","embeddable":true,"href":"http:\/\/skalickyobzor.sk\/cms\/wp-json\/wp\/v2\/tags?post=5534"}],"curies":[{"name":"wp","href":"https:\/\/api.w.org\/{rel}","templated":true}]}}