{"id":5569,"date":"2022-10-15T20:11:38","date_gmt":"2022-10-15T18:11:38","guid":{"rendered":"http:\/\/skalickyobzor.sk\/cms\/?p=5569"},"modified":"2025-01-31T00:22:29","modified_gmt":"2025-01-30T23:22:29","slug":"vazena-pani-primatorka-vazeni-poslanci-38","status":"publish","type":"post","link":"http:\/\/skalickyobzor.sk\/cms\/vazena-pani-primatorka-vazeni-poslanci-38\/","title":{"rendered":"V\u00e1\u017een\u00e1 pani prim\u00e1torka, v\u00e1\u017een\u00ed poslanci!"},"content":{"rendered":"<p><strong>V\u00e1\u017een\u00ed voli\u010di a\u00a0\u010ditatelia,<\/strong><\/p>\n<p>je po \u010fal\u0161\u00edch vo\u013eb\u00e1ch. Po\u010dkali sme s\u00a0tla\u010dou nieko\u013eko dn\u00ed, aby sme v\u00e1m priniesli celkom \u010derstv\u00fd zoznam spoluob\u010danov, ktor\u00fdm ste s\u00a0d\u00f4verou zverili na \u010fal\u0161ie obdobie spravovanie n\u00e1\u0161ho mesta. O\u00a0tom vo\u013eby s\u00fa. Prajeme v\u00e1m predov\u0161etk\u00fdm, aby ste boli so svojou vo\u013ebou spokojn\u00ed aj na konci, pri skladan\u00ed \u00fa\u010dtov, ke\u010f bud\u00fa na obzore vo\u013eby \u010fal\u0161ie. A\u00a0nezabudnite, \u017ee v\u00fdsledok z\u00e1vis\u00ed na spolupr\u00e1ci n\u00e1s v\u0161etk\u00fdch.<\/p>\n<p><em>\u017delm\u00edra Mach\u00e1\u010dkov\u00e1<\/em><\/p>\n<hr \/>\n<p><strong>V\u00e1\u017een\u00e1 pani prim\u00e1torka, v\u00e1\u017een\u00e9 poslankyne, v\u00e1\u017een\u00ed poslanci, gratulujeme v\u00e1m k v\u00e1\u0161mu \u00faspechu v komun\u00e1lnych vo\u013eb\u00e1ch<\/strong> a prajeme v\u00e1m, aby sa v\u00e1m darilo nap\u013a\u0148a\u0165 nielen svoje predvolebn\u00e9 s\u013euby, ale aj predsavzatia, ktor\u00e9 ste sa mo\u017eno neodv\u00e1\u017eili nahlas vyslovi\u0165. Prajeme v\u00e1m, aby Skalica pod va\u0161imi rukami prekvitala a \u013eu\u010fom sa tu \u017eilo dobre. Ke\u010f je dobr\u00e1 atmosf\u00e9ra, dobre sa spolupracuje. Pr\u00edklad je napor\u00fadzi hne\u010f z ostatn\u00fdch dn\u00ed \u2013 zbierali sme podpisy ob\u010danov na podporu N\u00e1vrhu na z\u00e1pis skali\u010dtiny na zoznam nehmotn\u00e9ho kult\u00farneho dedi\u010dstva Slovenska a\u00a0v\u0161etci kandid\u00e1ti na prim\u00e1tora mesta nielen\u017ee pridali svoj podpis, ale v\u0161etci pod\u013ea svojich mo\u017enost\u00ed pri podpisovej akcii pom\u00e1hali. Bol to kr\u00e1sny pr\u00edklad ako piatich vz\u00e1jomn\u00fdch protikandid\u00e1tov spojila spolo\u010dn\u00e1 re\u010d, v\u00a0tomto pr\u00edpade doslova \u2013 t\u00e1 na\u0161a skalick\u00e1. Ver\u00edme, \u017ee toto budeme ma\u0165 mo\u017enos\u0165 vidie\u0165 i\u00a0v\u00a0nasleduj\u00facich \u0161tyroch rokoch. Prajeme n\u00e1m v\u0161etk\u00fdm spolu, aby sme nasleduj\u00face obdobie zvl\u00e1dli v\u00a0kon\u0161trukt\u00edvnej atmosf\u00e9re a\u00a0nezabudli na hlavn\u00fd cie\u013e, ktor\u00fd n\u00e1s sp\u00e1ja \u2013 aby sa n\u00e1m v\u00a0Skalici dobre \u017eilo a\u00a0z\u00e1rove\u0148, aby sme dost\u00e1li slov n\u00e1\u0161ho rod\u00e1ka Antona Srholca: \u201eAj sa poh\u00e1dajme, ale s\u00a0l\u00e1skou, a\u00a0nedajme priestor nen\u00e1visti.\u201c<\/p>\n<p><em>\u017delm\u00edra Mach\u00e1\u010dkov\u00e1<\/em><\/p>\n<div id=\"poslanci\">\n<div class=\"poslanec\">\n<div class=\"foto\"><img decoding=\"async\" src=\"http:\/\/skalickyobzor.sk\/cms\/wp-content\/uploads\/2017\/10\/fotka_poslanca.jpg\" \/><\/div>\n<div class=\"meno\">LUPT\u00c1KOV\u00c1 O\u013ega<\/div>\n<div class=\"percenta\"><\/div>\n<div class=\"odpoved\"><\/div>\n<\/div>\n<div class=\"poslanec\">\n<div class=\"foto\"><img decoding=\"async\" src=\"http:\/\/skalickyobzor.sk\/cms\/wp-content\/uploads\/2017\/10\/fotka_poslanca.jpg\" \/><\/div>\n<div class=\"meno\">BAL\u00c1\u017dIKOV\u00c1 Petra<\/div>\n<div class=\"percenta\"><\/div>\n<div class=\"odpoved\"><\/div>\n<\/div>\n<div class=\"poslanec\">\n<div class=\"foto\"><img decoding=\"async\" src=\"http:\/\/skalickyobzor.sk\/cms\/wp-content\/uploads\/2017\/10\/fotka_poslanca.jpg\" \/><\/div>\n<div class=\"meno\">BARTO\u0160 Peter<\/div>\n<div class=\"percenta\"><\/div>\n<div class=\"odpoved\"><\/div>\n<\/div>\n<div class=\"poslanec\">\n<div class=\"foto\"><img decoding=\"async\" src=\"http:\/\/skalickyobzor.sk\/cms\/wp-content\/uploads\/2017\/10\/fotka_poslanca.jpg\" \/><\/div>\n<div class=\"meno\">BE\u0147A \u013dubo\u0161<\/div>\n<div class=\"percenta\"><\/div>\n<div class=\"odpoved\"><\/div>\n<\/div>\n<div class=\"poslanec\">\n<div class=\"foto\"><img decoding=\"async\" src=\"http:\/\/skalickyobzor.sk\/cms\/wp-content\/uploads\/2017\/10\/fotka_poslanca.jpg\" \/><\/div>\n<div class=\"meno\">BUC Veronika<\/div>\n<div class=\"percenta\"><\/div>\n<div class=\"odpoved\"><\/div>\n<\/div>\n<div class=\"poslanec\">\n<div class=\"foto\"><img decoding=\"async\" src=\"http:\/\/skalickyobzor.sk\/cms\/wp-content\/uploads\/2017\/10\/fotka_poslanca.jpg\" \/><\/div>\n<div class=\"meno\">HERTL Adri\u00e1n<\/div>\n<div class=\"percenta\"><\/div>\n<div class=\"odpoved\"><\/div>\n<\/div>\n<div class=\"poslanec\">\n<div class=\"foto\"><img decoding=\"async\" src=\"http:\/\/skalickyobzor.sk\/cms\/wp-content\/uploads\/2017\/10\/fotka_poslanca.jpg\" \/><\/div>\n<div class=\"meno\">HOLL\u00c1 Edita<\/div>\n<div class=\"percenta\"><\/div>\n<div class=\"odpoved\"><\/div>\n<\/div>\n<div class=\"poslanec\">\n<div class=\"foto\"><img decoding=\"async\" src=\"http:\/\/skalickyobzor.sk\/cms\/wp-content\/uploads\/2017\/10\/fotka_poslanca.jpg\" \/><\/div>\n<div class=\"meno\">CHOVANCOV\u00c1 Katar\u00edna<\/div>\n<div class=\"percenta\"><\/div>\n<div class=\"odpoved\"><\/div>\n<\/div>\n<div class=\"poslanec\">\n<div class=\"foto\"><img decoding=\"async\" src=\"http:\/\/skalickyobzor.sk\/cms\/wp-content\/uploads\/2017\/10\/fotka_poslanca.jpg\" \/><\/div>\n<div class=\"meno\">KOJ\u0160 Martin<\/div>\n<div class=\"percenta\"><\/div>\n<div class=\"odpoved\"><\/div>\n<\/div>\n<div class=\"poslanec\">\n<div class=\"foto\"><img decoding=\"async\" src=\"http:\/\/skalickyobzor.sk\/cms\/wp-content\/uploads\/2017\/10\/fotka_poslanca.jpg\" \/><\/div>\n<div class=\"meno\">KO\u0160\u00cdK \u013dudov\u00edt<\/div>\n<div class=\"percenta\"><\/div>\n<div class=\"odpoved\"><\/div>\n<\/div>\n<div class=\"poslanec\">\n<div class=\"foto\"><img decoding=\"async\" src=\"http:\/\/skalickyobzor.sk\/cms\/wp-content\/uploads\/2017\/10\/fotka_poslanca.jpg\" \/><\/div>\n<div class=\"meno\">LIPOVSK\u00dd Miroslav<\/div>\n<div class=\"percenta\"><\/div>\n<div class=\"odpoved\"><\/div>\n<\/div>\n<div class=\"poslanec\">\n<div class=\"foto\"><img decoding=\"async\" src=\"http:\/\/skalickyobzor.sk\/cms\/wp-content\/uploads\/2017\/10\/fotka_poslanca.jpg\" \/><\/div>\n<div class=\"meno\">MIK\u00da\u0160 Juraj<\/div>\n<div class=\"percenta\"><\/div>\n<div class=\"odpoved\"><\/div>\n<\/div>\n<div class=\"poslanec\">\n<div class=\"foto\"><img decoding=\"async\" src=\"http:\/\/skalickyobzor.sk\/cms\/wp-content\/uploads\/2017\/10\/fotka_poslanca.jpg\" \/><\/div>\n<div class=\"meno\">MI\u0160A \u0160tefan<\/div>\n<div class=\"percenta\"><\/div>\n<div class=\"odpoved\"><\/div>\n<\/div>\n<div class=\"poslanec\">\n<div class=\"foto\"><img decoding=\"async\" src=\"http:\/\/skalickyobzor.sk\/cms\/wp-content\/uploads\/2017\/10\/fotka_poslanca.jpg\" \/><\/div>\n<div class=\"meno\">RANGL Erik<\/div>\n<div class=\"percenta\"><\/div>\n<div class=\"odpoved\"><\/div>\n<\/div>\n<div class=\"poslanec\">\n<div class=\"foto\"><img decoding=\"async\" src=\"http:\/\/skalickyobzor.sk\/cms\/wp-content\/uploads\/2017\/10\/fotka_poslanca.jpg\" \/><\/div>\n<div class=\"meno\">ROMAN Milan<\/div>\n<div class=\"percenta\"><\/div>\n<div class=\"odpoved\"><\/div>\n<\/div>\n<div class=\"poslanec\">\n<div class=\"foto\"><img decoding=\"async\" src=\"http:\/\/skalickyobzor.sk\/cms\/wp-content\/uploads\/2017\/10\/fotka_poslanca.jpg\" \/><\/div>\n<div class=\"meno\">SLOBODOV\u00c1 REKO\u0160OV\u00c1 Jana<\/div>\n<div class=\"percenta\"><\/div>\n<div class=\"odpoved\"><\/div>\n<\/div>\n<div class=\"poslanec\">\n<div class=\"foto\"><img decoding=\"async\" src=\"http:\/\/skalickyobzor.sk\/cms\/wp-content\/uploads\/2017\/10\/fotka_poslanca.jpg\" \/><\/div>\n<div class=\"meno\">\u0160ANTAV\u00dd Rudolf<\/div>\n<div class=\"percenta\"><\/div>\n<div class=\"odpoved\"><\/div>\n<\/div>\n<div class=\"poslanec\">\n<div class=\"foto\"><img decoding=\"async\" src=\"http:\/\/skalickyobzor.sk\/cms\/wp-content\/uploads\/2017\/10\/fotka_poslanca.jpg\" \/><\/div>\n<div class=\"meno\">\u0160PA\u010cEK Roman<\/div>\n<div class=\"percenta\"><\/div>\n<div class=\"odpoved\"><\/div>\n<\/div>\n<div class=\"poslanec\">\n<div class=\"foto\"><img decoding=\"async\" src=\"http:\/\/skalickyobzor.sk\/cms\/wp-content\/uploads\/2017\/10\/fotka_poslanca.jpg\" \/><\/div>\n<div class=\"meno\">\u0160TEP\u00c1N Martin<\/div>\n<div class=\"percenta\"><\/div>\n<div class=\"odpoved\"><\/div>\n<\/div>\n<div class=\"poslanec\">\n<div class=\"foto\"><img decoding=\"async\" src=\"http:\/\/skalickyobzor.sk\/cms\/wp-content\/uploads\/2017\/10\/fotka_poslanca.jpg\" \/><\/div>\n<div class=\"meno\">VACULKA Peter<\/div>\n<div class=\"percenta\"><\/div>\n<div class=\"odpoved\"><\/div>\n<\/div>\n<\/div>\n","protected":false},"excerpt":{"rendered":"<div class=\"mh-excerpt\"><p>V\u00e1\u017een\u00ed voli\u010di a\u00a0\u010ditatelia, je po \u010fal\u0161\u00edch vo\u013eb\u00e1ch. Po\u010dkali sme s\u00a0tla\u010dou nieko\u013eko dn\u00ed, aby sme v\u00e1m priniesli celkom \u010derstv\u00fd zoznam spoluob\u010danov, ktor\u00fdm ste s\u00a0d\u00f4verou zverili na \u010fal\u0161ie obdobie spravovanie n\u00e1\u0161ho mesta. O\u00a0tom vo\u013eby s\u00fa. Prajeme v\u00e1m <a class=\"mh-excerpt-more\" href=\"http:\/\/skalickyobzor.sk\/cms\/vazena-pani-primatorka-vazeni-poslanci-38\/\" title=\"V\u00e1\u017een\u00e1 pani prim\u00e1torka, v\u00e1\u017een\u00ed poslanci!\">[&#8230;]<\/a><\/p>\n<\/div>","protected":false},"author":1,"featured_media":239,"comment_status":"closed","ping_status":"closed","sticky":false,"template":"","format":"standard","meta":{"footnotes":""},"categories":[9],"tags":[],"class_list":{"0":"post-5569","1":"post","2":"type-post","3":"status-publish","4":"format-standard","5":"has-post-thumbnail","7":"category-vazeni-poslanci"},"_links":{"self":[{"href":"http:\/\/skalickyobzor.sk\/cms\/wp-json\/wp\/v2\/posts\/5569","targetHints":{"allow":["GET"]}}],"collection":[{"href":"http:\/\/skalickyobzor.sk\/cms\/wp-json\/wp\/v2\/posts"}],"about":[{"href":"http:\/\/skalickyobzor.sk\/cms\/wp-json\/wp\/v2\/types\/post"}],"author":[{"embeddable":true,"href":"http:\/\/skalickyobzor.sk\/cms\/wp-json\/wp\/v2\/users\/1"}],"replies":[{"embeddable":true,"href":"http:\/\/skalickyobzor.sk\/cms\/wp-json\/wp\/v2\/comments?post=5569"}],"version-history":[{"count":3,"href":"http:\/\/skalickyobzor.sk\/cms\/wp-json\/wp\/v2\/posts\/5569\/revisions"}],"predecessor-version":[{"id":5573,"href":"http:\/\/skalickyobzor.sk\/cms\/wp-json\/wp\/v2\/posts\/5569\/revisions\/5573"}],"wp:featuredmedia":[{"embeddable":true,"href":"http:\/\/skalickyobzor.sk\/cms\/wp-json\/wp\/v2\/media\/239"}],"wp:attachment":[{"href":"http:\/\/skalickyobzor.sk\/cms\/wp-json\/wp\/v2\/media?parent=5569"}],"wp:term":[{"taxonomy":"category","embeddable":true,"href":"http:\/\/skalickyobzor.sk\/cms\/wp-json\/wp\/v2\/categories?post=5569"},{"taxonomy":"post_tag","embeddable":true,"href":"http:\/\/skalickyobzor.sk\/cms\/wp-json\/wp\/v2\/tags?post=5569"}],"curies":[{"name":"wp","href":"https:\/\/api.w.org\/{rel}","templated":true}]}}