{"id":5600,"date":"2022-10-15T20:13:25","date_gmt":"2022-10-15T18:13:25","guid":{"rendered":"http:\/\/skalickyobzor.sk\/cms\/?p=5600"},"modified":"2025-01-31T00:22:53","modified_gmt":"2025-01-30T23:22:53","slug":"tak-si-myslim-ze-ako-hore-tak-i-na-zemi","status":"publish","type":"post","link":"http:\/\/skalickyobzor.sk\/cms\/tak-si-myslim-ze-ako-hore-tak-i-na-zemi\/","title":{"rendered":"Tak si mysl\u00edm, \u017ee ako hore, tak i na zemi"},"content":{"rendered":"<p>Ako die\u0165a som rada pozorovala nebo. V\u00a0rodi\u010dovskom dome v\u00fdh\u013ead na horizont zastierali \u010din\u017eiaky alebo bl\u00edzke stromy a\u00a0tak som ho mohla v\u00a0plnej kr\u00e1se sledova\u0165 sk\u00f4r vo vinohrade, le\u017eiac na tr\u00e1vniku, alebo nesk\u00f4r na hor\u00e1ch \u010di pobre\u017e\u00ed mora.<\/p>\n<p>Nebo pozorujem dodnes, m\u00e1m to \u0161\u0165astie, \u017ee m\u00f4j domov m\u00e1 ve\u013ek\u00e9 okn\u00e1, s\u00a0v\u00fdh\u013eadom na vzdialen\u00fd horizont, ktor\u00e9mu v\u00a0popred\u00ed dominuje nieko\u013eko kr\u00e1snych stromov. Tak m\u00e1m doma \u017eiv\u00e9 obrazy a\u00a0ka\u017ed\u00fd de\u0148 in\u00fd.<\/p>\n<p>Nebo je pre m\u0148a toti\u017e obrovsk\u00e1 in\u0161pir\u00e1cia. Je ako zrkadlo na\u0161ich \u017eivotov, raz zaliate slnkom, inokedy zatiahnut\u00e9, \u0161ediv\u00e9 a\u00a0da\u017ediv\u00e9 alebo ako pred o\u010distnou b\u00farkou dramatick\u00e9, pln\u00e9 \u010diernych \u0165a\u017ek\u00fdch mrakov.<\/p>\n<p>M\u00e1me radi dni, ke\u010f sa n\u00e1m dar\u00ed. Ke\u010f sme \u0161\u0165astn\u00ed a pln\u00ed euf\u00f3rie. Vieme oceni\u0165 aj dni oby\u010dajn\u00e9, ke\u010f sme spokojn\u00ed v\u00a0obklopen\u00ed bl\u00edzkymi. Vtedy opl\u00fdvame rados\u0165ou. U\u017e menej m\u00e1me radi dni nudn\u00e9, bezfarebn\u00e9, ke\u010f n\u00e1s ni\u010d pekn\u00e9 ne\u010dak\u00e1 a\u00a0zaval\u00ed n\u00e1s rutina. Av\u0161ak s\u00fa aj dni, ke\u010f sa n\u00e1m stavaj\u00fa do cesty prek\u00e1\u017eky, prich\u00e1dzaj\u00fa v\u00fdzvy v\u00a0r\u00f4znych podob\u00e1ch, v\u010faka ktor\u00fdm nie\u010do \u010di niekoho str\u00e1came, vtedy m\u00e1me tendenciu vidie\u0165 svet dramaticky \u010diernobielo. O\u00a0ob\u013eube tak\u00fdchto dn\u00ed azda nem\u00f4\u017ee by\u0165 ani re\u010d a\u00a0niekedy m\u00e1me tendenciu prepada\u0165 v\u00a0bolesti bezmocnosti a\u00a0sm\u00fatku. Tieto dni by sme z\u00a0na\u0161ich \u017eivotov najrad\u0161ej vytesnili a\u00a0ke\u010f pr\u00eddu, a\u00a0nesk\u00f4r u\u017e s\u00fa za nami, najrad\u0161ej by sme za nimi vzduchotesne zatvorili dvere. Chceme na ne zabudn\u00fa\u0165 a\u00a0vymaza\u0165 ich zo \u017eivota. Ur\u010dite sa netreba v\u00a0nich zbyto\u010dne zdr\u017eiava\u0165 a\u00a0niekedy je \u010dlovek r\u00e1d, \u017ee s\u00e1m vyviazne \u017eiv\u00fd. Bolo by ich v\u0161ak \u0161koda zo \u017eivota vymaza\u0165,\u00a0ani to nie je mo\u017en\u00e9, oni v\u017edy zostan\u00fa a, zahalen\u00e9 z\u00e1vesom ml\u010dania \u010di\u00a0nev\u0161\u00edmavosti, s\u00fa ako tie\u0148, ktor\u00fd sa za nami st\u00e1le zakr\u00e1da. \u010cakaj\u00fa na na\u0161u pozornos\u0165,\u00a0pochopenie a\u00a0zatia\u013e primie\u0161avaj\u00fa \u0161ed\u00fa farbu nov\u00fdch dn\u00ed.<\/p>\n<p>Je aj in\u00e1 cesta ako sa k\u00a0nim postavi\u0165, ak\u00fd postoj zauja\u0165 \u2013 m\u00f4\u017eeme ich prija\u0165, otvori\u0165 sa im a\u00a0objavi\u0165 v\u00a0nich kr\u00e1su daru m\u00fadrosti. Vtedy sa ich farba zmen\u00ed. Znie to neuverite\u013ene?<\/p>\n<p>Nezabudnime v\u0161ak, \u017ee len kombin\u00e1ciou da\u017e\u010fa a\u00a0slne\u010dn\u00fdch l\u00fa\u010dov m\u00f4\u017ee vznikn\u00fa\u0165 k\u00fazlo d\u00fahy.<\/p>\n<p><em>S\u00a0\u00factou<\/em><\/p>\n<p><em>smutno-radostn\u00e1<\/em><br \/>\n<em>\u017delm\u00edra Mach\u00e1\u010dkov\u00e1<\/em><\/p>\n","protected":false},"excerpt":{"rendered":"<div class=\"mh-excerpt\"><p>Ako die\u0165a som rada pozorovala nebo. V\u00a0rodi\u010dovskom dome v\u00fdh\u013ead na horizont zastierali \u010din\u017eiaky alebo bl\u00edzke stromy a\u00a0tak som ho mohla v\u00a0plnej kr\u00e1se sledova\u0165 sk\u00f4r vo vinohrade, le\u017eiac na tr\u00e1vniku, alebo nesk\u00f4r na hor\u00e1ch \u010di pobre\u017e\u00ed <a class=\"mh-excerpt-more\" href=\"http:\/\/skalickyobzor.sk\/cms\/tak-si-myslim-ze-ako-hore-tak-i-na-zemi\/\" title=\"Tak si mysl\u00edm, \u017ee ako hore, tak i na zemi\">[&#8230;]<\/a><\/p>\n<\/div>","protected":false},"author":2,"featured_media":241,"comment_status":"closed","ping_status":"closed","sticky":false,"template":"","format":"standard","meta":{"footnotes":""},"categories":[3],"tags":[],"class_list":{"0":"post-5600","1":"post","2":"type-post","3":"status-publish","4":"format-standard","5":"has-post-thumbnail","7":"category-tak-si-myslim"},"_links":{"self":[{"href":"http:\/\/skalickyobzor.sk\/cms\/wp-json\/wp\/v2\/posts\/5600","targetHints":{"allow":["GET"]}}],"collection":[{"href":"http:\/\/skalickyobzor.sk\/cms\/wp-json\/wp\/v2\/posts"}],"about":[{"href":"http:\/\/skalickyobzor.sk\/cms\/wp-json\/wp\/v2\/types\/post"}],"author":[{"embeddable":true,"href":"http:\/\/skalickyobzor.sk\/cms\/wp-json\/wp\/v2\/users\/2"}],"replies":[{"embeddable":true,"href":"http:\/\/skalickyobzor.sk\/cms\/wp-json\/wp\/v2\/comments?post=5600"}],"version-history":[{"count":1,"href":"http:\/\/skalickyobzor.sk\/cms\/wp-json\/wp\/v2\/posts\/5600\/revisions"}],"predecessor-version":[{"id":5601,"href":"http:\/\/skalickyobzor.sk\/cms\/wp-json\/wp\/v2\/posts\/5600\/revisions\/5601"}],"wp:featuredmedia":[{"embeddable":true,"href":"http:\/\/skalickyobzor.sk\/cms\/wp-json\/wp\/v2\/media\/241"}],"wp:attachment":[{"href":"http:\/\/skalickyobzor.sk\/cms\/wp-json\/wp\/v2\/media?parent=5600"}],"wp:term":[{"taxonomy":"category","embeddable":true,"href":"http:\/\/skalickyobzor.sk\/cms\/wp-json\/wp\/v2\/categories?post=5600"},{"taxonomy":"post_tag","embeddable":true,"href":"http:\/\/skalickyobzor.sk\/cms\/wp-json\/wp\/v2\/tags?post=5600"}],"curies":[{"name":"wp","href":"https:\/\/api.w.org\/{rel}","templated":true}]}}