{"id":5631,"date":"2022-11-27T22:02:23","date_gmt":"2022-11-27T21:02:23","guid":{"rendered":"http:\/\/skalickyobzor.sk\/cms\/?p=5631"},"modified":"2025-01-31T00:24:10","modified_gmt":"2025-01-30T23:24:10","slug":"skalicke-ulice-stare-cesty-mestom","status":"publish","type":"post","link":"http:\/\/skalickyobzor.sk\/cms\/skalicke-ulice-stare-cesty-mestom\/","title":{"rendered":"Skalick\u00e9 ulice &#8211; star\u00e9 cesty mestom"},"content":{"rendered":"<h4>N\u00c1MESTIE SLOBODY<\/h4>\n<p>Skalick\u00e9 N\u00e1mestie slobody, v\u00a0minulosti naz\u00fdvan\u00e9 <em>Weliky rynk<\/em>, sa vyzna\u010duje v r\u00e1mci Slovenska neobvykl\u00fdm trojuholn\u00edkovit\u00fdm tvarom. Vybiehaj\u00fa z neho ulice Kr\u00e1\u013eovsk\u00e1, Komensk\u00e9ho, \u0160karniclovsk\u00e1 a \u0160tef\u00e1nikova. Spolu s Poto\u010dnou ulicou i\u0161lo a e\u0161te v\u017edy ide o najd\u00f4le\u017eitej\u0161\u00ed priestor mesta, kde v d\u00e1vnej\u0161\u00edch dob\u00e1ch b\u00fdvali popredn\u00ed me\u0161\u0165ania a \u0161\u013eachtici. Stoj\u00ed tu Kostol sv. Michala Archanjela, konali a konaj\u00fa sa tu trhy a jarmoky. Okrem p\u00f4vodn\u00e9ho n\u00e1zvu Ve\u013ek\u00fd r\u00ednok sa vyskytovalo aj latinsk\u00e9 ozna\u010denie <em>Maiorum Theatrum sive forum, Maior Platea \u010di Magnum Circulum <\/em>a\u00a0pre \u010das\u0165 za kostolom a\u00a0cintor\u00ednom aj <em>Platea parochiali<\/em>.<\/p>\n<h4>\u0160TEF\u00c1NIKOVA A\u00a0JATO\u010cN\u00c1 ULICA<\/h4>\n<p>Na t\u00fdchto dvoch uliciach sa rozkladal (od Poto\u010dnej ulice) Doln\u00fd r\u00ednok, resp. dobyt\u010d\u00ed trh, a svoje miesto tu mali aj jatky skalick\u00fdch m\u00e4siarov. Napr\u00edklad 8. decembra 1604 bol toti\u017e Baptista Dezban Wlach, ako dl\u017en\u00edk neboh\u00fdch bratov Daniela a J\u00e1na Fabian, ktor\u00ed mali sami vysok\u00e9 dlhy, n\u00faten\u00fd kv\u00f4li uspokojeniu verite\u013eov preda\u0165 za 400 flor\u00e9nov svoj dom <em>\u201ew dlazeny Ulicze Protiw Jattkam\u201c.<\/em> Dezban tento dom pri jatk\u00e1ch k\u00fapil v roku 1599 od Mikul\u00e1\u0161a Michalic\u017eky. V roku 1579 pred\u00e1val <em>\u201ena dolnim rynku\u201c<\/em> dom s l\u00fakou v hor\u00e1ch kontrol\u00f3r (contrascriba) skalickej tridsiatkovej stanice Franti\u0161ek Orozthonyi. To s\u00fa len \u00fatr\u017eky z\u00e1pisov, ktor\u00e9 sved\u010dia o hist\u00f3rii oboch ul\u00edc i o tom, na ak\u00e9 \u00fa\u010dely sl\u00fa\u017eili.<\/p>\n<figure id=\"attachment_5633\" aria-describedby=\"caption-attachment-5633\" style=\"width: 819px\" class=\"wp-caption aligncenter\"><img loading=\"lazy\" decoding=\"async\" class=\"size-full wp-image-5633\" src=\"http:\/\/skalickyobzor.sk\/cms\/wp-content\/uploads\/2022\/12\/Stefanikova.jpg\" alt=\"\" width=\"819\" height=\"614\" srcset=\"http:\/\/skalickyobzor.sk\/cms\/wp-content\/uploads\/2022\/12\/Stefanikova.jpg 819w, http:\/\/skalickyobzor.sk\/cms\/wp-content\/uploads\/2022\/12\/Stefanikova-300x225.jpg 300w, http:\/\/skalickyobzor.sk\/cms\/wp-content\/uploads\/2022\/12\/Stefanikova-768x576.jpg 768w, http:\/\/skalickyobzor.sk\/cms\/wp-content\/uploads\/2022\/12\/Stefanikova-678x509.jpg 678w, http:\/\/skalickyobzor.sk\/cms\/wp-content\/uploads\/2022\/12\/Stefanikova-326x245.jpg 326w, http:\/\/skalickyobzor.sk\/cms\/wp-content\/uploads\/2022\/12\/Stefanikova-80x60.jpg 80w\" sizes=\"auto, (max-width: 819px) 100vw, 819px\" \/><figcaption id=\"caption-attachment-5633\" class=\"wp-caption-text\">Roh ul\u00edc \u0160tef\u00e1nikova a Jato\u010dn\u00e1 \u2013 b\u00fdval\u00fd Doln\u00fd r\u00ednok<br \/>Zdroj: internet<\/figcaption><\/figure>\n<figure id=\"attachment_5634\" aria-describedby=\"caption-attachment-5634\" style=\"width: 810px\" class=\"wp-caption aligncenter\"><img loading=\"lazy\" decoding=\"async\" class=\"size-full wp-image-5634\" src=\"http:\/\/skalickyobzor.sk\/cms\/wp-content\/uploads\/2022\/12\/Snimek-obrazovky-2022-12-13-v-14.53.02.jpg\" alt=\"\" width=\"810\" height=\"461\" srcset=\"http:\/\/skalickyobzor.sk\/cms\/wp-content\/uploads\/2022\/12\/Snimek-obrazovky-2022-12-13-v-14.53.02.jpg 810w, http:\/\/skalickyobzor.sk\/cms\/wp-content\/uploads\/2022\/12\/Snimek-obrazovky-2022-12-13-v-14.53.02-300x171.jpg 300w, http:\/\/skalickyobzor.sk\/cms\/wp-content\/uploads\/2022\/12\/Snimek-obrazovky-2022-12-13-v-14.53.02-768x437.jpg 768w\" sizes=\"auto, (max-width: 810px) 100vw, 810px\" \/><figcaption id=\"caption-attachment-5634\" class=\"wp-caption-text\">Jato\u010dn\u00e1<br \/>Zdroj: maps.google.com<\/figcaption><\/figure>\n<h4>DRU\u017dSTEVN\u00c1 ULICA<\/h4>\n<p>T\u00e1to ulica niesla niekedy n\u00e1zov <em>Sralkowa ulicza<\/em>, inak naz\u00fdvan\u00e1 aj <em>Ulicza za Spitalem<\/em>. Viedla od franti\u0161k\u00e1nskeho kl\u00e1\u0161tora poved\u013ea \u0160t\u00edbora severoz\u00e1padn\u00fdm smerom k hradb\u00e1m. N\u00e1zov si vysl\u00fa\u017eila pod\u013ea rodiny Sralkovcov, ktor\u00e1 tu vlastnila dom. S n\u00e1zvom ulice sa prv\u00fdkr\u00e1t stret\u00e1vame a\u017e v roku 1590. St\u00e1lo tu pomerne m\u00e1lo domov, \u010das\u0165 ulice za \u0160t\u00edborom zaberala \u0161pit\u00e1lska z\u00e1hrada, za ktorou st\u00e1la v\u00e4\u010d\u0161ina domov, preto\u017ee parcely s domami na dne\u0161nej Komensk\u00e9ho (\u017dabej) ulici siahali a\u017e po Sralkov\u00fa (dnes Dru\u017estevn\u00fa) ulicu. Ke\u010f\u017ee ulica le\u017eala hne\u010f oproti kl\u00e1\u0161toru a za \u0161pit\u00e1lom, je mo\u017en\u00e9, aj vzh\u013eadom na mal\u00fa z\u00e1stavbu a zriedkav\u00e9 k\u00fapno-predajn\u00e9 transakcie, \u017ee sa tu zdr\u017eiavala zv\u00e4\u010d\u0161a mestsk\u00e1 chudoba.<\/p>\n<figure id=\"attachment_5635\" aria-describedby=\"caption-attachment-5635\" style=\"width: 770px\" class=\"wp-caption aligncenter\"><img loading=\"lazy\" decoding=\"async\" class=\"size-full wp-image-5635\" src=\"http:\/\/skalickyobzor.sk\/cms\/wp-content\/uploads\/2022\/12\/Snimek-obrazovky-2022-12-13-v-15.06.14.jpg\" alt=\"\" width=\"770\" height=\"832\" srcset=\"http:\/\/skalickyobzor.sk\/cms\/wp-content\/uploads\/2022\/12\/Snimek-obrazovky-2022-12-13-v-15.06.14.jpg 770w, http:\/\/skalickyobzor.sk\/cms\/wp-content\/uploads\/2022\/12\/Snimek-obrazovky-2022-12-13-v-15.06.14-278x300.jpg 278w, http:\/\/skalickyobzor.sk\/cms\/wp-content\/uploads\/2022\/12\/Snimek-obrazovky-2022-12-13-v-15.06.14-768x830.jpg 768w\" sizes=\"auto, (max-width: 770px) 100vw, 770px\" \/><figcaption id=\"caption-attachment-5635\" class=\"wp-caption-text\">Dru\u017estevn\u00e1 ulica<br \/>Zdroj: maps.google.com<\/figcaption><\/figure>\n<h4>PREDMESTIE<\/h4>\n<p>Integr\u00e1lnou s\u00fa\u010das\u0165ou mesta, hoci u\u017e za hradbami, bolo Predmestie (<em>Przedmiesty, Suburbium Zakolczensium<\/em>). Rozkladalo sa proti pr\u00fadu Stra\u010dinsk\u00e9ho potoka po jeho oboch stran\u00e1ch smerom k\u00a0vinohradom. V\u00a0druhej polovici 16. storo\u010dia bolo spo\u010diatku ob\u00fdvan\u00e9 len chorv\u00e1tskymi ute\u010dencami, ako to dosved\u010duje n\u00e1zov \u201e<em>Na Przedmiesti slovie Charwat\u00ffch<\/em>\u201c, podobne ako Mokr\u00fd H\u00e1j, p\u00f4vodne \u0160enkvice \u010di Mokr\u00e1 Ves, ktor\u00fd zalo\u017eili Chorv\u00e1ti v\u00a0roku 1569. Na Predmest\u00ed st\u00e1l aj mlyn, zmienka o\u00a0\u0148om je z\u00a0roku 1584.<\/p>\n<figure id=\"attachment_5636\" aria-describedby=\"caption-attachment-5636\" style=\"width: 760px\" class=\"wp-caption aligncenter\"><img loading=\"lazy\" decoding=\"async\" class=\"size-full wp-image-5636\" src=\"http:\/\/skalickyobzor.sk\/cms\/wp-content\/uploads\/2022\/12\/Pod_mestskou_zdouSkalica1958foto-FLS.jpg\" alt=\"\" width=\"760\" height=\"760\" srcset=\"http:\/\/skalickyobzor.sk\/cms\/wp-content\/uploads\/2022\/12\/Pod_mestskou_zdouSkalica1958foto-FLS.jpg 760w, http:\/\/skalickyobzor.sk\/cms\/wp-content\/uploads\/2022\/12\/Pod_mestskou_zdouSkalica1958foto-FLS-300x300.jpg 300w, http:\/\/skalickyobzor.sk\/cms\/wp-content\/uploads\/2022\/12\/Pod_mestskou_zdouSkalica1958foto-FLS-150x150.jpg 150w\" sizes=\"auto, (max-width: 760px) 100vw, 760px\" \/><figcaption id=\"caption-attachment-5636\" class=\"wp-caption-text\">Pod mestskou z\u010fou, Skalica 1958<br \/>Zdroj: internet<\/figcaption><\/figure>\n<p><em>Pavol Dinka<\/em><\/p>\n","protected":false},"excerpt":{"rendered":"<div class=\"mh-excerpt\"><p>N\u00c1MESTIE SLOBODY Skalick\u00e9 N\u00e1mestie slobody, v\u00a0minulosti naz\u00fdvan\u00e9 Weliky rynk, sa vyzna\u010duje v r\u00e1mci Slovenska neobvykl\u00fdm trojuholn\u00edkovit\u00fdm tvarom. Vybiehaj\u00fa z neho ulice Kr\u00e1\u013eovsk\u00e1, Komensk\u00e9ho, \u0160karniclovsk\u00e1 a \u0160tef\u00e1nikova. Spolu s Poto\u010dnou ulicou i\u0161lo a e\u0161te v\u017edy ide <a class=\"mh-excerpt-more\" href=\"http:\/\/skalickyobzor.sk\/cms\/skalicke-ulice-stare-cesty-mestom\/\" title=\"Skalick\u00e9 ulice &#8211; star\u00e9 cesty mestom\">[&#8230;]<\/a><\/p>\n<\/div>","protected":false},"author":16,"featured_media":5632,"comment_status":"closed","ping_status":"closed","sticky":false,"template":"","format":"standard","meta":{"footnotes":""},"categories":[24],"tags":[],"class_list":{"0":"post-5631","1":"post","2":"type-post","3":"status-publish","4":"format-standard","5":"has-post-thumbnail","7":"category-skalicke-ulice"},"_links":{"self":[{"href":"http:\/\/skalickyobzor.sk\/cms\/wp-json\/wp\/v2\/posts\/5631","targetHints":{"allow":["GET"]}}],"collection":[{"href":"http:\/\/skalickyobzor.sk\/cms\/wp-json\/wp\/v2\/posts"}],"about":[{"href":"http:\/\/skalickyobzor.sk\/cms\/wp-json\/wp\/v2\/types\/post"}],"author":[{"embeddable":true,"href":"http:\/\/skalickyobzor.sk\/cms\/wp-json\/wp\/v2\/users\/16"}],"replies":[{"embeddable":true,"href":"http:\/\/skalickyobzor.sk\/cms\/wp-json\/wp\/v2\/comments?post=5631"}],"version-history":[{"count":2,"href":"http:\/\/skalickyobzor.sk\/cms\/wp-json\/wp\/v2\/posts\/5631\/revisions"}],"predecessor-version":[{"id":5638,"href":"http:\/\/skalickyobzor.sk\/cms\/wp-json\/wp\/v2\/posts\/5631\/revisions\/5638"}],"wp:featuredmedia":[{"embeddable":true,"href":"http:\/\/skalickyobzor.sk\/cms\/wp-json\/wp\/v2\/media\/5632"}],"wp:attachment":[{"href":"http:\/\/skalickyobzor.sk\/cms\/wp-json\/wp\/v2\/media?parent=5631"}],"wp:term":[{"taxonomy":"category","embeddable":true,"href":"http:\/\/skalickyobzor.sk\/cms\/wp-json\/wp\/v2\/categories?post=5631"},{"taxonomy":"post_tag","embeddable":true,"href":"http:\/\/skalickyobzor.sk\/cms\/wp-json\/wp\/v2\/tags?post=5631"}],"curies":[{"name":"wp","href":"https:\/\/api.w.org\/{rel}","templated":true}]}}