{"id":5646,"date":"2022-11-27T22:10:54","date_gmt":"2022-11-27T21:10:54","guid":{"rendered":"http:\/\/skalickyobzor.sk\/cms\/?p=5646"},"modified":"2025-01-31T00:29:38","modified_gmt":"2025-01-30T23:29:38","slug":"vazena-pani-primatorka-vazeni-poslanci-39","status":"publish","type":"post","link":"http:\/\/skalickyobzor.sk\/cms\/vazena-pani-primatorka-vazeni-poslanci-39\/","title":{"rendered":"V\u00e1\u017een\u00e1 pani prim\u00e1torka, v\u00e1\u017een\u00ed poslanci!"},"content":{"rendered":"<p>V\u00edtame v\u00e1s vo funkcii prim\u00e1torky a\u00a0poslancov pre volebn\u00e9 obdobie 2022-2026. Na za\u010diatku v\u00e1\u0161ho volebn\u00e9ho obdobia v\u00e1s pros\u00edme o\u00a0va\u0161u fotografiu a\u00a0odpove\u010f na ot\u00e1zku:<br \/>\n<strong>S ak\u00fdmi predsavzatiami a pl\u00e1nmi nastupujete na post prim\u00e1torky, poslank\u00fd\u0148 a\u00a0poslancov?<\/strong><\/p>\n<p>Do nov\u00e9ho p\u00f4sobenia v mestskom zastupite\u013estve v\u00e1m \u017eel\u00e1me ve\u013ea energie a el\u00e1nu, aby v\u00e1s neop\u00fa\u0161\u0165ali ani v naj\u0165a\u017e\u0161\u00edch chv\u00ed\u013each, preto\u017ee pr\u00eddu i\u00a0tak\u00e9. Doteraz v\u017edy pri\u0161li. \u017del\u00e1me v\u00e1m ve\u013ea trpezlivosti, n\u00e1padov a\u00a0m\u00fadrych rozhodnut\u00ed, preto\u017ee va\u0161a pr\u00e1ca je ve\u013emi d\u00f4le\u017eit\u00e1 pre v\u0161etk\u00fdch ob\u010danov n\u00e1\u0161ho mesta.<\/p>\n<p>Na z\u00e1ver v\u00e1m predov\u0161etk\u00fdm \u017eel\u00e1me, aby ste pre\u017eili bl\u00ed\u017eiace sa viano\u010dn\u00e9 sviatky v pokoji a pohode v kruhu najbli\u017e\u0161\u00edch.<\/p>\n<p><em>Za redakciu<\/em><br \/>\n<em>\u017delm\u00edra Mach\u00e1\u010dkov\u00e1<\/em><\/p>\n<hr \/>\n<h2>ODPOVEDE POSLANCOV<\/h2>\n<p>Mojim najv\u00e4\u010d\u0161\u00edm predsavzat\u00edm je, aby nasleduj\u00face \u0161tyri roky boli obdob\u00edm, ktor\u00e9 posunie Skalicu vpred vo v\u0161etk\u00fdm oblastiach. V\u00fdsledok volieb n\u00e1m uk\u00e1zal, \u017ee Skali\u010danov u\u017e znechucovali h\u00e1dky a\u00a0osobn\u00e9 spory. Zvolili si kon\u0161trukt\u00edvnu spolupr\u00e1cu a\u00a0v\u00a0takom duchu som aj nast\u00fapila do svojej funkcie. Ver\u00edm, \u017ee sa n\u00e1m spolo\u010dne podar\u00ed zlep\u0161i\u0165 parkovaciu situ\u00e1ciu, \u017ee zrealizujeme zmyslupln\u00e9 (aj zelen\u00e9) projekty a\u00a0takto za \u0161tyri roky odovzd\u00e1me Skalicu v\u00a0stave, na ktor\u00fd budeme patri\u010dne hrd\u00ed. V\u00a0zastupite\u013estve sa zi\u0161li skvel\u00ed \u013eudia. A\u00a0dobr\u00fd kolekt\u00edv je z\u00e1kladom dobre odvedenej pr\u00e1ce.<br \/>\n<strong>O\u013ega Lupt\u00e1kov\u00e1<\/strong><\/p>\n<p>Mojim cie\u013eom, ako poslanca mestsk\u00e9ho zastupite\u013estva, je venova\u0165 sa problematike kvality zdravia seniorov, nielen v\u00a0soci\u00e1lnom sektore, ale aj star\u0161\u00edch \u013eud\u00ed, ktor\u00ed \u017eij\u00fa osamote. Rada by som sa venovala problematike ob\u010danov a\u00a0n\u00e1sledne ich prezentovala. Chcem podporova\u0165 pl\u00e1ny rozvoja n\u00e1\u0161ho mesta.<br \/>\n<strong>Petra Bal\u00e1\u017eikov\u00e1<\/strong><\/p>\n<p>Do volebnej kampane som vstupoval so s\u013eubom podie\u013ea\u0165 sa na rozvoji kult\u00fary, cestovn\u00e9ho ruchu, trad\u00edci\u00ed a spolo\u010densk\u00e9ho \u017eivota v na\u0161om meste a t\u00fato v\u00edziu by som r\u00e1d aplikoval v praxi. Samozrejme, na to, aby ob\u010dan \u017eij\u00faci v na\u0161om meste v \u0148om chcel aj pracova\u0165 aj \u017ei\u0165, potrebuje v\u00e4\u010d\u0161iu motiv\u00e1ciu ako len kvalitn\u00fa kult\u00faru! Potrebuje pr\u00e1cu, kvalitn\u00e9 verejn\u00e9 a soci\u00e1lne slu\u017eby a ove\u013ea viac &#8230; Potrebuje rie\u0161enie d\u00f4le\u017eit\u00fdch t\u00e9m, ktor\u00fdm sa, ako poslanec mesta, budem musie\u0165 venova\u0165. Ve\u013emi r\u00e1d to urob\u00edm.<br \/>\n<strong>\u013dubo\u0161 Be\u0148a<\/strong><\/p>\n<p>Chcel by som pokra\u010dova\u0165 v rozbehnutej pr\u00e1ci a to najm\u00e4 v dokon\u010den\u00ed opr\u00e1v chodn\u00edkov, regener\u00e1cii vn\u00fatroblokov a podobne. V rokoch 2018 a\u017e 2022 boli na\u0161tartovan\u00e9 projekty cyklochodn\u00edkov, ur\u010dite chcem pokra\u010dova\u0165 u\u017e v ich samotnej realiz\u00e1cii. Samozrejme, som pripraven\u00fd podpori\u0165 v\u0161etky dobr\u00e9 projekty. V tomto obdob\u00ed bude \u0165a\u017ek\u00e1 \u00faloha udr\u017ea\u0165 mesto v dobrej finan\u010dnej kond\u00edcii. \u010cakaj\u00fa n\u00e1s probl\u00e9my v oblasti odpadov a ve\u013ekou v\u00fdzvou je starnutia obyvate\u013estva.<br \/>\n<strong>Adri\u00e1n Hertl<\/strong><\/p>\n<p>Touto cestou by som sa chcela po\u010fakova\u0165 ob\u010danom za prejaven\u00fa d\u00f4veru. Ver\u00edm, \u017ee moje pr\u00e1vnick\u00e9 vzdelanie a odhodlanie vidie\u0165 prosperuj\u00facu Skalicu bud\u00fa pr\u00ednosom pre na\u0161e mesto. Chcela by som, aby priama komunik\u00e1cia s ob\u010danmi Skalice a kon\u0161trukt\u00edvne debaty s poslancami pozdvihli mesto. Nach\u00e1dzame sa v \u0165a\u017ek\u00fdch \u010dasoch, av\u0161ak urob\u00edm v\u0161etko pre to, aby sa Skalica stala modern\u00fdm, \u010dist\u00fdm a udr\u017eiavan\u00fdm mestom, s opraven\u00fdmi chodn\u00edkmi a cestami, cyklotrasami a pretvoren\u00fdm dopravn\u00fdm ihriskom a h\u00e1jkom.<br \/>\n<strong>Edita Holl\u00e1<\/strong><\/p>\n<p>Moje pl\u00e1ny a predsavzatia: Spolupracova\u0165, zdie\u013ea\u0165 sk\u00fasenosti s nov\u00fdmi kolegami \u2013 poslancami, zodpovedne pristupova\u0165 pri prij\u00edman\u00ed \u0165a\u017ek\u00fdch rozhodnut\u00ed a pripom\u00edna\u0165 t\u00e9my cyklodoprava, parkovanie, &#8230;<br \/>\n<strong>Martin Koj\u0161<\/strong><\/p>\n<p>Som vekom i slu\u017eobne najstar\u0161\u00edm poslancom. V\u00e1\u017eim si d\u00f4veru, ktor\u00fa som dostal. Budem sa na\u010falej usilova\u0165 o to, aby Skalica bola prosperuj\u00facim mestom, kde sa dobre \u017eije a kde sa dobre c\u00edtia t\u00ed, ktor\u00ed sem prich\u00e1dzaj\u00fa. Len zopakujem svoje heslo, s ktor\u00fdm som vstupoval do kampane: \u010cestnos\u0165, slu\u0161nos\u0165, zodpovednos\u0165. Mojimi prioritami s\u00fa duchovn\u00fd a kult\u00farny \u017eivot, hist\u00f3ria, \u0161kolstvo, vzdel\u00e1vanie, v\u00fdchova mladej gener\u00e1cie. Tie\u017e prajem v\u0161etk\u00fdm radostn\u00e9 a pokojn\u00e9 Vianoce.<br \/>\n<strong>\u013dudov\u00edt Ko\u0161\u00edk<\/strong><\/p>\n<p>Moja aktivita sa bude orientova\u0165 na p\u00f4sobenie v Rade \u0161koly na Mall\u00e9ho ulici 2 a CV\u010c, \u010dinnos\u0165 v dozorn\u00fdch rad\u00e1ch SMM, VEPOSe a komisii pre vzdel\u00e1vanie, ml\u00e1de\u017e a \u0161port, ktorej predsed\u00e1m. Ver\u00edm, \u017ee sa n\u00e1m spolo\u010dne podar\u00ed v meste zv\u00fd\u0161i\u0165 percento \u0161portuj\u00facich det\u00ed, spreh\u013eadni\u0165 financovanie klubov a nadviaza\u0165 na e\u0161te intenz\u00edvnej\u0161iu komunik\u00e1ciu medzi \u0161kolsk\u00fdmi zariadeniami a \u0161portov\u00fdmi klubmi. Taktie\u017e budem na\u010falej akt\u00edvny v soci\u00e1lnych a environment\u00e1lnych aktivit\u00e1ch prostredn\u00edctvom OZ Spolo\u010dne pre Skalicu.<br \/>\n<strong>Martin \u0160tep\u00e1n<\/strong><\/p>\n<p>Ako poslanec v mestskom zastupite\u013estve som nov\u00e1\u010dik, hlavnou prioritou je spolupr\u00e1ca medzi poslancami a\u00a0ob\u010danmi, po\u010d\u00fava\u0165 n\u00e1zory a\u00a0podnety ob\u010danov, aby \u017eivot v\u00a0na\u0161om meste bol lep\u0161\u00ed. Riadim sa z\u00e1sadou: S\u013eubi\u0165 neznamen\u00e1 da\u0165.<br \/>\n<strong>Peter Vaculka<\/strong><\/p>\n<div id=\"poslanci\">\n<div class=\"poslanec\">\n<div class=\"foto\"><img decoding=\"async\" src=\"http:\/\/skalickyobzor.sk\/cms\/wp-content\/uploads\/2022\/12\/olga_luptakova.jpg\" \/><\/div>\n<div class=\"meno\">LUPT\u00c1KOV\u00c1 O\u013ega<\/div>\n<div class=\"percenta\"><\/div>\n<div class=\"odpoved\"><\/div>\n<\/div>\n<div class=\"poslanec\">\n<div class=\"foto\"><img decoding=\"async\" src=\"http:\/\/skalickyobzor.sk\/cms\/wp-content\/uploads\/2022\/12\/petra_balazikova.jpg\" \/><\/div>\n<div class=\"meno\">BAL\u00c1\u017dIKOV\u00c1 Petra<\/div>\n<div class=\"percenta\"><\/div>\n<div class=\"odpoved\"><\/div>\n<\/div>\n<div class=\"poslanec\">\n<div class=\"foto\"><img decoding=\"async\" src=\"http:\/\/skalickyobzor.sk\/cms\/wp-content\/uploads\/2017\/10\/fotka_poslanca.jpg\" \/><\/div>\n<div class=\"meno\">BARTO\u0160 Peter<\/div>\n<div class=\"percenta\"><\/div>\n<div class=\"odpoved\"><\/div>\n<\/div>\n<div class=\"poslanec\">\n<div class=\"foto\"><img decoding=\"async\" src=\"http:\/\/skalickyobzor.sk\/cms\/wp-content\/uploads\/2022\/12\/lubos_bena.jpg\" \/><\/div>\n<div class=\"meno\">BE\u0147A \u013dubo\u0161<\/div>\n<div class=\"percenta\"><\/div>\n<div class=\"odpoved\"><\/div>\n<\/div>\n<div class=\"poslanec\">\n<div class=\"foto\"><img decoding=\"async\" src=\"http:\/\/skalickyobzor.sk\/cms\/wp-content\/uploads\/2019\/01\/veronika_hanzalikova.jpg\" \/><\/div>\n<div class=\"meno\">BUC Veronika<\/div>\n<div class=\"percenta\"><\/div>\n<div class=\"odpoved\"><\/div>\n<\/div>\n<div class=\"poslanec\">\n<div class=\"foto\"><img decoding=\"async\" src=\"http:\/\/skalickyobzor.sk\/cms\/wp-content\/uploads\/2019\/01\/adrian_hertl.jpg\" \/><\/div>\n<div class=\"meno\">HERTL Adri\u00e1n<\/div>\n<div class=\"percenta\"><\/div>\n<div class=\"odpoved\"><\/div>\n<\/div>\n<div class=\"poslanec\">\n<div class=\"foto\"><img decoding=\"async\" src=\"http:\/\/skalickyobzor.sk\/cms\/wp-content\/uploads\/2022\/12\/edita_holla.jpg\" \/><\/div>\n<div class=\"meno\">HOLL\u00c1 Edita<\/div>\n<div class=\"percenta\"><\/div>\n<div class=\"odpoved\"><\/div>\n<\/div>\n<div class=\"poslanec\">\n<div class=\"foto\"><img decoding=\"async\" src=\"http:\/\/skalickyobzor.sk\/cms\/wp-content\/uploads\/2019\/01\/katarina_chovancova.jpg\" \/><\/div>\n<div class=\"meno\">CHOVANCOV\u00c1 Katar\u00edna<\/div>\n<div class=\"percenta\"><\/div>\n<div class=\"odpoved\"><\/div>\n<\/div>\n<div class=\"poslanec\">\n<div class=\"foto\"><img decoding=\"async\" src=\"http:\/\/skalickyobzor.sk\/cms\/wp-content\/uploads\/2017\/10\/martin_kojs.jpg\" \/><\/div>\n<div class=\"meno\">KOJ\u0160 Martin<\/div>\n<div class=\"percenta\"><\/div>\n<div class=\"odpoved\"><\/div>\n<\/div>\n<div class=\"poslanec\">\n<div class=\"foto\"><img decoding=\"async\" src=\"http:\/\/skalickyobzor.sk\/cms\/wp-content\/uploads\/2017\/10\/fotka_poslanca.jpg\" \/><\/div>\n<div class=\"meno\">KO\u0160\u00cdK \u013dudov\u00edt<\/div>\n<div class=\"percenta\"><\/div>\n<div class=\"odpoved\"><\/div>\n<\/div>\n<div class=\"poslanec\">\n<div class=\"foto\"><img decoding=\"async\" src=\"http:\/\/skalickyobzor.sk\/cms\/wp-content\/uploads\/2019\/01\/miroslav_lipovsky.jpg\" \/><\/div>\n<div class=\"meno\">LIPOVSK\u00dd Miroslav<\/div>\n<div class=\"percenta\"><\/div>\n<div class=\"odpoved\"><\/div>\n<\/div>\n<div class=\"poslanec\">\n<div class=\"foto\"><img decoding=\"async\" src=\"http:\/\/skalickyobzor.sk\/cms\/wp-content\/uploads\/2017\/10\/fotka_poslanca.jpg\" \/><\/div>\n<div class=\"meno\">MIK\u00da\u0160 Juraj<\/div>\n<div class=\"percenta\"><\/div>\n<div class=\"odpoved\"><\/div>\n<\/div>\n<div class=\"poslanec\">\n<div class=\"foto\"><img decoding=\"async\" src=\"http:\/\/skalickyobzor.sk\/cms\/wp-content\/uploads\/2017\/10\/fotka_poslanca.jpg\" \/><\/div>\n<div class=\"meno\">MI\u0160A \u0160tefan<\/div>\n<div class=\"percenta\"><\/div>\n<div class=\"odpoved\"><\/div>\n<\/div>\n<div class=\"poslanec\">\n<div class=\"foto\"><img decoding=\"async\" src=\"http:\/\/skalickyobzor.sk\/cms\/wp-content\/uploads\/2019\/01\/erik_rangl.jpg\" \/><\/div>\n<div class=\"meno\">RANGL Erik<\/div>\n<div class=\"percenta\"><\/div>\n<div class=\"odpoved\"><\/div>\n<\/div>\n<div class=\"poslanec\">\n<div class=\"foto\"><img decoding=\"async\" src=\"http:\/\/skalickyobzor.sk\/cms\/wp-content\/uploads\/2017\/10\/fotka_poslanca.jpg\" \/><\/div>\n<div class=\"meno\">ROMAN Milan<\/div>\n<div class=\"percenta\"><\/div>\n<div class=\"odpoved\"><\/div>\n<\/div>\n<div class=\"poslanec\">\n<div class=\"foto\"><img decoding=\"async\" src=\"http:\/\/skalickyobzor.sk\/cms\/wp-content\/uploads\/2017\/10\/jana_rekosova.jpg\" \/><\/div>\n<div class=\"meno\">SLOBODOV\u00c1 REKO\u0160OV\u00c1 Jana<\/div>\n<div class=\"percenta\"><\/div>\n<div class=\"odpoved\"><\/div>\n<\/div>\n<div class=\"poslanec\">\n<div class=\"foto\"><img decoding=\"async\" src=\"http:\/\/skalickyobzor.sk\/cms\/wp-content\/uploads\/2017\/10\/fotka_poslanca.jpg\" \/><\/div>\n<div class=\"meno\">\u0160ANTAV\u00dd Rudolf<\/div>\n<div class=\"percenta\"><\/div>\n<div class=\"odpoved\"><\/div>\n<\/div>\n<div class=\"poslanec\">\n<div class=\"foto\"><img decoding=\"async\" src=\"http:\/\/skalickyobzor.sk\/cms\/wp-content\/uploads\/2017\/10\/fotka_poslanca.jpg\" \/><\/div>\n<div class=\"meno\">\u0160PA\u010cEK Roman<\/div>\n<div class=\"percenta\"><\/div>\n<div class=\"odpoved\"><\/div>\n<\/div>\n<div class=\"poslanec\">\n<div class=\"foto\"><img decoding=\"async\" src=\"http:\/\/skalickyobzor.sk\/cms\/wp-content\/uploads\/2022\/12\/martin_stepan.jpg\" \/><\/div>\n<div class=\"meno\">\u0160TEP\u00c1N Martin<\/div>\n<div class=\"percenta\"><\/div>\n<div class=\"odpoved\"><\/div>\n<\/div>\n<div class=\"poslanec\">\n<div class=\"foto\"><img decoding=\"async\" src=\"http:\/\/skalickyobzor.sk\/cms\/wp-content\/uploads\/2022\/12\/peter_vaculka.jpg\" \/><\/div>\n<div class=\"meno\">VACULKA Peter<\/div>\n<div class=\"percenta\"><\/div>\n<div class=\"odpoved\"><\/div>\n<\/div>\n<\/div>\n","protected":false},"excerpt":{"rendered":"<div class=\"mh-excerpt\"><p>V\u00edtame v\u00e1s vo funkcii prim\u00e1torky a\u00a0poslancov pre volebn\u00e9 obdobie 2022-2026. Na za\u010diatku v\u00e1\u0161ho volebn\u00e9ho obdobia v\u00e1s pros\u00edme o\u00a0va\u0161u fotografiu a\u00a0odpove\u010f na ot\u00e1zku: S ak\u00fdmi predsavzatiami a pl\u00e1nmi nastupujete na post prim\u00e1torky, poslank\u00fd\u0148 a\u00a0poslancov? Do nov\u00e9ho <a class=\"mh-excerpt-more\" href=\"http:\/\/skalickyobzor.sk\/cms\/vazena-pani-primatorka-vazeni-poslanci-39\/\" title=\"V\u00e1\u017een\u00e1 pani prim\u00e1torka, v\u00e1\u017een\u00ed poslanci!\">[&#8230;]<\/a><\/p>\n<\/div>","protected":false},"author":1,"featured_media":239,"comment_status":"closed","ping_status":"closed","sticky":false,"template":"","format":"standard","meta":{"footnotes":""},"categories":[9],"tags":[],"class_list":{"0":"post-5646","1":"post","2":"type-post","3":"status-publish","4":"format-standard","5":"has-post-thumbnail","7":"category-vazeni-poslanci"},"_links":{"self":[{"href":"http:\/\/skalickyobzor.sk\/cms\/wp-json\/wp\/v2\/posts\/5646","targetHints":{"allow":["GET"]}}],"collection":[{"href":"http:\/\/skalickyobzor.sk\/cms\/wp-json\/wp\/v2\/posts"}],"about":[{"href":"http:\/\/skalickyobzor.sk\/cms\/wp-json\/wp\/v2\/types\/post"}],"author":[{"embeddable":true,"href":"http:\/\/skalickyobzor.sk\/cms\/wp-json\/wp\/v2\/users\/1"}],"replies":[{"embeddable":true,"href":"http:\/\/skalickyobzor.sk\/cms\/wp-json\/wp\/v2\/comments?post=5646"}],"version-history":[{"count":3,"href":"http:\/\/skalickyobzor.sk\/cms\/wp-json\/wp\/v2\/posts\/5646\/revisions"}],"predecessor-version":[{"id":5649,"href":"http:\/\/skalickyobzor.sk\/cms\/wp-json\/wp\/v2\/posts\/5646\/revisions\/5649"}],"wp:featuredmedia":[{"embeddable":true,"href":"http:\/\/skalickyobzor.sk\/cms\/wp-json\/wp\/v2\/media\/239"}],"wp:attachment":[{"href":"http:\/\/skalickyobzor.sk\/cms\/wp-json\/wp\/v2\/media?parent=5646"}],"wp:term":[{"taxonomy":"category","embeddable":true,"href":"http:\/\/skalickyobzor.sk\/cms\/wp-json\/wp\/v2\/categories?post=5646"},{"taxonomy":"post_tag","embeddable":true,"href":"http:\/\/skalickyobzor.sk\/cms\/wp-json\/wp\/v2\/tags?post=5646"}],"curies":[{"name":"wp","href":"https:\/\/api.w.org\/{rel}","templated":true}]}}