{"id":5650,"date":"2022-11-27T22:03:21","date_gmt":"2022-11-27T21:03:21","guid":{"rendered":"http:\/\/skalickyobzor.sk\/cms\/?p=5650"},"modified":"2025-01-31T00:24:16","modified_gmt":"2025-01-30T23:24:16","slug":"skalicke-priezviska-xxvii-formanek-a-potomkovia-prvych-dopravcov","status":"publish","type":"post","link":"http:\/\/skalickyobzor.sk\/cms\/skalicke-priezviska-xxvii-formanek-a-potomkovia-prvych-dopravcov\/","title":{"rendered":"Skalick\u00e9 priezvisk\u00e1 XXVII &#8211; Form\u00e1nek a potomkovia prv\u00fdch dopravcov"},"content":{"rendered":"<p>Medzi najpou\u017e\u00edvanej\u0161ie priezvisk\u00e1 v Skalici patr\u00ed v s\u00fa\u010dasnosti i priezvisko Form\u00e1nek. Moment\u00e1lne v Skalici \u017eije 68 obyvate\u013eov, ktor\u00ed maj\u00fa v ob\u010dianskom preukaze zap\u00edsan\u00e9 priezvisko Form\u00e1nek\/Form\u00e1nkov\u00e1. Toto priezvisko sa na Slovensku v roku 1995 nach\u00e1dzalo 149-kr\u00e1t v 52 lokalit\u00e1ch. Najpo\u010detnej\u0161ie bolo zast\u00fapen\u00e9 v Skalici, kde \u017eilo 31 mu\u017eov s t\u00fdmto priezviskom. Nasledovali obce \u010cern\u00edk (okres Nov\u00e9 Z\u00e1mky) so 7 nosite\u013emi, Komjatice (okres Nov\u00e9 Z\u00e1mky) so 6, Doh\u0148any (okres Pova\u017esk\u00e1 Bystrica), Malinovo, S\u00e1sov\u00e1 s piatimi a Brezno, Mokr\u00fd H\u00e1j, Nov\u00e9 Z\u00e1mky a bratislavsk\u00e1 Ra\u010da so \u0161tyrmi nosite\u013emi priezviska Form\u00e1nek.<\/p>\n<p>Priezvisko Form\u00e1nkov\u00e1 (existuje aj priezvisko Form\u00e1nekov\u00e1) sa na Slovensku v roku 1995 nach\u00e1dzalo 119-kr\u00e1t v 45 lokalit\u00e1ch. Naj\u010dastej\u0161ie sa vyskytovalo v Skalici (25-kr\u00e1t), nasledoval bratislavsk\u00fd Ru\u017einov (10) a potom \u010cern\u00edk (9), Lys\u00e1 pod Makytou, bratislavsk\u00e9 \u010dasti Petr\u017ealka a Star\u00e9 Mesto po 4, Doh\u0148any, Komjatice, Prievidza a Diely po troch nosite\u013ek\u00e1ch priezviska. V\u00a0\u010ceskej republike \u017eije v\u00a0s\u00fa\u010dasnosti 2023 mu\u017eov maj\u00facich priezvisko Form\u00e1nek. Najpo\u010detnej\u0161ie je zast\u00fapen\u00e9 v\u00a0Prahe (224), nasleduj\u00fa moravsk\u00fd Vy\u0161kov (94), Brno (73), Pardubice (65) a\u00a0Blansko (54). \u017dien s\u00a0priezviskom Form\u00e1nkov\u00e1 \u017eije v\u00a0\u010ceskej republike 2111. Najviac je ich op\u00e4\u0165 v\u00a0Prahe (249) a\u00a0nasleduj\u00fa moravsk\u00e9 mest\u00e1 Vy\u0161kov (99), Brno (85), Blansko (82) a\u00a0potom Pardubice (62) a\u00a0Kol\u00edn (42).<\/p>\n<p>Ak sa pozrieme na p\u00f4vod, respekt\u00edve vznik, priezviska Form\u00e1nek, bolo isto odvoden\u00e9 od povolania povozn\u00edka, furmana (z nemeck\u00e9ho Fuhrmann, to je povozn\u00edk) zdrobnen\u00edm na furm\u00e1nek a form\u00e1nek. Furmanstvo bolo povolan\u00edm, ktor\u00e9 sa zaoberalo prev\u00e1\u017ean\u00edm ak\u00fdchko\u013evek n\u00e1kladov a tovarov prostredn\u00edctvom konsk\u00fdch, \u010di volsk\u00fdch z\u00e1prahov na kr\u00e1tke i dlh\u0161ie vzdialenosti a vydr\u017ealo od stredoveku a\u017e do za\u010diatkov 20. storo\u010dia, kedy ho nahradila automobilov\u00e1 doprava a vlaky. P\u00f4vodne i\u0161lo o slu\u017eobn\u00fa povinnos\u0165 poddan\u00fdch, z ktorej vzniklo osobitn\u00e9 zamestnanie. \u010co sa t\u00fdka Skalice, tak priezvisko Form\u00e1nek patr\u00ed medzi star\u00e9 miestne priezvisk\u00e1. Prv\u00e9 spr\u00e1vy o\u00a0\u0148om m\u00e1me zo 17. storo\u010dia. Objavuje sa hne\u010f na prvej strane najstar\u0161ej zachovanej matriky pokrsten\u00fdch z\u00a0rokov 1629 a\u017e 1728. 17. 1. 1629 bola pokrsten\u00e1 Zuzana, dc\u00e9ra Martina Form\u00e1nka a\u00a0jeho \u017eeny Anny, ktor\u00fdch far\u00e1r zap\u00edsal ako predme\u0161\u0165anov (Suburbani). Krstn\u00fdmi rodi\u010dmi Zuzany boli J\u00e1n Molitor, Zuzana Bogatiana a\u00a0Al\u017ebeta Chropovsk\u00e1.<\/p>\n<figure id=\"attachment_5652\" aria-describedby=\"caption-attachment-5652\" style=\"width: 769px\" class=\"wp-caption aligncenter\"><img loading=\"lazy\" decoding=\"async\" class=\"size-full wp-image-5652\" src=\"http:\/\/skalickyobzor.sk\/cms\/wp-content\/uploads\/2022\/12\/nar_formanek-zuza_1629image4-skalica1629_1728-detail.jpg\" alt=\"\" width=\"769\" height=\"76\" srcset=\"http:\/\/skalickyobzor.sk\/cms\/wp-content\/uploads\/2022\/12\/nar_formanek-zuza_1629image4-skalica1629_1728-detail.jpg 769w, http:\/\/skalickyobzor.sk\/cms\/wp-content\/uploads\/2022\/12\/nar_formanek-zuza_1629image4-skalica1629_1728-detail-300x30.jpg 300w\" sizes=\"auto, (max-width: 769px) 100vw, 769px\" \/><figcaption id=\"caption-attachment-5652\" class=\"wp-caption-text\">Matri\u010dn\u00fd z\u00e1znam narodenia dc\u00e9ry Zuzany Martinovi Form\u00e1nkovi a\u00a0jeho man\u017eelke Anne, rok 1629<\/figcaption><\/figure>\n<p>Martin Form\u00e1nek sa v priebehu nieko\u013ek\u00fdch rokov vypracoval na vy\u0161\u0161ie posty v spolo\u010denskom postaven\u00ed skalick\u00fdch me\u0161\u0165anov. V rokoch 1649 a\u017e 1655 zast\u00e1val funkciu spr\u00e1vcu pivovaru, v roku 1659 ho m\u00f4\u017eeme zaznamena\u0165 vo funkcii centumvira a v rokoch 1661 a\u017e 1663, 1667 a\u017e 1669 bol op\u00e4\u0165 jedn\u00fdm z dvoch spr\u00e1vcov mestsk\u00e9ho pivovaru. K\u00a0jeho rodine sa via\u017ee aj jedna zauj\u00edmav\u00e1 pr\u00edhoda, ktor\u00fa zaznamenal Dr. Jozef \u0160\u00e1tek. V\u00a0roku 1660 Martin Form\u00e1nek, u\u017e ako skalick\u00fd v\u00e1\u017een\u00fd me\u0161\u0165an, vyd\u00e1val svoju dc\u00e9ru (matri\u010dn\u00e9 z\u00e1znamy sob\u00e1\u0161ov z\u00a0roku 1660 sa nedochovali, tak\u017ee si to nem\u00e1me ako overi\u0165) za Michala Letovanca, syna Pavla Letovanca, taktie\u017e v\u00e1\u017een\u00e9ho skalick\u00e9ho me\u0161\u0165ana a\u00a0majstra vini\u010dn\u00fdch vrchov, \u010di spr\u00e1vcu vinohradov. Len\u017ee \u017een\u00edch zo svadby u\u0161iel a\u00a0tak jeho otec Pavol Letovanec s\u013e\u00fabil neveste polovicu majetku. \u010ci svoj s\u013eub dodr\u017eal sme sa v\u0161ak nedop\u00e1trali. Av\u0161ak Pavol Letovanec mal so svojimi synmi, \u010di synom viac probl\u00e9mov, preto\u017ee niekedy v\u00a0tomto obdob\u00ed mu n\u00e1\u0161 Martin Form\u00e1nek po\u017ei\u010dal 10 duk\u00e1tov, preto\u017ee Pavol Letovanec \u0161iel prosi\u0165 o\u00a0milos\u0165 pre svojho syna samotn\u00e9ho palat\u00edna. Pod\u013ea Dr. \u0160\u00e1tka mu hrozil trest za to, \u017ee zbil vlastn\u00e9ho otca.<\/p>\n<p>16. j\u00fala 1634 je datovan\u00fd sob\u00e1\u0161ny z\u00e1znam, kedy si Juraj Form\u00e1nek z predmestia zobral za man\u017eelku Zuzanu, dc\u00e9ru Mikul\u00e1\u0161a z Vizovic. V roku 1646 sme zaznamenali \u010fal\u0161\u00ed sob\u00e1\u0161, tentoraz V\u00e1clava Form\u00e1nka s vdovou po Martinovi Sedl\u00e1\u010dkovi Annou. V rokoch 1673 a\u017e 1674 a 1695 a\u017e 1696 bol centumvirom \u010fal\u0161\u00ed z rodu Form\u00e1nkovcov, Matej. A centumvirom bol aj Juraj Form\u00e1nek a to v rokoch 1703 a\u017e 1704. V 17. storo\u010d\u00ed m\u00e1me v skalickej krstnej matrike zaznamenan\u00fdch 17 krstov, ktor\u00e9 sa udiali v rodin\u00e1ch Form\u00e1nkovcov. Najpotentnej\u0161\u00edm bol isto Matej Form\u00e1nek, ktor\u00e9mu sa narodilo 10 det\u00ed s tromi man\u017eelkami. Najsk\u00f4r mal \u0161tyri deti s Barbarou, a to Juraja (*1663), M\u00e1riu (*1668), Michala (*1670) a Annu (*1675). Potom sa mu narodila dc\u00e9ra Mar\u00edna (*1682), ktor\u00fa mal s druhou man\u017eelkou Al\u017ebetou a napokon s man\u017eelkou Magdal\u00e9nou mal e\u0161te deti Al\u017ebetu (*1685), Pavla (*1688), Katar\u00ednu (*1689), J\u00e1na (*1695) a Katar\u00ednu (*1697). Jurajovi Form\u00e1nkovi a\u00a0jeho \u017eene Katar\u00edne sa narodili deti M\u00e1ria (*1669), J\u00e1n (*1694), Al\u017ebeta (*1700) a\u00a0pravdepodobne aj Katar\u00edna (*1671), kde je v\u0161ak v\u00a0z\u00e1pise ako man\u017eelka uveden\u00e1 Anna, \u010do v\u0161ak m\u00f4\u017ee by\u0165 chyba far\u00e1ra.<\/p>\n<p>V\u00a0prvej polovici 18. storo\u010dia sa v\u00a0Skalici do rod\u00edn Form\u00e1nkovcov narodilo 55 det\u00ed. Ich krv sa \u201ezmie\u0161ala\u201c s\u00a0krvou \u010fal\u0161\u00edch skalick\u00fdch i\u00a0neskalick\u00fdch rodov, ako napr\u00edklad B\u00e1r\u0161o\u0148, Batista, Bu\u010dek, Bure\u0161, Jozef\u010d\u00edk, Kobeda, Malina, Maj\u0161an, Masaryk, \u0160ef\u010d\u00edk, \u010di Zahradn\u00edk. Niektor\u00e9 z\u00a0t\u00fdchto rodov existuj\u00fa v\u00a0Skalici aj v\u00a0s\u00fa\u010dasnosti. Taktie\u017e sa do Skalice pris\u0165ahovala rodina Form\u00e1nkovcov, ktor\u00e1 m\u00e1 svoj p\u00f4vod v\u00a0Nedakoniciach u\u00a0Uhersk\u00e9ho Ostrohu. V\u00a0polovici 18. storo\u010dia p\u00f4sobil v\u00a0Skalici majster kraj\u010d\u00edrskeho remesla V\u00e1clav Form\u00e1nek, ktor\u00fd sa narodil v\u00a0Nedakoniciach, vyu\u010dil sa v\u00a0Kunoviciach a\u00a0ako tovari\u0161 sa usadil v\u00a0Skalici. Presne z\u00a0toho ist\u00e9ho miesta poch\u00e1dzal aj Vavrinec Form\u00e1nek, ktor\u00fd, ke\u010f si za man\u017eelku bral 21. 1. 1742 v\u00a0Skalici dc\u00e9ru Martina \u0160ef\u010d\u00edka z\u00a0Prietr\u017ee Katar\u00ednu, \u017eil u\u017e \u0161es\u0165 rokov v\u00a0Skalici. \u010ci\u017ee, okrem dom\u00e1cich Form\u00e1nkovcov sa do Skalice pri\u017eenili i\u00a0Form\u00e1nkovci z\u00a0Moravy a\u00a0roz\u0161\u00edrili tak rady skalick\u00fdch me\u0161\u0165anov nosiacich toto priezvisko. Je mo\u017en\u00e9, \u017ee V\u00e1clav a\u00a0Vavrinec boli bratia.<\/p>\n<p>V druhej polovici 18. storo\u010dia sme zaznamenali n\u00e1rast po\u010dtu naroden\u00fdch det\u00ed s priezviskom Form\u00e1nek. Narodilo sa ich presne 87. Tieto deti porodili \u017eeny \u010fal\u0161\u00edch skalick\u00fdch rodov ako napr\u00edklad \u010cernoch, \u010eur\u00edk, Hasi\u010dka, Ha\u0161\u010d\u00e1k, Hladk\u00fd, Chane\u010dka, Jankovi\u010d, Hu\u010dek, Kadlec, Kadle\u010d\u00edk, Korval, Krajsa, Kruz, Luk\u00e1\u0161, Pekar, Svie\u010dik, \u010di Trnka. Po cel\u00e9 19. storo\u010die patrili rodiny Form\u00e1nkovcov k stabilnej mestskej komunite. Niektor\u00ed z nich sa v\u0161ak etablovali aj v okolit\u00fdch obciach, najm\u00e4 v Mokrom H\u00e1ji, \u010di Gbeloch, a stali sa z nich ro\u013en\u00edci. Sob\u00e1\u0161mi Form\u00e1nkovcov pribudli \u010fal\u0161ie spr\u00edbuznen\u00e9 skalick\u00e9 rody, napr\u00edklad Belay, Bundala, Buri\u010d, Danielik, Gre\u0161a, Hor\u0161at, Horv\u00e1th, Hreb\u00ed\u010dek, Karlehez, Ku\u010dera, Kusal\u00edk, Mach\u00e1\u010dek, Merta, Polakovi\u010d, Surov\u00fd, \u0160kolnikovi\u010d, Tome\u010dek a Zelenka. Do povedomia sa zap\u00edsal i Franti\u0161ek Form\u00e1nek (*1829), ktor\u00fd bol v roku 1890 hudobn\u00edkom skalickej dychovky. B\u00fdval v Skalici, v dome so s\u00fapisn\u00fdm \u010d\u00edslom 225. Podporoval chudobn\u00fdch \u0161tudentov t\u00fdm, \u017ee im prispieval na stravu.<\/p>\n<figure id=\"attachment_5653\" aria-describedby=\"caption-attachment-5653\" style=\"width: 792px\" class=\"wp-caption aligncenter\"><img loading=\"lazy\" decoding=\"async\" class=\"size-full wp-image-5653\" src=\"http:\/\/skalickyobzor.sk\/cms\/wp-content\/uploads\/2022\/12\/sob_formanek_1634-detail.jpg\" alt=\"\" width=\"792\" height=\"90\" srcset=\"http:\/\/skalickyobzor.sk\/cms\/wp-content\/uploads\/2022\/12\/sob_formanek_1634-detail.jpg 792w, http:\/\/skalickyobzor.sk\/cms\/wp-content\/uploads\/2022\/12\/sob_formanek_1634-detail-300x34.jpg 300w, http:\/\/skalickyobzor.sk\/cms\/wp-content\/uploads\/2022\/12\/sob_formanek_1634-detail-768x87.jpg 768w\" sizes=\"auto, (max-width: 792px) 100vw, 792px\" \/><figcaption id=\"caption-attachment-5653\" class=\"wp-caption-text\">Matri\u010dn\u00fd z\u00e1znam sob\u00e1\u0161a Juraj Form\u00e1nka z\u00a0roku 1634<\/figcaption><\/figure>\n<p>V 20. storo\u010d\u00ed sa vo verejnom priestore pohyboval Jozef Form\u00e1nek, ktor\u00fd bol v tridsiatych rokoch 20. storo\u010dia v Skalici \u010dlenom v\u00fdboru MO \u010cSDS a po prv\u00fdch povojnov\u00fdch vo\u013eb\u00e1ch v roku 1946 sa stal 2. podpredsedom MNV. V s\u00fa\u010dasnosti p\u00ed\u0161e hist\u00f3riu rodu najmlad\u0161ia gener\u00e1cia rodu. Jej \u010dlenovia s\u00fa akt\u00edvni v mnoh\u00fdch oblastiach celospolo\u010densk\u00e9ho \u017eivota. V \u010cesko-Slovensku je dnes asi najzn\u00e1mej\u0161\u00ed nosite\u013e tohto priezviska Josef Form\u00e1nek (*1969), \u010desk\u00fd prozaik, report\u00e9r a redaktor, ktor\u00fd poch\u00e1dza z \u00dast\u00ed nad Labem.<\/p>\n<p><em>Vladim\u00edr Petrovi\u010d,<\/em><br \/>\n<em>geneal\u00f3g a\u00a0historik<\/em><\/p>\n","protected":false},"excerpt":{"rendered":"<div class=\"mh-excerpt\"><p>Medzi najpou\u017e\u00edvanej\u0161ie priezvisk\u00e1 v Skalici patr\u00ed v s\u00fa\u010dasnosti i priezvisko Form\u00e1nek. Moment\u00e1lne v Skalici \u017eije 68 obyvate\u013eov, ktor\u00ed maj\u00fa v ob\u010dianskom preukaze zap\u00edsan\u00e9 priezvisko Form\u00e1nek\/Form\u00e1nkov\u00e1. Toto priezvisko sa na Slovensku v roku 1995 nach\u00e1dzalo 149-kr\u00e1t <a class=\"mh-excerpt-more\" href=\"http:\/\/skalickyobzor.sk\/cms\/skalicke-priezviska-xxvii-formanek-a-potomkovia-prvych-dopravcov\/\" title=\"Skalick\u00e9 priezvisk\u00e1 XXVII &#8211; Form\u00e1nek a potomkovia prv\u00fdch dopravcov\">[&#8230;]<\/a><\/p>\n<\/div>","protected":false},"author":48,"featured_media":17,"comment_status":"closed","ping_status":"closed","sticky":false,"template":"","format":"standard","meta":{"footnotes":""},"categories":[25],"tags":[],"class_list":{"0":"post-5650","1":"post","2":"type-post","3":"status-publish","4":"format-standard","5":"has-post-thumbnail","7":"category-skalicke-priezviska"},"_links":{"self":[{"href":"http:\/\/skalickyobzor.sk\/cms\/wp-json\/wp\/v2\/posts\/5650","targetHints":{"allow":["GET"]}}],"collection":[{"href":"http:\/\/skalickyobzor.sk\/cms\/wp-json\/wp\/v2\/posts"}],"about":[{"href":"http:\/\/skalickyobzor.sk\/cms\/wp-json\/wp\/v2\/types\/post"}],"author":[{"embeddable":true,"href":"http:\/\/skalickyobzor.sk\/cms\/wp-json\/wp\/v2\/users\/48"}],"replies":[{"embeddable":true,"href":"http:\/\/skalickyobzor.sk\/cms\/wp-json\/wp\/v2\/comments?post=5650"}],"version-history":[{"count":1,"href":"http:\/\/skalickyobzor.sk\/cms\/wp-json\/wp\/v2\/posts\/5650\/revisions"}],"predecessor-version":[{"id":5654,"href":"http:\/\/skalickyobzor.sk\/cms\/wp-json\/wp\/v2\/posts\/5650\/revisions\/5654"}],"wp:featuredmedia":[{"embeddable":true,"href":"http:\/\/skalickyobzor.sk\/cms\/wp-json\/wp\/v2\/media\/17"}],"wp:attachment":[{"href":"http:\/\/skalickyobzor.sk\/cms\/wp-json\/wp\/v2\/media?parent=5650"}],"wp:term":[{"taxonomy":"category","embeddable":true,"href":"http:\/\/skalickyobzor.sk\/cms\/wp-json\/wp\/v2\/categories?post=5650"},{"taxonomy":"post_tag","embeddable":true,"href":"http:\/\/skalickyobzor.sk\/cms\/wp-json\/wp\/v2\/tags?post=5650"}],"curies":[{"name":"wp","href":"https:\/\/api.w.org\/{rel}","templated":true}]}}