{"id":5664,"date":"2022-11-27T22:08:06","date_gmt":"2022-11-27T21:08:06","guid":{"rendered":"http:\/\/skalickyobzor.sk\/cms\/?p=5664"},"modified":"2025-01-31T00:29:19","modified_gmt":"2025-01-30T23:29:19","slug":"ste-vyrocie-slovackeho-kruzku-a-skalicanu-v-bratislave","status":"publish","type":"post","link":"http:\/\/skalickyobzor.sk\/cms\/ste-vyrocie-slovackeho-kruzku-a-skalicanu-v-bratislave\/","title":{"rendered":"St\u00e9 v\u00fdro\u010die Slov\u00e1ck\u00e9ho kr\u00fa\u017eku a Skali\u010dan\u00fa v Bratislave"},"content":{"rendered":"<p><em><strong>Storo\u010dnica akejko\u013evek organiz\u00e1cie, dokonca i \u0161t\u00e1tu, je \u00factyhodn\u00fd vek, ktor\u00fd predznamen\u00e1va trv\u00e1cnos\u0165 a dobr\u00fa my\u0161lienku, na ktorej vznikli. Slov\u00e1ck\u00fd kr\u00fa\u017eek a Skali\u010dan\u00e9 v Bratislave dok\u00e1zali odola\u0165 <\/strong><\/em><em><strong>nielen \u010dasu, ale predov\u0161etk\u00fdm zl\u00fdm \u010dasom, ktor\u00e9 ob\u010das pri\u0161li. Tajomstvo kedysi poodhalil jeden zo zria\u010fovate\u013eov tejto spolo\u010dnosti, ktor\u00fd prezradil, \u017ee \u201ekr\u00fa\u017eek nikto ofici\u00e1lne nezalo\u017eil a\u00a0tak ho nikto nemohol rozpusti\u0165\u201c. V\u0161etko, prirodzene, pokra\u010dovalo a\u00a0hist\u00f3ria napokon dorazila a\u017e ku kr\u00e1snemu okr\u00fahlemu v\u00fdro\u010diu.<\/strong><\/em><\/p>\n<h4>NA ZA\u010cIATKU BOL BLAHO<\/h4>\n<p>Pri zrode Slov\u00e1ck\u00e9ho kr\u00fa\u017eku v Bratislave st\u00e1li mlad\u00ed absolventi pra\u017esk\u00fdch vysok\u00fdch \u0161k\u00f4l, pov\u00e4\u010d\u0161ine moravsk\u00ed, ale aj uhorsk\u00ed Slov\u00e1ci, ktor\u00ed pri\u0161li po vzniku prvej \u010ceskoslovenskej republiky pom\u00e1ha\u0165 pri budovan\u00ed Slovenska. Mnoh\u00ed mali osobn\u00e9 kontakty so Slov\u00e1ck\u00fdmi kr\u00fa\u017ekami z Prahy (zalo\u017een\u00fd r. 1896) a Brna (zalo\u017een\u00fd r. 1908). Samotn\u00fd vznik kr\u00fa\u017eku sa datuje do roku 1922 a jeho zakladate\u013emi boli \u201edo\u017eivotn\u00fd sedliacky st\u00e1rek\u201c Ing. Juraj \u010cern\u00fd star\u0161\u00ed a \u201echalupn\u00edcky st\u00e1rek\u201c \u013dudev\u00edt \u0160t\u00far, po otcovi z rodu \u0160t\u00farovcov, po mami\u010dke z rodu Palack\u00fdch z Hodslav\u00edc na Vala\u0161sku. Prav\u00fdm otcom kr\u00fa\u017eku v\u0161ak bol skalick\u00fd rod\u00e1k MUDr. Pavel Blaho, ve\u013ek\u00fd n\u00e1rodovec, ktor\u00fd podporoval na \u0161t\u00fadi\u00e1ch mno\u017estvo chlapcov z Moravy a Slovenska, ktor\u00ed po vzniku \u010cSR pri\u0161li na Slovensko.<\/p>\n<figure id=\"attachment_5668\" aria-describedby=\"caption-attachment-5668\" style=\"width: 803px\" class=\"wp-caption aligncenter\"><img loading=\"lazy\" decoding=\"async\" class=\"size-full wp-image-5668\" src=\"http:\/\/skalickyobzor.sk\/cms\/wp-content\/uploads\/2022\/12\/07-Cena-mesta-Skalice.jpg\" alt=\"\" width=\"803\" height=\"496\" srcset=\"http:\/\/skalickyobzor.sk\/cms\/wp-content\/uploads\/2022\/12\/07-Cena-mesta-Skalice.jpg 803w, http:\/\/skalickyobzor.sk\/cms\/wp-content\/uploads\/2022\/12\/07-Cena-mesta-Skalice-300x185.jpg 300w, http:\/\/skalickyobzor.sk\/cms\/wp-content\/uploads\/2022\/12\/07-Cena-mesta-Skalice-768x474.jpg 768w\" sizes=\"auto, (max-width: 803px) 100vw, 803px\" \/><figcaption id=\"caption-attachment-5668\" class=\"wp-caption-text\">Odovzd\u00e1vanie Ceny mesta Skalice, Jezuitsk\u00fd kostol, 14. 9. 2013<br \/>Na fotke z\u013eava: \u010culen \u2013 st\u00e1rek a\u00a0podricht\u00e1r, Fajkus-richt\u00e1r, Karenovi\u010dov\u00e1 \u2013 man\u017eelka 6. richt\u00e1ra, Srholec \u2013 exstarosta, Fajkusov\u00e1 \u2013 man\u017eelka richt\u00e1ra<\/figcaption><\/figure>\n<h4>TO\u013dKO SL\u00c1VNYCH MIEN<\/h4>\n<p>Organiz\u00e1tormi spolo\u010densk\u00fdch ve\u010derov a in\u00fdch akci\u00ed kr\u00fa\u017eku boli Jura \u010cern\u00fd, \u013dudo \u0160t\u00far s bratom Sve\u0165om, Franta Gazd\u00edk, Tonek Malina, Vojtech Vi\u010d\u00e1nek, prim\u00e1\u0161 Vincek Nedb\u00e1lek. Usporad\u00favali z\u00e1jazdy, z ktor\u00fdch treba spomen\u00fa\u0165 prv\u00e9 stretnutie bratsk\u00fdch kr\u00fa\u017ekov z Prahy, Brna a Bratislavy na Javorine \u2013 posv\u00e4tnej hory \u010desko-slovensk\u00e9ho porozumenia v roku 1923, za \u00fa\u010dasti Dr. Pavla Blahu, spisovate\u013ea a\u00a0publicistu Jana Herbena, soch\u00e1ra Frantu \u00daprku, maliara Anto\u0161a Frolku a\u00a0mnoh\u00fdch \u010fal\u0161\u00edch. Nech\u00fdbali hudci Veli\u010dania a\u00a0Samko Dud\u00edk z\u00a0Myjavy.<\/p>\n<figure id=\"attachment_5669\" aria-describedby=\"caption-attachment-5669\" style=\"width: 786px\" class=\"wp-caption aligncenter\"><img loading=\"lazy\" decoding=\"async\" class=\"size-full wp-image-5669\" src=\"http:\/\/skalickyobzor.sk\/cms\/wp-content\/uploads\/2022\/12\/01-Cerny_Stur-zakladatelia_1923-Vianoce.jpg\" alt=\"\" width=\"786\" height=\"562\" srcset=\"http:\/\/skalickyobzor.sk\/cms\/wp-content\/uploads\/2022\/12\/01-Cerny_Stur-zakladatelia_1923-Vianoce.jpg 786w, http:\/\/skalickyobzor.sk\/cms\/wp-content\/uploads\/2022\/12\/01-Cerny_Stur-zakladatelia_1923-Vianoce-300x215.jpg 300w, http:\/\/skalickyobzor.sk\/cms\/wp-content\/uploads\/2022\/12\/01-Cerny_Stur-zakladatelia_1923-Vianoce-768x549.jpg 768w\" sizes=\"auto, (max-width: 786px) 100vw, 786px\" \/><figcaption id=\"caption-attachment-5669\" class=\"wp-caption-text\">Zakladatelia kr\u00fa\u017eku z\u013eava: Jura \u010cern\u00fd st., \u013dudev\u00edt \u0160t\u00far (foto z\u00a0r. 1923)<\/figcaption><\/figure>\n<h4>RICHT\u00c1RI V\u00a0\u010cELE<\/h4>\n<p>V roku 1938 kr\u00fa\u017eok doplnil svoje meno na Slov\u00e1cky kr\u00fa\u017eek a Skali\u010dan\u00e9 v Bratislave. Vtedy na pam\u00e4tnej fa\u0161iangovej z\u00e1bave do polnoci richt\u00e1roval ThDr. \u013dudev\u00edt Ok\u00e1nik \u2013 prv\u00fd richt\u00e1r Slov\u00e1ckeho kr\u00fa\u017eku a od polnoci pudmistr Skali\u010danov Dr. Vladim\u00edr Trsl\u00edn. \u010cestn\u00e1 funkcia \u201ericht\u00e1ra\u201c bola v\u010faka v\u0161eobecnej \u00facte k osobnostiam verejn\u00e9ho \u017eivota ur\u010den\u00e1 v roku 1924 Msgr. ThDr. \u013dudev\u00edtovi Ok\u00e1nikovi. Po Dr. Ok\u00e1nikovi prevzali postupne \u017eezlo architekt Du\u0161an Jurkovi\u010d (1944-47), zakladate\u013e Juraj \u010cern\u00fd st. (1948-66), Prof. Kon\u0161tant\u00edn \u010c\u00e1rsky (1966-87), Juraj \u010cern\u00fd ml. (1987-91), Ivan Karenovi\u010d (1991-96) a napokon cimbalista kr\u00fa\u017ekarskej muziky Petr Fajkus, ktor\u00fd je vo funkcii doteraz. V\u00e4\u010d\u0161inu organiza\u010dn\u00fdch pr\u00e1c pre kr\u00fa\u017eok zabezpe\u010dovali st\u00e1rci. T\u00e1to funkcia sa v kr\u00fa\u017eku ustanovila najm\u00e4 preto, aby mal kto organizova\u0165 stretnutia a\u00a0zodpovedal aj za styk s\u00a0\u00faradmi.<\/p>\n<figure id=\"attachment_5670\" aria-describedby=\"caption-attachment-5670\" style=\"width: 761px\" class=\"wp-caption aligncenter\"><img loading=\"lazy\" decoding=\"async\" class=\"size-full wp-image-5670\" src=\"http:\/\/skalickyobzor.sk\/cms\/wp-content\/uploads\/2022\/12\/20221112-Fajkus-Fajkusova-Culen_zmena-richtara.jpg\" alt=\"\" width=\"761\" height=\"508\" srcset=\"http:\/\/skalickyobzor.sk\/cms\/wp-content\/uploads\/2022\/12\/20221112-Fajkus-Fajkusova-Culen_zmena-richtara.jpg 761w, http:\/\/skalickyobzor.sk\/cms\/wp-content\/uploads\/2022\/12\/20221112-Fajkus-Fajkusova-Culen_zmena-richtara-300x200.jpg 300w\" sizes=\"auto, (max-width: 761px) 100vw, 761px\" \/><figcaption id=\"caption-attachment-5670\" class=\"wp-caption-text\">Odovzd\u00e1vanie funkcie richt\u00e1ra na oslave 100. v\u00fdro\u010dia zalo\u017eenia kr\u00fa\u017eku \u2013 pr\u00edhovor richt\u00e1ra Fajkusa a\u00a0jeho man\u017eelky O\u013egy, v\u00a0pozad\u00ed nov\u00fd richt\u00e1r \u010culen<\/figcaption><\/figure>\n<h4>BEZ MUZIKY TO NEJDE<\/h4>\n<p>Slov\u00e1ck\u00fd kr\u00fa\u017eek od svojho zalo\u017eenia mal svoju muziku. V predvojnovom obdob\u00ed, do roku 1938, bol prim\u00e1\u0161om Vincek (\u010cen\u011bk) Nedb\u00e1lek. V\u00a0obdob\u00ed II. svetovej vojny sa kr\u00fa\u017eok stret\u00e1val len v\u00a0\u00fazkom kruhu rod\u00edn kr\u00fa\u017ekarov, v\u00a0povojnovom obdob\u00ed tvorili muziku kr\u00fa\u017eku prim\u00e1\u0161 Halabr\u00edn a\u00a0nieko\u013ek\u00ed muzikanti. V\u00a0osemdesiatych rokoch sa do kr\u00fa\u017eku postupne dostali Vlado Petratur a\u00a0muzikanti p\u00f4sobiaci vo folkl\u00f3rnom s\u00fabore Technik na \u010dele s\u00a0prim\u00e1\u0161om Gabom Schusterom.<\/p>\n<h4>KR\u00da\u017dOK DNES<\/h4>\n<p>Pravidelnou \u010dinnos\u0165ou kr\u00fa\u017eku s\u00fa Besedy pri cimbale. Priemerne na t\u00fdchto stretnutiach b\u00fdva 70 a\u017e 80 vesel\u00fdch spievaj\u00facich \u010dlenov. V janu\u00e1ri usporad\u00fava kr\u00fa\u017eok, u\u017e po 28 ro\u010dn\u00edkov, z\u00e1bavy s n\u00e1zvom Fa\u0161iangov\u00fd krajansk\u00fd ve\u010dierok. Ve\u013emi \u00fazke kontakty udr\u017eiavaj\u00fa \u010dlenovia so Slov\u00e1ckym kr\u00fa\u017ekem Praha a Slov\u00e1ck\u00fdm kr\u00fa\u017ekem Brno. Trad\u00edcia a\u00a0s\u00fa\u010dasnos\u0165 sa sp\u00e1ja s\u00a0osobami najstar\u0161\u00edch \u017eij\u00facich \u010dlenov kr\u00fa\u017eku, ku ktor\u00fdm patria hrd\u00e9 Skali\u010danky sestry Margita (95 rokov) a\u00a0\u013dudmila Lidka (93 rokov) Sasinkov\u00e9. Z\u00a0mu\u017eov je najstar\u0161\u00edm kr\u00fa\u017ekarom Ing. Vladim\u00edr Petratur, ktor\u00fd m\u00e1 89 rokov. Je synom rodi\u010dov so zakladate\u013eskej gener\u00e1cie kr\u00fa\u017eku.<\/p>\n<figure id=\"attachment_5671\" aria-describedby=\"caption-attachment-5671\" style=\"width: 794px\" class=\"wp-caption aligncenter\"><img loading=\"lazy\" decoding=\"async\" class=\"size-full wp-image-5671\" src=\"http:\/\/skalickyobzor.sk\/cms\/wp-content\/uploads\/2022\/12\/06_najstarsie-kruzkarky-sestry-SASINKOVE.jpg\" alt=\"\" width=\"794\" height=\"560\" srcset=\"http:\/\/skalickyobzor.sk\/cms\/wp-content\/uploads\/2022\/12\/06_najstarsie-kruzkarky-sestry-SASINKOVE.jpg 794w, http:\/\/skalickyobzor.sk\/cms\/wp-content\/uploads\/2022\/12\/06_najstarsie-kruzkarky-sestry-SASINKOVE-300x212.jpg 300w, http:\/\/skalickyobzor.sk\/cms\/wp-content\/uploads\/2022\/12\/06_najstarsie-kruzkarky-sestry-SASINKOVE-768x542.jpg 768w\" sizes=\"auto, (max-width: 794px) 100vw, 794px\" \/><figcaption id=\"caption-attachment-5671\" class=\"wp-caption-text\">Sestry Sasinkov\u00e9: v\u013eavo Margita, vpravo \u013dudmila<\/figcaption><\/figure>\n<p><strong>Blaho\u017eel\u00e1me nielen najstar\u0161\u00edm \u010dlenom k\u00a0obdivuhodn\u00e9mu akt\u00edvnemu veku, ale aj k\u00a0storo\u010dnici \u2013 v\u0161etk\u00fdm \u010dlenom kr\u00fa\u017eku.<\/strong><\/p>\n<p><em>Redakcia<\/em><br \/>\n<em>Foto: arch\u00edv SKSB<\/em><\/p>\n","protected":false},"excerpt":{"rendered":"<div class=\"mh-excerpt\"><p>Storo\u010dnica akejko\u013evek organiz\u00e1cie, dokonca i \u0161t\u00e1tu, je \u00factyhodn\u00fd vek, ktor\u00fd predznamen\u00e1va trv\u00e1cnos\u0165 a dobr\u00fa my\u0161lienku, na ktorej vznikli. Slov\u00e1ck\u00fd kr\u00fa\u017eek a Skali\u010dan\u00e9 v Bratislave dok\u00e1zali odola\u0165 nielen \u010dasu, ale predov\u0161etk\u00fdm zl\u00fdm \u010dasom, ktor\u00e9 ob\u010das pri\u0161li. <a class=\"mh-excerpt-more\" href=\"http:\/\/skalickyobzor.sk\/cms\/ste-vyrocie-slovackeho-kruzku-a-skalicanu-v-bratislave\/\" title=\"St\u00e9 v\u00fdro\u010die Slov\u00e1ck\u00e9ho kr\u00fa\u017eku a Skali\u010dan\u00fa v Bratislave\">[&#8230;]<\/a><\/p>\n<\/div>","protected":false},"author":1,"featured_media":5665,"comment_status":"closed","ping_status":"closed","sticky":false,"template":"","format":"standard","meta":{"footnotes":""},"categories":[4],"tags":[],"class_list":{"0":"post-5664","1":"post","2":"type-post","3":"status-publish","4":"format-standard","5":"has-post-thumbnail","7":"category-ja-su-ze-skalice"},"_links":{"self":[{"href":"http:\/\/skalickyobzor.sk\/cms\/wp-json\/wp\/v2\/posts\/5664","targetHints":{"allow":["GET"]}}],"collection":[{"href":"http:\/\/skalickyobzor.sk\/cms\/wp-json\/wp\/v2\/posts"}],"about":[{"href":"http:\/\/skalickyobzor.sk\/cms\/wp-json\/wp\/v2\/types\/post"}],"author":[{"embeddable":true,"href":"http:\/\/skalickyobzor.sk\/cms\/wp-json\/wp\/v2\/users\/1"}],"replies":[{"embeddable":true,"href":"http:\/\/skalickyobzor.sk\/cms\/wp-json\/wp\/v2\/comments?post=5664"}],"version-history":[{"count":3,"href":"http:\/\/skalickyobzor.sk\/cms\/wp-json\/wp\/v2\/posts\/5664\/revisions"}],"predecessor-version":[{"id":5672,"href":"http:\/\/skalickyobzor.sk\/cms\/wp-json\/wp\/v2\/posts\/5664\/revisions\/5672"}],"wp:featuredmedia":[{"embeddable":true,"href":"http:\/\/skalickyobzor.sk\/cms\/wp-json\/wp\/v2\/media\/5665"}],"wp:attachment":[{"href":"http:\/\/skalickyobzor.sk\/cms\/wp-json\/wp\/v2\/media?parent=5664"}],"wp:term":[{"taxonomy":"category","embeddable":true,"href":"http:\/\/skalickyobzor.sk\/cms\/wp-json\/wp\/v2\/categories?post=5664"},{"taxonomy":"post_tag","embeddable":true,"href":"http:\/\/skalickyobzor.sk\/cms\/wp-json\/wp\/v2\/tags?post=5664"}],"curies":[{"name":"wp","href":"https:\/\/api.w.org\/{rel}","templated":true}]}}