{"id":5680,"date":"2022-11-27T22:11:43","date_gmt":"2022-11-27T21:11:43","guid":{"rendered":"http:\/\/skalickyobzor.sk\/cms\/?p=5680"},"modified":"2025-01-31T00:29:44","modified_gmt":"2025-01-30T23:29:44","slug":"tak-si-myslim-ze-stracame-ludskost","status":"publish","type":"post","link":"http:\/\/skalickyobzor.sk\/cms\/tak-si-myslim-ze-stracame-ludskost\/","title":{"rendered":"Tak si mysl\u00edm, \u017ee str\u00e1came \u013eudskos\u0165"},"content":{"rendered":"<p>Ned\u00e1vno som po\u010d\u00favala rozhovor so psychol\u00f3gom vo v\u00fdslu\u017ebe doktorom Radkinom Honz\u00e1kom a\u00a0najmlad\u0161\u00edm profesorom psychol\u00f3gie Radkom Pt\u00e1\u010dkom, ktor\u00fd potvrdil moje obavy o\u00a0v\u00fdvoji \u013eudstva. U\u017e d\u00e1vno, a\u00a0st\u00e1le intenz\u00edvnej\u0161ie, m\u00e1m pocit, \u017ee n\u00e1s ani tak neohrozuje \u010dipovanie (\u010doho sa ob\u00e1va \u010das\u0165 \u013eud\u00ed), \u010di pestovanie \u013eudsk\u00fdch org\u00e1nov (kr\u00f4\u010dik k\u00a0v\u00fdrobe \u201eumel\u00fdch\u201c \u013eud\u00ed, \u010doho sa zasa ob\u00e1va in\u00e1 \u010das\u0165). My sa toti\u017e pomaly, av\u0161ak iste biorobotmi st\u00e1vame vlastn\u00fdm pri\u010dinen\u00edm, i\u00a0ke\u010f inou cestou, jednoduch\u0161ou, pr\u00edstupnej\u0161ou a\u00a0u\u017e pr\u00edtomnou.<\/p>\n<p>Technika a\u00a0elektronika nielen\u017ee u\u013eah\u010duj\u00fa n\u00e1\u0161 \u017eivot, s\u00fa\u010dasne n\u00e1m ho ob\u010das riadne strp\u010duj\u00fa. A\u00a0\u010do viac, z\u00a0dlhodob\u00e9ho h\u013eadiska a\u00a0v\u00a0meradle \u013eudstva, z\u00a0n\u00e1s nadmern\u00e9 a\u00a0nespr\u00e1vne pou\u017e\u00edvanie techniky a\u00a0elektroniky dokonca rob\u00ed hlup\u00e1kov. \u00c1no, to, \u017ee \u201eblbneme\u201c, tvrdili aj spom\u00ednan\u00ed psychol\u00f3govia.<\/p>\n<p>\u013dudstvo lenivie, bohu\u017eia\u013e, na tele i ment\u00e1lne. Sta\u010d\u00ed pr\u00edklad, ktor\u00fd sme za\u017eili azda v\u0161etci: Telefonick\u00e9 rozhovory, v ktor\u00fdch rie\u0161ime \u0165ahav\u00fd probl\u00e9m a na druhej strane je nezn\u00e1my oper\u00e1tor, pri ka\u017edom volan\u00ed v\u017edy in\u00fd, a my str\u00e1came kontinuitu rie\u0161enia a nervy tie\u017e &#8230; A v ostatnom \u010dase je to e\u0161te hor\u0161ie, namiesto toho cudzieho, no predsa len \u013eudsk\u00e9ho hlasu sa \u010dasto ozve automat. Ten n\u00e1m kladie naprogramovan\u00e9 ot\u00e1zky a poskytuje predvolen\u00e9 odpovede. \u017diadna in\u00e1 mo\u017enos\u0165, ni\u010d osobn\u00e9. Ob\u010das n\u00e1s to irituje, no v niektor\u00fdch pr\u00edpadoch n\u00e1m to z pohodlnosti naopak vyhovuje, nemus\u00edme toti\u017e prem\u00fd\u0161\u013ea\u0165. \u010c\u00edm \u010falej viac komunikujeme elektronicky, napr\u00edklad cez web, kde zis\u0165ovanie n\u00e1\u0161ho n\u00e1zoru kles\u00e1 na \u00farove\u0148 formul\u00e1ra s predp\u00edsan\u00fdmi ot\u00e1zkami. M\u00f4\u017eeme si zvoli\u0165 niektor\u00fa z mo\u017enost\u00ed odpoved\u00ed, no \u010dasto ten n\u00e1\u0161 variant, ktor\u00fd by zodpovedal tomu, \u010do chceme poveda\u0165, ch\u00fdba. Av\u0161ak nie je in\u00e1 \u0161anca, treba si vybra\u0165 z toho, \u010do pon\u00fakaj\u00fa &#8230; A tak sa n\u00e1zory v\u0161etk\u00fdch \u013eud\u00ed prerie\u010fuj\u00fa na nieko\u013eko m\u00e1lo. Stavaj\u00fa sa z n\u00e1s biologick\u00ed roboti. \u010clove\u010denstvo sa pomaly vytr\u00e1ca z komunik\u00e1cie i na\u0161ich \u017eivotov, vytr\u00e1ca sa \u017eivo\u010d\u00ed\u0161nos\u0165 a tak vlastne \u017eivot s\u00e1m. Zakladate\u013e Applu zo Silicon Valley Steve Jobs a \u010dlovek, ktor\u00fd v obrovskej miere k tomuto javu prispel, dobre vedel, \u010do rob\u00ed, ke\u010f svoje deti chr\u00e1nil od toho, \u010do ho \u017eivilo \u2013 od mobiln\u00e9ho telef\u00f3nu, tabletu a \u010fal\u0161\u00edch technol\u00f3gi\u00ed.<\/p>\n<p>Bl\u00ed\u017eia sa Vianoce, sviatky pokoja a mieru, a pre m\u0148a hlavne sviatky \u010dlove\u010denstva. \u017del\u00e1m n\u00e1m v\u0161etk\u00fdm, po tom, \u010do u\u017e budeme ma\u0165 nak\u00fapen\u00e9 dar\u010deky pre na\u0161ich bl\u00edzkych (hoci cez internet), aby sme sa zi\u0161li pri \u0161tedrove\u010dernom stole \u2013 osobne, zo\u010di vo\u010di, bez telef\u00f3nov, bez telev\u00edzorov. \u017del\u00e1m n\u00e1m v\u0161etk\u00fdm, aby sme str\u00e1vili viano\u010dn\u00e9 sviatky osobn\u00fdmi rozhovormi alebo s knihami v ruk\u00e1ch, \u010di na prech\u00e1dzkach, no hlavne s\u00a0\u013eu\u010fmi, rodinou a\u00a0priate\u013emi. Preto\u017ee, len \u013eu\u010fom m\u00f4\u017eeme prejavi\u0165 na\u0161u \u013eudskos\u0165.<\/p>\n<p><em>S\u00a0\u00factou<\/em><br \/>\n<em>e\u0161te st\u00e1le \u010dlove\u010densk\u00e1<\/em><br \/>\n<em>\u017delm\u00edra Mach\u00e1\u010dkov\u00e1<\/em><\/p>\n","protected":false},"excerpt":{"rendered":"<div class=\"mh-excerpt\"><p>Ned\u00e1vno som po\u010d\u00favala rozhovor so psychol\u00f3gom vo v\u00fdslu\u017ebe doktorom Radkinom Honz\u00e1kom a\u00a0najmlad\u0161\u00edm profesorom psychol\u00f3gie Radkom Pt\u00e1\u010dkom, ktor\u00fd potvrdil moje obavy o\u00a0v\u00fdvoji \u013eudstva. U\u017e d\u00e1vno, a\u00a0st\u00e1le intenz\u00edvnej\u0161ie, m\u00e1m pocit, \u017ee n\u00e1s ani tak neohrozuje \u010dipovanie (\u010doho <a class=\"mh-excerpt-more\" href=\"http:\/\/skalickyobzor.sk\/cms\/tak-si-myslim-ze-stracame-ludskost\/\" title=\"Tak si mysl\u00edm, \u017ee str\u00e1came \u013eudskos\u0165\">[&#8230;]<\/a><\/p>\n<\/div>","protected":false},"author":2,"featured_media":241,"comment_status":"closed","ping_status":"closed","sticky":false,"template":"","format":"standard","meta":{"footnotes":""},"categories":[3],"tags":[],"class_list":{"0":"post-5680","1":"post","2":"type-post","3":"status-publish","4":"format-standard","5":"has-post-thumbnail","7":"category-tak-si-myslim"},"_links":{"self":[{"href":"http:\/\/skalickyobzor.sk\/cms\/wp-json\/wp\/v2\/posts\/5680","targetHints":{"allow":["GET"]}}],"collection":[{"href":"http:\/\/skalickyobzor.sk\/cms\/wp-json\/wp\/v2\/posts"}],"about":[{"href":"http:\/\/skalickyobzor.sk\/cms\/wp-json\/wp\/v2\/types\/post"}],"author":[{"embeddable":true,"href":"http:\/\/skalickyobzor.sk\/cms\/wp-json\/wp\/v2\/users\/2"}],"replies":[{"embeddable":true,"href":"http:\/\/skalickyobzor.sk\/cms\/wp-json\/wp\/v2\/comments?post=5680"}],"version-history":[{"count":1,"href":"http:\/\/skalickyobzor.sk\/cms\/wp-json\/wp\/v2\/posts\/5680\/revisions"}],"predecessor-version":[{"id":5681,"href":"http:\/\/skalickyobzor.sk\/cms\/wp-json\/wp\/v2\/posts\/5680\/revisions\/5681"}],"wp:featuredmedia":[{"embeddable":true,"href":"http:\/\/skalickyobzor.sk\/cms\/wp-json\/wp\/v2\/media\/241"}],"wp:attachment":[{"href":"http:\/\/skalickyobzor.sk\/cms\/wp-json\/wp\/v2\/media?parent=5680"}],"wp:term":[{"taxonomy":"category","embeddable":true,"href":"http:\/\/skalickyobzor.sk\/cms\/wp-json\/wp\/v2\/categories?post=5680"},{"taxonomy":"post_tag","embeddable":true,"href":"http:\/\/skalickyobzor.sk\/cms\/wp-json\/wp\/v2\/tags?post=5680"}],"curies":[{"name":"wp","href":"https:\/\/api.w.org\/{rel}","templated":true}]}}