{"id":574,"date":"2018-03-08T22:17:28","date_gmt":"2018-03-08T21:17:28","guid":{"rendered":"http:\/\/skalickyobzor.sk\/cms\/?p=574"},"modified":"2025-01-30T23:43:43","modified_gmt":"2025-01-30T22:43:43","slug":"hudobny-pribeh-menom-planava","status":"publish","type":"post","link":"http:\/\/skalickyobzor.sk\/cms\/hudobny-pribeh-menom-planava\/","title":{"rendered":"Hudobn\u00fd pr\u00edbeh menom Pl\u00e1\u0148ava"},"content":{"rendered":"<p>Za\u010diatky s\u00fa v\u017edy kr\u00e1sne. A\u00a0\u010do e\u0161te, ke\u010f s\u00fa za\u010diatky dva \u010di tri? Toto je pr\u00edbeh \u013eudov\u00e9ho s\u00faboru, \u013eudovej hudby i\u00a0 cimbalovej muziky. Tie vzkriesili po rokoch jej meno, ktor\u00e9 patr\u00ed ku Skalici rovnako neoddelite\u013ene ako \u010das\u0165 chot\u00e1ra, po ktorom nesie svoje meno \u2013\u00a0Pl\u00e1\u0148ava.<\/p>\n<p><!--more--><\/p>\n<h3>AKO TO V\u0160ETKO ZA\u010cALO<\/h3>\n<p>Hist\u00f3ria v\u00a0podstate troch nez\u00e1visl\u00fdch telies je komplikovan\u00e1. Ich spojovacou ni\u0165ou je vlastne len n\u00e1zov, a\u00a0tak na po\u010diatku na\u0161ej snahy zrekon\u0161truova\u0165 tento pr\u00edbeh bola jasn\u00e1 len jedin\u00e1 vec \u2013\u00a0 treba sa oprie\u0165 o\u00a0 spomienky pam\u00e4tn\u00edkov. Prvotn\u00fdm zdrojom a\u00a0impulzom sa stal list p\u00e1na Tom\u00e1\u0161a Kukli\u0161a, ktor\u00fd n\u00e1s z\u00e1rove\u0148 \u00a0nasmeroval na \u010fal\u0161\u00edch \u201epl\u00e1\u0148av\u00e1kov\u201c.<\/p>\n<p>O\u00a0 po\u010diatkoch s\u00faboru p\u00e1n Kukli\u0161 p\u00ed\u0161e: T\u00ed skor\u0161ie naroden\u00ed si mo\u017eno radi zaspom\u00ednaj\u00fa, ako kedysi p\u00f4sobili v\u00a0Skalici dva folkl\u00f3rne s\u00fabory. Je to tak. N\u00e1m rod\u00e1kom ve\u013emi dobre zn\u00e1my Skali\u010dan s\u00a0 vynikaj\u00facou \u013eudovou hudbou, ktor\u00fd vznikol v\u00a0 roku 1954, a\u00a0 druh\u00fdm bol s\u00fabor Pl\u00e1\u0148ava. Nevedno, pre\u010do zakladatelia zvolili pr\u00e1ve tento n\u00e1zov. Sn\u00e1\u010f sa in\u0161pirovali miestnym n\u00e1zvom \u010dasti chot\u00e1ra Pl\u00e1\u0148avy tiahnucim sa v\u00a0 bl\u00edzkosti rieky Moravy. P\u00e1n J\u00e1n Buzrla, otec dne\u0161n\u00e9ho prim\u00e1\u0161a \u013dH Pl\u00e1\u0148ava, pridal zauj\u00edmav\u00fa spomienku jeho mamky, ktor\u00e1 pred\u00e1vala v\u00a0hospode. Rozpr\u00e1vala o\u00a0tom, \u017ee kedysi sa nechodilo zab\u00e1va\u0165 do skalick\u00e9ho h\u00e1jika, ale na Pl\u00e1\u0148avu \u2013\u00a0chot\u00e1r za skalick\u00fdmi rybn\u00edkmi. V\u00a0kr\u010dme zapriahli kone, nalo\u017eili sudy s\u00a0pivom na vozy a\u00a0odviezli ich na Pl\u00e1\u0148avu, kde ob\u010das hr\u00e1vala aj dychovka. Pl\u00e1\u0148ava bola predov\u0161etk\u00fdm miestom z\u00e1bavy a\u00a0 stret\u00e1vania sa mlad\u00fdch, ke\u010f bolo poroben\u00e9 a\u00a0bolo dobr\u00e9 po\u010dasie.<\/p>\n<p>Boli to pr\u00e1ve nechv\u00e1lne zn\u00e1me 50.\u00a0 roky, ktor\u00e9 podnietili vznik mnoh\u00fdch folkl\u00f3rnych s\u00faborov, pokra\u010duje Tom\u00e1\u0161 Kukli\u0161. V\u00e4\u010d\u0161ina z\u00a0 nich p\u00f4sob\u00ed na Slovensku dodnes. Rovnako Skalica poskytla svojimi zvykmi a\u00a0 kult\u00farnym prostred\u00edm z\u00e1klad pre \u0161\u00edrenie dobr\u00e9ho mena mesta v\u00a0podobe folkl\u00f3ru. Presn\u00fd za\u010diatok vzniku tane\u010dne-spev\u00e1ckeho s\u00faboru Pl\u00e1\u0148ava nepozn\u00e1me, no vieme, \u017ee pri jeho zrode st\u00e1l \u013dudov\u00edt Krahulec. My sme sa v\u0161ak v\u00a0redakcii predsa len dop\u00e1trali \u010falej.<\/p>\n<h3>PL\u00c1\u0147AVA\u00a0I \u2013\u00a0H\u013dAD\u00c1ME PAM\u00c4TN\u00cdKOV<\/h3>\n<p>Azda najd\u00f4le\u017eitej\u0161ou osobnos\u0165ou pr\u00e1ve zalo\u017een\u00e9ho s\u00faboru bol Vojtech Prokopius, ktor\u00fd u\u017e pred 2.\u00a0 svetovou vojnou viedol ve\u013ek\u00fd spevokol a\u00a0 mal bohat\u00e9 sk\u00fasenosti. Hybnou silou Pl\u00e1\u0148avy v\u0161ak bola organiza\u010dne ve\u013emi schopn\u00e1 a\u00a0 obetav\u00e1 pani Horv\u00e1thov\u00e1. Medzi prv\u00fdch \u010dlenov patril aj p\u00e1n \u0160tefan Derm\u00ed\u0161ek s\u00a0man\u017eelkou J\u00faliou. Pr\u00e1ve v\u00a0 ich z\u00e1hrade, rozkladaj\u00facej sa na mieste dne\u0161n\u00e9ho Hotela sv.\u00a0Ludmila, v\u00a0roku 1955 s\u00fabor vznikol. Tento fakt sa str\u00e1cal a\u00a0menil v\u00a0pam\u00e4ti s\u00fa\u010dasn\u00edkov tak dlho, \u017ee niekedy sa spochyb\u0148ovala jeho pravdivos\u0165. V\u00a0 tomto roku sa ale s\u00a0 istotou \u010dlenovia s\u00faboru po prv\u00fdkr\u00e1t prezen tovali na Prvej celo\u0161t\u00e1tnej spartaki\u00e1de v\u00a0Prahe.<\/p>\n<p>Priamym svedkom za\u010diatkov a\u00a0prvej etapy hist\u00f3rie s\u00faboru je p\u00e1n J\u00e1n Kr\u00eddl (e\u0161te i\u00a0 dnes spev\u00e1k skalick\u00e9ho mu\u017esk\u00e9ho spev\u00e1ckeho zboru Urban). Do u\u017e funguj\u00facej Pl\u00e1\u0148avy nast\u00fapil e\u0161te pred ukon\u010den\u00edm u\u010d\u0148ovskej \u0161koly, teda v\u00a0 roku\u00a0 1956, no u\u017e o\u00a0 rok nast\u00fapil na z\u00e1kladn\u00fa vojensk\u00fa slu\u017ebu. Potvrdil na\u0161e inform\u00e1cie a\u00a0 spom\u00edna, \u017ee prv\u00e1 Pl\u00e1\u0148ava mala spevokol so\u00a0 zhruba \u0161tyridsiatimi \u010dlenmi a\u00a0 tane\u010dn\u00fd s\u00fabor. Pre nieko\u013eko desiatok \u00fa\u010dinkuj\u00facich nebol v\u00a0 Skalici dostato\u010dne ve\u013ek\u00fd priestor, a\u00a0tak sa domovskou sc\u00e9nou, kde nacvi\u010dovali, stala spom\u00ednan\u00e1 z\u00e1hrada Derm\u00ed\u0161kovcov. Svoje rozpr\u00e1vanie dolo\u017eil mno\u017estvom fotografi\u00ed.<\/p>\n<p>Situ\u00e1ciu zo z\u00e1kulisia objas\u0148uje p\u00e1n Anton Dinka: \u201eKe\u010f p\u00e1n Prokopius za\u010dal nacvi\u010dova\u0165 Skalick\u00fa svadbu, tak pribral tane\u010dn\u00edkov, a\u00a0 tak nejako Pl\u00e1\u0148ava vznikala a\u00a0r\u00e1stla. V\u00a0\u00fapln\u00fdch po\u010diatkoch dokonca v\u00f4bec nemali cimbalku, ale sprev\u00e1dzala ich skupina Happy Boys, v\u00a0 ktorej hral i\u00a0 m\u00f4j otec.\u201c<\/p>\n<h3>KLENOT PROGRAMU \u2013 SKALICK\u00c1 SVADBA<\/h3>\n<p>Najzn\u00e1mej\u0161ie a\u00a0vtedy azda najp\u00fatavej\u0161ie \u010d\u00edslo bola pr\u00e1ve \u201eSkalick\u00e1 sva\u010fba\u201c, p\u00ed\u0161e Tom\u00e1\u0161 Kuli\u0161. Tento kr\u00e1sny program zo Skalice sa dostal s\u00a0 Pl\u00e1\u0148avou v\u00a0 roku 1958 aj do programovej r\u00e9\u017eie \u010ceskoslovenskej telev\u00edzie Bratislava, pod odborn\u00fdm veden\u00edm zn\u00e1meho slovensk\u00e9ho choreografa Ondreja Dema.<\/p>\n<p>O\u00a0 programe informovala aj vtedaj\u0161ia tla\u010d. Vyst\u00fapenie v\u0161ak bolo vysielan\u00e9 v\u00a0priamom prenose, a\u00a0tak sa \u017eiadny z\u00e1znam nezachoval. Pre\u010do p\u00f4vodn\u00fd s\u00fabor Pl\u00e1\u0148ava zanikol, presne nevieme. M\u00f4\u017eeme sa len domnieva\u0165, \u017ee dva s\u00fabory boli na po\u010det obyvate\u013eov mesta skr\u00e1tka ve\u013ea. Pam\u00e4tn\u00edci by ma isto opravili, lebo\u00a0d\u00f4vodov bolo asi viac. T\u00fdm najv\u00e4\u010d\u0161\u00edm boli pravdepodobne financie.<\/p>\n<p>\u010eal\u0161\u00edmi fotografiami a\u00a0 spomienkami prispela do sklada\u010dky pani Anna Derm\u00ed\u0161kov\u00e1, rod. Wolfov\u00e1, ktor\u00e1 v\u00a0 Pl\u00e1\u0148ave tancovala. E\u0161te chv\u00ed\u013eu \u00fa\u010dinkovala v\u00a0s\u00fabore aj po roku 1959, kedy bola Pl\u00e1\u0148ava zl\u00fa\u010den\u00e1 so Skali\u010danom. V\u00a0roku 1960 sa v\u0161ak vydala a\u00a0v\u00a0s\u00fabore skon\u010dila. Spom\u00ednala, \u017ee sa zl\u00fa\u010dili so Skali\u010danom vlastne neprirodzene, ke\u010f v\u00fdbor strany a\u00a0okresn\u00fd n\u00e1rodn\u00fd v\u00fdbor us\u00fadili, \u017ee na Skalicu s\u00fa dva s\u00fabory ve\u013ea.<\/p>\n<p>A\u00a0 tak napriek zl\u00fa\u010deniu so Skali\u010danom my\u0161lienka samostatn\u00e9ho s\u00faboru v\u00a0pl\u00e1\u0148avanoch \u017eila.<\/p>\n<h3>PL\u00c1\u0147AVA\u00a0II \u2013\u00a01963 \u2013\u00a0PRV\u00c9 ZNOVUZRODENIE<\/h3>\n<p>Ubehlo nieko\u013eko rokov a\u00a0 v\u00a0 roku 1963 sa my\u0161lienka za\u010dala uskuto\u010d\u0148ova\u0165. Ako spom\u00edna p\u00e1n Pavol Macko, ktor\u00fd nast\u00fapil do novovzniknut\u00e9ho s\u00faboru aj so svojou \u017eenou, \u201eved\u00facim s\u00faboru bol znovu Vojtech Prokopius, ktor\u00fd vytv\u00e1ral choreografiu a\u00a0bol i\u00a0dirigentom, a\u00a0do s\u00faboru verbovala pani Marta Horv\u00e1thov\u00e1.\u201c Vr\u00e1\u0165me sa k\u00a0listu p.\u00a0Kukli\u0161a a\u00a0pozrime sa, ako popisuje znovuzrodenie s\u00faboru on:<\/p>\n<p><em>Za\u010diatkom 60.\u00a0rokov prich\u00e1dza k\u00a0obnove s\u00faboru. Z\u00e1\u0161titu nad n\u00edm prevzal vtedaj\u0161\u00ed Mestsk\u00fd n\u00e1rodn\u00fd v\u00fdbor. Po\u010das \u010fal\u0161\u00edch rokov p\u00f4sobila Pl\u00e1\u0148ava e\u0161te aj pod podnikom Odeva, Grafobal a\u00a0ZVL. Neskor\u0161\u00ed predseda MsNV JUDr.\u00a0 Svetoz\u00e1r Chrenka v\u00a0 nej hral na basu. S\u00fabor Pl\u00e1\u0148ava mal tane\u010dn\u00fa zlo\u017eku, spev\u00e1cku skupinu, s\u00f3listov a\u00a0 cimbalov\u00fa muziku. Tane\u010dn\u00fd reperto\u00e1r bol rozmanit\u00fd a\u00a0tvorili ho preva\u017ene tance zo Z\u00e1horia a\u00a0bl\u00edzkej Moravy, ale aj tance a\u00a0piesne z\u00a0cel\u00e9ho Slovenska.<\/em><\/p>\n<p>Ako spom\u00ednala Jarmila Kope\u010dkov\u00e1, rod. Mach\u00e1\u010dkov\u00e1, \u201edruh\u00e1 Pl\u00e1\u0148ava u\u017e spevokol nemala, ale mala s\u00f3lov\u00e9 spev\u00e1\u010dky, tane\u010dn\u00fd s\u00fabor a\u00a0cimbalku.<\/p>\n<p>V\u00a0 roku 1968 dostal s\u00fabor pozvanie od Slov\u00e1kov \u017eij\u00facich vo vtedaj\u0161ej Juhosl\u00e1vii a\u00a0zdru\u017een\u00fdch v\u00a0s\u00fabore SKOS \u201eLudov\u00edt \u0160t\u00far\u201c ILOK.\u201c P\u00e1n Macko pridal: \u201eOdchodu v\u0161ak takmer zabr\u00e1nil vstup vojsk arm\u00e1d Var\u0161avskej zmluvy a\u00a0 zatvorenie hran\u00edc. Po piatich d\u0148och v\u0161ak boli znovu otvoren\u00e9 a\u00a0s\u00fabor vycestoval.\u201c A\u00a0 e\u0161te k\u00a0 udalosti pani Kope\u010dkov\u00e1, rod. Mach\u00e1\u010dkov\u00e1: \u201eDodnes sa okrem spomienok na vyst\u00fapenia traduje \u00fasmevn\u00e9 zistenie, \u017ee rod\u00e1ci na Balk\u00e1ne rozpr\u00e1vali spisovnej\u0161ou sloven\u010dinou ako Skali\u010dania, ktor\u00ed tam i\u0161li \u201e\u0161\u00edri\u0165 kult\u00faru\u201c, a\u00a0 na rozdiel od nich vedeli aj druh\u00fa slohu slovenskej hymny bez zakoktania.\u201c \ud83d\ude42<\/p>\n<p>Vtedaj\u0161\u00ed s\u00fabor\u00e1ci mali precestovan\u00fa cel\u00fa b\u00fdval\u00fa \u010cSSR a\u00a0svoje umenie boli predvies\u0165 za hranicami okrem Juhosl\u00e1vie aj v\u00a0 Ma\u010farsku (Tatab\u00e1nya, Oroszlan). Z\u00fa\u010dastnili sa tie\u017e jedn\u00e9ho z\u00a0 najzn\u00e1mej\u0161\u00edch folkl\u00f3rnych festivalov v\u00a0 Str\u00e1\u017enici. Pri ktoromsi z\u00a0 vyst\u00fapen\u00ed zaspieval s\u00a0Pl\u00e1\u0148avou aj Franti\u0161ek Kry\u0161tof Vesel\u00fd, p\u00ed\u0161e p\u00e1n Kukli\u0161. Z\u00a0vyst\u00fapen\u00ed v\u00a0Ma\u010farsku v\u00a0roku 1971 a\u00a0po dedin\u00e1ch u\u00a0krajanov sa u\u00a0p\u00e1na \u0160tefana Form\u00e1nka zachoval neocenite\u013en\u00fd jedine\u010dn\u00fd dokument \u2013\u00a0 8\u00a0 mm film.<\/p>\n<p>Ani znovuzroden\u00e1 Pl\u00e1\u0148ava bohu\u017eia\u013e nevydr\u017eala dlho. Po smrti p\u00e1na Prokopiusa sa uk\u00e1zalo, \u017ee bol skuto\u010dnou du\u0161ou s\u00faboru. Koniec s\u00faboru charakterizovali priami \u00fa\u010dastn\u00edci ako upadanie postupne do \u201estratena\u201c v\u00a0roku 1975&#8230; Kroje odovzdali s\u00faboru Skali\u010dan, a\u00a0tak sa zase aspo\u0148 symbolicky stali jeho s\u00fa\u010das\u0165ou.<\/p>\n<h3>2004 \u2013 PL\u00c1\u0147AVA S\u00a0\u010c\u00cdSLOM III<\/h3>\n<p>Nieko\u013eko rokov po za\u010diatku nov\u00e9ho tis\u00edcro\u010dia sa za\u010dalo o\u00a0Pl\u00e1\u0148ave hovori\u0165 znovu. V\u00a0 septembri roku 2004 na odkaz dvakr\u00e1t zaniknut\u00e9ho s\u00faboru nadviazala \u013eudov\u00e1 hudba rovnak\u00e9ho mena. N\u00e1zov vytiahol znovu na svetlo sveta prim\u00e1\u0161 Miroslav Buzrla a\u00a0 v\u0161etci ho jednohlasne prijali. Pre kapeln\u00edka to bolo z\u00e1le\u017eitos\u0165ou srdca, preto\u017ee v\u00a0 predch\u00e1dzaj\u00facej Pl\u00e1\u0148ave p\u00f4sobil jeho otec a,\u00a0 ako sa do\u010d\u00edtate na web str\u00e1nke kapely: <em>&#8230;aj \u010fal\u0161\u00ed \u010dlenovia rodiny. B\u00fdval\u00ed s\u00faborani n\u00e1m s\u00a0touto my\u0161lienkou dos\u0165 vypomohli a\u00a0zapo\u017ei\u010dali n\u00e1m svoje krojov\u00e9 s\u00fa\u010diastky, ktor\u00e9 mali e\u0161te zo s\u00faboru. V\u00a0s\u00fa\u010dasnosti \u013dH pracuje na svojom reperto\u00e1ri, ktor\u00fd prezentuje na verejn\u00fdch i\u00a0 s\u00fakromn\u00fdch predstaveniach v\u00a0 Skalici a\u00a0 okol\u00ed. Od roku 2005 doprev\u00e1dza Detsk\u00fd folkl\u00f3rny s\u00fabor Skali\u010d\u00e1nek pri jeho vyst\u00fapeniach<\/em>.<\/p>\n<p>Mimochodom, pisate\u013e listu, ktor\u00fd sa stal z\u00e1kladom pre na\u0161e p\u00e1tranie a\u00a0h\u013eadanie s\u00favislost\u00ed v\u00a0hist\u00f3rii Pl\u00e1\u0148avy, je tie\u017e \u010dlenom s\u00fa\u010dasn\u00e9ho s\u00faboru. Aj na neho spom\u00ednaj\u00fa star\u00ed pl\u00e1\u0148av\u00e1ci s\u00a0ve\u013ekou v\u010fakou za stretnutie, ktor\u00e9 pre nich s\u00a0hudobn\u00edkmi zorganizovali. Mo\u017eno pomohlo k\u00a0o\u017eiveniu spomienok, z\u00a0 ktor\u00fdch sme i\u00a0 my dnes mohli \u010derpa\u0165.<\/p>\n<p>Prajeme tretej Pl\u00e1\u0148ave dlh\u00fd \u017eivot, a\u00a0keby aj nie, tak ver\u00edme, \u017ee zase pr\u00edde niekto, kto dvihne jej meno nad hlavu a\u00a0 prid\u00e1 \u010fal\u0161ie piesne a\u00a0 rados\u0165 k\u00a0jej sl\u00e1ve.<\/p>\n<p><em>Tento \u010dl\u00e1nok mohol vznikn\u00fa\u0165 v\u010faka spomienkam a\u00a0 ochote \u013eud\u00ed, ktor\u00fdmi s\u00fa predov\u0161etk\u00fdm: Tom\u00e1\u0161 Kukli\u0161, J\u00e1n Kr\u00eddl, Pavol Macko, Jarmila Kope\u010dkov\u00e1 (rod.\u00a0Mach\u00e1\u010dkov\u00e1), J\u00e1n Buzrla, Jaroslav Ru\u017ei\u010dka, Gabriela \u0160p\u00f6rk\u00f6rov\u00e1, \u0160tefan Form\u00e1nek, M\u00e1ria Miku\u0161ov\u00e1 (rod.\u00a0Hertlov\u00e1), Anna Derm\u00ed\u0161kov\u00e1 (rod.\u00a0Wolfov\u00e1) Stano Bellan<\/em><\/p>\n<p>&nbsp;<\/p>\n<pre><strong>V\u00ddZVA<\/strong>\r\n\r\nMilovn\u00edci Skalice, folkl\u00f3ru, hist\u00f3rie a spomienok, ktor\u00ed m\u00e1te z\u00e1ujem o filmov\u00fd z\u00e1znam s\u00faboru Pl\u00e1\u0148ava, pr\u00edpadne dok\u00e1\u017eete i m\u00e1lom podpori\u0165 jeho z\u00e1chranu, kontaktujte, pros\u00edm, p\u00e1na Form\u00e1nka:\r\n\r\nTel.: 0903 301 618\r\n\r\ne-mail: sformane@ehs.sk<\/pre>\n","protected":false},"excerpt":{"rendered":"<div class=\"mh-excerpt\"><p>Za\u010diatky s\u00fa v\u017edy kr\u00e1sne. A\u00a0\u010do e\u0161te, ke\u010f s\u00fa za\u010diatky dva \u010di tri? Toto je pr\u00edbeh \u013eudov\u00e9ho s\u00faboru, \u013eudovej hudby i\u00a0 cimbalovej muziky. Tie vzkriesili po rokoch jej meno, ktor\u00e9 patr\u00ed ku Skalici rovnako neoddelite\u013ene ako <a class=\"mh-excerpt-more\" href=\"http:\/\/skalickyobzor.sk\/cms\/hudobny-pribeh-menom-planava\/\" title=\"Hudobn\u00fd pr\u00edbeh menom Pl\u00e1\u0148ava\">[&#8230;]<\/a><\/p>\n<\/div>","protected":false},"author":15,"featured_media":17,"comment_status":"closed","ping_status":"closed","sticky":false,"template":"","format":"standard","meta":{"footnotes":""},"categories":[10],"tags":[],"class_list":{"0":"post-574","1":"post","2":"type-post","3":"status-publish","4":"format-standard","5":"has-post-thumbnail","7":"category-zaujalo-nas"},"_links":{"self":[{"href":"http:\/\/skalickyobzor.sk\/cms\/wp-json\/wp\/v2\/posts\/574","targetHints":{"allow":["GET"]}}],"collection":[{"href":"http:\/\/skalickyobzor.sk\/cms\/wp-json\/wp\/v2\/posts"}],"about":[{"href":"http:\/\/skalickyobzor.sk\/cms\/wp-json\/wp\/v2\/types\/post"}],"author":[{"embeddable":true,"href":"http:\/\/skalickyobzor.sk\/cms\/wp-json\/wp\/v2\/users\/15"}],"replies":[{"embeddable":true,"href":"http:\/\/skalickyobzor.sk\/cms\/wp-json\/wp\/v2\/comments?post=574"}],"version-history":[{"count":3,"href":"http:\/\/skalickyobzor.sk\/cms\/wp-json\/wp\/v2\/posts\/574\/revisions"}],"predecessor-version":[{"id":5726,"href":"http:\/\/skalickyobzor.sk\/cms\/wp-json\/wp\/v2\/posts\/574\/revisions\/5726"}],"wp:featuredmedia":[{"embeddable":true,"href":"http:\/\/skalickyobzor.sk\/cms\/wp-json\/wp\/v2\/media\/17"}],"wp:attachment":[{"href":"http:\/\/skalickyobzor.sk\/cms\/wp-json\/wp\/v2\/media?parent=574"}],"wp:term":[{"taxonomy":"category","embeddable":true,"href":"http:\/\/skalickyobzor.sk\/cms\/wp-json\/wp\/v2\/categories?post=574"},{"taxonomy":"post_tag","embeddable":true,"href":"http:\/\/skalickyobzor.sk\/cms\/wp-json\/wp\/v2\/tags?post=574"}],"curies":[{"name":"wp","href":"https:\/\/api.w.org\/{rel}","templated":true}]}}