{"id":5810,"date":"2025-05-24T20:04:00","date_gmt":"2025-05-24T18:04:00","guid":{"rendered":"http:\/\/skalickyobzor.sk\/cms\/?p=5810"},"modified":"2025-12-07T21:42:51","modified_gmt":"2025-12-07T20:42:51","slug":"kam-teda-s-odpadom-v-skalici","status":"publish","type":"post","link":"http:\/\/skalickyobzor.sk\/cms\/kam-teda-s-odpadom-v-skalici\/","title":{"rendered":"Kam teda s odpadom v Skalici?"},"content":{"rendered":"<p><em>Komun\u00e1lny odpad mesta Skalica kon\u010d\u00ed na skl\u00e1dke v Mokrom H\u00e1ji. V\u0161etci vieme, \u017ee ide o neekologick\u00e9 spracovanie odpadu a v roku 2035 mus\u00ed pod\u013ea nariaden\u00ed Eur\u00f3pskej komisie skon\u010di\u0165. V prvom rade skl\u00e1dka komun\u00e1lneho odpadu v Mokrom H\u00e1ji bude funk\u010dn\u00e1 e\u0161te nasleduj\u00facich <strong>10 a\u017e 12 rokov<\/strong>, \u010do d\u00e1va priestor na <strong>ZODPOVEDN\u00da VO\u013dBU VHODNEJ LOKALITY<\/strong> a najvhodnej\u0161ej technol\u00f3gie. Pripom\u00edname, \u017ee probl\u00e9m, ktor\u00fd dnes rie\u0161ime a je d\u00f4le\u017eit\u00fd, je <strong>UMIESTNENIE<\/strong> zariadenia na likvid\u00e1ciu komun\u00e1lneho odpadu. Teda: <strong>Nie \u010do, ale kde<\/strong>. Samozrejme aj po n\u00e1jden\u00ed vhodn\u00e9ho umiestnenia inde ako pri Ba\u0165ovom kan\u00e1le, ot\u00e1zka vo\u013eby technol\u00f3gi\u00ed vz\u00e1p\u00e4t\u00ed pr\u00edde, av\u0161ak a\u017e druh\u00e1 v porad\u00ed.<\/em><\/p>\n<h4>Z\u00c1MER MESTA<\/h4>\n<p>Je pote\u0161ite\u013en\u00e9, \u017ee napriek e\u0161te relat\u00edvne dlhodobej mo\u017enosti uklada\u0165 odpad na skl\u00e1dke v Mokrom H\u00e1ji, rie\u0161i vedenie mesta n\u00e1sledn\u00e9 spracovanie komun\u00e1lneho odpadu s predstihom. Z\u00e1mer Mesta vybudova\u0165 CEZKO, respekt\u00edve poskytn\u00fa\u0165 pre tento z\u00e1mer investorovi priestor, argumentuje faktom, \u017ee pri odv\u00e1\u017ean\u00ed odpadu na likvid\u00e1ciu do Bratislavy, by doprava cenu likvid\u00e1cie \u010falej predra\u017eila. Treba v\u0161ak jasne poveda\u0165, \u017ee <span style=\"color: #cd1719;\"><strong>cena spa\u013eovania (cca 135 eur\/tona)<\/strong><\/span> je oproti <span style=\"color: #cd1719;\"><strong>skl\u00e1dkovaniu (cca 65 eur\/tona) pribli\u017ene dvojn\u00e1sobn\u00e1<\/strong><\/span>, \u010di sa bude odpad spa\u013eova\u0165 v Bratislave alebo Skalici. Pritom <span style=\"color: #cd1719;\"><strong>cena dopravy do Bratislavy predstavuje maxim\u00e1lne 8 eur\/tona<\/strong><\/span>. Ost\u00e1va na zv\u00e1\u017eenie, \u010di za cenu 8 eur za tonu ma\u0165 Centrum na likvid\u00e1ciu odpadu pri na\u0161ich domoch a\u00a0v\u00a0rekrea\u010dnej z\u00f3ne.<\/p>\n<h4>LEN JEDNO RIE\u0160ENIE<\/h4>\n<p>Na komisi\u00e1ch mesta zazneli r\u00f4zne ot\u00e1zky k in\u00fdm rie\u0161eniam, no zostali nezodpovedan\u00e9. Ako jedin\u00e1 mo\u017enos\u0165 bol v\u00fdber lokality pri Ba\u0165ovom kan\u00e1le. Ten bol v auguste 2024 vlo\u017een\u00fd do n\u00e1vrhu \u00dazemn\u00e9ho pl\u00e1nu a to po term\u00edne na uplatnenie po\u017eiadaviek do \u00daPN (\u010do mesto, samozrejme, m\u00f4\u017ee, ale deje sa to len v\u00fdnimo\u010dne). Na stavebnej komisii 20. 8. 2024 bol tento bod doplnen\u00fd do materi\u00e1lov hodinu pred zasadan\u00edm \u2013 takto bol tento v\u00fdznamn\u00fd bod banalizovan\u00fd a nevykomunikovan\u00fd. A lokalita bola doplnen\u00e1 do n\u00e1vrhu zmien \u00daPN na schv\u00e1lenie do zastupite\u013estva konan\u00e9ho 18. 9. 2024.<\/p>\n<h4>ZAML\u017dUJ\u00daCE ZASTUPITE\u013dSTVO<\/h4>\n<p>Na zastupite\u013estve s\u00edce padali k\u00a0t\u00e9me ot\u00e1zky od ob\u010danov a\u00a0poslancov, no neboli veden\u00edm mesta a\u00a0prim\u00e1torkou uspokojivo zodpovedan\u00e9 (vi\u010f QR k\u00f3d \u2013 3 videa). Cel\u00e1 t\u00e1to \u010das\u0165 MSZ sa niesla prinajmen\u0161om v\u00a0zm\u00e4to\u010dnom duchu. Vzh\u013eadom na to, \u017ee pl\u00e1n obsahoval pribli\u017ene 50 zmien a\u00a0schva\u013eoval sa cel\u00fd naraz, poslanci v\u00a0dobrej viere potreby rie\u0161enia probl\u00e9mu s\u00a0odpadmi schv\u00e1lili do n\u00e1vrhu \u00dazemn\u00e9ho pl\u00e1nu lokalitu pri Ba\u0165ovom kan\u00e1le \u2013 <span style=\"color: #cd1719;\"><strong>av\u0161ak bez ak\u00fdchko\u013evek regulat\u00edv a\u00a0obmedzen\u00ed pre bud\u00facich investorov<\/strong><\/span>. Mo\u017eno by bolo vhodn\u00e9 obmedzi\u0165 investora na spracovanie mno\u017estva komun\u00e1lneho odpadu maxim\u00e1lne pre skalick\u00fd okres, ktor\u00fd ho produkuje cca 5000 ton ro\u010dne. A\u00a0to je iba jeden z\u00a0pr\u00edkladov.<\/p>\n<figure id=\"attachment_5814\" aria-describedby=\"caption-attachment-5814\" style=\"width: 300px\" class=\"wp-caption aligncenter\"><img loading=\"lazy\" decoding=\"async\" class=\"wp-image-5814 size-medium\" src=\"http:\/\/skalickyobzor.sk\/cms\/wp-content\/uploads\/2025\/05\/qr-code_otazky_obcana-300x300.jpg\" alt=\"\" width=\"300\" height=\"300\" srcset=\"http:\/\/skalickyobzor.sk\/cms\/wp-content\/uploads\/2025\/05\/qr-code_otazky_obcana-300x300.jpg 300w, http:\/\/skalickyobzor.sk\/cms\/wp-content\/uploads\/2025\/05\/qr-code_otazky_obcana-150x150.jpg 150w, http:\/\/skalickyobzor.sk\/cms\/wp-content\/uploads\/2025\/05\/qr-code_otazky_obcana.jpg 600w\" sizes=\"auto, (max-width: 300px) 100vw, 300px\" \/><figcaption id=\"caption-attachment-5814\" class=\"wp-caption-text\">Ot\u00e1zky ob\u010dana<\/figcaption><\/figure>\n<figure id=\"attachment_5815\" aria-describedby=\"caption-attachment-5815\" style=\"width: 300px\" class=\"wp-caption aligncenter\"><img loading=\"lazy\" decoding=\"async\" class=\"wp-image-5815 size-medium\" src=\"http:\/\/skalickyobzor.sk\/cms\/wp-content\/uploads\/2025\/05\/qr-code_otazky_poslanca-300x300.jpg\" alt=\"\" width=\"300\" height=\"300\" srcset=\"http:\/\/skalickyobzor.sk\/cms\/wp-content\/uploads\/2025\/05\/qr-code_otazky_poslanca-300x300.jpg 300w, http:\/\/skalickyobzor.sk\/cms\/wp-content\/uploads\/2025\/05\/qr-code_otazky_poslanca-150x150.jpg 150w, http:\/\/skalickyobzor.sk\/cms\/wp-content\/uploads\/2025\/05\/qr-code_otazky_poslanca.jpg 600w\" sizes=\"auto, (max-width: 300px) 100vw, 300px\" \/><figcaption id=\"caption-attachment-5815\" class=\"wp-caption-text\">Ot\u00e1zky poslanca<\/figcaption><\/figure>\n<figure id=\"attachment_5816\" aria-describedby=\"caption-attachment-5816\" style=\"width: 300px\" class=\"wp-caption aligncenter\"><img loading=\"lazy\" decoding=\"async\" class=\"wp-image-5816 size-medium\" src=\"http:\/\/skalickyobzor.sk\/cms\/wp-content\/uploads\/2025\/05\/qr-code_odpoved_primatorky-300x300.jpg\" alt=\"\" width=\"300\" height=\"300\" srcset=\"http:\/\/skalickyobzor.sk\/cms\/wp-content\/uploads\/2025\/05\/qr-code_odpoved_primatorky-300x300.jpg 300w, http:\/\/skalickyobzor.sk\/cms\/wp-content\/uploads\/2025\/05\/qr-code_odpoved_primatorky-150x150.jpg 150w, http:\/\/skalickyobzor.sk\/cms\/wp-content\/uploads\/2025\/05\/qr-code_odpoved_primatorky.jpg 600w\" sizes=\"auto, (max-width: 300px) 100vw, 300px\" \/><figcaption id=\"caption-attachment-5816\" class=\"wp-caption-text\">Odpove\u010f prim\u00e1torky<\/figcaption><\/figure>\n<h4>NECH\u00ddBA NIE\u010cO V\u00a0RIE\u0160EN\u00cd?<\/h4>\n<p>Nerie\u0161en\u00e9 zostalo i za\u0165a\u017eenie \u201eobchvatu\u201c, ktor\u00fd \u010dak\u00e1 zv\u00fd\u0161en\u00e9 za\u0165a\u017eenie t\u00fdm, \u017ee po dostavan\u00ed dia\u013enice v \u010cR bude, v d\u00f4sledku zatvorenia mostu do Hodon\u00edna pre n\u00e1kladn\u00fa dopravu, v\u0161etka n\u00e1kladn\u00e1 doprava pr\u00fadi\u0165 do \u010cR pr\u00e1ve cez skalick\u00fd \u201eobchvat\u201c. A takto by sme mohli pokra\u010dova\u0165. O\u00a0tak d\u00f4le\u017eitom probl\u00e9me, ako je rie\u0161enie likvid\u00e1cie komun\u00e1lneho odpadu, je ob\u010danov potrebn\u00e9 informova\u0165. Navy\u0161e, ak na miesto mnoh\u00fdch rie\u0161en\u00ed je iba jedno. Vzh\u013eadom na ot\u00e1zky na zastupite\u013estve sa jav\u00ed, \u017ee dostato\u010dne informovan\u00ed sa nec\u00edtili ani niektor\u00ed poslanci. <strong>Nepadla predov\u0161etk\u00fdm t\u00e1 hlavn\u00e1 ot\u00e1zka smerom k\u00a0ob\u010danom: S\u00fahlas\u00edte s\u00a0\u010fal\u0161ou novou priemyselnou z\u00f3nou pr\u00e1ve na Ba\u0165ovom kan\u00e1le?<\/strong><\/p>\n<h4>Z\u00c1MER INVESTORA<\/h4>\n<p>Ke\u010f\u017ee je jasn\u00e9, \u017ee mesto tak\u00fdto projekt financova\u0165 nebude, padali na zastupite\u013estve ot\u00e1zky na investora z\u00e1meru. Prim\u00e1torka odpovedala, \u017ee o \u017eiadnom nevie, \u017ee treba najprv pripravi\u0165 lokalitu a dajak\u00fd sa zjav\u00ed. A zjavil sa. Ani to netrvalo dlho, zhruba o dva mesiace. V tejto s\u00favislosti je prekvapuj\u00faca inform\u00e1cia, ktor\u00fa <strong>investor uverejnil vo svojich Zelen\u00fdch novink\u00e1ch<\/strong>, oslovuj\u00facich priamo ob\u010danov Skalice. Citujeme: <em><strong>\u201eV\u00fdber lokality neprebiehal dni, ani t\u00fd\u017edne. Str\u00e1vili sme nieko\u013eko mesiacov<\/strong>, po\u010das ktor\u00fdch sme ve\u013emi poctivo zva\u017eovali nieko\u013eko krit\u00e9ri\u00ed&#8230; Na z\u00e1klade t\u00fdchto krit\u00e9ri\u00ed sme n\u00e1sledne vybrali zvolen\u00fa lokalitu. V nami preferovanom variante \u010d. 1 je vzdialenos\u0165 od najbli\u017e\u0161\u00edch domov v Skalici viac ako 1,1 kilometra.\u201c<\/em><\/p>\n<p>Z toho vypl\u00fdva, \u017ee Mesto u\u017e pripravovalo pozemok pre konkr\u00e9tneho investora, nie pre niekoho, kto sa zjav\u00ed. Rovnako pri vzdialenosti neberie z\u00e1mer do \u00favahy pl\u00e1novan\u00fa bud\u00facu v\u00fdstavbu rodinn\u00fdch domov na Kriv\u00fdch K\u00fatoch smerom k tejto lokalite, ktor\u00e1 je rozhodne bli\u017e\u0161ie ako 1,1 km, iba o nieko\u013eko sto metrov. <span style=\"color: #cd1719;\"><strong>Aj minister odpor\u00fa\u010da budova\u0165 spracovanie odpadu mimo obydl\u00ed a\u00a0v\u00a0jestvuj\u00facich priemyseln\u00fdch z\u00f3nach<\/strong><\/span>.<\/p>\n<h4>KAM MIERI INVESTOR?<\/h4>\n<p>GGES, a. s., bola zalo\u017een\u00e1 v m\u00e1ji 2024. Z\u00e1mer spolo\u010dnosti vybudova\u0165 Centrum ekologick\u00e9ho hospod\u00e1rstva je ur\u010dite dobrou my\u0161lienkou. Nezabudnime v\u0161ak, \u017ee legit\u00edmnym cie\u013eom investora je, prirodzene, zisk. Pod\u013ea kapacity jeho projektu sa predpokladan\u00fd zisk odv\u00edja od spa\u013eovania 135 tis\u00edc ton KO ro\u010dne! To je zhruba mno\u017estvo z cel\u00e9ho Trnavsk\u00e9ho kraja. A sme znova u regulat\u00edvov. Teda, vlastne nie sme, lebo \u017eiadne neexistuj\u00fa.<\/p>\n<h4>PRE\u010cO SI INVESTOR VYBRAL SKALICU?<\/h4>\n<p>Produkcia komun\u00e1lneho odpadu v okrese Skalica je zhruba 5 tis\u00edc ton ro\u010dne. Av\u0161ak s\u00fa\u010das\u0165ou z\u00e1meru investora je spa\u013eov\u0148a s kapacitou 135 tis\u00edc ton ro\u010dne, \u010do je zhruba objem produkovan\u00e9ho odpadu v Trnavskom kraji. Do Skalice by sa excentricky zv\u00e1\u017eal z \u00fazemia troch krajov.<\/p>\n<figure id=\"attachment_5817\" aria-describedby=\"caption-attachment-5817\" style=\"width: 646px\" class=\"wp-caption aligncenter\"><img loading=\"lazy\" decoding=\"async\" class=\"size-full wp-image-5817\" src=\"http:\/\/skalickyobzor.sk\/cms\/wp-content\/uploads\/2025\/05\/BSKTTSK.jpg\" alt=\"\" width=\"646\" height=\"873\" srcset=\"http:\/\/skalickyobzor.sk\/cms\/wp-content\/uploads\/2025\/05\/BSKTTSK.jpg 646w, http:\/\/skalickyobzor.sk\/cms\/wp-content\/uploads\/2025\/05\/BSKTTSK-222x300.jpg 222w\" sizes=\"auto, (max-width: 646px) 100vw, 646px\" \/><figcaption id=\"caption-attachment-5817\" class=\"wp-caption-text\">Mapa troch krajov a\u00a0extrentrick\u00e9 umiestnenie CEH v\u00a0Skalici<\/figcaption><\/figure>\n<p>Minister pl\u00e1nuje na Slovensku maxim\u00e1lne 3 a\u017e 4 spa\u013eovne. Pri existuj\u00facich spa\u013eovniach v\u00a0Bratislave a\u00a0Ko\u0161iciach v\u0161ak tretia spa\u013eov\u0148a v\u00a0Skalici nem\u00e1 z\u00a0logistick\u00e9ho h\u013eadiska (a\u00a0t\u00fdm aj za\u0165a\u017eenia dopravy) logiku.<\/p>\n<figure id=\"attachment_5818\" aria-describedby=\"caption-attachment-5818\" style=\"width: 842px\" class=\"wp-caption aligncenter\"><img loading=\"lazy\" decoding=\"async\" class=\"size-full wp-image-5818\" src=\"http:\/\/skalickyobzor.sk\/cms\/wp-content\/uploads\/2025\/05\/mapa_BAKESI.jpg\" alt=\"\" width=\"842\" height=\"419\" srcset=\"http:\/\/skalickyobzor.sk\/cms\/wp-content\/uploads\/2025\/05\/mapa_BAKESI.jpg 842w, http:\/\/skalickyobzor.sk\/cms\/wp-content\/uploads\/2025\/05\/mapa_BAKESI-300x149.jpg 300w, http:\/\/skalickyobzor.sk\/cms\/wp-content\/uploads\/2025\/05\/mapa_BAKESI-768x382.jpg 768w\" sizes=\"auto, (max-width: 842px) 100vw, 842px\" \/><figcaption id=\"caption-attachment-5818\" class=\"wp-caption-text\">Mapa exituj\u00facich ZEVO v\u00a0Bratislave a\u00a0Ko\u0161iciach a\u00a0pl\u00e1novan\u00e9ho v\u00a0Skalici<\/figcaption><\/figure>\n<h3 style=\"text-align: center;\"><span style=\"color: #cd1719;\">Toto v\u0161etko s\u00fa \u010fal\u0161ie d\u00f4vody netvori\u0165<\/span><br \/>\n<span style=\"color: #cd1719;\">nov\u00fa priemyseln\u00fa z\u00f3nu pri Ba\u0165ovom kan\u00e1le<\/span><br \/>\n<span style=\"color: #cd1719;\">a\u00a0vy\u0148a\u0165 t\u00fato plochu z\u00a0n\u00e1vrhu \u00daP.<\/span><\/h3>\n","protected":false},"excerpt":{"rendered":"<div class=\"mh-excerpt\"><p>Komun\u00e1lny odpad mesta Skalica kon\u010d\u00ed na skl\u00e1dke v Mokrom H\u00e1ji. V\u0161etci vieme, \u017ee ide o neekologick\u00e9 spracovanie odpadu a v roku 2035 mus\u00ed pod\u013ea nariaden\u00ed Eur\u00f3pskej komisie skon\u010di\u0165. V prvom rade skl\u00e1dka komun\u00e1lneho odpadu v <a class=\"mh-excerpt-more\" href=\"http:\/\/skalickyobzor.sk\/cms\/kam-teda-s-odpadom-v-skalici\/\" title=\"Kam teda s odpadom v Skalici?\">[&#8230;]<\/a><\/p>\n<\/div>","protected":false},"author":1,"featured_media":5812,"comment_status":"closed","ping_status":"closed","sticky":false,"template":"","format":"standard","meta":{"footnotes":""},"categories":[2],"tags":[],"class_list":{"0":"post-5810","1":"post","2":"type-post","3":"status-publish","4":"format-standard","5":"has-post-thumbnail","7":"category-hlavna-tema"},"_links":{"self":[{"href":"http:\/\/skalickyobzor.sk\/cms\/wp-json\/wp\/v2\/posts\/5810","targetHints":{"allow":["GET"]}}],"collection":[{"href":"http:\/\/skalickyobzor.sk\/cms\/wp-json\/wp\/v2\/posts"}],"about":[{"href":"http:\/\/skalickyobzor.sk\/cms\/wp-json\/wp\/v2\/types\/post"}],"author":[{"embeddable":true,"href":"http:\/\/skalickyobzor.sk\/cms\/wp-json\/wp\/v2\/users\/1"}],"replies":[{"embeddable":true,"href":"http:\/\/skalickyobzor.sk\/cms\/wp-json\/wp\/v2\/comments?post=5810"}],"version-history":[{"count":4,"href":"http:\/\/skalickyobzor.sk\/cms\/wp-json\/wp\/v2\/posts\/5810\/revisions"}],"predecessor-version":[{"id":5820,"href":"http:\/\/skalickyobzor.sk\/cms\/wp-json\/wp\/v2\/posts\/5810\/revisions\/5820"}],"wp:featuredmedia":[{"embeddable":true,"href":"http:\/\/skalickyobzor.sk\/cms\/wp-json\/wp\/v2\/media\/5812"}],"wp:attachment":[{"href":"http:\/\/skalickyobzor.sk\/cms\/wp-json\/wp\/v2\/media?parent=5810"}],"wp:term":[{"taxonomy":"category","embeddable":true,"href":"http:\/\/skalickyobzor.sk\/cms\/wp-json\/wp\/v2\/categories?post=5810"},{"taxonomy":"post_tag","embeddable":true,"href":"http:\/\/skalickyobzor.sk\/cms\/wp-json\/wp\/v2\/tags?post=5810"}],"curies":[{"name":"wp","href":"https:\/\/api.w.org\/{rel}","templated":true}]}}