{"id":5831,"date":"2025-05-24T20:09:35","date_gmt":"2025-05-24T18:09:35","guid":{"rendered":"http:\/\/skalickyobzor.sk\/cms\/?p=5831"},"modified":"2025-07-14T22:32:43","modified_gmt":"2025-07-14T20:32:43","slug":"spracovanie-odpadov-pri-bataku","status":"publish","type":"post","link":"http:\/\/skalickyobzor.sk\/cms\/spracovanie-odpadov-pri-bataku\/","title":{"rendered":"Spracovanie odpadov pri Ba\u0165\u00e1ku?!"},"content":{"rendered":"<p>Z\u00e1mer vy\u010dleni\u0165 priestor na spracovanie a likvid\u00e1ciu odpadu na pozemku v susedstve Ba\u0165ovho kan\u00e1la a \u0161t\u00e1tnej hranice s \u010cR rozdelil Skali\u010danov na dva t\u00e1bory \u2013 v jednom <strong>PROTI<\/strong> s\u00fa ob\u010dania a nieko\u013eko poslancov, v druhom <strong>ZA<\/strong> je vedenie mesta, investor a v tejto chv\u00edli v\u00e4\u010d\u0161ina poslancov. Odde\u013euj\u00fa ich argumenty, ktor\u00e9 uprednost\u0148uj\u00fa. Z toho vypl\u00fdva i zav\u00e1dzaj\u00faca snaha t\u00e1bora <strong>ZA<\/strong> oto\u010di\u0165 probl\u00e9m tak, \u017ee obyvatelia s\u00fa proti ekologick\u00e9mu rie\u0161eniu odpadov\u00e9ho hospod\u00e1rstva. Nie je to pravda! V tomto momente toti\u017e nie je hlavnou t\u00e9mou sp\u00f4sob spracovania odpadu, ale hlavne<\/p>\n<h5 style=\"text-align: center;\">D\u00d4LE\u017dIT\u00c9 JE MIESTO KDE M\u00c1 BY\u0164<\/h5>\n<h4 style=\"text-align: center;\"><span style=\"color: #cd1719;\">Nechceme pri Ba\u0165\u00e1ku nov\u00fa priemyseln\u00fa z\u00f3nu!<\/span><br \/>\n<span style=\"color: #cd1719;\">Chceme zachova\u0165 Ba\u0165\u00e1k pre \u013eud\u00ed ako turistick\u00fa a\u00a0oddychov\u00fa z\u00f3nu!<\/span><\/h4>\n<p>Mimoriadne vydanie Skalick\u00e9ho Obzoru poskytuje inform\u00e1cie, ktor\u00e9 Mesto ani investor nezverej\u0148uj\u00fa. Prin\u00e1\u0161ame obraz korektne, bez zav\u00e1dzania \u010di klamstiev a\u00a0bez z\u00e1kulisn\u00fdch \u00famyslov. \u017dijeme tu v\u0161etci rovnako a\u00a0na\u0161ou snahou je ochr\u00e1ni\u0165 na\u0161e prostredie pred devastuj\u00facimi rozhodnutiami, ktor\u00e9 u\u017e nebude mo\u017en\u00e9 zobra\u0165 sp\u00e4\u0165.<\/p>\n<h2>POZV\u00c1NKA NA ZASTUPITE\u013dSTVO<\/h2>\n<p>D\u0148a 28. 3. 2025 bol pani prim\u00e1torke a\u00a0poslancom mesta Skalica doru\u010den\u00fd Otvoren\u00fd list ob\u010danov s\u00a0po\u017eiadavkou na zvolanie mimoriadneho mestsk\u00e9ho zastupite\u013estva s\u00a0jedin\u00fdm bodom \u2013<br \/>\n<span style=\"color: #cd1719;\"><strong>bod programu: \u00daprava N\u00e1vrhu zad\u00e1vac\u00edch podkladov aktualiz\u00e1cie \u00dazemn\u00e9ho pl\u00e1nu mesta Skalica pre Zmeny a\u00a0doplnky \u010d. 7 \u00daPN mesta Skalica \u2013 vypustenie Centra spracovania odpadu.<\/strong><\/span><\/p>\n<p>Otvoren\u00fd list bol podp\u00edsan\u00fd viac ako 2600 ob\u010danmi Skalice, no \u017eiados\u0165 ostala nevypo\u010dut\u00e1. S jeho my\u0161lienkou sa pani prim\u00e1torka nestoto\u017enila a\u00a0naopak s\u00fahlas vyjadrili 4-ria poslanci. Av\u0161ak na zvolanie mimoriadneho zastupite\u013estva bol potrebn\u00fd s\u00fahlas 7-mich poslancov. Prim\u00e1torka sa v\u00a0m\u00e9diach vyjadrila v\u00a0zmysle, \u017ee mimoriadne apr\u00edlov\u00e9 zastupite\u013estvo nie je potrebn\u00e9, nako\u013eko v\u00a0m\u00e1ji bude riadne zastupite\u013estvo. Z\u00a0toho odvolania logicky vypl\u00fdva, \u017ee s\u00fa\u010das\u0165ou jeho programu bude aj obsah spom\u00ednan\u00e9ho Otvoren\u00e9ho listu. V\u00a0\u010dase \u00fazavierky tohoto \u010dasopisu Program m\u00e1jov\u00e9ho zastupite\u013estva nie je e\u0161te zverejnen\u00fd, a\u00a0m\u00f4\u017ee sa sta\u0165, \u017ee o\u010dak\u00e1van\u00fd bod v\u00a0programe nebude.<\/p>\n<p>Po\u017eiadavka ob\u010danov zaradi\u0165 tento bod na zastupte\u013estvo m\u00e1 v\u0161ak podporu \u010dasti poslancov. Jeden z\u00a0nich, p\u00e1n Martin Koj\u0161, bude na m\u00e1jovom zastupite\u013estve <strong>navrhova\u0165 po\u017eiadavku ob\u010danov z\u00a0Otvoren\u00e9ho listu doplni\u0165 ako bod do Programu zastupite\u013estva<\/strong>. Z\u00e1rove\u0148 bude navrhova\u0165, aby sa <span style=\"color: #cd1719;\"><strong>bod programu Diskusia presunul na \u00favod zastupite\u013estva<\/strong><\/span>, s\u00a0oh\u013eadom na to, aby ob\u010dania nemuseli \u010daka\u0165 a\u017e na jeho koniec.<\/p>\n<p><strong>Proces zasadania m\u00e1 svoju postupnos\u0165:<\/strong><\/p>\n<p>1. Otvorenie, ur\u010denie zapisovate\u013ea<br \/>\n2. Schv\u00e1lenie n\u00e1vrhu programu MsZ poslancami<br \/>\n<strong>3. N\u00e1vrhy na zmeny programu (doplnenie bodov programu)<\/strong><br \/>\n<span style=\"color: #cd1719;\"><strong>Dva n\u00e1vrhy na doplnenie bodov<\/strong><\/span> predlo\u017e\u00ed za ob\u010danov poslanec Martin Koj\u0161 za podpory poslancov V. Buc, \u0160. Mi\u0161u a A. Hertla.<br \/>\n<span style=\"color: #cd1719;\"><strong>Na schv\u00e1lenie n\u00e1vrhu je potrebn\u00e1 nadpolovi\u010dn\u00e1 v\u00e4\u010d\u0161ina hlasov v\u0161etk\u00fdch poslancov.<\/strong><\/span><br \/>\n<strong>. . .<\/strong><br \/>\n<strong>16.<\/strong> Zmena rozpo\u010dtu s\u00a0n\u00e1vrhom na nav\u00fd\u0161enie v\u00fddavkov v\u00a0sume <strong>20.000\u00a0eur na referendum<\/strong><br \/>\n<strong>. . .<\/strong><br \/>\n<strong>44. Diskusia<\/strong> (pokia\u013e nebude presunut\u00e1 na za\u010diatok zastupite\u013estva)<\/p>\n<p><strong>Pr\u00ed\u010fte vyjadri\u0165 podporu oboch n\u00e1vrhov do Programu v\u00fdrazn\u00fdm potleskom!<\/strong><br \/>\nPodporte slu\u0161ne potleskom aj ob\u010danov \u2013 re\u010dn\u00edkov a\u00a0poslancov, ktor\u00ed presadzuj\u00fa na\u0161e z\u00e1ujmy ochr\u00e1ni\u0165 prostredie pri Ba\u0165ovom kan\u00e1le pre v\u0161etk\u00fdch ob\u010danov a\u00a0po\u017eiadavku vy\u0148a\u0165 CEZKO (Centrum ekologick\u00e9ho zhodnocovania komun\u00e1lneho odpadu) \/ CEH (Centrum ekologick\u00e9ho hospod\u00e1rstva) z\u00a0\u00fazemn\u00e9ho pl\u00e1nu Skalice.<br \/>\n<strong>Pr\u00ed\u010fte sledova\u0165 hlasovanie poslancov k\u00a0t\u00fdmto t\u00e9mam!<\/strong><\/p>\n<hr \/>\n<p>Upozor\u0148ujeme na \u010fal\u0161\u00ed av\u00edzovan\u00fd <span style=\"color: #cd1719;\"><strong>bod programu: Schv\u00e1lenie zmeny rozpo\u010dtu v\u00a0s\u00favislosti s\u00a0financovan\u00edm referenda o\u00a0spracov\u00e1van\u00ed komun\u00e1lneho odpadu na \u00fazem\u00ed Skalice vo v\u00fd\u0161ke 20\u00a0tis\u00edc eur.<\/strong><\/span><\/p>\n<figure id=\"attachment_5848\" aria-describedby=\"caption-attachment-5848\" style=\"width: 864px\" class=\"wp-caption aligncenter\"><img loading=\"lazy\" decoding=\"async\" class=\"size-full wp-image-5848\" src=\"http:\/\/skalickyobzor.sk\/cms\/wp-content\/uploads\/2025\/05\/1-MU-zdroj-FB_upr.jpg\" alt=\"\" width=\"864\" height=\"575\" srcset=\"http:\/\/skalickyobzor.sk\/cms\/wp-content\/uploads\/2025\/05\/1-MU-zdroj-FB_upr.jpg 864w, http:\/\/skalickyobzor.sk\/cms\/wp-content\/uploads\/2025\/05\/1-MU-zdroj-FB_upr-300x200.jpg 300w, http:\/\/skalickyobzor.sk\/cms\/wp-content\/uploads\/2025\/05\/1-MU-zdroj-FB_upr-768x511.jpg 768w\" sizes=\"auto, (max-width: 864px) 100vw, 864px\" \/><figcaption id=\"caption-attachment-5848\" class=\"wp-caption-text\">Mestsk\u00fd \u00farad Skalica, zdroj FB<\/figcaption><\/figure>\n<p><strong>Pr\u00ed\u010fte si vypocu\u0165 diskusiu k\u00a0tomuto bodu, n\u00e1zory pre a\u00a0proti. Pr\u00ed\u010fte sledova\u0165 hlasovanie poslancov.<\/strong><br \/>\nViac o referende \u010d\u00edtajte na strane 14 alebo <a href=\"http:\/\/skalickyobzor.sk\/cms\/k-comu-povedie-referendum\/\">v \u010dl\u00e1nku TU<\/a>.<\/p>\n<hr \/>\n<p style=\"text-align: center;\"><em>Pod\u013ea \u00a7 13 ods. 4 p\u00edsm. a) z\u00e1kona \u010d. 369\/1990 Zb. o obecnom zriaden\u00ed, prim\u00e1tor zvol\u00e1va a vedie zasadnutia mestsk\u00e9ho zastupite\u013estva, \u010do v praxi zah\u0155\u0148a aj zabezpe\u010denie primeran\u00fdch technick\u00fdch a priestorov\u00fdch podmienok.<\/em><\/p>\n<p style=\"text-align: center;\"><em>Rokovania mestsk\u00e9ho zastupite\u013estva s\u00fa zo z\u00e1kona verejn\u00e9.<\/em><\/p>\n<p style=\"text-align: center;\"><em>Ak nie je verejnosti umo\u017enen\u00e9 re\u00e1lne sa z\u00fa\u010dastni\u0165, po\u010du\u0165 alebo rozumie\u0165 priebehu rokovania, m\u00f4\u017ee by\u0165 t\u00fdmto sp\u00f4sobom naru\u0161en\u00fd jeho verejn\u00fd charakter.<\/em><\/p>\n","protected":false},"excerpt":{"rendered":"<div class=\"mh-excerpt\"><p>Z\u00e1mer vy\u010dleni\u0165 priestor na spracovanie a likvid\u00e1ciu odpadu na pozemku v susedstve Ba\u0165ovho kan\u00e1la a \u0161t\u00e1tnej hranice s \u010cR rozdelil Skali\u010danov na dva t\u00e1bory \u2013 v jednom PROTI s\u00fa ob\u010dania a nieko\u013eko poslancov, v druhom <a class=\"mh-excerpt-more\" href=\"http:\/\/skalickyobzor.sk\/cms\/spracovanie-odpadov-pri-bataku\/\" title=\"Spracovanie odpadov pri Ba\u0165\u00e1ku?!\">[&#8230;]<\/a><\/p>\n<\/div>","protected":false},"author":1,"featured_media":5847,"comment_status":"closed","ping_status":"closed","sticky":false,"template":"","format":"standard","meta":{"footnotes":""},"categories":[2],"tags":[],"class_list":{"0":"post-5831","1":"post","2":"type-post","3":"status-publish","4":"format-standard","5":"has-post-thumbnail","7":"category-hlavna-tema"},"_links":{"self":[{"href":"http:\/\/skalickyobzor.sk\/cms\/wp-json\/wp\/v2\/posts\/5831","targetHints":{"allow":["GET"]}}],"collection":[{"href":"http:\/\/skalickyobzor.sk\/cms\/wp-json\/wp\/v2\/posts"}],"about":[{"href":"http:\/\/skalickyobzor.sk\/cms\/wp-json\/wp\/v2\/types\/post"}],"author":[{"embeddable":true,"href":"http:\/\/skalickyobzor.sk\/cms\/wp-json\/wp\/v2\/users\/1"}],"replies":[{"embeddable":true,"href":"http:\/\/skalickyobzor.sk\/cms\/wp-json\/wp\/v2\/comments?post=5831"}],"version-history":[{"count":19,"href":"http:\/\/skalickyobzor.sk\/cms\/wp-json\/wp\/v2\/posts\/5831\/revisions"}],"predecessor-version":[{"id":5874,"href":"http:\/\/skalickyobzor.sk\/cms\/wp-json\/wp\/v2\/posts\/5831\/revisions\/5874"}],"wp:featuredmedia":[{"embeddable":true,"href":"http:\/\/skalickyobzor.sk\/cms\/wp-json\/wp\/v2\/media\/5847"}],"wp:attachment":[{"href":"http:\/\/skalickyobzor.sk\/cms\/wp-json\/wp\/v2\/media?parent=5831"}],"wp:term":[{"taxonomy":"category","embeddable":true,"href":"http:\/\/skalickyobzor.sk\/cms\/wp-json\/wp\/v2\/categories?post=5831"},{"taxonomy":"post_tag","embeddable":true,"href":"http:\/\/skalickyobzor.sk\/cms\/wp-json\/wp\/v2\/tags?post=5831"}],"curies":[{"name":"wp","href":"https:\/\/api.w.org\/{rel}","templated":true}]}}