{"id":5876,"date":"2025-09-07T17:27:09","date_gmt":"2025-09-07T15:27:09","guid":{"rendered":"http:\/\/skalickyobzor.sk\/cms\/?p=5876"},"modified":"2025-12-08T23:12:06","modified_gmt":"2025-12-08T22:12:06","slug":"tak-si-myslim-ze-je-treba-urobit-dalsi-krok","status":"publish","type":"post","link":"http:\/\/skalickyobzor.sk\/cms\/tak-si-myslim-ze-je-treba-urobit-dalsi-krok\/","title":{"rendered":"Tak si mysl\u00edm, \u017ee je treba urobi\u0165 \u010fal\u0161\u00ed krok"},"content":{"rendered":"<p>V t\u00fdchto d\u0148och za\u017e\u00edvam zvl\u00e1\u0161tne d\u00e9ja vu. V roku 2017 som za\u010dala vyd\u00e1va\u0165 Skalick\u00fd Obzor. Vtedy som silno vn\u00edmala a tr\u00e1pilo ma, \u017ee r\u00f4zne, miestne udalosti Skalicu postupne viac a viac trie\u0161tili. Pam\u00e4t\u00e1m si Skalicu z detstva a mladosti ako v\u017edy dr\u017eala spolu. Mali sme v\u017edy svoje \u017eabomy\u0161ie vojny, av\u0161ak st\u00e1le v n\u00e1s bol pocit jednoty a patriotizmu Skali\u010danov. Tie sa v\u0161ak pomaly vytr\u00e1cali. So z\u00e1merom spoji\u0165 Skali\u010danov som za\u010dala vyd\u00e1va\u0165 ob\u010dianske noviny Skalick\u00fd Obzor, pokra\u010duj\u00fac v odkaze Lichardovho Obzoru, ktor\u00fd bol informa\u010dno-vzdel\u00e1vac\u00ed. Spoji\u0165 Skali\u010danov a z\u00e1rove\u0148 vytvori\u0165 priestor, v ktorom sa budeme u\u010di\u0165 \u017ei\u0165 odkaz n\u00e1\u0161ho rod\u00e1ka Tonka Srholca: \u201eV\u00edtajme rozdielnos\u0165 medzi \u013eu\u010fmi. Aj sa poh\u00e1dajme, ale s l\u00e1skou a nedajme priestor nen\u00e1visti.\u201c<\/p>\n<p>Noviny si na\u0161li svoje miesto, \u017eivot i\u0161iel \u010falej, ale nikdy by mi nenapadlo, \u017ee to, \u010do n\u00e1s v\u0161etk\u00fdch zomkne, bude pr\u00e1ve konkr\u00e9tna udalos\u0165. Nevedela som si ani predstavi\u0165, \u017ee pr\u00edde t\u00e9ma, ktor\u00e1 n\u00e1s takto silno spoj\u00ed. A pri\u0161la \u2013 spa\u013eov\u0148a. Ke\u010f som vydala let\u00e1k s inform\u00e1ciami o spa\u013eovni, ob\u00e1vala som sa, \u017ee tak, ako in\u00e9 kontroverzn\u00e9 t\u00e9my, aj t\u00e1to n\u00e1s rozdel\u00ed na dva \u010di viac t\u00e1borov. O to viac ma prekvapilo, \u017ee sa stal presn\u00fd opak \u2013 t\u00e9ma n\u00e1s vo ve\u013ekom spojila.<\/p>\n<p>Samozrejme, \u017eabomy\u0161ie vojny pokra\u010duj\u00fa \u010falej, av\u0161ak v ot\u00e1zke spa\u013eovne sa v Skalici zrodila jednota, ak\u00fa som doteraz neza\u017eila a tr\u00fafnem si poveda\u0165,<\/p>\n<p>\u017ee ani v\u00e4\u010d\u0161ina Skali\u010danov. Je zvl\u00e1\u0161tne, \u017ee pr\u00e1ve nie\u010domu tak negat\u00edvnemu m\u00f4\u017eem by\u0165 v\u010fa\u010dn\u00e1 za to, \u017ee n\u00e1m uk\u00e1zalo silu Skali\u010danov.<\/p>\n<p>Po mojom m\u00e1jovom vyst\u00fapen\u00ed na zastupite\u013estve ma za\u010dali oslovova\u0165 r\u00f4zni \u013eudia s ponukou pomoci. \u00daplne prirodzene sa tak za\u010dalo rodi\u0165 ob\u010dianske zdru\u017eenie SKALICA je pjekn\u00e9 mjesto. Zdru\u017eenie, ktor\u00e9 sp\u00e1ja jedin\u00e1 my\u0161lienka: zachova\u0165 jedine\u010dnos\u0165 na\u0161ej Skalice. Aby na\u0161a Skalica zostala kr\u00e1snym a dobr\u00fdm miestom pre \u017eivot.<\/p>\n<p>Obzor aj tentokr\u00e1t prispel k informovaniu a spojeniu n\u00e1s v\u0161etk\u00fdch, tentokr\u00e1t v tak d\u00f4le\u017eitej t\u00e9me, ktor\u00e1 zasiahne nielen do \u017eivotov n\u00e1s v\u0161etk\u00fdch, s\u00fa\u010dasn\u00edkov, ale aj gener\u00e1ci\u00ed po n\u00e1s. Preto som sa rozhodla, \u017ee Skalick\u00fd Obzor, odovzd\u00e1m do r\u00fak zdru\u017eenia. Do r\u00fak stoviek \u013eud\u00ed, ktor\u00ed Skalicu miluj\u00fa a nedali by ju za ni\u010d na svete.<\/p>\n<p>Je na \u010dase urobi\u0165 \u010fal\u0161\u00ed krok a prepusti\u0165 die\u0165a do sveta, nech si \u017eije svoj\u00edm \u017eivotom a prin\u00e1\u0161a spolo\u010dnosti to, \u010do bolo do neho vlo\u017een\u00e9. Jedna etapa sa uzavrela a pr\u00edvlastok Skalick\u00e9ho Obzoru \u201eob\u010dianske\u201c noviny sa naplnil v najvy\u0161\u0161ej miere.<\/p>\n<p><em>S \u00factou<\/em><br \/>\n<em>va\u0161a Skali\u010danka<\/em><br \/>\n<em>\u017delm\u00edra Mach\u00e1\u010dkov\u00e1<\/em><\/p>\n","protected":false},"excerpt":{"rendered":"<div class=\"mh-excerpt\"><p>V t\u00fdchto d\u0148och za\u017e\u00edvam zvl\u00e1\u0161tne d\u00e9ja vu. V roku 2017 som za\u010dala vyd\u00e1va\u0165 Skalick\u00fd Obzor. Vtedy som silno vn\u00edmala a tr\u00e1pilo ma, \u017ee r\u00f4zne, miestne udalosti Skalicu postupne viac a viac trie\u0161tili. Pam\u00e4t\u00e1m si Skalicu <a class=\"mh-excerpt-more\" href=\"http:\/\/skalickyobzor.sk\/cms\/tak-si-myslim-ze-je-treba-urobit-dalsi-krok\/\" title=\"Tak si mysl\u00edm, \u017ee je treba urobi\u0165 \u010fal\u0161\u00ed krok\">[&#8230;]<\/a><\/p>\n<\/div>","protected":false},"author":2,"featured_media":241,"comment_status":"closed","ping_status":"closed","sticky":false,"template":"","format":"standard","meta":{"footnotes":""},"categories":[3],"tags":[],"class_list":{"0":"post-5876","1":"post","2":"type-post","3":"status-publish","4":"format-standard","5":"has-post-thumbnail","7":"category-tak-si-myslim"},"_links":{"self":[{"href":"http:\/\/skalickyobzor.sk\/cms\/wp-json\/wp\/v2\/posts\/5876","targetHints":{"allow":["GET"]}}],"collection":[{"href":"http:\/\/skalickyobzor.sk\/cms\/wp-json\/wp\/v2\/posts"}],"about":[{"href":"http:\/\/skalickyobzor.sk\/cms\/wp-json\/wp\/v2\/types\/post"}],"author":[{"embeddable":true,"href":"http:\/\/skalickyobzor.sk\/cms\/wp-json\/wp\/v2\/users\/2"}],"replies":[{"embeddable":true,"href":"http:\/\/skalickyobzor.sk\/cms\/wp-json\/wp\/v2\/comments?post=5876"}],"version-history":[{"count":3,"href":"http:\/\/skalickyobzor.sk\/cms\/wp-json\/wp\/v2\/posts\/5876\/revisions"}],"predecessor-version":[{"id":6052,"href":"http:\/\/skalickyobzor.sk\/cms\/wp-json\/wp\/v2\/posts\/5876\/revisions\/6052"}],"wp:featuredmedia":[{"embeddable":true,"href":"http:\/\/skalickyobzor.sk\/cms\/wp-json\/wp\/v2\/media\/241"}],"wp:attachment":[{"href":"http:\/\/skalickyobzor.sk\/cms\/wp-json\/wp\/v2\/media?parent=5876"}],"wp:term":[{"taxonomy":"category","embeddable":true,"href":"http:\/\/skalickyobzor.sk\/cms\/wp-json\/wp\/v2\/categories?post=5876"},{"taxonomy":"post_tag","embeddable":true,"href":"http:\/\/skalickyobzor.sk\/cms\/wp-json\/wp\/v2\/tags?post=5876"}],"curies":[{"name":"wp","href":"https:\/\/api.w.org\/{rel}","templated":true}]}}