{"id":5936,"date":"2025-09-07T17:26:53","date_gmt":"2025-09-07T15:26:53","guid":{"rendered":"http:\/\/skalickyobzor.sk\/cms\/?p=5936"},"modified":"2025-12-07T21:37:18","modified_gmt":"2025-12-07T20:37:18","slug":"zo-skalickej-spalovne-je-medzinarodny-skandal","status":"publish","type":"post","link":"http:\/\/skalickyobzor.sk\/cms\/zo-skalickej-spalovne-je-medzinarodny-skandal\/","title":{"rendered":"Zo skalickej spa\u013eovne je medzin\u00e1rodn\u00fd \u0161kand\u00e1l!"},"content":{"rendered":"<p>Probl\u00e9m pl\u00e1novanej spa\u013eovne v Skalici u\u017e d\u00e1vno presiahol hranice Slovenska \u2013 stal sa cezhrani\u010dn\u00fdm konfliktom a za\u010d\u00edna by\u0165 medzin\u00e1rodn\u00fdm \u0161kand\u00e1lom. Pl\u00e1novan\u00e1 spa\u013eov\u0148a v Skalici rozpr\u00fadila v\u00e1\u0161ne na oboch stran\u00e1ch slovensko-\u010deskej hranice. K\u00fdm verejnos\u0165 v \u010cesku i na Slovensku je znepokojen\u00e1, vedenie mesta Skalica ost\u00e1va ne\u00fastup\u010div\u00e9 a otvorene h\u00e1ji z\u00e1ujmy investora, spolo\u010dnosti GGES, a.s.<\/p>\n<h4>STRETNUTIE KOMPETENTN\u00ddCH BEZ SLOVENSK\u00ddCH M\u00c9DI\u00cd<\/h4>\n<p>D\u0148a 22. augusta 2025 sa verejnej diskusie v Sudom\u011b\u0159iciach, zorganizovanej starostom obce Sudom\u011b\u0159ice Franti\u0161kom Mik\u00e9skom, z\u00fa\u010dastnili minister \u017eivotn\u00e9ho prostredia \u010cR Petr Hlad\u00edk, hejtman Juhomoravsk\u00e9ho kraja Jan Grolich a predseda Trnavsk\u00e9ho samospr\u00e1vneho kraja Jozef Viskupi\u010d, aby jasne podporili ob\u010danov \u2013 odporcov projektu CEH-ZEVO. Spolo\u010dn\u00fdm cie\u013eom bolo upozorni\u0165 na nezmyselnos\u0165 a rizik\u00e1 tejto stavby, ktor\u00e1 priamo ohrozuje \u017eivotn\u00e9 prostredie i vz\u0165ahy medzi susedmi. Nepochopite\u013en\u00e9 je, \u017ee na stretnut\u00ed absentovali celoslovensk\u00e9 m\u00e9di\u00e1. Slov\u00e1ci akoby nechceli vidie\u0165, \u017ee ide o t\u00e9mu, ktor\u00e1 u\u017e nie je len na\u0161ou, ale aj medzin\u00e1rodnou hanbou. Ovzdu\u0161ie nepozn\u00e1 \u0161t\u00e1tnu hranicu a tak pl\u00e1novan\u00e1 spa\u013eov\u0148a neohrozuje len Skalicu \u2013 jej vplyvy re\u00e1lne zasiahnu cel\u00e9 pohrani\u010die a \u010desk\u00e9 \u00fazemie.<\/p>\n<figure id=\"attachment_5887\" aria-describedby=\"caption-attachment-5887\" style=\"width: 545px\" class=\"wp-caption aligncenter\"><img loading=\"lazy\" decoding=\"async\" class=\"size-full wp-image-5887\" src=\"http:\/\/skalickyobzor.sk\/cms\/wp-content\/uploads\/2025\/09\/stretnutie_s_ministrom.png\" alt=\"\" width=\"545\" height=\"409\" srcset=\"http:\/\/skalickyobzor.sk\/cms\/wp-content\/uploads\/2025\/09\/stretnutie_s_ministrom.png 545w, http:\/\/skalickyobzor.sk\/cms\/wp-content\/uploads\/2025\/09\/stretnutie_s_ministrom-300x225.png 300w, http:\/\/skalickyobzor.sk\/cms\/wp-content\/uploads\/2025\/09\/stretnutie_s_ministrom-326x245.png 326w, http:\/\/skalickyobzor.sk\/cms\/wp-content\/uploads\/2025\/09\/stretnutie_s_ministrom-80x60.png 80w\" sizes=\"auto, (max-width: 545px) 100vw, 545px\" \/><figcaption id=\"caption-attachment-5887\" class=\"wp-caption-text\">Stretnutie m\u00e9di\u00ed s ministrom \u017eivotn\u00e9ho prostredia \u010cR Petrom Hlad\u00edkom priamo na \u201ehor\u00facom\u201c pozemku, arch\u00edv redakcie<\/figcaption><\/figure>\n<h4>TLA\u010cOV\u00c1 SPR\u00c1VA ZHRNULA FAKTY<\/h4>\n<p>\u010cesk\u00fd minister jasne deklaroval, \u017ee \u010cesk\u00e1 republika sa do procesu EIA\/SEA akt\u00edvne zap\u00e1ja a bude chr\u00e1ni\u0165 z\u00e1ujmy svojich ob\u010danov. \u010cesk\u00e9 ministerstvo upozornilo na nezmyselnos\u0165 umiestnenia takejto megastavby v z\u00e1padnom c\u00edpe Slovenska, kde ani investor nevie preuk\u00e1za\u0165, odkia\u013e bude odpad vozi\u0165 a ako ho dopravova\u0165. Zatia\u013e \u010do v \u010cesku podobn\u00e9 zariadenia supluj\u00fa tepl\u00e1rne, a nahr\u00e1dzaj\u00fa uhlie \u010di plyn, projekt v Skalici nem\u00e1 \u017eiadny jasn\u00fd pl\u00e1n vyu\u017eitia tepla, ch\u00fdbaj\u00fa z\u00e1kladn\u00e9 odborn\u00e9 \u0161t\u00fadie aj zmyslupln\u00e1 logistika a m\u00e1 by\u0165 postaven\u00e9 na zelenej l\u00fake! \u010cesk\u00e9 z\u00e1kony by tak\u00fa stavbu za t\u00fdcho podmienok obydl\u00ed nikdy nedovolili \u2013 slovensk\u00e9 z\u00e1kony ju umo\u017enia.<\/p>\n<h4>OT\u00c1ZKY, N\u00c1MIETKY \u2013 \u017dIADNE ODPOVEDE<\/h4>\n<p>Pod\u013ea \u017eupana Jozefa Viskupi\u010da projekt je pripraven\u00fd nelogicky, netransparentne a bez re\u0161pektovania \u00fazemn\u00e9ho rozvoja regi\u00f3nu. Dopravn\u00e9 z\u00e1\u0165a\u017ee by poc\u00edtila nielen Skalica, ale aj Hol\u00ed\u010d a Senica. Z\u00e1stupcovia oboch str\u00e1n sa zhodli, \u017ee ch\u00fdbaj\u00fa podklady, dohody s vlastn\u00edkmi pozemkov, rozptylov\u00e9 \u0161t\u00fadie, jasn\u00e1 logistika, invest\u00edcie do infra\u0161trukt\u00fary. Navy\u0161e nie je mo\u017en\u00e9 celkov\u00e9 pos\u00fadenie projektu, pokia\u013e:<\/p>\n<p>\u2022 v\u00fd\u0161ka kom\u00edna je nezn\u00e1ma, rozptylov\u00e1 \u0161t\u00fadia pre cezhrani\u010dn\u00e9 \u00fazemie ch\u00fdba<\/p>\n<p>\u2022 jedna z navrhovan\u00fdch technol\u00f3gi\u00ed (sply\u0148ovanie) nie je v Eur\u00f3pe vysk\u00fa\u0161an\u00e1; druh\u00e1 (klasick\u00e1) nesp\u013a\u0148a pr\u00edsnej\u0161ie emisn\u00e9 limity platn\u00e9 po roku 2030<\/p>\n<p>\u2022 investor manipuluje s inform\u00e1ciou o dovoze odpadu z \u010cR, pri\u010dom \u010cR nebola o ni\u010d ofici\u00e1lne po\u017eiadan\u00e1<\/p>\n<p>\u2022 umiestnenie spa\u013eovne na najvzdialenej\u0161ej hranici kraja pri s\u00fa\u010dasnom tvrden\u00ed, \u017ee odpad nebude dov\u00e1\u017ean\u00fd zo zahrani\u010dia, je ekonomick\u00fd aj ekologick\u00fd nezmysel.<\/p>\n<h4>DVE STRANY HRANICE \u2013 DVA R\u00d4ZNE POH\u013dADY NA BA\u0164\u00c1K<\/h4>\n<p>\u010cesk\u00e1 republika desa\u0165ro\u010dia zve\u013ea\u010fuje \u00fazemie Ba\u0165ovho kan\u00e1la, investovala st\u00e1mili\u00f3ny do jeho obnovy. Dnes \u010del\u00ed hrozbe, \u017ee v susedstve vyrastie spa\u013eov\u0148a, ktor\u00e1 m\u00f4\u017ee cel\u00e9 \u00fasilie a rozvoj regi\u00f3nu znehodnoti\u0165. Miesto zn\u00e1me vinohradmi, CHKO Biele Karpaty \u010di Ba\u0165ov\u00fdm kan\u00e1lom m\u00e1 by\u0165 za\u0165a\u017een\u00e9 odpadom zo Slovenska \u2013 mo\u017eno aj zo zahrani\u010dia.<\/p>\n<p>Je hanbou, \u017ee z\u00e1mer jedn\u00e9ho podnikate\u013ea bez sk\u00fasenost\u00ed s odpadov\u00fdm hospod\u00e1rstvom, bez investi\u010dn\u00e9ho z\u00e1zemia a transparentnosti, rozb\u00edja pokoj cezhrani\u010dn\u00e9ho regi\u00f3nu a ni\u010d\u00ed roky budovan\u00fa reput\u00e1ciu. \u010cesk\u00e1 strana buduje \u2013 slovensk\u00e1 riskuje hanbu a skazu pre p\u00e1r v\u00fdhod od investorov.<\/p>\n<figure id=\"attachment_5888\" aria-describedby=\"caption-attachment-5888\" style=\"width: 357px\" class=\"wp-caption aligncenter\"><img loading=\"lazy\" decoding=\"async\" class=\"size-full wp-image-5888\" src=\"http:\/\/skalickyobzor.sk\/cms\/wp-content\/uploads\/2025\/09\/rozhovor_s_ministrom.png\" alt=\"\" width=\"357\" height=\"469\" srcset=\"http:\/\/skalickyobzor.sk\/cms\/wp-content\/uploads\/2025\/09\/rozhovor_s_ministrom.png 357w, http:\/\/skalickyobzor.sk\/cms\/wp-content\/uploads\/2025\/09\/rozhovor_s_ministrom-228x300.png 228w\" sizes=\"auto, (max-width: 357px) 100vw, 357px\" \/><figcaption id=\"caption-attachment-5888\" class=\"wp-caption-text\">Andrej Petrinec a \u017delm\u00edra Mach\u00e1\u010dkov\u00e1 v rozhovore s \u010desk\u00fdm ministrom \u017eivotn\u00e9ho prostredia Petrom Hlad\u00edkom, arch\u00edv redakcie<\/figcaption><\/figure>\n<h4>N\u00c1PRAVA SITU\u00c1CIE JE NA PLECIACH SKALICK\u00ddCH POSLANCOV<\/h4>\n<p>Stretnutia sa z\u00fa\u010dastnila aj \u017delm\u00edra Mach\u00e1\u010dkov\u00e1 z ob\u010dianskej iniciat\u00edvy SKALICA je pjekn\u00e9 mjesto, ktor\u00e1 sa prihovorila v\u0161etk\u00fdm pr\u00edtomn\u00fdm: \u201eVe\u013emi dobre si uvedomujeme, \u017ee cel\u00fd probl\u00e9m je v \u00fazemnom pl\u00e1ne Skalice a v tom, ako sa k tomuto pl\u00e1nu postavia skalick\u00ed poslanci. Ospravedl\u0148ujeme sa Sudom\u011b\u0159i\u010danom za to, \u010do sme ani nesp\u00f4sobili my, ob\u010dania, ale vedenie n\u00e1\u0161ho mesta. My, ob\u010dania sa sami c\u00edtime zraden\u00ed a predhoden\u00ed investorovi.\u201c<\/p>\n<p>Na\u0161i poslanci maj\u00fa \u0161ancu uk\u00e1za\u0165 charakter. D\u0148a 10. septembra m\u00f4\u017eu jednoducho hlasova\u0165 za n\u00e1vrat pozemku na Ba\u0165\u00e1ku do p\u00f4vodn\u00e9ho stavu \u2013 na orn\u00fa p\u00f4du. Ak to neurobia, hroz\u00ed nielen pr\u00e1vna neistota, ale aj pocit, \u017ee skalick\u00ed ob\u010dania boli op\u00e4\u0165 ob\u00edden\u00ed.<\/p>\n<p>V z\u00e1vere stretnutia bola pr\u00edtomn\u00fdmi vrelo prijat\u00e1 my\u0161lienka, ktor\u00fa medziin\u00fdm vyslovila poslankyna Skalice a vice\u017eupanka Veronika Buc: \u201e&#8230; so zdrav\u00edm a \u017eivotom sa neobchoduje. V Skalici a okol\u00ed s\u00fa st\u00e1ro\u010dn\u00e9 hodnoty, ktor\u00e9 preva\u017euj\u00fa z h\u013eadiska dlhoro\u010dn\u00e9ho v\u00fdvoja regi\u00f3nu nad kr\u00e1tkodob\u00fdm ekonomick\u00fdm ziskom jedn\u00e9ho s\u00fakromn\u00edka&#8230;\u201c<\/p>\n<p>Nenechajme Skalicu a jej kr\u00e1sne pohrani\u010die zap\u00edsa\u0165 sa do hist\u00f3rie ako miesto, kde sa \u013eudia aj pr\u00edroda podriadili odpadu. Je \u010das, aby sa slovensk\u00e9 m\u00e9di\u00e1, verejnos\u0165 a hlavne skalick\u00ed poslanci zobudili \u2013 lebo tento raz sleduje Skalicu u\u017e cel\u00fd regi\u00f3n a medzin\u00e1rodn\u00e9 spolo\u010denstvo.<\/p>\n<figure id=\"attachment_5889\" aria-describedby=\"caption-attachment-5889\" style=\"width: 545px\" class=\"wp-caption aligncenter\"><img loading=\"lazy\" decoding=\"async\" class=\"size-full wp-image-5889\" src=\"http:\/\/skalickyobzor.sk\/cms\/wp-content\/uploads\/2025\/09\/diskusia_zupanTTSK.png\" alt=\"\" width=\"545\" height=\"534\" srcset=\"http:\/\/skalickyobzor.sk\/cms\/wp-content\/uploads\/2025\/09\/diskusia_zupanTTSK.png 545w, http:\/\/skalickyobzor.sk\/cms\/wp-content\/uploads\/2025\/09\/diskusia_zupanTTSK-300x294.png 300w\" sizes=\"auto, (max-width: 545px) 100vw, 545px\" \/><figcaption id=\"caption-attachment-5889\" class=\"wp-caption-text\">Verejn\u00e1 debata v Sudom\u011b\u0159iciach, \u017eupan TTSK Jozef Viskupi\u010d a vice\u017eupanka Veronika Buc s ob\u010danmi, arch\u00edv redakcie.<\/figcaption><\/figure>\n<p>&nbsp;<\/p>\n<figure id=\"attachment_5890\" aria-describedby=\"caption-attachment-5890\" style=\"width: 545px\" class=\"wp-caption aligncenter\"><img loading=\"lazy\" decoding=\"async\" class=\"size-full wp-image-5890\" src=\"http:\/\/skalickyobzor.sk\/cms\/wp-content\/uploads\/2025\/09\/verejna_debata.png\" alt=\"\" width=\"545\" height=\"411\" srcset=\"http:\/\/skalickyobzor.sk\/cms\/wp-content\/uploads\/2025\/09\/verejna_debata.png 545w, http:\/\/skalickyobzor.sk\/cms\/wp-content\/uploads\/2025\/09\/verejna_debata-300x226.png 300w, http:\/\/skalickyobzor.sk\/cms\/wp-content\/uploads\/2025\/09\/verejna_debata-326x245.png 326w, http:\/\/skalickyobzor.sk\/cms\/wp-content\/uploads\/2025\/09\/verejna_debata-80x60.png 80w\" sizes=\"auto, (max-width: 545px) 100vw, 545px\" \/><figcaption id=\"caption-attachment-5890\" class=\"wp-caption-text\">Verejn\u00e1 debata v Sudom\u011b\u0159iciach, arch\u00edv redakcie<\/figcaption><\/figure>\n","protected":false},"excerpt":{"rendered":"<div class=\"mh-excerpt\"><p>Probl\u00e9m pl\u00e1novanej spa\u013eovne v Skalici u\u017e d\u00e1vno presiahol hranice Slovenska \u2013 stal sa cezhrani\u010dn\u00fdm konfliktom a za\u010d\u00edna by\u0165 medzin\u00e1rodn\u00fdm \u0161kand\u00e1lom. Pl\u00e1novan\u00e1 spa\u013eov\u0148a v Skalici rozpr\u00fadila v\u00e1\u0161ne na oboch stran\u00e1ch slovensko-\u010deskej hranice. K\u00fdm verejnos\u0165 v \u010cesku <a class=\"mh-excerpt-more\" href=\"http:\/\/skalickyobzor.sk\/cms\/zo-skalickej-spalovne-je-medzinarodny-skandal\/\" title=\"Zo skalickej spa\u013eovne je medzin\u00e1rodn\u00fd \u0161kand\u00e1l!\">[&#8230;]<\/a><\/p>\n<\/div>","protected":false},"author":1,"featured_media":5891,"comment_status":"closed","ping_status":"closed","sticky":false,"template":"","format":"standard","meta":{"footnotes":""},"categories":[2],"tags":[],"class_list":{"0":"post-5936","1":"post","2":"type-post","3":"status-publish","4":"format-standard","5":"has-post-thumbnail","7":"category-hlavna-tema"},"_links":{"self":[{"href":"http:\/\/skalickyobzor.sk\/cms\/wp-json\/wp\/v2\/posts\/5936","targetHints":{"allow":["GET"]}}],"collection":[{"href":"http:\/\/skalickyobzor.sk\/cms\/wp-json\/wp\/v2\/posts"}],"about":[{"href":"http:\/\/skalickyobzor.sk\/cms\/wp-json\/wp\/v2\/types\/post"}],"author":[{"embeddable":true,"href":"http:\/\/skalickyobzor.sk\/cms\/wp-json\/wp\/v2\/users\/1"}],"replies":[{"embeddable":true,"href":"http:\/\/skalickyobzor.sk\/cms\/wp-json\/wp\/v2\/comments?post=5936"}],"version-history":[{"count":3,"href":"http:\/\/skalickyobzor.sk\/cms\/wp-json\/wp\/v2\/posts\/5936\/revisions"}],"predecessor-version":[{"id":5940,"href":"http:\/\/skalickyobzor.sk\/cms\/wp-json\/wp\/v2\/posts\/5936\/revisions\/5940"}],"wp:featuredmedia":[{"embeddable":true,"href":"http:\/\/skalickyobzor.sk\/cms\/wp-json\/wp\/v2\/media\/5891"}],"wp:attachment":[{"href":"http:\/\/skalickyobzor.sk\/cms\/wp-json\/wp\/v2\/media?parent=5936"}],"wp:term":[{"taxonomy":"category","embeddable":true,"href":"http:\/\/skalickyobzor.sk\/cms\/wp-json\/wp\/v2\/categories?post=5936"},{"taxonomy":"post_tag","embeddable":true,"href":"http:\/\/skalickyobzor.sk\/cms\/wp-json\/wp\/v2\/tags?post=5936"}],"curies":[{"name":"wp","href":"https:\/\/api.w.org\/{rel}","templated":true}]}}