{"id":5949,"date":"2025-09-07T17:22:36","date_gmt":"2025-09-07T15:22:36","guid":{"rendered":"http:\/\/skalickyobzor.sk\/cms\/?p=5949"},"modified":"2025-09-07T18:11:27","modified_gmt":"2025-09-07T16:11:27","slug":"namiesto-spalovne-pri-bataku-mame-lepsie-riesenie-a-hned","status":"publish","type":"post","link":"http:\/\/skalickyobzor.sk\/cms\/namiesto-spalovne-pri-bataku-mame-lepsie-riesenie-a-hned\/","title":{"rendered":"Namiesto spa\u013eovne pri Ba\u0165\u00e1ku m\u00e1me lep\u0161ie rie\u0161enie a hne\u010f"},"content":{"rendered":"<p>Len nekritizujeme, len neargumentujeme proti spa\u013eovni investora \u2013 EXISTUJE LEP\u0160IE RIE\u0160ENIE! Stavby spa\u013eovn\u00ed trvaj\u00fa 5 a\u017e 10 rokov. Investor by teda spa\u013eov\u0148u mohol dokon\u010di\u0165 a\u017e okolo roku 2035. Kladieme v\u0161ak na st\u00f4l rie\u0161enie, ktor\u00e9 prim\u00e1torka a niektor\u00ed poslanci poznaj\u00fa u\u017e minim\u00e1lne rok. Na zastupite\u013estve 28. 10. 2024 riadite\u013e spolo\u010dnosti VEPOS Mgr. Peter Kuba informoval prim\u00e1torku a poslancov, \u017ee Skalica je pripraven\u00e1 na MB\u00da. Rovnako MB\u00da je pripraven\u00e9 na Skalicu. Pre\u010do teda vedenie mesta a prim\u00e1torka st\u00e1le hovor\u00ed len o n\u00e1vrhu investora na vybudovanie CEH-ZEVO? Pre\u010do prim\u00e1torka verejnos\u0165 neinformuje o dostupnej\u0161om, ekologickej\u0161om, lacnej\u0161om a hlavne okam\u017eitom rie\u0161en\u00ed \u2013 MB\u00da?<\/p>\n<h4>INFORM\u00c1CIE NA ZA\u010cIATOK<\/h4>\n<p>Ka\u017ed\u00fd z n\u00e1s, aj ke\u010f triedi, produkuje komun\u00e1lny odpad (\u010falej KO), ktor\u00fd kon\u010d\u00ed v tzv. \u010diernych n\u00e1dob\u00e1ch a n\u00e1sledne na skl\u00e1dke v Mokrom H\u00e1ji. Skl\u00e1dku vlastn\u00ed a prev\u00e1dzkuje spolo\u010dnos\u0165 VEPOS, v ktorej m\u00e1 mesto Skalica podiel 35% a pozemky pod skl\u00e1dkou s\u00fa vo v\u00fdlu\u010dnom vlastn\u00edctve mesta. Zmluva medzi mestom a Mokr\u00fdm H\u00e1jom je jednostranne nevypovedate\u013en\u00e1, pri\u010dom zmluva zanikne a\u017e vtedy, ke\u010f sa napln\u00ed kapacita skl\u00e1dky alebo sa skon\u010d\u00ed prev\u00e1dzka skl\u00e1dky \u2013 a to bude, odhadom, minim\u00e1lne najsk\u00f4r o 10 rokov! Tvrdenie o zatvoren\u00ed skl\u00e1dky v Mokrom H\u00e1ji do roku 2035 je zav\u00e1dzanie. Navy\u0161e, od 1. 1. 2027 sa komun\u00e1lny odpad pred ulo\u017een\u00edm na skl\u00e1dku mus\u00ed nariaden\u00edm \u0161t\u00e1tu spracov\u00e1va\u0165 mechanicko-biologickou \u00fapravou (\u010falej MB\u00da), \u010d\u00edm sa pred\u013a\u017ei doba prev\u00e1dzkovania skl\u00e1dky. \u010eal\u0161ia vo\u013en\u00e1 kapacita je aj na skl\u00e1dke v Hol\u00ed\u010di-Bresty.<\/p>\n<h4>KONIEC SKL\u00c1DKOVANIA JE M\u00ddTUS<\/h4>\n<p>Skl\u00e1dkovanie na Slovensku bude, bohu\u017eia\u013e, pokra\u010dova\u0165, ale nie v teraj\u0161om re\u017eime. V\u0161etky krajiny E\u00da musia od roku 2035 toti\u017e zn\u00ed\u017ei\u0165 skl\u00e1dkovanie na maxim\u00e1lne 10 %. V\u017edy v\u0161ak zostane odpad, ktor\u00fd p\u00f4jde na skl\u00e1dku. Ide v\u0161ak o to, \u010do sa skl\u00e1dkuje. Cie\u013eom je triedi\u0165 a spracov\u00e1va\u0165 komun\u00e1lny odpad tak, aby sa skl\u00e1dkovalo len minim\u00e1lne a len odpad, ktor\u00fd nevieme inak vyu\u017ei\u0165 a ktor\u00fd nie je nebezpe\u010dn\u00fd vo\u010di okoliu a neohrozuje ho. Po spa\u013eovni CEH-ZEVO v\u0161ak ostane kontaminovan\u00fd a nebezpe\u010dn\u00fd odpad \u2013 \u0161kv\u00e1ra a popol\u010dek. Kde skon\u010d\u00ed? Na skl\u00e1dke!<\/p>\n<h4>BUD\u00daCNOS\u0164 JE V LEP\u0160OM TRIEDEN\u00cd<\/h4>\n<p>Slovensko dnes triedi pribli\u017ene 53% komun\u00e1lneho odpadu, Skalica 50,58%. V Rak\u00fasku sa triedi na 63%. St\u00e1le m\u00e1me priestor zlep\u0161ova\u0165 sa a zmen\u0161ova\u0165 objem komun\u00e1lneho odpadu. K\u013e\u00fa\u010dom je motiv\u00e1cia, tak\u017ee \u00falohou mesta je v prvom rade z\u00edskava\u0165 financie a zav\u00e1dza\u0165 PREPRACOVAN\u00dd SYST\u00c9M TRIEDENIA ODPADU \u2013 aby boli Skali\u010dania MOTIVOVAN\u00cd. Inde platia \u013eudia len za to, \u010do nevytriedia. Napr\u00edklad v Taliansku \u010di \u0160vaj\u010diarsku ob\u010dania platia iba to\u013eko eur, ko\u013eko kilogramov nevytrieden\u00e9ho komun\u00e1lneho odpadu im vyvez\u00fa, trieden\u00fd je zadarmo. Spr\u00e1vny syst\u00e9m = viac triedenia = menej komun\u00e1lneho odpadu.<\/p>\n<h4>EKOLOGICK\u00c9 RIE\u0160ENIE \u2013 MB\u00da<\/h4>\n<p>Chceme menej odpadu na skl\u00e1dke? Rie\u0161en\u00edm je technol\u00f3gia MB\u00da! T\u00e1 zo zostatkov\u00e9ho komun\u00e1lneho odpadu vyu\u017eije biologicky rozlo\u017eite\u013en\u00fd odpad a zo zvy\u0161ku vyrob\u00ed palivo pre cement\u00e1rne.<\/p>\n<p>Proces je jednoduch\u00fd: Komun\u00e1lny odpad sa privezie na triediacu plochu.<\/p>\n<p>Drvi\u010d a sito ho rozdelia na dve \u010dasti:<\/p>\n<p>\u2022 biologick\u00fa frakciu (podsitn\u00e1)<\/p>\n<p>\u2022 vysoko v\u00fdhrevn\u00fa frakciu (nadsitn\u00e1).<\/p>\n<p>Biologick\u00e1 frakcia je biologicky rozlo\u017eite\u013en\u00e1. T\u00e1to zlo\u017eka je v s\u00fa\u010dasnosti na skl\u00e1dkach najv\u00e4\u010d\u0161\u00edm probl\u00e9mom. Rozklad\u00e1 sa, unik\u00e1 z nej met\u00e1n. Ten \u0161kod\u00ed ovzdu\u0161iu aj p\u00f4de. MB\u00da to zmen\u00ed \u2013 biologick\u00e1 zlo\u017eka sa v zariaden\u00ed na vodoz\u00e1dr\u017enej ploche stabilizuje priamo na mieste. Met\u00e1n sa na mieste ekologicky spracuje, odpad sa vysu\u0161\u00ed a t\u00fdm sa jeho objem zmen\u0161\u00ed. Vznikne tak stabilizovan\u00fd a bezpe\u010dn\u00fd materi\u00e1l, ktor\u00fd u\u017e ne\u0161kod\u00ed. A\u017e potom ide na skl\u00e1dku.<\/p>\n<p>V\u00fdhrevn\u00e1 zlo\u017eka odpadu, napr\u00edklad drevo, plasty, obaly a podobne, ktor\u00e1 zostala oddelen\u00e1 od biologickej, sa \u010falej spracov\u00e1va. Z tejto \u010dasti komun\u00e1lneho odpadu sa stane tuh\u00e9 alternat\u00edvne palivo (TAP). Toto je mo\u017en\u00e9 bezodpadovo spa\u013eova\u0165 pri v\u00fdrobe cementu! \u017diadny \u010fal\u0161\u00ed odpad, \u017eiadne skl\u00e1dky!<\/p>\n<h4>PRE\u010cO VEDENIE MESTA S PRIM\u00c1TORKOU PREDKLAD\u00c1 OB\u010cANOM IBA VARIANT SPRACOVANIA ODPADU INVESTORA?<\/h4>\n<p>Uv\u00e1dzame z\u00e1znam zastupite\u013estva 28. 10. 2024, kde v 56 min\u00fate informoval ved\u00faci odd. v\u00fdstavby Ing. Jozef Hlavat\u00fd o povinnosti spracovania technol\u00f3giou MB\u00da a v \u010dase 3 hodine a 20 min\u00fate riadite\u013e spolo\u010dnosti VEPOS Mgr. Peter Kuba ozn\u00e1mil prim\u00e1torke a poslancom \u2013 Skalica je pripraven\u00e1 na MB\u00da. Vysvet\u013eoval prim\u00e1torke a poslancom, \u017ee od 1. 1. 2025 bude povinnos\u0165 komun\u00e1lny odpad (dnes sa d\u00e1va na skl\u00e1dku do Mokr\u00e9ho H\u00e1ja) spracov\u00e1va\u0165 met\u00f3dou MB\u00da. \u010ealej informoval, \u017ee Skalica je na toto rie\u0161enie pripraven\u00e1 a vysoko v\u00fdhrevn\u00fa frakciu budeme d\u00e1va\u0165 na energetick\u00e9 zhodnotenie. Z toho vypl\u00fdva, \u017ee minim\u00e1lne 50% tohto odpadu p\u00f4jde mimo skl\u00e1dky odpadov, to znamen\u00e1 pred\u013a\u017eenie kapacity skl\u00e1dky. T\u00e1to povinnos\u0165 sa s\u00edce presunula na 1. 1. 2027, ale argument, \u017ee sme pripraven\u00ed a vieme kam d\u00e1va\u0165 vytrieden\u00fd odpad, plat\u00ed st\u00e1le a bol zn\u00e1my u\u017e v roku 2024, teda, pred prvou prezent\u00e1ciou investora!<\/p>\n<p><a href=\"https:\/\/www.youtube.com\/watch?v=s5DfH71Fjv8\" target=\"_blank\" rel=\"noopener\">Youtube kan\u00e1l mesta Skalica, Z\u00e1znam zastupite\u013estva 28. 10. 2024<\/a><\/p>\n<blockquote><p>Navrhovan\u00e9 MB\u00da je efekt\u00edvnej\u0161ie, ekologickej\u0161ie ne\u017e ZEVO investora, pripraven\u00e9 okam\u017eite a je vhodn\u00e9 do n\u00e1\u0161ho regi\u00f3nu, v ktorom u\u017e existuje cement\u00e1re\u0148, vyu\u017e\u00edvaj\u00faca palivo TAP.<\/p><\/blockquote>\n","protected":false},"excerpt":{"rendered":"<div class=\"mh-excerpt\"><p>Len nekritizujeme, len neargumentujeme proti spa\u013eovni investora \u2013 EXISTUJE LEP\u0160IE RIE\u0160ENIE! Stavby spa\u013eovn\u00ed trvaj\u00fa 5 a\u017e 10 rokov. Investor by teda spa\u013eov\u0148u mohol dokon\u010di\u0165 a\u017e okolo roku 2035. Kladieme v\u0161ak na st\u00f4l rie\u0161enie, ktor\u00e9 prim\u00e1torka <a class=\"mh-excerpt-more\" href=\"http:\/\/skalickyobzor.sk\/cms\/namiesto-spalovne-pri-bataku-mame-lepsie-riesenie-a-hned\/\" title=\"Namiesto spa\u013eovne pri Ba\u0165\u00e1ku m\u00e1me lep\u0161ie rie\u0161enie a hne\u010f\">[&#8230;]<\/a><\/p>\n<\/div>","protected":false},"author":1,"featured_media":5908,"comment_status":"closed","ping_status":"closed","sticky":false,"template":"","format":"standard","meta":{"footnotes":""},"categories":[2],"tags":[],"class_list":{"0":"post-5949","1":"post","2":"type-post","3":"status-publish","4":"format-standard","5":"has-post-thumbnail","7":"category-hlavna-tema"},"_links":{"self":[{"href":"http:\/\/skalickyobzor.sk\/cms\/wp-json\/wp\/v2\/posts\/5949","targetHints":{"allow":["GET"]}}],"collection":[{"href":"http:\/\/skalickyobzor.sk\/cms\/wp-json\/wp\/v2\/posts"}],"about":[{"href":"http:\/\/skalickyobzor.sk\/cms\/wp-json\/wp\/v2\/types\/post"}],"author":[{"embeddable":true,"href":"http:\/\/skalickyobzor.sk\/cms\/wp-json\/wp\/v2\/users\/1"}],"replies":[{"embeddable":true,"href":"http:\/\/skalickyobzor.sk\/cms\/wp-json\/wp\/v2\/comments?post=5949"}],"version-history":[{"count":3,"href":"http:\/\/skalickyobzor.sk\/cms\/wp-json\/wp\/v2\/posts\/5949\/revisions"}],"predecessor-version":[{"id":5986,"href":"http:\/\/skalickyobzor.sk\/cms\/wp-json\/wp\/v2\/posts\/5949\/revisions\/5986"}],"wp:featuredmedia":[{"embeddable":true,"href":"http:\/\/skalickyobzor.sk\/cms\/wp-json\/wp\/v2\/media\/5908"}],"wp:attachment":[{"href":"http:\/\/skalickyobzor.sk\/cms\/wp-json\/wp\/v2\/media?parent=5949"}],"wp:term":[{"taxonomy":"category","embeddable":true,"href":"http:\/\/skalickyobzor.sk\/cms\/wp-json\/wp\/v2\/categories?post=5949"},{"taxonomy":"post_tag","embeddable":true,"href":"http:\/\/skalickyobzor.sk\/cms\/wp-json\/wp\/v2\/tags?post=5949"}],"curies":[{"name":"wp","href":"https:\/\/api.w.org\/{rel}","templated":true}]}}