{"id":5995,"date":"2025-12-08T03:02:25","date_gmt":"2025-12-08T02:02:25","guid":{"rendered":"http:\/\/skalickyobzor.sk\/cms\/?p=5995"},"modified":"2025-12-08T23:03:26","modified_gmt":"2025-12-08T22:03:26","slug":"o-skalici-o-pamati-a-o-odvahe","status":"publish","type":"post","link":"http:\/\/skalickyobzor.sk\/cms\/o-skalici-o-pamati-a-o-odvahe\/","title":{"rendered":"O Skalici, o pam\u00e4ti a o odvahe"},"content":{"rendered":"<p><em><strong>Skalica nikdy nebola len bodom na mape. Bola mestom slobody, protitureck\u00fdm valom, mestom kr\u00e1\u013eovsk\u00fdch v\u00fdsad, mestom, ktor\u00e9 si u\u017e mnohokr\u00e1t dok\u00e1zalo, \u017ee rozumie zodpovednosti a\u00a0odvahe a\u00a0vie nies\u0165 rozhodnutia, ktor\u00e9 menia dejiny. Mesto tvorili a\u00a0tvoria \u013eudia. Mo\u017eno nastal \u010das si pripomen\u00fa\u0165, \u010do v\u0161etko n\u00e1m Skali\u010dania odk\u00e1zali z\u00a0hist\u00f3rie a\u00a0\u010do chceme po sebe zachova\u0165 my.<\/strong><\/em><\/p>\n<p>Za posledn\u00fd rok sme sa dostali do absurdnej situ\u00e1cie. Nie, nie je v\u00fdsledkom len posledn\u00e9ho roku. Je to tak\u00e9 pomal\u00e9 varenie \u017eaby, naba\u013euj\u00face sa dlh\u0161ie \u2013 z \u010dias, ke\u010f om\u00e1menie zo z\u00edskanej slobody prer\u00e1stlo vo vieru, \u017ee peniaze a moc s\u00fa v\u0161etko. Je to odraz aj na\u0161ich rozhodnut\u00ed, ktor\u00e9 nemusia by\u0165 spr\u00e1vne, ale v\u017edy sa cen\u00ed snaha ich napravi\u0165. Pr\u00e1ve pred tak\u00fdmto rozhodnut\u00edm, ktor\u00e9 bude ma\u0165 historick\u00fd dosah, dnes stoj\u00edme. A\u00a0\u00e1no, t\u00fdka sa v\u00fdstavby spa\u013eovne. Preto\u017ee tu sa nerozhoduje iba o\u00a0jednom stavebnom z\u00e1mere \u010di nejak\u00fdch technol\u00f3gi\u00e1ch. Tu ide o\u00a0identitu, pam\u00e4\u0165 a\u00a0bud\u00facnos\u0165 krajiny a\u00a0\u017eivota v\u00a0nej. Je to tie\u017e sk\u00fa\u0161ka, \u010di Skali\u010dania e\u0161te st\u00e1le dok\u00e1\u017eu rozl\u00ed\u0161i\u0165, \u010do je hodnota a\u00a0\u010do hrozba.<\/p>\n<p>Projekt spa\u013eovne nie je v\u00fdsledkom v\u00f4le obyvate\u013eov. Nevzi\u0161iel z potrieb mesta. Nevzi\u0161iel zo spolo\u010dn\u00e9ho prem\u00fd\u0161\u013eania o\u00a0bud\u00facnosti. Je to megalomansk\u00fd projekt oligarchu, ktor\u00e9mu sme dovolili r\u00e1s\u0165 a\u00a0ktor\u00e9mu ide iba o\u00a0profit. Je to aj projekt jeho vykon\u00e1vate\u013eov, ktor\u00ed v\u00a0Skalici ne\u017eij\u00fa, no chc\u00fa rozhodova\u0165 o\u00a0jej osude. A\u00a0napokon je to vizitka vedenia mesta \u2013 zd\u00e1 sa, \u017ee najhor\u0161ieho v\u00a0dejin\u00e1ch \u2013 ktor\u00e9 otvorene bojuje proti vlastn\u00fdm ob\u010danom. Vedenia, ktor\u00e9 sa bez hanby chod\u00ed kla\u0148a\u0165 k\u00a0pam\u00e4tn\u00edkom na\u0161ich predkov, t\u00fdm, ktor\u00ed za svojho \u017eivota Skalicu br\u00e1nili a\u00a0zve\u013ea\u010fovali, a\u00a0ktor\u00ed sa u\u017e ozva\u0165 nem\u00f4\u017eu.<\/p>\n<p>A\u00a0pr\u00e1ve teraz, ke\u010f vznikaj\u00fa dejinn\u00e9 paralely, je \u010das si pripomen\u00fa\u0165 nie\u010do zo skalickej hist\u00f3rie a\u00a0povahe Skali\u010danov. Pristavme sa pri dvoch udalostiach. T\u00e1 prv\u00e1 je uk\u00e1\u017ekou povahy Skali\u010danov, t\u00e1 druh\u00e1 pr\u00edkladom toho ako Skali\u010dan dostal Skalicu na politick\u00fa mapu sveta. Po bitke pri Moh\u00e1\u010di pripadla Skalica do z\u00e1lohy \u010desk\u00e9mu \u0161\u013eachtick\u00e9mu rodu \u017derot\u00ednskych, ktor\u00ed si mysleli, \u017ee si pod\u013ea svojho pr\u00e1va dosadia \u013eud\u00ed do samospr\u00e1vy mesta. Pri\u0161li sem, urobili to \u2013 a\u00a0Skali\u010dania ich vyhnali. Trikr\u00e1t sa Skali\u010dania postavili na odpor. A\u00a0ke\u010f pri\u0161la kr\u00e1\u013eovsk\u00e1 komisia, ktor\u00e1 mala rozhodn\u00fa\u0165, nez\u013eakli sa. Menovali si svojich zastupite\u013eov a\u017e k\u00fdm nadriaden\u00fdch nepresved\u010dili, \u017ee svoje mesto dok\u00e1\u017eu spravova\u0165 sami. Skali\u010dania si st\u00e1li pevne na svojom, a\u017e k\u00fdm nevyhrali. Ako jeden vo\u010di votrelcovi.<\/p>\n<p>Toto nie je legenda. Toto je na\u0161a hist\u00f3ria. Toto je odkaz na\u0161ich predkov.<\/p>\n<p>A na\u0161a hist\u00f3ria je aj slovensko-moravsk\u00e9 pomedzie. Po st\u00e1ro\u010dia sme s Moravanmi r\u00e1stli ako dvoji\u010dky. Aj ke\u010f vznikali a mizli hranice, \u013eudia svoje vz\u0165ahy nespretrhali. V neporu\u0161enej pr\u00edrode Ba\u0165ovho kan\u00e1la, ktor\u00fd sp\u00e1ja slovensk\u00e9 a moravsk\u00e9 brehy nielen vodou, ale najm\u00e4 trad\u00edciou, folkl\u00f3rom a dobr\u00fdm v\u00ednom. Pr\u00e1ve tu by mala vyr\u00e1s\u0165 spa\u013eov\u0148a \u2013 prv\u00e1 vec, ktor\u00fa uvidia na\u0161i susedia z okien svojich domovov, prv\u00e1 vec, ktor\u00fa uvid\u00ed cudzinec prech\u00e1dzaj\u00faci hranicu, smeruj\u00faci kamko\u013evek do dia\u013eky, cez Skalicu. Cez t\u00fa Skalicu, v\u00a0ktorej Vavro \u0160rob\u00e1r pre\u010d\u00edtal Vyhl\u00e1senie o\u00a0prevzat\u00ed moci na Slovensku do\u010dasnou vl\u00e1dou. T\u00fa Skalicu, ktor\u00e1 sa stala na pribli\u017ene tri dni v\u00a0roku 1918 hlavn\u00fdm mestom Slovenska. A\u00a0pre\u010do? Lebo tu \u017eil Skali\u010dan Pavel Blaho, politik a\u00a0lek\u00e1r, ktor\u00fd spoluzakladal prv\u00fa \u010deskoslovensk\u00fa republiku a\u00a0ktor\u00fd d\u00e1vno predt\u00fdm, rozh\u013eaden\u00fd, prekro\u010dil hranice svojho mesta, krajiny i\u00a0\u0161t\u00e1tu. Ten Blaho, ktor\u00fd pou\u017e\u00edval pseudonym Skalick\u00fd a\u00a0ktor\u00e9mu ne\u0161lo o\u00a0peniaze, lebo lie\u010dil takmer zadarmo, ten Blaho, ktor\u00fd ch\u00e1pal \u00falohu vzdelania a\u00a0p\u00edsal, zakladal dru\u017estv\u00e1, spolky a\u00a0ktor\u00e9ho odkaz znel \u201eDajte \u013eu\u010fom priestor r\u00e1s\u0165 \u2013 a\u00a0mesto porastie s\u00a0nimi\u201c. Ten Blaho\/Skalick\u00fd presved\u010dil \u0160rob\u00e1ra a\u00a0politikov, \u017ee s\u00fa tu spr\u00e1vne. \u017de toto mesto si zasl\u00fa\u017ei sta\u0165 sa kol\u00edskou prvej slovenskej slobodnej spr\u00e1vy v\u00a0r\u00e1mci nov\u00e9ho \u010ceskoslovenska. Lebo m\u00e1 nielen strategick\u00fa polohu, ale najm\u00e4 \u013eud\u00ed, ktor\u00ed sa neboja.<\/p>\n<p>Skalica je v\u0161ak e\u0161te viac. Je to studnica poznania, odboja, slobody, kult\u00fary a trad\u00edcie, zve\u013ea\u010fovan\u00e1 od momentu, ke\u010f vznikla. Sta\u010d\u00ed si ju prejs\u0165 s otvoren\u00fdmi o\u010dami a vn\u00edma\u0165 s porozumen\u00edm. S rovnak\u00fdm, ak\u00e9 mali cirkevn\u00e9 in\u0161tit\u00facie, ktor\u00e9 tu u\u017e od 14. storo\u010dia vedeli, \u017ee treba vzdel\u00e1va\u0165. \u010ci to boli franti\u0161k\u00e1ni, jezuiti, karmelit\u00e1ni, paul\u00edni, milosrdn\u00ed bratia, evanjelici, \u017eidia. Slobodn\u00e9 kr\u00e1\u013eovsk\u00e9 mesto potrebovalo v obdob\u00ed humanizmu a reform\u00e1cie vzdelan\u00fdch me\u0161\u0165anov, pis\u00e1rov, remeseln\u00edkov, u\u010dite\u013eov \u010di duchovn\u00fdch. \u0160kola formovala bud\u00facich vinohradn\u00edkov, remeseln\u00edkov i mestsk\u00fdch \u00faradn\u00edkov. Osvietenstvo prinieslo rozmach modern\u00fdch \u0161k\u00f4l a Skalica mala v\u00fdnimo\u010dn\u00e9 \u0161\u0165astie na u\u010dite\u013esk\u00e9 osobnosti \u2013 liter\u00e1tov, historikov, hudobn\u00edkov aj pedag\u00f3gov s celo\u017eivotnou oddanos\u0165ou mestu. Takto Skali\u010dania v\u017edy \u017eili a dokazovali, \u017ee hrdos\u0165 a zodpovednos\u0165 patr\u00ed k z\u00e1kladnej DNA tohto mesta. A vzdelanos\u0165 bola jedn\u00fdm z jej najv\u00e4\u010d\u0161\u00edch bohatstiev. Vytvorila gener\u00e1cie Skali\u010danov, ktor\u00ed sa presadili doma a\u00a0vo svete vo vede, medic\u00edne, hudbe, pr\u00e1ve, umen\u00ed aj duchovnom \u017eivote. Takto to bolo, a\u017e k\u00fdm pri\u0161la hanba spojen\u00e1 s\u00a0oligarchom, ktor\u00e1 po\u0161pinila aj t\u00fato hist\u00f3riu.<\/p>\n<p>Je a\u017e ur\u00e1\u017eaj\u00face pripom\u00edna\u0165 si, \u010do je Skalica a ak\u00e1 je, verme, mentalita Skali\u010danov v takejto nepr\u00edstojnej situ\u00e1cii. Je nepochopite\u013en\u00e9, v akej hlave sa v\u00f4bec mohol zrodi\u0165 n\u00e1pad so spa\u013eov\u0148ou na tomto \u00fazem\u00ed. Ale stalo sa. Pri\u0161iel mamon, ktor\u00fd pobl\u00faznil vedenie mesta, pri\u0161li agresori, ktor\u00ed id\u00fa dobi\u0165 \u00fazemie. Postavili ob\u010dana proti ob\u010danovi, s\u013eubuj\u00fa nesplnite\u013en\u00e9, preto\u017ee v\u0161etko v kone\u010dnom d\u00f4sledku zaplat\u00ed iba Skali\u010dan.<\/p>\n<p>V\u00e1\u017een\u00ed Skali\u010dania, Skali\u010danky, stoj\u00edme pred d\u00f4le\u017eit\u00fdm rozhodnut\u00edm. Lebo to, \u010do dnes chr\u00e1nime, nie je len pr\u00edroda a mesto. Je to na\u0161a \u010des\u0165. Je to odkaz t\u00fdch, ktor\u00ed tu \u017eili pred nami a ktor\u00fdch menoslov by zabral cel\u00e9 vydanie nov\u00edn, t\u00fdch, ktor\u00ed sa postavili, ke\u010f im niekto chcel bra\u0165 pr\u00e1vo rozhodova\u0165 o ich meste. Je to aj odkaz t\u00fdch, ktor\u00ed sem pr\u00eddu po n\u00e1s a bud\u00fa \u017ei\u0165 z toho, \u010do im zanech\u00e1me. Preto\u017ee t\u00e1to krajina, t\u00e1to rieka, toto mesto a dedi\u010dstvo predkov si ochranu zasl\u00fa\u017ei. Preto\u017ee Skalica patr\u00ed \u013eu\u010fom, ktor\u00ed tu \u017eij\u00fa \u2013 a ktor\u00ed, ke\u010f treba, vedia poveda\u0165 chamtivosti d\u00f4razn\u00e9 NIE a dos\u0165.<\/p>\n<p>Nech dejiny op\u00e4\u0165 zap\u00ed\u0161u, \u017ee ke\u010f bolo treba, postavili sme sa ako jedno mesto \u2013 a\u00a0m\u00fadro ochr\u00e1nili to najcennej\u0161ie: krajinu, identitu a\u00a0bud\u00facnos\u0165.<\/p>\n<p><em>Mimi Rido\u0161ov\u00e1<\/em><\/p>\n","protected":false},"excerpt":{"rendered":"<div class=\"mh-excerpt\"><p>Skalica nikdy nebola len bodom na mape. Bola mestom slobody, protitureck\u00fdm valom, mestom kr\u00e1\u013eovsk\u00fdch v\u00fdsad, mestom, ktor\u00e9 si u\u017e mnohokr\u00e1t dok\u00e1zalo, \u017ee rozumie zodpovednosti a\u00a0odvahe a\u00a0vie nies\u0165 rozhodnutia, ktor\u00e9 menia dejiny. Mesto tvorili a\u00a0tvoria \u013eudia. <a class=\"mh-excerpt-more\" href=\"http:\/\/skalickyobzor.sk\/cms\/o-skalici-o-pamati-a-o-odvahe\/\" title=\"O Skalici, o pam\u00e4ti a o odvahe\">[&#8230;]<\/a><\/p>\n<\/div>","protected":false},"author":57,"featured_media":6049,"comment_status":"closed","ping_status":"closed","sticky":false,"template":"","format":"standard","meta":{"footnotes":""},"categories":[2],"tags":[],"class_list":{"0":"post-5995","1":"post","2":"type-post","3":"status-publish","4":"format-standard","5":"has-post-thumbnail","7":"category-hlavna-tema"},"_links":{"self":[{"href":"http:\/\/skalickyobzor.sk\/cms\/wp-json\/wp\/v2\/posts\/5995","targetHints":{"allow":["GET"]}}],"collection":[{"href":"http:\/\/skalickyobzor.sk\/cms\/wp-json\/wp\/v2\/posts"}],"about":[{"href":"http:\/\/skalickyobzor.sk\/cms\/wp-json\/wp\/v2\/types\/post"}],"author":[{"embeddable":true,"href":"http:\/\/skalickyobzor.sk\/cms\/wp-json\/wp\/v2\/users\/57"}],"replies":[{"embeddable":true,"href":"http:\/\/skalickyobzor.sk\/cms\/wp-json\/wp\/v2\/comments?post=5995"}],"version-history":[{"count":1,"href":"http:\/\/skalickyobzor.sk\/cms\/wp-json\/wp\/v2\/posts\/5995\/revisions"}],"predecessor-version":[{"id":5996,"href":"http:\/\/skalickyobzor.sk\/cms\/wp-json\/wp\/v2\/posts\/5995\/revisions\/5996"}],"wp:featuredmedia":[{"embeddable":true,"href":"http:\/\/skalickyobzor.sk\/cms\/wp-json\/wp\/v2\/media\/6049"}],"wp:attachment":[{"href":"http:\/\/skalickyobzor.sk\/cms\/wp-json\/wp\/v2\/media?parent=5995"}],"wp:term":[{"taxonomy":"category","embeddable":true,"href":"http:\/\/skalickyobzor.sk\/cms\/wp-json\/wp\/v2\/categories?post=5995"},{"taxonomy":"post_tag","embeddable":true,"href":"http:\/\/skalickyobzor.sk\/cms\/wp-json\/wp\/v2\/tags?post=5995"}],"curies":[{"name":"wp","href":"https:\/\/api.w.org\/{rel}","templated":true}]}}